{"id":67299,"date":"2023-05-09T07:43:05","date_gmt":"2023-05-09T13:43:05","guid":{"rendered":"https:\/\/www.grieta.org.mx\/?p=67299"},"modified":"2023-08-02T07:50:50","modified_gmt":"2023-08-02T13:50:50","slug":"migrar-la-incertidumbre-sin-fecha-de-caducidad","status":"publish","type":"post","link":"https:\/\/www.grieta.org.mx\/index.php\/2023\/05\/09\/migrar-la-incertidumbre-sin-fecha-de-caducidad\/","title":{"rendered":"Migrar, la incertidumbre sin fecha de caducidad"},"content":{"rendered":"<p>Texto e Im\u00e1genes Aline Corpus \/Info Savia<\/p>\n<p>Ciudad Ju\u00e1rez, Chih.- Trepados sobre la plataforma de un vag\u00f3n del tren entre Chihuahua y Ciudad Ju\u00e1rez, Jes\u00fas, Luis y su \u201cflaca\u201d, con su peque\u00f1o hijo de tres a\u00f1os, saludan a la distancia, su cabello se mueve entre r\u00e1fagas de aire fr\u00edo que tambi\u00e9n cruzan el desierto polvoso.<\/p>\n<p>Los cuatro venezolanos forman parte de un grupo de unos 300 migrantes que desaf\u00edan la gravedad en los techos de los vagones del tren de Ferromex avanzando a 60 kil\u00f3metros por hora entre las monta\u00f1as de Chihuahua.<\/p>\n<p>Es la imagen del intento de \u00faltima hora por alcanzar a cruzar a Estados Unidos antes de que concluya la pol\u00edtica del T\u00edtulo 42 \u2013 el 11 de mayo-, una medida usada por sanidad desde marzo del 2020 que permit\u00eda a migrantes ingresar a Estados Unidos varias veces sin un procedimiento legal extenso que los mantuviera en centros de internamiento.<\/p>\n<p>Ante el anuncio  por el Gobierno de Joe Biden -y con el reporte incesante de fallas en la aplicaci\u00f3n CBP One para obtener asilo en EU- cientos de migrantes coinciden en el viaje entre los rieles, provienen de largas jornadas de caminata entre Panam\u00e1, Costa Rica, Nicaragua, Honduras, Guatemala, El Salvador, M\u00e9xico.<\/p>\n<p>Esta crisis migratoria es m\u00e1s que palpable en Ciudad Ju\u00e1rez, donde hay un campamento improvisado instalado en el desierto entre M\u00e9xico y Estados Unidos, sin servicios sanitarios dignos, sin agua y mucho menos alimento.<\/p>\n<p>Viajar entre fierros<\/p>\n<p>Son las 16:30 horas, el sol de Chihuahua ya pega con fuerza en el desierto. Apenas con una peque\u00f1a mochila a su espalda, unas galletas y un refresco en el est\u00f3mago, Jes\u00fas Rueda Mendoza, de 26 a\u00f1os, originario de Estado Portuguesa, en la Rep\u00fablica Bolivariana de Venezuela, consigue una cobija para formar una peque\u00f1a \u201ccasita\u201d en un vag\u00f3n descubierto, donde viajan ni\u00f1os, mujeres, y muchos hombres j\u00f3venes como \u00e9l.<\/p>\n<p>\u201cAh\u00ed viene el fr\u00edo\u201d, dice, mientras espera en medio del desierto porque el maquinista est\u00e1 cambiando de motor y Jes\u00fas aprovech\u00f3 para pedir agua a los automovilistas que van de la ciudad de Chihuahua a Ciudad Ju\u00e1rez.<\/p>\n<p>Las diferentes mantas y cobijas en el tren forman un colorido tendedero, como banderas ondeantes hacia una batalla.<\/p>\n<p>Aunque su alimento consiste en galletas y refrescos, la juventud de Jes\u00fas le da agilidad a su cuerpo, y despu\u00e9s de usar varios trenes, ya ha tomado experiencia en c\u00f3mo montarse en el techo de los vagones.<\/p>\n<p>\u201cLa situaci\u00f3n econ\u00f3mica en mi pa\u00eds fue cayendo poco a poco, ya no se pod\u00eda comer, el salario semanal eran 20 d\u00f3lares (unos 350 pesos), como yo y muchos paisanos tomamos la decisi\u00f3n de cambiar nuestro futuro, para nuestros hijos y nuestras madres, que ya no est\u00e9n pensando en la dictadura\u201d, explica el joven.<\/p>\n<p>\u201cLastimosamente Venezuela ya no es libre como antes, nosotros, sus hijos, tenemos que salir a buscar un sue\u00f1o donde literalmente en esos pa\u00edses no nos quieren a nosotros\u201d, a\u00f1ade.<\/p>\n<p>Para la clase obrera, comprar leche en Venezuela es imposible, dice, cuesta entre 25 y 30 d\u00f3lares.<\/p>\n<p>\u201cLos 20 d\u00f3lares a la semana alcanzan para comprar (lo que all\u00e1 se llama) un \u2018combo\u2019 de queso, jamonada, dos harinas, espagueti, un suero por 5 d\u00f3lares, y dos (bolsitas de) arroz, y se acabaron los 20 d\u00f3lares, pero nunca alcanza para la leche\u201d, platica.<\/p>\n<p>Sus ojos grandes se ven a\u00fan m\u00e1s enormes porque ya contrastan con la piel pegada a los huesos. Delgado, con el cabello enredado por el polvo, Jes\u00fas sonr\u00ede cuando recuerda a su hijo de tres a\u00f1os.<\/p>\n<p>El joven ten\u00eda experiencia laboral en \u201cdelivery\u201d, como \u00e9l dice, o el trabajo de entregar paquetes y comida en motocicleta en Chile, pero ah\u00ed tambi\u00e9n la econom\u00eda comenz\u00f3 a decaer y decidi\u00f3 dirigirse hacia EU, como miles de sus compatriotas.<\/p>\n<p>En Costa Rica conoci\u00f3 a Mat\u00edas, un jovencito de 19 a\u00f1os que platicaba c\u00f3mo quer\u00eda mejorar las condiciones econ\u00f3micas de su mam\u00e1.<\/p>\n<p>Ya en M\u00e9xico, ambos tuvieron que alcanzar corriendo al tren en Huehuetoca, municipio del Estado de M\u00e9xico, porque \u00e9ste no para siempre. Jes\u00fas y Mat\u00edas sab\u00edan que iban contra reloj, para alcanzar a llegar antes del 11 de mayo a la frontera.<\/p>\n<p>Las galletas y el agua de las \u00faltimas semanas no les daban suficiente energ\u00eda, pero en un gran esfuerzo Jes\u00fas alcanz\u00f3 a saltar y \u201cpegarse\u201d a los fierros entre vag\u00f3n y vag\u00f3n, volte\u00f3 hacia Mat\u00edas y lo apur\u00f3.<\/p>\n<p>\u201c\u00a1Mueve, muevee!\u201d, grit\u00f3 Jes\u00fas.<\/p>\n<p>Contento porque Mat\u00edas tambi\u00e9n alcanz\u00f3 a sujetarse al vag\u00f3n, Jes\u00fas comenz\u00f3 a grabarlo mientras aqu\u00e9l sub\u00eda por una escalinata.<\/p>\n<p>En segundos, Jes\u00fas incr\u00e9dulo: Un espectacular a lado de la v\u00eda del tren golpe\u00f3 a Mat\u00edas por la espalda, el muchacho cay\u00f3 de la escalinata muerto.<\/p>\n<p>En cuanto pudo, Jes\u00fas llam\u00f3 por tel\u00e9fono a la familia de Mat\u00edas, pero quiz\u00e1 por la negaci\u00f3n del accidente, la mam\u00e1 del joven no le crey\u00f3.<\/p>\n<p>\u201cTuve que sacar el video\u201d, record\u00f3 Jes\u00fas, \u201cven\u00edamos viajando juntos desde Costa Rica, uno queda un poco mal desde esas tragedias, porque uno forma familia en estos caminos\u201d.<\/p>\n<p>Bocas secas<\/p>\n<p>Adem\u00e1s de su hijito de tres a\u00f1os, la pareja de venezolanos, Luis y su \u201cflaca\u201d, cuidan de un grupo de unos 20 compatriotas. La pareja no quiere dar sus nombres, y menos los apellidos, porque la esposa de Luis dice que trabajaba en el Gobierno de Venezuela.<\/p>\n<p>Tras viajar por cuatro d\u00edas en el tren desde el Estado de M\u00e9xico, el grupo de venezolanos llega casi a la media noche del 1 de mayo, ya sin dinero, a una estaci\u00f3n ferroviaria en la periferia de Ciudad Ju\u00e1rez, Chihuahua, localmente conocida como \u201cel kil\u00f3metro 20\u201d, donde tambi\u00e9n ocasionalmente concurren \u201cpolleros\u201d.<\/p>\n<p>De voz en voz y por redes sociales, los venezolanos se enteraron de una fila para \u201centregarse\u201d al Gobierno de Estados Unidos. Hay que ir hasta la puerta n\u00famero 40 del bordo, es decir, caminar otros 12 kil\u00f3metros desde la \u00faltima estaci\u00f3n del ferrocarril en Ciudad Ju\u00e1rez hasta la frontera donde supuestamente la \u201cmigra\u201d los recibe. Para cuando el grupo llega, ya es 2 de mayo.<\/p>\n<p>Desde esa fecha, han pasado siete d\u00edas. No hay forma de entregarse por la puerta 40, no hay agentes de migraci\u00f3n recibiendo a nadie desde el lunes 1 de mayo, por el contrario, en el lugar solo hay unos cuantos arbustos y poqu\u00edsimos \u00e1rboles de Palo Verde, una especie des\u00e9rtica que crece a lado de las aguas del R\u00edo Bravo, el l\u00edquido fangoso, posee adem\u00e1s un intenso olor a podredumbre.<\/p>\n<p>En la puerta 40, a la que solo pueden acceder los migrantes, oficiales de migraci\u00f3n y algunos reporteros estadounidenses, se improvis\u00f3 un campamento. Ah\u00ed no hay arbustos ni \u00e1rboles, pero s\u00ed decenas de ni\u00f1os de diversas edades.<\/p>\n<p>Agentes de la polic\u00eda estatal en veh\u00edculos sin logos, a cargo del Gobernador republicano Greg Abbott, revisan el campamento cada 30 minutos, levantando el polvo que se impregna en la piel de los migrantes.<\/p>\n<p>    La traves\u00eda que a\u00fan no termina<\/p>\n<p>A Luis no le gusta hablar del viaje en el tren. \u201cHe visto demasiados muertos\u201d, menciona cuando asoman l\u00e1grimas en sus ojos. Pero reconoce que la traves\u00eda est\u00e1 lejos de concluir, el campamento migrante, donde hay entre 400 y 600 personas cada d\u00eda, tambi\u00e9n es amenazado por grupos criminales.<\/p>\n<p>\u201cHemos arriesgado la vida de nuestros hijos, de nuestras mujeres, de familiares, hemos visto a varios familiares morir en el camino, tambi\u00e9n a medida que hemos avanzado en la traves\u00eda hemos tenido muchas personas que nos quieren extorsionar, siempre tienen una xenofobia con los venezolanos\u201d.<\/p>\n<p>La injusticia no termina, asegura.<\/p>\n<p>\u201cEst\u00e1bamos dormidos como a las 2 de la madrugada (en el campamento), cuando una persona fuertemente armada correte\u00f3 a gente, hay familias secuestradas, y hay una se\u00f1ora que cada rato se desmaya porque su hijo fue a buscar comida y ya no aparece\u201d.<\/p>\n<p>\u201cLa gente delincuente llega con dos, tres carros y armamento\u201d, describe, \u201cla gente no sale (del campamento) porque hay miedo de que los puedan secuestrar, y luego matar, a una chica la golpearon y violaron\u201d.<\/p>\n<p>En el grupo de venezolanos hay cuatro beb\u00e9s, uno de 1 a\u00f1o enferm\u00f3 debido al sol y al polvo del lugar donde pernoctan diario; hay que salir del campamento cada que el est\u00f3mago reclama comida, y solo hay una tienda de autoservicio frente al campamento.<\/p>\n<p>Solo hay dos sanitarios m\u00f3viles saturados de recibir a cientos de migrantes. No hay agua corriente y con ello no hay posibilidad de ba\u00f1arse, por las noches hay que refugiarse en tiendas de pl\u00e1stico y cartones para aminorar las madrugadas frescas.<\/p>\n<p>Por las tardes, la temperatura sube a 30 grados cent\u00edgrados, Jes\u00fas compra un refresco Coca Cola y otras galletas, de nuevo, su \u00fanica comida del d\u00eda.<\/p>\n<p>\u201cYo lo que pido es que ya nos reciba Estados Unidos o nos diga que no, asumimos la responsabilidad, si van a abrir las puertas que lo hagan, pero la incertidumbre es lo que mata de a poco\u201d, reclama.<\/p>\n<p>Este 8 de mayo, el Gobierno de Estados Unidos reiter\u00f3 que a partir de la media noche del 11 de mayo, la pol\u00edtica del T\u00edtulo 42 terminar\u00e1, es decir, las autoridades estadounidenses procesar\u00e1n y expulsar\u00e1n de forma expedita a migrantes o solicitantes de asilo que hayan ingresado de manera ilegal.<\/p>\n<p>\u201cLa \u00fanica manera de entrar a Estados Unidos es a trav\u00e9s del formulario de CBP One, para programar una cita en un puerto de entrada terrestre\u201d, dice un comunicado de ese pa\u00eds.<\/p>\n<p>El Gobierno de EU afirm\u00f3 que increment\u00f3 el n\u00famero de citas de CBP One, e implement\u00f3 mejoras en la aplicaci\u00f3n.<\/p>\n<p>Una vez que termine la medida del T\u00edtulo 42, llevada a cabo debido a la situaci\u00f3n sanitaria de la pandemia del Covid-19, EU expulsar\u00e1 a quienes ingresen de manera ilegal a trav\u00e9s del T\u00edtulo 8, y la persona no podr\u00e1 ingresar al pa\u00eds al menos durante cinco a\u00f1os.<\/p>\n<p>Jes\u00fas se forma junto a otros 400 migrantes, algunos de Turqu\u00eda, Afganist\u00e1n, Colombia, El Salvador y Honduras, todos en la puerta 40.<\/p>\n<p>\u201cEs la segunda ocasi\u00f3n que nos enga\u00f1an dici\u00e9ndonos que nos formemos para que nos procesen, ya s\u00e9 que hay un formulario (CBP One), pero ni siquiera tengo por ahora un celular, menos dinero para datos o tampoco forma de pagar un lugar, somos los de hasta abajo y somos los que tienen m\u00e1s incertidumbre\u201d, replica.<\/p>\n<p>Despu\u00e9s, Jes\u00fas cruza el R\u00edo Bravo y se une con su grupo de compatriotas venezolanos, al sol y a la incertidumbre.<\/p>\n<p><a href=\"https:\/\/infosavia.com\/migrar-la-incertidumbre-sin-fecha-de-caducidad\/\" rel=\"noopener\" target=\"_blank\">https:\/\/infosavia.com\/migrar-la-incertidumbre-sin-fecha-de-caducidad\/<\/a><\/p>\n","protected":false},"excerpt":{"rendered":"<p>Texto e Im\u00e1genes Aline Corpus \/Info Savia Ciudad Ju\u00e1rez, Chih.- Trepados sobre la plataforma de un vag\u00f3n del tren entre Chihuahua y Ciudad Ju\u00e1rez, Jes\u00fas, Luis y su \u201cflaca\u201d, con &hellip; <a href=\"https:\/\/www.grieta.org.mx\/index.php\/2023\/05\/09\/migrar-la-incertidumbre-sin-fecha-de-caducidad\/\" class=\"more-link\">Leer m\u00e1s<\/a><\/p>\n","protected":false},"author":2,"featured_media":67300,"comment_status":"closed","ping_status":"closed","sticky":false,"template":"","format":"standard","meta":{"ngg_post_thumbnail":0,"_jetpack_newsletter_access":"","_jetpack_dont_email_post_to_subs":false,"_jetpack_newsletter_tier_id":0,"_jetpack_memberships_contains_paywalled_content":false,"_jetpack_memberships_contains_paid_content":false,"footnotes":""},"categories":[12,80,86,1193,2,83],"tags":[158],"class_list":["post-67299","post","type-post","status-publish","format-standard","has-post-thumbnail","hentry","category-chihuahua","category-cintillo","category-migrantes","category-migrantes-en-chihuahua","category-noticias-nacionales","category-temas-nacionales","tag-migrantes","entry"],"jetpack_featured_media_url":"https:\/\/www.grieta.org.mx\/wp-content\/uploads\/2023\/08\/Migrantes-e1690984133623.jpg","jetpack_sharing_enabled":true,"jetpack_shortlink":"https:\/\/wp.me\/p7ZJR4-hvt","jetpack_likes_enabled":false,"jetpack-related-posts":[{"id":35505,"url":"https:\/\/www.grieta.org.mx\/index.php\/2019\/06\/20\/galeria-migrantes-cruzan-el-rio-bravo-desafian-a-la-guardia-nacional-chihuahua\/","url_meta":{"origin":67299,"position":0},"title":"Galer\u00eda: Migrantes cruzan el r\u00edo Bravo, desaf\u00edan a la Guardia Nacional (Chihuahua)","author":"grieta","date":"20 junio, 2019","format":false,"excerpt":"Fotograf\u00edas: Rey R. Jauregui\/ LA VERDAD Ciudad Ju\u00e1rez \u2013 Trepados a la estructura ferroviaria binacional conocida como el puente negro o resistiendo el afluente del r\u00edo Bravo, los migrantes extranjeros contin\u00faan su trayecto hacia Estados Unido por Ciudad Ju\u00e1rez, en un franco desaf\u00edo a la custodia que mantienen elementos militarizados\u2026","rel":"","context":"En &quot;Chihuahua&quot;","block_context":{"text":"Chihuahua","link":"https:\/\/www.grieta.org.mx\/index.php\/category\/noticias-nacionales\/chihuahua\/"},"img":{"alt_text":"","src":"https:\/\/i0.wp.com\/www.grieta.org.mx\/wp-content\/uploads\/2019\/06\/Mujer-y-adolescente-migrate-Rey-R.-Jauregui-1000x600.jpeg?resize=350%2C200&ssl=1","width":350,"height":200,"srcset":"https:\/\/i0.wp.com\/www.grieta.org.mx\/wp-content\/uploads\/2019\/06\/Mujer-y-adolescente-migrate-Rey-R.-Jauregui-1000x600.jpeg?resize=350%2C200&ssl=1 1x, https:\/\/i0.wp.com\/www.grieta.org.mx\/wp-content\/uploads\/2019\/06\/Mujer-y-adolescente-migrate-Rey-R.-Jauregui-1000x600.jpeg?resize=525%2C300&ssl=1 1.5x, https:\/\/i0.wp.com\/www.grieta.org.mx\/wp-content\/uploads\/2019\/06\/Mujer-y-adolescente-migrate-Rey-R.-Jauregui-1000x600.jpeg?resize=700%2C400&ssl=1 2x"},"classes":[]},{"id":35519,"url":"https:\/\/www.grieta.org.mx\/index.php\/2019\/06\/27\/galeria-guardia-nacional-extiende-muro-humano-a-zonas-semideserticas-chihuahua\/","url_meta":{"origin":67299,"position":1},"title":"Galer\u00eda: Guardia Nacional extiende \u2018muro humano\u2019 a zonas semides\u00e9rticas (Chihuahua)","author":"grieta","date":"27 junio, 2019","format":false,"excerpt":"Fotograf\u00edas: Rey R. Jauregui\/ LA VERDAD Ciudad Ju\u00e1rez \u2013 La Guardia Nacional (GN) endureci\u00f3 sus acciones para evitar el paso de migrantes hacia Estados Unidos al extender su patrullaje m\u00e1s all\u00e1 del r\u00edo Bravo, colocando vigilancia en la zona fronteriza entre Anapra, Ciudad Ju\u00e1rez y Sunland Park, Nuevo M\u00e9xico. Elementos\u2026","rel":"","context":"En &quot;Chihuahua&quot;","block_context":{"text":"Chihuahua","link":"https:\/\/www.grieta.org.mx\/index.php\/category\/noticias-nacionales\/chihuahua\/"},"img":{"alt_text":"","src":"https:\/\/i0.wp.com\/www.grieta.org.mx\/wp-content\/uploads\/2019\/06\/Militares-en-el-Muro-Rey-R.-Jauregui.jpeg?resize=350%2C200&ssl=1","width":350,"height":200,"srcset":"https:\/\/i0.wp.com\/www.grieta.org.mx\/wp-content\/uploads\/2019\/06\/Militares-en-el-Muro-Rey-R.-Jauregui.jpeg?resize=350%2C200&ssl=1 1x, https:\/\/i0.wp.com\/www.grieta.org.mx\/wp-content\/uploads\/2019\/06\/Militares-en-el-Muro-Rey-R.-Jauregui.jpeg?resize=525%2C300&ssl=1 1.5x, https:\/\/i0.wp.com\/www.grieta.org.mx\/wp-content\/uploads\/2019\/06\/Militares-en-el-Muro-Rey-R.-Jauregui.jpeg?resize=700%2C400&ssl=1 2x, https:\/\/i0.wp.com\/www.grieta.org.mx\/wp-content\/uploads\/2019\/06\/Militares-en-el-Muro-Rey-R.-Jauregui.jpeg?resize=1050%2C600&ssl=1 3x"},"classes":[]},{"id":35319,"url":"https:\/\/www.grieta.org.mx\/index.php\/2019\/06\/22\/a-las-puertas-de-estados-unidos-mexico-persigue-y-detiene-a-migrantes-chihuahua\/","url_meta":{"origin":67299,"position":2},"title":"A las puertas de Estados Unidos, M\u00e9xico persigue y detiene a migrantes (Chihuahua)","author":"grieta","date":"22 junio, 2019","format":false,"excerpt":"Los extranjeros indocumentados que llegan a la frontera por Ciudad Ju\u00e1rez son perseguidos en el bordo del r\u00edo Bravo por militares en la Guardia Nacional, quienes los detienen y entregan a oficiales de Migraci\u00f3n para evitar su paso a territorio estadunidense. Texto y Fotos: Rey R. Jauregui \/ LA VERDAD\/\u2026","rel":"","context":"En &quot;Chihuahua&quot;","block_context":{"text":"Chihuahua","link":"https:\/\/www.grieta.org.mx\/index.php\/category\/noticias-nacionales\/chihuahua\/"},"img":{"alt_text":"","src":"https:\/\/i0.wp.com\/www.grieta.org.mx\/wp-content\/uploads\/2019\/06\/Detenidas.jpeg?resize=350%2C200&ssl=1","width":350,"height":200,"srcset":"https:\/\/i0.wp.com\/www.grieta.org.mx\/wp-content\/uploads\/2019\/06\/Detenidas.jpeg?resize=350%2C200&ssl=1 1x, https:\/\/i0.wp.com\/www.grieta.org.mx\/wp-content\/uploads\/2019\/06\/Detenidas.jpeg?resize=525%2C300&ssl=1 1.5x, https:\/\/i0.wp.com\/www.grieta.org.mx\/wp-content\/uploads\/2019\/06\/Detenidas.jpeg?resize=700%2C400&ssl=1 2x, https:\/\/i0.wp.com\/www.grieta.org.mx\/wp-content\/uploads\/2019\/06\/Detenidas.jpeg?resize=1050%2C600&ssl=1 3x"},"classes":[]},{"id":35092,"url":"https:\/\/www.grieta.org.mx\/index.php\/2019\/06\/19\/usan-militares-brazalete-de-guardia-nacional-en-patrullaje-antimigrante-en-ciudad-juarez-chihuahua\/","url_meta":{"origin":67299,"position":3},"title":"Usan militares brazalete de Guardia Nacional en patrullaje antimigrante en Ciudad Ju\u00e1rez (Chihuahua)","author":"grieta","date":"19 junio, 2019","format":false,"excerpt":"Fotos e Informaci\u00f3n: Alejandro S\u00e1nchez\/ LA VERDAD Ciudad Ju\u00e1rez \u2013 Los militares que vigilan el bordo del r\u00edo Bravo, para evitar el paso de migrantes hacia Estado Unidos, portan desde este mi\u00e9rcoles un brazalete negro con las siglas GN (Guardia Nacional) en blanco y un escudo de la nueva agrupaci\u00f3n\u2026","rel":"","context":"En &quot;Chihuahua&quot;","block_context":{"text":"Chihuahua","link":"https:\/\/www.grieta.org.mx\/index.php\/category\/noticias-nacionales\/chihuahua\/"},"img":{"alt_text":"","src":"https:\/\/i0.wp.com\/www.grieta.org.mx\/wp-content\/uploads\/2019\/06\/GN-A.-S%C3%A1nchez.jpg?resize=350%2C200&ssl=1","width":350,"height":200,"srcset":"https:\/\/i0.wp.com\/www.grieta.org.mx\/wp-content\/uploads\/2019\/06\/GN-A.-S%C3%A1nchez.jpg?resize=350%2C200&ssl=1 1x, https:\/\/i0.wp.com\/www.grieta.org.mx\/wp-content\/uploads\/2019\/06\/GN-A.-S%C3%A1nchez.jpg?resize=525%2C300&ssl=1 1.5x, https:\/\/i0.wp.com\/www.grieta.org.mx\/wp-content\/uploads\/2019\/06\/GN-A.-S%C3%A1nchez.jpg?resize=700%2C400&ssl=1 2x"},"classes":[]},{"id":62911,"url":"https:\/\/www.grieta.org.mx\/index.php\/2021\/12\/17\/familiares-de-migrantes-desaparecidos-en-chihuahua-exigen-intervencion-federal-en-la-busqueda\/","url_meta":{"origin":67299,"position":4},"title":"Familiares de migrantes desaparecidos en Chihuahua exigen intervenci\u00f3n federal en la b\u00fasqueda","author":"grieta","date":"17 diciembre, 2021","format":false,"excerpt":"En los \u00faltimos seis meses, el desierto de Chihuahua ha sido testigo de la desaparici\u00f3n de al menos 30 personas migrantes; los operativos de b\u00fasqueda estatales no han sido exitosos y solo una vez se ha recurrido a la b\u00fasqueda por helic\u00f3ptero. \u00d3SCAR ROSALES \/ RA\u00cdCHALI Familiares de un grupo\u2026","rel":"","context":"En &quot;Chihuahua&quot;","block_context":{"text":"Chihuahua","link":"https:\/\/www.grieta.org.mx\/index.php\/category\/noticias-nacionales\/chihuahua\/"},"img":{"alt_text":"","src":"https:\/\/i0.wp.com\/www.grieta.org.mx\/wp-content\/uploads\/2021\/12\/Familiares-de-migrantes-desaparecidos-01_Rai%CC%81chali-e1639749541211.jpeg?resize=350%2C200&ssl=1","width":350,"height":200,"srcset":"https:\/\/i0.wp.com\/www.grieta.org.mx\/wp-content\/uploads\/2021\/12\/Familiares-de-migrantes-desaparecidos-01_Rai%CC%81chali-e1639749541211.jpeg?resize=350%2C200&ssl=1 1x, https:\/\/i0.wp.com\/www.grieta.org.mx\/wp-content\/uploads\/2021\/12\/Familiares-de-migrantes-desaparecidos-01_Rai%CC%81chali-e1639749541211.jpeg?resize=525%2C300&ssl=1 1.5x, https:\/\/i0.wp.com\/www.grieta.org.mx\/wp-content\/uploads\/2021\/12\/Familiares-de-migrantes-desaparecidos-01_Rai%CC%81chali-e1639749541211.jpeg?resize=700%2C400&ssl=1 2x, https:\/\/i0.wp.com\/www.grieta.org.mx\/wp-content\/uploads\/2021\/12\/Familiares-de-migrantes-desaparecidos-01_Rai%CC%81chali-e1639749541211.jpeg?resize=1050%2C600&ssl=1 3x"},"classes":[]},{"id":20135,"url":"https:\/\/www.grieta.org.mx\/index.php\/2016\/08\/15\/denuncian-a-retenes-antimigrantes-despojan-a-migrantes-de-sus-pertenencias-en-chihuahua\/","url_meta":{"origin":67299,"position":5},"title":"Denuncian a retenes \u2018antimigrantes\u2019; despojan a migrantes de sus pertenencias en Chihuahua","author":"grieta","date":"15 agosto, 2016","format":false,"excerpt":"El Z\u00f3calo de Saltillo Chihuahua.- El presb\u00edtero Francisco Javier Calvillo de la Casa de Migrante en Ciudad Ju\u00e1rez denunci\u00f3 la instalaci\u00f3n de retenes en el estado de Chihuahua donde los migrantes son asaltados, desconociendo si estos bloqueos son implementados por corporaciones en la entidad chihuahuense. Una cadena televisiva internacional inform\u00f3\u2026","rel":"","context":"En &quot;CINTILLO&quot;","block_context":{"text":"CINTILLO","link":"https:\/\/www.grieta.org.mx\/index.php\/category\/cintillo\/"},"img":{"alt_text":"","src":"https:\/\/i0.wp.com\/www.grieta.org.mx\/wp-content\/uploads\/2018\/03\/14524434_1106112876131411_958039263622046936_o.jpg?resize=350%2C200&ssl=1","width":350,"height":200,"srcset":"https:\/\/i0.wp.com\/www.grieta.org.mx\/wp-content\/uploads\/2018\/03\/14524434_1106112876131411_958039263622046936_o.jpg?resize=350%2C200&ssl=1 1x, https:\/\/i0.wp.com\/www.grieta.org.mx\/wp-content\/uploads\/2018\/03\/14524434_1106112876131411_958039263622046936_o.jpg?resize=525%2C300&ssl=1 1.5x, https:\/\/i0.wp.com\/www.grieta.org.mx\/wp-content\/uploads\/2018\/03\/14524434_1106112876131411_958039263622046936_o.jpg?resize=700%2C400&ssl=1 2x"},"classes":[]}],"_links":{"self":[{"href":"https:\/\/www.grieta.org.mx\/index.php\/wp-json\/wp\/v2\/posts\/67299","targetHints":{"allow":["GET"]}}],"collection":[{"href":"https:\/\/www.grieta.org.mx\/index.php\/wp-json\/wp\/v2\/posts"}],"about":[{"href":"https:\/\/www.grieta.org.mx\/index.php\/wp-json\/wp\/v2\/types\/post"}],"author":[{"embeddable":true,"href":"https:\/\/www.grieta.org.mx\/index.php\/wp-json\/wp\/v2\/users\/2"}],"replies":[{"embeddable":true,"href":"https:\/\/www.grieta.org.mx\/index.php\/wp-json\/wp\/v2\/comments?post=67299"}],"version-history":[{"count":1,"href":"https:\/\/www.grieta.org.mx\/index.php\/wp-json\/wp\/v2\/posts\/67299\/revisions"}],"predecessor-version":[{"id":67301,"href":"https:\/\/www.grieta.org.mx\/index.php\/wp-json\/wp\/v2\/posts\/67299\/revisions\/67301"}],"wp:featuredmedia":[{"embeddable":true,"href":"https:\/\/www.grieta.org.mx\/index.php\/wp-json\/wp\/v2\/media\/67300"}],"wp:attachment":[{"href":"https:\/\/www.grieta.org.mx\/index.php\/wp-json\/wp\/v2\/media?parent=67299"}],"wp:term":[{"taxonomy":"category","embeddable":true,"href":"https:\/\/www.grieta.org.mx\/index.php\/wp-json\/wp\/v2\/categories?post=67299"},{"taxonomy":"post_tag","embeddable":true,"href":"https:\/\/www.grieta.org.mx\/index.php\/wp-json\/wp\/v2\/tags?post=67299"}],"curies":[{"name":"wp","href":"https:\/\/api.w.org\/{rel}","templated":true}]}}