{"id":67265,"date":"2023-07-05T16:15:26","date_gmt":"2023-07-05T22:15:26","guid":{"rendered":"https:\/\/www.grieta.org.mx\/?p=67265"},"modified":"2023-07-30T17:20:07","modified_gmt":"2023-07-30T23:20:07","slug":"yucatan-entre-los-10-estados-con-mas-feminicidios-en-mexico-sistema-nacional-de-seguridad","status":"publish","type":"post","link":"https:\/\/www.grieta.org.mx\/index.php\/2023\/07\/05\/yucatan-entre-los-10-estados-con-mas-feminicidios-en-mexico-sistema-nacional-de-seguridad\/","title":{"rendered":"Yucat\u00e1n, entre los 10 estados con m\u00e1s feminicidios en M\u00e9xico: Sistema Nacional de Seguridad"},"content":{"rendered":"<p>Armando P\u00e9rez \/ Por Esto!<\/p>\n<p>Yucat\u00e1n entr\u00f3 al \u201ctop ten\u201d de los Estados con mayor incidencia de feminicidios, al registrar una tasa (asesinatos por cada 100 mil mujeres) de 0.34 por ciento, un dato incluso mayor que el de entidades consideradas m\u00e1s violentas como Guanajuato (0.18 por ciento) o Guerrero (0.32 por ciento), revelan datos del Sistema Nacional de Seguridad P\u00fablica, entre enero y mayo de 2023.<\/p>\n<p>Seg\u00fan las estad\u00edsticas, este es el delito de m\u00e1s impacto para las yucatecas, pues en otros como homicidio doloso o lesiones dolosas, las tasas, de 0.17 por ciento en el primer caso, y de 1.1 en el segundo, ubican a la entidad entre las de menor incidencia en todo el pa\u00eds.<\/p>\n<p>Este lunes publicamos que el feminicidio \u201cse est\u00e1 acelerando\u201d en la Entidad, pues con cinco casos entre enero y junio, promedia uno cada 36 d\u00edas -muy cerca de uno cada mes-, cuando el a\u00f1o pasado, en el mismo periodo, ocurri\u00f3 uno cada 60 d\u00edas -uno cada tres meses.<\/p>\n<p>En realidad, un porcentaje m\u00ednimo de las 52 mil 432 mujeres que fueron v\u00edctimas de alg\u00fan un delito en el pa\u00eds (conforme al bien jur\u00eddico), radica en Yucat\u00e1n, seg\u00fan las estad\u00edsticas del periodo enero-mayo 2023 del Sistema Nacional de Seguridad P\u00fablica.<\/p>\n<p>En los apartados de il\u00edcitos de mayor gravedad como el feminicidio, el Estado ocupa los tres \u00faltimos lugares con \u00fanicamente 5 casos. Solo Tlaxcala, con tres y Aguascalientes y Baja California Sur, con uno, tienen menos. El m\u00e1s alto fue Estado de M\u00e9xico con 42, mientras que Quintana Roo ocup\u00f3 el puesto 14, con ocho, y Campeche, el 21, con cinco.<\/p>\n<p>El total en todo el pa\u00eds, de 344 v\u00edctimas, es el m\u00e1s bajo en los \u00faltimos ocho a\u00f1os, muy por debajo de los 412 de 2015. De 2019 a 2022 se superaron las 900 en los primeros cinco meses.<\/p>\n<p>Sin embargo, en tasa de feminicidios, es decir, asesinatos de mujeres en raz\u00f3n de g\u00e9nero por cada cada 100 mil, Yucat\u00e1n qued\u00f3 en el sitio 10, con 0.34 por ciento, incluso por arriba de entidades consideradas m\u00e1s violentas, como Guanajuato (0.18 por ciento), Jalisco (0.27 por ciento) o Guerrero (0.32 por ciento).<\/p>\n<p>Por ejemplo, en la tierra del Tequila hay 12 feminicidios, tiene seis millones de habitantes m\u00e1s que nuestro Estado; arriba est\u00e1n, tambi\u00e9n, Quer\u00e9taro (0.33 por ciento), Puebla (0.26%), Coahuila (0.24), Baja California Sur (0.24%), Tamaulipas (0.21%), y Aguascalientes (0.13%).<\/p>\n<p>Hasta ahora, solo dos mujeres fueron v\u00edctimas de homicidio doloso en Yucat\u00e1n, dato que tambi\u00e9n la ubica entre tres \u00faltimas por su menor incidencia, solo superada por Campeche, que tuvo uno, y Coahuila y Tlaxcala, que se mantienen en cero. En el primero sitio est\u00e1 Guanajuato, con 143 v\u00edctimas, mientras que Quintana Roo, con 28, se ubic\u00f3 en el lugar 16.<\/p>\n<p>En ese apartado, la tasa yucateca s\u00ed fue de las menores, con 0.17 por ciento, por debajo de Campeche (0.19 por ciento) y solo arriba de Sinaloa (0.12 por ciento); Coahuila y Tlaxcala est\u00e1n en cero.<\/p>\n<p>En homicidios culposos, Yucat\u00e1n tambi\u00e9n est\u00e1 entre las de menor incidencia con solo nueve muertes, arriba de Baja California Sur (8) y Tlaxcala (1). Guanajuato repiti\u00f3 a la cabeza, con 262; Quintana Roo es quinto lugar, con 92; y Campeche apareci\u00f3 en el sitio 25 con 15.<\/p>\n<p>Por cada 100 mil mujeres, el Estado tiene una tasa de 0.76 por ciento, la segunda m\u00e1s baja, detr\u00e1s de Tlaxcala, que tuvo 0.14 por ciento. Con apenas 13 lesiones dolosas en 5 meses, Yucat\u00e1n es la pen\u00faltima entidad de la clasificaci\u00f3n.<\/p>\n<p>En el fondo aparece Aguascalientes con 0, a la vez que el Estado de M\u00e9xico est\u00e1 a la cabeza con 6 mil 354. Campeche suma 761 en el sitio 14 y Quintana Roo, 539 en el puesto 19. <\/p>\n<p>La tasa yucateca es 1.1 por ciento por cada 100 mil mujeres y el porcentaje m\u00e1s bajo lo tiene Aguascalientes, que est\u00e1 \u201cen blanco\u201d. No obstante, el Sistema Nacional de Seguridad P\u00fablica aclar\u00f3 que en dicha entidad no distinguen el sexo de las v\u00edctimas de lesiones dolosas y las registran en la categor\u00eda \u201cde sexo no identificado\u201d, lo que involuntariamente resalta el registro de Yucat\u00e1n.<\/p>\n<p>En lesiones culposas, sucede lo mismo: la entidad de menos casos es Yucat\u00e1n con uno y Aguascalientes aparece en cero. Estado de M\u00e9xico de nuevo lidera con 2 mil 192, Quintana Roo se ubica en el octavo puesto, con 369 y Campeche, en el 14, con 211 casos.<\/p>\n<p>Yucat\u00e1n tiene la tasa m\u00e1s baja con 0.08 por ciento, porque, como ya se dijo, en las tierra hidroc\u00e1lidas la contabilizaci\u00f3n no est\u00e1 asentada por sexo de la v\u00edctima. <\/p>\n<p><a href=\"https:\/\/www.poresto.net\/yucatan\/2023\/7\/5\/yucatan-entre-los-10-estados-con-mas-feminicidios-en-mexico-sistema-nacional-de-seguridad-390726.html\" rel=\"noopener\" target=\"_blank\">https:\/\/www.poresto.net\/yucatan\/2023\/7\/5\/yucatan-entre-los-10-estados-con-mas-feminicidios-en-mexico-sistema-nacional-de-seguridad-390726.html<\/a><\/p>\n","protected":false},"excerpt":{"rendered":"<p>Armando P\u00e9rez \/ Por Esto! Yucat\u00e1n entr\u00f3 al \u201ctop ten\u201d de los Estados con mayor incidencia de feminicidios, al registrar una tasa (asesinatos por cada 100 mil mujeres) de 0.34 &hellip; <a href=\"https:\/\/www.grieta.org.mx\/index.php\/2023\/07\/05\/yucatan-entre-los-10-estados-con-mas-feminicidios-en-mexico-sistema-nacional-de-seguridad\/\" class=\"more-link\">Leer m\u00e1s<\/a><\/p>\n","protected":false},"author":2,"featured_media":67266,"comment_status":"closed","ping_status":"closed","sticky":false,"template":"","format":"standard","meta":{"ngg_post_thumbnail":0,"_jetpack_newsletter_access":"","_jetpack_dont_email_post_to_subs":false,"_jetpack_newsletter_tier_id":0,"_jetpack_memberships_contains_paywalled_content":false,"_jetpack_memberships_contains_paid_content":false,"footnotes":""},"categories":[80,84,1106,2,83,36],"tags":[2959,81],"class_list":["post-67265","post","type-post","status-publish","format-standard","has-post-thumbnail","hentry","category-cintillo","category-feminicidios","category-feminicidios-en-yucatan","category-noticias-nacionales","category-temas-nacionales","category-yucatan","tag-estadisticas-de-feminicidio","tag-feminicidios","entry"],"jetpack_featured_media_url":"https:\/\/www.grieta.org.mx\/wp-content\/uploads\/2023\/07\/Feminicidios-e1690755564473.jpg","jetpack_sharing_enabled":true,"jetpack_shortlink":"https:\/\/wp.me\/p7ZJR4-huV","jetpack_likes_enabled":false,"jetpack-related-posts":[{"id":52853,"url":"https:\/\/www.grieta.org.mx\/index.php\/2020\/08\/24\/colima-con-el-mayor-incremento-de-feminicidios-en-el-pais\/","url_meta":{"origin":67265,"position":0},"title":"Colima, con el mayor incremento de feminicidios en el pa\u00eds","author":"grieta","date":"24 agosto, 2020","format":false,"excerpt":"Imagen: Diario Avanzada Redacci\u00f3n \/ Diario Avanzada olima, M\u00e9xico, Avanzada (24\/08\/2020).- Durante los primeros siete meses de este a\u00f1o, el estado de Colima se coloc\u00f3 con el mayor incremento de feminicidios en el pa\u00eds, en comparaci\u00f3n con el mismo periodo de 2019, de acuerdo con los datos dados a conocer\u2026","rel":"","context":"En &quot;CINTILLO&quot;","block_context":{"text":"CINTILLO","link":"https:\/\/www.grieta.org.mx\/index.php\/category\/cintillo\/"},"img":{"alt_text":"","src":"https:\/\/i0.wp.com\/www.grieta.org.mx\/wp-content\/uploads\/2020\/08\/image-143.png?resize=350%2C200&ssl=1","width":350,"height":200},"classes":[]},{"id":66216,"url":"https:\/\/www.grieta.org.mx\/index.php\/2023\/02\/01\/incrementaron-350-los-feminicidios-en-el-primer-ano-de-vizcaino-colima\/","url_meta":{"origin":67265,"position":1},"title":"Incrementaron 350 % los feminicidios en el primer a\u00f1o de Vizca\u00edno (Colima)","author":"grieta","date":"1 febrero, 2023","format":false,"excerpt":"Imagen: Diario Avanzada Heidi de Le\u00f3n Guti\u00e9rrez \/ Diario Avanzada Colima, M\u00e9xico, Avanzada (01\/02\/2023).- El primer a\u00f1o de gobierno de la mandataria estatal, Indira Vizca\u00edno Silva cerr\u00f3 con 350 por ciento m\u00e1s de v\u00edctimas de feminicidio y homicidio doloso de mujeres en comparaci\u00f3n con 2021. Los porcentajes anteriores muestran que\u2026","rel":"","context":"En &quot;CINTILLO&quot;","block_context":{"text":"CINTILLO","link":"https:\/\/www.grieta.org.mx\/index.php\/category\/cintillo\/"},"img":{"alt_text":"","src":"https:\/\/i0.wp.com\/www.grieta.org.mx\/wp-content\/uploads\/2023\/02\/Indira-Feminista.jpeg?resize=350%2C200&ssl=1","width":350,"height":200,"srcset":"https:\/\/i0.wp.com\/www.grieta.org.mx\/wp-content\/uploads\/2023\/02\/Indira-Feminista.jpeg?resize=350%2C200&ssl=1 1x, https:\/\/i0.wp.com\/www.grieta.org.mx\/wp-content\/uploads\/2023\/02\/Indira-Feminista.jpeg?resize=525%2C300&ssl=1 1.5x"},"classes":[]},{"id":52197,"url":"https:\/\/www.grieta.org.mx\/index.php\/2020\/07\/27\/aumento-166-por-ciento-el-feminicidio-en-colima\/","url_meta":{"origin":67265,"position":2},"title":"Aument\u00f3 166 por ciento el feminicidio en Colima","author":"grieta","date":"27 julio, 2020","format":false,"excerpt":"Imagen: Diario Avanzada Heidi de Le\u00f3n Guti\u00e9rrez \/ Diario Avanzada Colima, M\u00e9xico, Avanzada (27\/07\/2020).- El lunes 20 de julio, una mujer de entre 30 y 35 a\u00f1os de edad fue asesinada a cuchilladas al interior de su domicilio en la calle Gazania, en la colonia, Terraplena, en el municipio de\u2026","rel":"","context":"En &quot;CINTILLO&quot;","block_context":{"text":"CINTILLO","link":"https:\/\/www.grieta.org.mx\/index.php\/category\/cintillo\/"},"img":{"alt_text":"","src":"https:\/\/i0.wp.com\/www.grieta.org.mx\/wp-content\/uploads\/2020\/08\/Zapato.jpg?resize=350%2C200&ssl=1","width":350,"height":200,"srcset":"https:\/\/i0.wp.com\/www.grieta.org.mx\/wp-content\/uploads\/2020\/08\/Zapato.jpg?resize=350%2C200&ssl=1 1x, https:\/\/i0.wp.com\/www.grieta.org.mx\/wp-content\/uploads\/2020\/08\/Zapato.jpg?resize=525%2C300&ssl=1 1.5x, https:\/\/i0.wp.com\/www.grieta.org.mx\/wp-content\/uploads\/2020\/08\/Zapato.jpg?resize=700%2C400&ssl=1 2x"},"classes":[]},{"id":38431,"url":"https:\/\/www.grieta.org.mx\/index.php\/2019\/08\/20\/registra-ciudad-de-mexico-21-feminicidios-en-siete-meses\/","url_meta":{"origin":67265,"position":3},"title":"Registra Ciudad de M\u00e9xico 21 feminicidios en siete meses","author":"grieta","date":"20 agosto, 2019","format":false,"excerpt":"Redacci\u00f3n\/Exc\u00e9lsior La capital concentr\u00f3 el 3% de los delitos cometidos en las 32 entidades federativas CIUDAD DE M\u00c9XICO. Datos del Secretariado Ejecutivo del Sistema Nacional de Seguridad P\u00fablica (SESNSP) establecen que, de diciembre de 2018 a junio de 2019, ocurrieron 21 feminicidios en la Ciudad de M\u00e9xico. Lo anterior quiere\u2026","rel":"","context":"En &quot;CINTILLO&quot;","block_context":{"text":"CINTILLO","link":"https:\/\/www.grieta.org.mx\/index.php\/category\/cintillo\/"},"img":{"alt_text":"","src":"https:\/\/i0.wp.com\/www.grieta.org.mx\/wp-content\/uploads\/2019\/08\/2204313.jpg?resize=350%2C200&ssl=1","width":350,"height":200,"srcset":"https:\/\/i0.wp.com\/www.grieta.org.mx\/wp-content\/uploads\/2019\/08\/2204313.jpg?resize=350%2C200&ssl=1 1x, https:\/\/i0.wp.com\/www.grieta.org.mx\/wp-content\/uploads\/2019\/08\/2204313.jpg?resize=525%2C300&ssl=1 1.5x"},"classes":[]},{"id":31431,"url":"https:\/\/www.grieta.org.mx\/index.php\/2019\/03\/31\/primer-bimestre-de-2019-el-mas-violento-y-con-record-de-feminicidios\/","url_meta":{"origin":67265,"position":4},"title":"Primer bimestre de 2019, el m\u00e1s violento y con r\u00e9cord de feminicidios","author":"grieta","date":"31 marzo, 2019","format":false,"excerpt":"Desde 2015, a\u00f1o en que se comenz\u00f3 el historial de presuntos feminicidios en el Sistema Nacional de Seguridad P\u00fablica, la tendencia ha sido siempre al alza MILENIO\/VANGUARDIA MX Ning\u00fan inicio de a\u00f1o desde 2015 hab\u00eda sido tan violento para las mujeres como este 2019, cuyo primer bimestre registr\u00f3 147 feminicidios,\u2026","rel":"","context":"En &quot;CINTILLO&quot;","block_context":{"text":"CINTILLO","link":"https:\/\/www.grieta.org.mx\/index.php\/category\/cintillo\/"},"img":{"alt_text":"","src":"https:\/\/i0.wp.com\/www.grieta.org.mx\/wp-content\/uploads\/2019\/03\/feminicidios-2.jpg?resize=350%2C200&ssl=1","width":350,"height":200,"srcset":"https:\/\/i0.wp.com\/www.grieta.org.mx\/wp-content\/uploads\/2019\/03\/feminicidios-2.jpg?resize=350%2C200&ssl=1 1x, https:\/\/i0.wp.com\/www.grieta.org.mx\/wp-content\/uploads\/2019\/03\/feminicidios-2.jpg?resize=525%2C300&ssl=1 1.5x, https:\/\/i0.wp.com\/www.grieta.org.mx\/wp-content\/uploads\/2019\/03\/feminicidios-2.jpg?resize=700%2C400&ssl=1 2x"},"classes":[]},{"id":62981,"url":"https:\/\/www.grieta.org.mx\/index.php\/2021\/12\/26\/jalisco-segundo-lugar-nacional-en-feminicidios\/","url_meta":{"origin":67265,"position":5},"title":"Jalisco, segundo lugar nacional en feminicidios","author":"grieta","date":"26 diciembre, 2021","format":false,"excerpt":"Foto: Cuartoscuro Redacci\u00f3n \/\u00a0 El Diario NTR De los casi mil feminicidios que se cometieron de enero a noviembre de 2021, 66 ocurrieron en Jalisco, por lo que la entidad se mantiene en el segundo lugar con m\u00e1s cr\u00edmenes de este tipo. De acuerdo a los datos del Secretariado Ejecutivo\u2026","rel":"","context":"En &quot;CINTILLO&quot;","block_context":{"text":"CINTILLO","link":"https:\/\/www.grieta.org.mx\/index.php\/category\/cintillo\/"},"img":{"alt_text":"","src":"https:\/\/i0.wp.com\/www.grieta.org.mx\/wp-content\/uploads\/2022\/01\/2021-12-26_02-12-45___6357.jpg?resize=350%2C200&ssl=1","width":350,"height":200,"srcset":"https:\/\/i0.wp.com\/www.grieta.org.mx\/wp-content\/uploads\/2022\/01\/2021-12-26_02-12-45___6357.jpg?resize=350%2C200&ssl=1 1x, https:\/\/i0.wp.com\/www.grieta.org.mx\/wp-content\/uploads\/2022\/01\/2021-12-26_02-12-45___6357.jpg?resize=525%2C300&ssl=1 1.5x, https:\/\/i0.wp.com\/www.grieta.org.mx\/wp-content\/uploads\/2022\/01\/2021-12-26_02-12-45___6357.jpg?resize=700%2C400&ssl=1 2x"},"classes":[]}],"_links":{"self":[{"href":"https:\/\/www.grieta.org.mx\/index.php\/wp-json\/wp\/v2\/posts\/67265","targetHints":{"allow":["GET"]}}],"collection":[{"href":"https:\/\/www.grieta.org.mx\/index.php\/wp-json\/wp\/v2\/posts"}],"about":[{"href":"https:\/\/www.grieta.org.mx\/index.php\/wp-json\/wp\/v2\/types\/post"}],"author":[{"embeddable":true,"href":"https:\/\/www.grieta.org.mx\/index.php\/wp-json\/wp\/v2\/users\/2"}],"replies":[{"embeddable":true,"href":"https:\/\/www.grieta.org.mx\/index.php\/wp-json\/wp\/v2\/comments?post=67265"}],"version-history":[{"count":1,"href":"https:\/\/www.grieta.org.mx\/index.php\/wp-json\/wp\/v2\/posts\/67265\/revisions"}],"predecessor-version":[{"id":67267,"href":"https:\/\/www.grieta.org.mx\/index.php\/wp-json\/wp\/v2\/posts\/67265\/revisions\/67267"}],"wp:featuredmedia":[{"embeddable":true,"href":"https:\/\/www.grieta.org.mx\/index.php\/wp-json\/wp\/v2\/media\/67266"}],"wp:attachment":[{"href":"https:\/\/www.grieta.org.mx\/index.php\/wp-json\/wp\/v2\/media?parent=67265"}],"wp:term":[{"taxonomy":"category","embeddable":true,"href":"https:\/\/www.grieta.org.mx\/index.php\/wp-json\/wp\/v2\/categories?post=67265"},{"taxonomy":"post_tag","embeddable":true,"href":"https:\/\/www.grieta.org.mx\/index.php\/wp-json\/wp\/v2\/tags?post=67265"}],"curies":[{"name":"wp","href":"https:\/\/api.w.org\/{rel}","templated":true}]}}