{"id":67260,"date":"2023-07-27T12:09:53","date_gmt":"2023-07-27T18:09:53","guid":{"rendered":"https:\/\/www.grieta.org.mx\/?p=67260"},"modified":"2023-07-30T12:24:17","modified_gmt":"2023-07-30T18:24:17","slug":"madres-buscadores-recorren-bahia-de-banderas-en-busca-de-sus-hijos-nayarit","status":"publish","type":"post","link":"https:\/\/www.grieta.org.mx\/index.php\/2023\/07\/27\/madres-buscadores-recorren-bahia-de-banderas-en-busca-de-sus-hijos-nayarit\/","title":{"rendered":"Madres buscadores recorren Bah\u00eda de Banderas en busca de sus hijos (Nayarit)"},"content":{"rendered":"<p>Imagen: Tomada de la Red<\/p>\n<p>Israel Torres \/ Tribuna de la Bah\u00eda<\/p>\n<p>Durante esta semana madres buscadoras se ha internado en rincones del municipio de Bah\u00eda de Banderas en la b\u00fasqueda de rastros que lleven a la localizaci\u00f3n de sus hijos y familiares.<\/p>\n<p>Este mi\u00e9rcoles y jueves el grupo recorri\u00f3 la delegaci\u00f3n de Buer\u00edas y\u00a0 parajes de la Cruz de Huanacaxtle pegados a la carretera 200, cerca de una concretera y la extracci\u00f3n de material p\u00e9treo.<\/p>\n<p>Los trabajos se extendieron hasta la poblaci\u00f3n de \u00dasulo Galv\u00e1n, en Compostela, adentr\u00e1ndose en la zona serraba y r\u00edo arriba, en el que se encontraron indicios, mediante la utilizaci\u00f3n de un canino, las cuales ser\u00e1n procesadas por la autoridad correspondiente.<\/p>\n<p>Se cont\u00f3 con elementos de los tres niveles de gobierno.<\/p>\n<p><a href=\"https:\/\/tribunadelabahia.com.mx\/madres-buscadoras-recorren-bahia-70227\">https:\/\/tribunadelabahia.com.mx\/madres-buscadoras-recorren-bahia-70227<\/a><\/p>\n","protected":false},"excerpt":{"rendered":"<p>Imagen: Tomada de la Red Israel Torres \/ Tribuna de la Bah\u00eda Durante esta semana madres buscadoras se ha internado en rincones del municipio de Bah\u00eda de Banderas en la &hellip; <a href=\"https:\/\/www.grieta.org.mx\/index.php\/2023\/07\/27\/madres-buscadores-recorren-bahia-de-banderas-en-busca-de-sus-hijos-nayarit\/\" class=\"more-link\">Leer m\u00e1s<\/a><\/p>\n","protected":false},"author":2,"featured_media":67261,"comment_status":"closed","ping_status":"closed","sticky":false,"template":"","format":"standard","meta":{"ngg_post_thumbnail":0,"_jetpack_newsletter_access":"","_jetpack_dont_email_post_to_subs":false,"_jetpack_newsletter_tier_id":0,"_jetpack_memberships_contains_paywalled_content":false,"_jetpack_memberships_contains_paid_content":false,"footnotes":""},"categories":[80,87,2267,23,2,83],"tags":[3791,2484,1828,121,1668,3975],"class_list":["post-67260","post","type-post","status-publish","format-standard","has-post-thumbnail","hentry","category-cintillo","category-desaparecidos","category-desaparecidos-en-nayarit","category-nayarit","category-noticias-nacionales","category-temas-nacionales","tag-acciones-por-desaparecidos","tag-buscadoras","tag-busqueda-de-desaparecidos","tag-desaparecidos","tag-familiares-de-desaparecidos","tag-madres-de-desaparecidos","entry"],"jetpack_featured_media_url":"https:\/\/www.grieta.org.mx\/wp-content\/uploads\/2023\/07\/48694562_303.jpg","jetpack_sharing_enabled":true,"jetpack_shortlink":"https:\/\/wp.me\/p7ZJR4-huQ","jetpack_likes_enabled":false,"jetpack-related-posts":[{"id":70023,"url":"https:\/\/www.grieta.org.mx\/index.php\/2024\/09\/26\/madres-buscadoras-despliegan-lona-gigante-con-rostros-de-desaparecidos-en-tondoroque-nayarit\/","url_meta":{"origin":67260,"position":0},"title":"Madres buscadoras despliegan lona gigante con rostros de desaparecidos en Tondoroque (Nayarit)","author":"grieta","date":"26 septiembre, 2024","format":false,"excerpt":"Imagen: Tribuna de la Bah\u00eda Las madres buscadoras claman que sus hijos y familiares no sean olvidados, colgando una lona de 12 metros en el puente peatonal de Tondoroque Isrrael L\u00f3pez \/ Tribuna de la Bah\u00eda Como un acto de visibilizaci\u00f3n, familiares que buscan a sus desaparecidos en Bah\u00eda de\u2026","rel":"","context":"En &quot;CINTILLO&quot;","block_context":{"text":"CINTILLO","link":"https:\/\/www.grieta.org.mx\/index.php\/category\/cintillo\/"},"img":{"alt_text":"","src":"https:\/\/i0.wp.com\/www.grieta.org.mx\/wp-content\/uploads\/2024\/10\/desaparecidos-3-1024x695-1.jpg?resize=350%2C200&ssl=1","width":350,"height":200,"srcset":"https:\/\/i0.wp.com\/www.grieta.org.mx\/wp-content\/uploads\/2024\/10\/desaparecidos-3-1024x695-1.jpg?resize=350%2C200&ssl=1 1x, https:\/\/i0.wp.com\/www.grieta.org.mx\/wp-content\/uploads\/2024\/10\/desaparecidos-3-1024x695-1.jpg?resize=525%2C300&ssl=1 1.5x, https:\/\/i0.wp.com\/www.grieta.org.mx\/wp-content\/uploads\/2024\/10\/desaparecidos-3-1024x695-1.jpg?resize=700%2C400&ssl=1 2x"},"classes":[]},{"id":68443,"url":"https:\/\/www.grieta.org.mx\/index.php\/2024\/01\/09\/madres-buscadoras-y-familiares-realizan-busqueda-de-desaparecidos-en-el-guamuchil\/","url_meta":{"origin":67260,"position":1},"title":"Madres buscadoras y familiares realizan b\u00fasqueda de desaparecidos en El Guam\u00fachil","author":"grieta","date":"9 enero, 2024","format":false,"excerpt":"Imagen:Especial Isrrael Torres \/ Tribuna de la Bah\u00eda La Comisi\u00f3n Estatal de Personas Desaparecidas, en conjunto con familias de desaparecidos y apoyados por la Guardia Nacional y la Polic\u00eda Estatal Coordinada,\u00a0realizaron labores de b\u00fasqueda en la ribera del r\u00edo de la localidad El Guam\u00fachil, en Bah\u00eda de Banderas. Hubo excavaciones\u2026","rel":"","context":"En &quot;CINTILLO&quot;","block_context":{"text":"CINTILLO","link":"https:\/\/www.grieta.org.mx\/index.php\/category\/cintillo\/"},"img":{"alt_text":"","src":"https:\/\/i0.wp.com\/www.grieta.org.mx\/wp-content\/uploads\/2024\/02\/busqueda-personas-desaparecidas-905x613-1.jpeg?resize=350%2C200&ssl=1","width":350,"height":200,"srcset":"https:\/\/i0.wp.com\/www.grieta.org.mx\/wp-content\/uploads\/2024\/02\/busqueda-personas-desaparecidas-905x613-1.jpeg?resize=350%2C200&ssl=1 1x, https:\/\/i0.wp.com\/www.grieta.org.mx\/wp-content\/uploads\/2024\/02\/busqueda-personas-desaparecidas-905x613-1.jpeg?resize=525%2C300&ssl=1 1.5x, https:\/\/i0.wp.com\/www.grieta.org.mx\/wp-content\/uploads\/2024\/02\/busqueda-personas-desaparecidas-905x613-1.jpeg?resize=700%2C400&ssl=1 2x"},"classes":[]},{"id":72177,"url":"https:\/\/www.grieta.org.mx\/index.php\/2025\/08\/09\/madres-buscadoras-hallan-restos-oseos-detras-de-gasolinera-en-punta-de-mita-nayarit\/","url_meta":{"origin":67260,"position":2},"title":"Madres buscadoras hallan restos \u00f3seos detr\u00e1s de gasolinera en Punta de Mita (Nayarit)","author":"grieta","date":"9 agosto, 2025","format":false,"excerpt":"Imagen: Tribuna de la Bah\u00eda Madres buscadoras encuentran restos \u00f3seos en Punta de Mita y exigen pronta identificaci\u00f3n a la Fiscal\u00eda de Nayarit Isrrael Torres \/ Tribuna de la Bah\u00eda Colectivos de madres buscadoras de Bah\u00eda de Banderas informaron este s\u00e1bado 9 de agosto sobre el hallazgo de restos \u00f3seos\u2026","rel":"","context":"En &quot;CINTILLO&quot;","block_context":{"text":"CINTILLO","link":"https:\/\/www.grieta.org.mx\/index.php\/category\/cintillo\/"},"img":{"alt_text":"","src":"https:\/\/i0.wp.com\/www.grieta.org.mx\/wp-content\/uploads\/2025\/08\/Hallan-restos-oseos-en-Punta-de-Mita.jpeg.webp?resize=350%2C200&ssl=1","width":350,"height":200,"srcset":"https:\/\/i0.wp.com\/www.grieta.org.mx\/wp-content\/uploads\/2025\/08\/Hallan-restos-oseos-en-Punta-de-Mita.jpeg.webp?resize=350%2C200&ssl=1 1x, https:\/\/i0.wp.com\/www.grieta.org.mx\/wp-content\/uploads\/2025\/08\/Hallan-restos-oseos-en-Punta-de-Mita.jpeg.webp?resize=525%2C300&ssl=1 1.5x, https:\/\/i0.wp.com\/www.grieta.org.mx\/wp-content\/uploads\/2025\/08\/Hallan-restos-oseos-en-Punta-de-Mita.jpeg.webp?resize=700%2C400&ssl=1 2x, https:\/\/i0.wp.com\/www.grieta.org.mx\/wp-content\/uploads\/2025\/08\/Hallan-restos-oseos-en-Punta-de-Mita.jpeg.webp?resize=1050%2C600&ssl=1 3x"},"classes":[]},{"id":42178,"url":"https:\/\/www.grieta.org.mx\/index.php\/2019\/12\/12\/no-aparecen-17-jovenes-nayarit\/","url_meta":{"origin":67260,"position":3},"title":"No aparecen 17 j\u00f3venes (Nayarit)","author":"grieta","date":"12 diciembre, 2019","format":false,"excerpt":"Est\u00e1n desaparecidos desde hace varios meses y sus familiares piden a las autoridades correspondientes que tomen en cuenta sus demandas y den claridad a las investigaciones Foto: Realidades de Nayarit V\u00edctor Trejo Olmos \/ Realidades de Nayarit Bah\u00eda de Banderas, Nayarit.\u00a0Jueves 12 de diciembre del 2019.- Hay al menos 17\u2026","rel":"","context":"En &quot;CINTILLO&quot;","block_context":{"text":"CINTILLO","link":"https:\/\/www.grieta.org.mx\/index.php\/category\/cintillo\/"},"img":{"alt_text":"","src":"https:\/\/i0.wp.com\/www.grieta.org.mx\/wp-content\/uploads\/2019\/12\/NO-HAY-JUSTICIA-1068x801.jpg?resize=350%2C200&ssl=1","width":350,"height":200,"srcset":"https:\/\/i0.wp.com\/www.grieta.org.mx\/wp-content\/uploads\/2019\/12\/NO-HAY-JUSTICIA-1068x801.jpg?resize=350%2C200&ssl=1 1x, https:\/\/i0.wp.com\/www.grieta.org.mx\/wp-content\/uploads\/2019\/12\/NO-HAY-JUSTICIA-1068x801.jpg?resize=525%2C300&ssl=1 1.5x, https:\/\/i0.wp.com\/www.grieta.org.mx\/wp-content\/uploads\/2019\/12\/NO-HAY-JUSTICIA-1068x801.jpg?resize=700%2C400&ssl=1 2x, https:\/\/i0.wp.com\/www.grieta.org.mx\/wp-content\/uploads\/2019\/12\/NO-HAY-JUSTICIA-1068x801.jpg?resize=1050%2C600&ssl=1 3x"},"classes":[]},{"id":70119,"url":"https:\/\/www.grieta.org.mx\/index.php\/2024\/10\/08\/misteriosa-desaparicion-de-lona-de-desaparecidos-en-tondoroque-involucrado-el-xii-ayuntamiento-nayarit\/","url_meta":{"origin":67260,"position":4},"title":"Misteriosa desaparici\u00f3n de lona de desaparecidos en Tondoroque: \u00bfInvolucrado el XII Ayuntamiento? (Nayarit)","author":"grieta","date":"8 octubre, 2024","format":false,"excerpt":"Imagen: Tribuna de la Bah\u00eda Isrrael Torres \/ Tribuna de la Bah\u00eda La desaparici\u00f3n de la mega lona que madres buscadoras colocaron el pasado 24 de septiembre en el puente peatonal de Tondoroque ha causado incertidumbre.\u00a0La lona fue retirada sin explicaci\u00f3n la ma\u00f1ana del 3 de octubre, y las dudas\u2026","rel":"","context":"En &quot;CINTILLO&quot;","block_context":{"text":"CINTILLO","link":"https:\/\/www.grieta.org.mx\/index.php\/category\/cintillo\/"},"img":{"alt_text":"","src":"https:\/\/i0.wp.com\/www.grieta.org.mx\/wp-content\/uploads\/2024\/10\/cruce-peatonal-tondoroque-905x613-1.jpeg?resize=350%2C200&ssl=1","width":350,"height":200,"srcset":"https:\/\/i0.wp.com\/www.grieta.org.mx\/wp-content\/uploads\/2024\/10\/cruce-peatonal-tondoroque-905x613-1.jpeg?resize=350%2C200&ssl=1 1x, https:\/\/i0.wp.com\/www.grieta.org.mx\/wp-content\/uploads\/2024\/10\/cruce-peatonal-tondoroque-905x613-1.jpeg?resize=525%2C300&ssl=1 1.5x, https:\/\/i0.wp.com\/www.grieta.org.mx\/wp-content\/uploads\/2024\/10\/cruce-peatonal-tondoroque-905x613-1.jpeg?resize=700%2C400&ssl=1 2x"},"classes":[]},{"id":72004,"url":"https:\/\/www.grieta.org.mx\/index.php\/2025\/06\/11\/dejenme-escarbar-madre-buscadora-de-bahia-exige-al-gobierno-no-mandar-restos-a-fosas-comunes-nayarit\/","url_meta":{"origin":67260,"position":5},"title":"\u201cD\u00e9jenme escarbar\u201d: Madre buscadora de Bah\u00eda exige al gobierno no mandar restos a fosas comunes (Nayarit)","author":"grieta","date":"11 junio, 2025","format":false,"excerpt":"Imagen: Especial Amanda \u00c1lvarez, activista del colectivo Eh\u00e9catl, exige que se respete el derecho de las familias a buscar a sus desaparecidos sin obst\u00e1culos ni omisiones del Estado Isrrael L\u00f3pez \/ Tribuna de la Bah\u00eda La madre buscadora y activista Amanda \u00c1lvarez Ant\u00fanez, representante del Colectivo Eh\u00e9catl en Bah\u00eda de\u2026","rel":"","context":"En &quot;CINTILLO&quot;","block_context":{"text":"CINTILLO","link":"https:\/\/www.grieta.org.mx\/index.php\/category\/cintillo\/"},"img":{"alt_text":"","src":"https:\/\/i0.wp.com\/www.grieta.org.mx\/wp-content\/uploads\/2025\/07\/madres-buscadoras-ezgif.com-jpg-to-webp-converter-905x613-1.webp?resize=350%2C200&ssl=1","width":350,"height":200,"srcset":"https:\/\/i0.wp.com\/www.grieta.org.mx\/wp-content\/uploads\/2025\/07\/madres-buscadoras-ezgif.com-jpg-to-webp-converter-905x613-1.webp?resize=350%2C200&ssl=1 1x, https:\/\/i0.wp.com\/www.grieta.org.mx\/wp-content\/uploads\/2025\/07\/madres-buscadoras-ezgif.com-jpg-to-webp-converter-905x613-1.webp?resize=525%2C300&ssl=1 1.5x, https:\/\/i0.wp.com\/www.grieta.org.mx\/wp-content\/uploads\/2025\/07\/madres-buscadoras-ezgif.com-jpg-to-webp-converter-905x613-1.webp?resize=700%2C400&ssl=1 2x"},"classes":[]}],"_links":{"self":[{"href":"https:\/\/www.grieta.org.mx\/index.php\/wp-json\/wp\/v2\/posts\/67260","targetHints":{"allow":["GET"]}}],"collection":[{"href":"https:\/\/www.grieta.org.mx\/index.php\/wp-json\/wp\/v2\/posts"}],"about":[{"href":"https:\/\/www.grieta.org.mx\/index.php\/wp-json\/wp\/v2\/types\/post"}],"author":[{"embeddable":true,"href":"https:\/\/www.grieta.org.mx\/index.php\/wp-json\/wp\/v2\/users\/2"}],"replies":[{"embeddable":true,"href":"https:\/\/www.grieta.org.mx\/index.php\/wp-json\/wp\/v2\/comments?post=67260"}],"version-history":[{"count":1,"href":"https:\/\/www.grieta.org.mx\/index.php\/wp-json\/wp\/v2\/posts\/67260\/revisions"}],"predecessor-version":[{"id":67263,"href":"https:\/\/www.grieta.org.mx\/index.php\/wp-json\/wp\/v2\/posts\/67260\/revisions\/67263"}],"wp:featuredmedia":[{"embeddable":true,"href":"https:\/\/www.grieta.org.mx\/index.php\/wp-json\/wp\/v2\/media\/67261"}],"wp:attachment":[{"href":"https:\/\/www.grieta.org.mx\/index.php\/wp-json\/wp\/v2\/media?parent=67260"}],"wp:term":[{"taxonomy":"category","embeddable":true,"href":"https:\/\/www.grieta.org.mx\/index.php\/wp-json\/wp\/v2\/categories?post=67260"},{"taxonomy":"post_tag","embeddable":true,"href":"https:\/\/www.grieta.org.mx\/index.php\/wp-json\/wp\/v2\/tags?post=67260"}],"curies":[{"name":"wp","href":"https:\/\/api.w.org\/{rel}","templated":true}]}}