{"id":6726,"date":"2016-06-27T23:49:28","date_gmt":"2016-06-27T23:49:28","guid":{"rendered":"http:\/\/50.22.11.12\/~grietaor\/?p=6726"},"modified":"2016-06-30T23:32:02","modified_gmt":"2016-06-30T23:32:02","slug":"movilizaciones-por-ayotzinapa-en-sinaloa","status":"publish","type":"post","link":"https:\/\/www.grieta.org.mx\/index.php\/2016\/06\/27\/movilizaciones-por-ayotzinapa-en-sinaloa\/","title":{"rendered":"Movilizaciones por Ayotzinapa en Sinaloa"},"content":{"rendered":"<p><strong>27\/06\/16. <\/strong><a href=\"http:\/\/www.grieta.org.mx\/index.php\/2016\/06\/27\/inconformes-piden-justicia-por-abusos\/\">Inconformes piden justicia por abusos<\/a><br \/>\n<em>El Debate<\/em><\/p>\n<p><strong>26\/06\/16. <\/strong><a href=\"http:\/\/www.grieta.org.mx\/index.php\/2016\/06\/26\/muestran-inconformidad-en-plazuela-de-culiacan\/\">Muestran inconformidad en plazuela de Culiac\u00e1n<\/a><br \/>\n<em>El Debate<\/em><\/p>\n<p><strong>26\/01\/16. <\/strong><a href=\"http:\/\/grieta.org.mx\/index.php\/2016\/01\/26\/protestan-activistas-en-pgr-por-desaparecidos\/\">Protestan activistas en PGR por desaparecidos<\/a><br \/>\n<em>Noroeste<\/em><\/p>\n<p><strong>26\/09\/15. <\/strong><a href=\"http:\/\/grieta.org.mx\/index.php\/2015\/09\/26\/marchan-en-culiacan-por-los-43-de-ayotzinapa-y-los-mil-583-de-sinaloa\/\">Marchan en Culiac\u00e1n por los 43 de Ayotzinapa y los mil 583 de Sinaloa<\/a><br \/>\n<em>Noroeste<\/em><\/p>\n<p><strong>26\/09\/15. <\/strong><a href=\"http:\/\/grieta.org.mx\/index.php\/2015\/09\/26\/mazatlan-se-une-a-protestas-a-un-ano-del-caso-ayotzinapa\/\">Mazatl\u00e1n se une a protestas, a un a\u00f1o del caso Ayotzinapa<\/a><br \/>\n<em>El Debate<\/em><\/p>\n<p><strong>26\/09\/15. <\/strong><a href=\"http:\/\/grieta.org.mx\/index.php\/2015\/09\/26\/guasavenses-recuerdan-a-los-43-normalistas-de-ayotzinapa\/\">Guasavenses recuerdan a los 43 normalistas de Ayotzinapa<\/a><br \/>\n<em>El Debate<\/em><\/p>\n","protected":false},"excerpt":{"rendered":"<p>27\/06\/16. Inconformes piden justicia por abusos El Debate 26\/06\/16. Muestran inconformidad en plazuela de Culiac\u00e1n El Debate 26\/01\/16. Protestan activistas en PGR por desaparecidos Noroeste 26\/09\/15. Marchan en Culiac\u00e1n por &hellip; <a href=\"https:\/\/www.grieta.org.mx\/index.php\/2016\/06\/27\/movilizaciones-por-ayotzinapa-en-sinaloa\/\" class=\"more-link\">Leer m\u00e1s<\/a><\/p>\n","protected":false},"author":2,"featured_media":21928,"comment_status":"closed","ping_status":"open","sticky":false,"template":"","format":"standard","meta":{"ngg_post_thumbnail":0,"_jetpack_newsletter_access":"","_jetpack_dont_email_post_to_subs":false,"_jetpack_newsletter_tier_id":0,"_jetpack_memberships_contains_paywalled_content":false,"_jetpack_memberships_contains_paid_content":false,"footnotes":""},"categories":[80,87,2,30,83],"tags":[],"class_list":["post-6726","post","type-post","status-publish","format-standard","has-post-thumbnail","hentry","category-cintillo","category-desaparecidos","category-noticias-nacionales","category-sinaloa","category-temas-nacionales","entry"],"jetpack_featured_media_url":"https:\/\/www.grieta.org.mx\/wp-content\/uploads\/2018\/03\/14524434_1106112876131411_958039263622046936_o.jpg","jetpack_sharing_enabled":true,"jetpack_shortlink":"https:\/\/wp.me\/p7ZJR4-1Ku","jetpack_likes_enabled":false,"jetpack-related-posts":[{"id":6752,"url":"https:\/\/www.grieta.org.mx\/index.php\/2015\/09\/26\/marchan-en-culiacan-por-los-43-de-ayotzinapa-y-los-mil-583-de-sinaloa\/","url_meta":{"origin":6726,"position":0},"title":"Marchan en Culiac\u00e1n por los 43 de Ayotzinapa y los mil 583 de Sinaloa","author":"grieta","date":"26 septiembre, 2015","format":false,"excerpt":"Marcos Vizcarra, Sinaloa. CULIAC\u00c1N._ Familiares de desaparecidos, defensores de derechos humanos y colectivos civiles iniciaron a marchar esta tarde desde la Lomita por los 43 de Ayotzinapa y los mil 583 de Sinaloa. El grupo Voces Unidas por la Vida, que aglutina 52 casos de desaparecidos del Estado, encabeza esta\u2026","rel":"","context":"En &quot;CINTILLO&quot;","block_context":{"text":"CINTILLO","link":"https:\/\/www.grieta.org.mx\/index.php\/category\/cintillo\/"},"img":{"alt_text":"","src":"https:\/\/i0.wp.com\/www.grieta.org.mx\/wp-content\/uploads\/2018\/03\/14524434_1106112876131411_958039263622046936_o.jpg?resize=350%2C200&ssl=1","width":350,"height":200,"srcset":"https:\/\/i0.wp.com\/www.grieta.org.mx\/wp-content\/uploads\/2018\/03\/14524434_1106112876131411_958039263622046936_o.jpg?resize=350%2C200&ssl=1 1x, https:\/\/i0.wp.com\/www.grieta.org.mx\/wp-content\/uploads\/2018\/03\/14524434_1106112876131411_958039263622046936_o.jpg?resize=525%2C300&ssl=1 1.5x, https:\/\/i0.wp.com\/www.grieta.org.mx\/wp-content\/uploads\/2018\/03\/14524434_1106112876131411_958039263622046936_o.jpg?resize=700%2C400&ssl=1 2x"},"classes":[]},{"id":25893,"url":"https:\/\/www.grieta.org.mx\/index.php\/2018\/08\/27\/familiares-de-desaparecidos-no-dejaran-de-exigir-justicia-sinaloa\/","url_meta":{"origin":6726,"position":1},"title":"Familiares de desaparecidos no dejar\u00e1n de exigir justicia (Sinaloa)","author":"grieta","date":"27 agosto, 2018","format":false,"excerpt":"Retrato de los 43 estudiantes desaparecidos de Ayotzinapa en la Plazuela \u00c1lvaro Obreg\u00f3n en Culiac\u00e1n, Sinaloa. | Foto: El Debate Al lugar acudieron cientos de familiares de personas desaparecidas en todo el estado Francisca Mart\u00ednez Culiac\u00e1n, Sinaloa.- Unidos por la angustia y el dolor cada 26 de cada mes, decenas\u2026","rel":"","context":"En &quot;CINTILLO&quot;","block_context":{"text":"CINTILLO","link":"https:\/\/www.grieta.org.mx\/index.php\/category\/cintillo\/"},"img":{"alt_text":"","src":"https:\/\/i0.wp.com\/www.grieta.org.mx\/wp-content\/uploads\/2018\/08\/ayotzi_desaparecidos.jpg_539665225.jpg?resize=350%2C200&ssl=1","width":350,"height":200,"srcset":"https:\/\/i0.wp.com\/www.grieta.org.mx\/wp-content\/uploads\/2018\/08\/ayotzi_desaparecidos.jpg_539665225.jpg?resize=350%2C200&ssl=1 1x, https:\/\/i0.wp.com\/www.grieta.org.mx\/wp-content\/uploads\/2018\/08\/ayotzi_desaparecidos.jpg_539665225.jpg?resize=525%2C300&ssl=1 1.5x"},"classes":[]},{"id":6758,"url":"https:\/\/www.grieta.org.mx\/index.php\/2016\/01\/26\/protestan-activistas-en-pgr-por-desaparecidos\/","url_meta":{"origin":6726,"position":2},"title":"Protestan activistas en PGR por desaparecidos","author":"grieta","date":"26 enero, 2016","format":false,"excerpt":"Jos\u00e9 Abraham Sanz, Sinaloa. CULIAC\u00c1N._ El llamado Frente Amplio, conformado por varios organismos civiles, acudieron a la delegaci\u00f3n Sinaloa de la Procuradur\u00eda General de la Rep\u00fablica a exigir que se esclarezca la desaparici\u00f3n de los 43 estudiantes de la Normal de Ayotzinapa y por los m\u00e1s de 22 mil desaparecidos\u2026","rel":"","context":"En &quot;CINTILLO&quot;","block_context":{"text":"CINTILLO","link":"https:\/\/www.grieta.org.mx\/index.php\/category\/cintillo\/"},"img":{"alt_text":"","src":"https:\/\/i0.wp.com\/www.grieta.org.mx\/wp-content\/uploads\/2018\/03\/14524434_1106112876131411_958039263622046936_o.jpg?resize=350%2C200&ssl=1","width":350,"height":200,"srcset":"https:\/\/i0.wp.com\/www.grieta.org.mx\/wp-content\/uploads\/2018\/03\/14524434_1106112876131411_958039263622046936_o.jpg?resize=350%2C200&ssl=1 1x, https:\/\/i0.wp.com\/www.grieta.org.mx\/wp-content\/uploads\/2018\/03\/14524434_1106112876131411_958039263622046936_o.jpg?resize=525%2C300&ssl=1 1.5x, https:\/\/i0.wp.com\/www.grieta.org.mx\/wp-content\/uploads\/2018\/03\/14524434_1106112876131411_958039263622046936_o.jpg?resize=700%2C400&ssl=1 2x"},"classes":[]},{"id":15667,"url":"https:\/\/www.grieta.org.mx\/index.php\/2016\/06\/26\/muestran-inconformidad-en-plazuela-de-culiacan\/","url_meta":{"origin":6726,"position":3},"title":"Muestran inconformidad en plazuela de Culiac\u00e1n","author":"grieta","date":"26 junio, 2016","format":false,"excerpt":"Redacci\u00f3n El Debate Culiac\u00e1n, Sinaloa.- Esta ma\u00f1ana, se llev\u00f3 a cabo una manifestaci\u00f3n pac\u00edfica en medio de la plazuela del centro de la ciudad, con el fin de exponer ciertos temas pol\u00e9micos para el pa\u00eds. Un joven de origen oaxaque\u00f1o, se plant\u00f3 en la plazuela del centro habl\u00f3 principalmente del\u2026","rel":"","context":"En &quot;CINTILLO&quot;","block_context":{"text":"CINTILLO","link":"https:\/\/www.grieta.org.mx\/index.php\/category\/cintillo\/"},"img":{"alt_text":"","src":"https:\/\/i0.wp.com\/www.grieta.org.mx\/wp-content\/uploads\/2018\/03\/14524434_1106112876131411_958039263622046936_o.jpg?resize=350%2C200&ssl=1","width":350,"height":200,"srcset":"https:\/\/i0.wp.com\/www.grieta.org.mx\/wp-content\/uploads\/2018\/03\/14524434_1106112876131411_958039263622046936_o.jpg?resize=350%2C200&ssl=1 1x, https:\/\/i0.wp.com\/www.grieta.org.mx\/wp-content\/uploads\/2018\/03\/14524434_1106112876131411_958039263622046936_o.jpg?resize=525%2C300&ssl=1 1.5x, https:\/\/i0.wp.com\/www.grieta.org.mx\/wp-content\/uploads\/2018\/03\/14524434_1106112876131411_958039263622046936_o.jpg?resize=700%2C400&ssl=1 2x"},"classes":[]},{"id":974,"url":"https:\/\/www.grieta.org.mx\/index.php\/2016\/08\/28\/974\/","url_meta":{"origin":6726,"position":4},"title":"Feminicidios en Sinaloa","author":"grieta","date":"28 agosto, 2016","format":false,"excerpt":"28\/08\/16. Registra Sinaloa alta \u2018violencia feminicida\u2019 Noroeste 18\/08\/16. \u201cEl feminicidio va ligado a la desaparici\u00f3n\u201d El Debate 10\/08\/16. Aumentan feminicidios y violencia intrafamiliar (Sinaloa) Noroeste 25\/07\/16. Triple invisibilidad de mujeres en Sinaloa La Jornada 11\/07\/16. Impune, 70% de asesinatos de mujeres Noroeste 10\/07\/16. \"Golpea\" a mujeres la cultura machista Noroeste\u2026","rel":"","context":"En &quot;Feminicidios&quot;","block_context":{"text":"Feminicidios","link":"https:\/\/www.grieta.org.mx\/index.php\/category\/temas-nacionales\/feminicidios\/"},"img":{"alt_text":"","src":"https:\/\/i0.wp.com\/www.grieta.org.mx\/wp-content\/uploads\/2018\/03\/14524434_1106112876131411_958039263622046936_o.jpg?resize=350%2C200&ssl=1","width":350,"height":200,"srcset":"https:\/\/i0.wp.com\/www.grieta.org.mx\/wp-content\/uploads\/2018\/03\/14524434_1106112876131411_958039263622046936_o.jpg?resize=350%2C200&ssl=1 1x, https:\/\/i0.wp.com\/www.grieta.org.mx\/wp-content\/uploads\/2018\/03\/14524434_1106112876131411_958039263622046936_o.jpg?resize=525%2C300&ssl=1 1.5x, https:\/\/i0.wp.com\/www.grieta.org.mx\/wp-content\/uploads\/2018\/03\/14524434_1106112876131411_958039263622046936_o.jpg?resize=700%2C400&ssl=1 2x"},"classes":[]},{"id":6886,"url":"https:\/\/www.grieta.org.mx\/index.php\/2016\/09\/14\/desaparecidos-en-sinaloa\/","url_meta":{"origin":6726,"position":5},"title":"Desaparecidos en Sinaloa","author":"grieta","date":"14 septiembre, 2016","format":false,"excerpt":"14\/09\/16. Encuentran Las Rastreadoras seis cuerpos en el norte de Sinaloa Noroeste 01\/09\/16. \u201cRastreadoras\u201d encuentran cuatro cuerpos m\u00e1s; llegan a 62. (Sinaloa) Rio Doce 30\/08\/16. Familiares exigen a Malova resultados en casos de desaparecidos en Sinaloa Proceso 03\/08\/16. \u00bfFue desaparecido en Sinaloa y sospechas en d\u00f3nde est\u00e1? Pide un permiso\u2026","rel":"","context":"En &quot;Desaparecidos&quot;","block_context":{"text":"Desaparecidos","link":"https:\/\/www.grieta.org.mx\/index.php\/category\/temas-nacionales\/desaparecidos\/"},"img":{"alt_text":"","src":"https:\/\/i0.wp.com\/www.grieta.org.mx\/wp-content\/uploads\/2018\/03\/14524434_1106112876131411_958039263622046936_o.jpg?resize=350%2C200&ssl=1","width":350,"height":200,"srcset":"https:\/\/i0.wp.com\/www.grieta.org.mx\/wp-content\/uploads\/2018\/03\/14524434_1106112876131411_958039263622046936_o.jpg?resize=350%2C200&ssl=1 1x, https:\/\/i0.wp.com\/www.grieta.org.mx\/wp-content\/uploads\/2018\/03\/14524434_1106112876131411_958039263622046936_o.jpg?resize=525%2C300&ssl=1 1.5x, https:\/\/i0.wp.com\/www.grieta.org.mx\/wp-content\/uploads\/2018\/03\/14524434_1106112876131411_958039263622046936_o.jpg?resize=700%2C400&ssl=1 2x"},"classes":[]}],"_links":{"self":[{"href":"https:\/\/www.grieta.org.mx\/index.php\/wp-json\/wp\/v2\/posts\/6726","targetHints":{"allow":["GET"]}}],"collection":[{"href":"https:\/\/www.grieta.org.mx\/index.php\/wp-json\/wp\/v2\/posts"}],"about":[{"href":"https:\/\/www.grieta.org.mx\/index.php\/wp-json\/wp\/v2\/types\/post"}],"author":[{"embeddable":true,"href":"https:\/\/www.grieta.org.mx\/index.php\/wp-json\/wp\/v2\/users\/2"}],"replies":[{"embeddable":true,"href":"https:\/\/www.grieta.org.mx\/index.php\/wp-json\/wp\/v2\/comments?post=6726"}],"version-history":[{"count":1,"href":"https:\/\/www.grieta.org.mx\/index.php\/wp-json\/wp\/v2\/posts\/6726\/revisions"}],"predecessor-version":[{"id":15673,"href":"https:\/\/www.grieta.org.mx\/index.php\/wp-json\/wp\/v2\/posts\/6726\/revisions\/15673"}],"wp:featuredmedia":[{"embeddable":true,"href":"https:\/\/www.grieta.org.mx\/index.php\/wp-json\/wp\/v2\/media\/21928"}],"wp:attachment":[{"href":"https:\/\/www.grieta.org.mx\/index.php\/wp-json\/wp\/v2\/media?parent=6726"}],"wp:term":[{"taxonomy":"category","embeddable":true,"href":"https:\/\/www.grieta.org.mx\/index.php\/wp-json\/wp\/v2\/categories?post=6726"},{"taxonomy":"post_tag","embeddable":true,"href":"https:\/\/www.grieta.org.mx\/index.php\/wp-json\/wp\/v2\/tags?post=6726"}],"curies":[{"name":"wp","href":"https:\/\/api.w.org\/{rel}","templated":true}]}}