{"id":67254,"date":"2023-07-25T11:40:55","date_gmt":"2023-07-25T17:40:55","guid":{"rendered":"https:\/\/www.grieta.org.mx\/?p=67254"},"modified":"2023-07-30T11:47:15","modified_gmt":"2023-07-30T17:47:15","slug":"integrantes-de-obsur-y-vecinos-de-piramides-detienen-obras-en-dicha-colonia-de-zapopan-jalisco","status":"publish","type":"post","link":"https:\/\/www.grieta.org.mx\/index.php\/2023\/07\/25\/integrantes-de-obsur-y-vecinos-de-piramides-detienen-obras-en-dicha-colonia-de-zapopan-jalisco\/","title":{"rendered":"Integrantes de OBSUR y vecinos de Pir\u00e1mides detienen obras en dicha colonia de Zapopan (Jalisco)"},"content":{"rendered":"<p>Imagen: Pablo Toledo<\/p>\n<p>Pablo Toledo \/ El Occidental<\/p>\n<p>Con pancartas de &#8220;Zapopan la Ciudad de la Tala&#8221; un grupo de vecinos de la colonia Pir\u00e1mides e integrantes del Observatorio de Medio Ambiente y Ciudad Para el Sur (OBSUR) se manifestaron para exigir al gobierno de Juan Jos\u00e9 Frangie y la Secretar\u00eda de Infraestructura y Obra P\u00fablica (SIOP) detener la tala de \u00e1rboles sanos para ampliaci\u00f3n de las laterales del Perif\u00e9rico.<\/p>\n<p>Cerca de 20 personas detuvieron a los trabajadores y m\u00e1quinas que pretend\u00edan continuar con la tala de \u00e1rboles en la zona, exigieron dialogar con el edil de Zapopan y con encargados de la SIOP pero no obtuvieron \u00e9xito.<\/p>\n<p>Emmanuel Arriero dijo que el OBSUR se uni\u00f3 para apoyar la causa de la colonia Pir\u00e1mides ya que es necesario poner un alto a los gobiernos con la tala de \u00e1rboles argumentando que ya se han pedido m\u00e1s de 800 mil ejemplares por la mano del hombre y la temporada de estiaje por lo que no pueden seguir permitiendo que derriben arbolado y m\u00e1s a\u00fan cuando est\u00e9 se encuentra sano.<\/p>\n<p>&#8220;No es cierto que todos los \u00e1rboles talados est\u00e1n enfermos, est\u00e1n sanos y tiene un gran valor ambiental, adem\u00e1s el gobierno de Zapopan no est\u00e1 construyendo una ciudad para los ni\u00f1os y mucho menos para los ni\u00f1os de colonias de clase trabajadora que con dolor est\u00e1n viendo c\u00f3mo les es arrebatado su patrimonio ambiental con todo abuso de la instituci\u00f3n, as\u00ed mismo ven violentados sus derechos ambientales y a la salud, con una obra en la que se exige se desarrolle preservando la mayor\u00eda o todo el arbolado, no queremos m\u00e1s inversiones millonarias que terminen afectando a\u00fan m\u00e1s la fr\u00e1gil situaci\u00f3n ambiental de la metr\u00f3poli&#8221; se\u00f1al\u00f3 Emmanuel Arriero integrante de OBSUR.<\/p>\n<p>Desde hace semanas habitantes de la colonia Pir\u00e1mides han denunciado la tala de \u00e1rboles sanos y fuera del horario que autoriza el permiso otorgado por el municipio de Zapopan, dada la falta de di\u00e1logo de las autoridades y no especificar la cantidad ejemplares que han sido talados los peque\u00f1os de la colonia han salido a defer sus \u00e1rboles abrazandolos para evitar que los corten.<\/p>\n<p>En ese contexto se cuestion\u00f3 al alcalde Juan Jos\u00e9 Frangie respondiendo que personal de la direcci\u00f3n de ecolog\u00eda realiza supervisiones para que no se talen \u00e1rboles sanos a lo que vecinos y ambientalistas lo desmintieron indicado que su personal no se ha hecho presente y si se han presentado son omisos pues no detienen a los trabajadores que cortan ejemplares sanos.<\/p>\n<p>Integrantes del OBSUR y vecinos de la colonia Pir\u00e1mides de Zapopan advirtieron que de no llegar a un di\u00e1logo con las autoridades para que se garantice que ya no talaran ejemplares sanos realizar\u00e1n manifestaciones sobre Perif\u00e9rico hasta ser escuchados para que se detenga, seg\u00fan ellos el ecocidio propiciando por el gobierno de Enrique Alfaro y Juan Jos\u00e9 Frangie.<\/p>\n<p>&#8220;Si, acordamos con movilidad no cerrar tr\u00e1fico si la maquinaria se retiraba, pero advertimos que si la maquinaria vuelve sin alg\u00fan compromiso del alcalde a favor del arbolado colaps\u00e1remos el perif\u00e9rico para defender el patrimonio ambiental en el perif\u00e9rico&#8221; se\u00f1al\u00f3 Emmanuel Arriero Integrante de OBSUR.<\/p>\n<p><a href=\"https:\/\/www.eloccidental.com.mx\/local\/integrantes-de-obsur-y-vecinos-de-piramides-detienen-obras-en-dicha-colonia-de-zapopan-10435861.html\">https:\/\/www.eloccidental.com.mx\/local\/integrantes-de-obsur-y-vecinos-de-piramides-detienen-obras-en-dicha-colonia-de-zapopan-10435861.html<\/a><\/p>\n<p>&nbsp;<\/p>\n","protected":false},"excerpt":{"rendered":"<p>Imagen: Pablo Toledo Pablo Toledo \/ El Occidental Con pancartas de &#8220;Zapopan la Ciudad de la Tala&#8221; un grupo de vecinos de la colonia Pir\u00e1mides e integrantes del Observatorio de &hellip; <a href=\"https:\/\/www.grieta.org.mx\/index.php\/2023\/07\/25\/integrantes-de-obsur-y-vecinos-de-piramides-detienen-obras-en-dicha-colonia-de-zapopan-jalisco\/\" class=\"more-link\">Leer m\u00e1s<\/a><\/p>\n","protected":false},"author":2,"featured_media":67255,"comment_status":"closed","ping_status":"closed","sticky":false,"template":"","format":"standard","meta":{"ngg_post_thumbnail":0,"_jetpack_newsletter_access":"","_jetpack_dont_email_post_to_subs":false,"_jetpack_newsletter_tier_id":0,"_jetpack_memberships_contains_paywalled_content":false,"_jetpack_memberships_contains_paid_content":false,"footnotes":""},"categories":[80,1736,1278,2561,20,2,83],"tags":[628,2793,2285,2562,2569],"class_list":["post-67254","post","type-post","status-publish","format-standard","has-post-thumbnail","hentry","category-cintillo","category-despojo-de-territorio-en-jalisco","category-despojo-de-tierras-y-territorios","category-destruccion-ambiental-en-jalisco","category-jalisco","category-noticias-nacionales","category-temas-nacionales","tag-defensa-del-territorio","tag-defensores-territorio","tag-despojo-de-tierra","tag-destruccion-ambiental","tag-tala-de-arboles","entry"],"jetpack_featured_media_url":"https:\/\/www.grieta.org.mx\/wp-content\/uploads\/2023\/07\/OBSUR-vecinos-Piramides.jpeg","jetpack_sharing_enabled":true,"jetpack_shortlink":"https:\/\/wp.me\/p7ZJR4-huK","jetpack_likes_enabled":false,"jetpack-related-posts":[{"id":64881,"url":"https:\/\/www.grieta.org.mx\/index.php\/2022\/08\/14\/ante-nula-definicion-del-nuevo-vertedero-metropolitano-habitantes-de-tala-se-mantienen-en-resistencia-jalisco\/","url_meta":{"origin":67254,"position":0},"title":"Ante nula definici\u00f3n del nuevo vertedero metropolitano, habitantes de Tala se mantienen en resistencia (Jalisco)","author":"grieta","date":"14 agosto, 2022","format":false,"excerpt":"Foto: Isaura L\u00f3pez Villalobos Los integrantes del Colectivo se\u00f1alan que a\u00fan no hay informaci\u00f3n sobre el lugar en el que estar\u00e1 el vertedero, adem\u00e1s de que la empresa tiene la posesi\u00f3n de las 38 hect\u00e1reas en el ejido de Tala Isaura L\u00f3pez Villalobos \/UDGTV En la plaza principal de Tala,\u2026","rel":"","context":"En &quot;CINTILLO&quot;","block_context":{"text":"CINTILLO","link":"https:\/\/www.grieta.org.mx\/index.php\/category\/cintillo\/"},"img":{"alt_text":"","src":"https:\/\/i0.wp.com\/www.grieta.org.mx\/wp-content\/uploads\/2022\/08\/Vertedero-Tala-Isaura-Lopez-Villalobos-696x391-1.jpeg?resize=350%2C200&ssl=1","width":350,"height":200,"srcset":"https:\/\/i0.wp.com\/www.grieta.org.mx\/wp-content\/uploads\/2022\/08\/Vertedero-Tala-Isaura-Lopez-Villalobos-696x391-1.jpeg?resize=350%2C200&ssl=1 1x, https:\/\/i0.wp.com\/www.grieta.org.mx\/wp-content\/uploads\/2022\/08\/Vertedero-Tala-Isaura-Lopez-Villalobos-696x391-1.jpeg?resize=525%2C300&ssl=1 1.5x"},"classes":[]},{"id":50807,"url":"https:\/\/www.grieta.org.mx\/index.php\/2020\/06\/12\/denuncian-complicidad-de-zapopan-en-destruccion-jalisco\/","url_meta":{"origin":67254,"position":1},"title":"Denuncian complicidad de Zapopan en destrucci\u00f3n (Jalisco)","author":"grieta","date":"12 junio, 2020","format":false,"excerpt":"Foto: @bosquenixticuil Lauro Rodr\u00edguez \/ El Diario NTR El\u00a0Comit\u00e9 en Defensa del Bosque del\u00a0Nixticuil\u00a0inform\u00f3 que el recinto natural\u00a0fue otra vez\u00a0blanco de tala\u00a0de \u00e1rboles\u00a0y\u00a0obras provocadas\u00a0por\u00a0constructoras. La destrucci\u00f3n, a\u00f1adi\u00f3, se hizo en complicidad con el gobierno de Zapopan. Sof\u00eda Herrera, integrante de\u00a0la agrupaci\u00f3n, detall\u00f3 que a las 10 horas de ayer\u00a0vecinos de\u2026","rel":"","context":"En &quot;CINTILLO&quot;","block_context":{"text":"CINTILLO","link":"https:\/\/www.grieta.org.mx\/index.php\/category\/cintillo\/"},"img":{"alt_text":"","src":"https:\/\/i0.wp.com\/www.grieta.org.mx\/wp-content\/uploads\/2020\/06\/2020-06-12_12-06-51___9051.jpg?resize=350%2C200&ssl=1","width":350,"height":200,"srcset":"https:\/\/i0.wp.com\/www.grieta.org.mx\/wp-content\/uploads\/2020\/06\/2020-06-12_12-06-51___9051.jpg?resize=350%2C200&ssl=1 1x, https:\/\/i0.wp.com\/www.grieta.org.mx\/wp-content\/uploads\/2020\/06\/2020-06-12_12-06-51___9051.jpg?resize=525%2C300&ssl=1 1.5x, https:\/\/i0.wp.com\/www.grieta.org.mx\/wp-content\/uploads\/2020\/06\/2020-06-12_12-06-51___9051.jpg?resize=700%2C400&ssl=1 2x"},"classes":[]},{"id":48424,"url":"https:\/\/www.grieta.org.mx\/index.php\/2020\/04\/25\/denuncian-tala-ilegal-en-el-bosque-nixticuil-jalisco\/","url_meta":{"origin":67254,"position":2},"title":"Denuncian tala ilegal en el bosque Nixticuil (Jalisco)","author":"grieta","date":"25 abril, 2020","format":false,"excerpt":"Foto: Jorge Alberto Mendoza Lauro Rodr\u00edguez \/ El Diario NTR Activistas del Comit\u00e9 en Defensa del Bosque del Nixticuil (Comit\u00e9 Salvabosques) denunciaron un acto de tala ilegal dentro del \u00c1rea Natural Protegida (ANP). Aseguraron que es una pr\u00e1ctica recurrente a\u00f1o con a\u00f1o y las autoridades no han hecho nada en\u2026","rel":"","context":"En &quot;CINTILLO&quot;","block_context":{"text":"CINTILLO","link":"https:\/\/www.grieta.org.mx\/index.php\/category\/cintillo\/"},"img":{"alt_text":"","src":"https:\/\/i0.wp.com\/www.grieta.org.mx\/wp-content\/uploads\/2020\/05\/2020-04-25_08-04-47___5033.jpg?resize=350%2C200&ssl=1","width":350,"height":200,"srcset":"https:\/\/i0.wp.com\/www.grieta.org.mx\/wp-content\/uploads\/2020\/05\/2020-04-25_08-04-47___5033.jpg?resize=350%2C200&ssl=1 1x, https:\/\/i0.wp.com\/www.grieta.org.mx\/wp-content\/uploads\/2020\/05\/2020-04-25_08-04-47___5033.jpg?resize=525%2C300&ssl=1 1.5x, https:\/\/i0.wp.com\/www.grieta.org.mx\/wp-content\/uploads\/2020\/05\/2020-04-25_08-04-47___5033.jpg?resize=700%2C400&ssl=1 2x"},"classes":[]},{"id":47168,"url":"https:\/\/www.grieta.org.mx\/index.php\/2020\/03\/30\/colonos-de-lomas-del-centinela-se-manifestaron-afuera-del-ayuntamiento-de-zapopan-jalisco\/","url_meta":{"origin":67254,"position":3},"title":"Colonos de Lomas del Centinela se manifestaron afuera del ayuntamiento de Zapopan (Jalisco)","author":"grieta","date":"30 marzo, 2020","format":false,"excerpt":"Foto: Pablo Toledo Seg\u00fan los manifestantes jam\u00e1s se han negado a pagar los servicios de la colonia, el problema, es que en este momento no han querido ver a Lomas del Centinela como una comunidad de Zapopan Pablo Toledo \/ UDGTV Guadalajara, Jalisco.\u00a0Habitantes de la colonia Lomas del Centinela se\u2026","rel":"","context":"En &quot;CINTILLO&quot;","block_context":{"text":"CINTILLO","link":"https:\/\/www.grieta.org.mx\/index.php\/category\/cintillo\/"},"img":{"alt_text":"","src":"https:\/\/i0.wp.com\/www.grieta.org.mx\/wp-content\/uploads\/2020\/04\/Centinela-PAbli-696x522.jpeg?resize=350%2C200&ssl=1","width":350,"height":200,"srcset":"https:\/\/i0.wp.com\/www.grieta.org.mx\/wp-content\/uploads\/2020\/04\/Centinela-PAbli-696x522.jpeg?resize=350%2C200&ssl=1 1x, https:\/\/i0.wp.com\/www.grieta.org.mx\/wp-content\/uploads\/2020\/04\/Centinela-PAbli-696x522.jpeg?resize=525%2C300&ssl=1 1.5x"},"classes":[]},{"id":5293,"url":"https:\/\/www.grieta.org.mx\/index.php\/2016\/06\/12\/movilizaciones-y-protestas\/","url_meta":{"origin":67254,"position":4},"title":"Movilizaciones y protestas en Guanajuato","author":"grieta","date":"12 junio, 2016","format":false,"excerpt":"24\/05\/16. Detienen a manifestantes tras protestar contra contaminaci\u00f3n industrial en la Le\u00f3n-San FranciscoZona Franca 04\/04\/2016. A pesar de protestas, la tala asciende a los 100 \u00e1rboles por obras del SIT en Le\u00f3nZona Franca 22\/03\/2016. Reprime polic\u00eda protesta de vecinos contra tala de \u00e1rboles por parte del municipio en Le\u00f3nZona Franca\u2026","rel":"","context":"En &quot;Guanajuato&quot;","block_context":{"text":"Guanajuato","link":"https:\/\/www.grieta.org.mx\/index.php\/category\/noticias-nacionales\/guanajuato\/"},"img":{"alt_text":"","src":"https:\/\/i0.wp.com\/www.grieta.org.mx\/wp-content\/uploads\/2018\/03\/14524434_1106112876131411_958039263622046936_o.jpg?resize=350%2C200&ssl=1","width":350,"height":200,"srcset":"https:\/\/i0.wp.com\/www.grieta.org.mx\/wp-content\/uploads\/2018\/03\/14524434_1106112876131411_958039263622046936_o.jpg?resize=350%2C200&ssl=1 1x, https:\/\/i0.wp.com\/www.grieta.org.mx\/wp-content\/uploads\/2018\/03\/14524434_1106112876131411_958039263622046936_o.jpg?resize=525%2C300&ssl=1 1.5x, https:\/\/i0.wp.com\/www.grieta.org.mx\/wp-content\/uploads\/2018\/03\/14524434_1106112876131411_958039263622046936_o.jpg?resize=700%2C400&ssl=1 2x"},"classes":[]},{"id":65853,"url":"https:\/\/www.grieta.org.mx\/index.php\/2022\/12\/03\/interponen-denuncia-por-tala-en-ayotitlan-colima-jalisco\/","url_meta":{"origin":67254,"position":5},"title":"Interponen denuncia por tala en Ayotitl\u00e1n (Colima, Jalisco)","author":"grieta","date":"3 diciembre, 2022","format":false,"excerpt":"Imagen:\u00a0Especial Lauro Rodr\u00edguez \/ Letra Fr\u00eda Cuautitl\u00e1n de Garc\u00eda Barrag\u00e1n, Jalisco. 03 de diciembre de 2022.- (Letra Fr\u00eda)\u00a0El Observatorio Ciudadano por el Derecho Humano a la Verdad interpuso esta semana una denuncia ante la delegaci\u00f3n Jalisco de la Procuradur\u00eda Federal de Protecci\u00f3n al Ambiente (Profepa) para que investigue la tala\u2026","rel":"","context":"En &quot;CINTILLO&quot;","block_context":{"text":"CINTILLO","link":"https:\/\/www.grieta.org.mx\/index.php\/category\/cintillo\/"},"img":{"alt_text":"","src":"https:\/\/i0.wp.com\/www.grieta.org.mx\/wp-content\/uploads\/2022\/12\/minerias_ayotitlan_.webp?resize=350%2C200&ssl=1","width":350,"height":200,"srcset":"https:\/\/i0.wp.com\/www.grieta.org.mx\/wp-content\/uploads\/2022\/12\/minerias_ayotitlan_.webp?resize=350%2C200&ssl=1 1x, https:\/\/i0.wp.com\/www.grieta.org.mx\/wp-content\/uploads\/2022\/12\/minerias_ayotitlan_.webp?resize=525%2C300&ssl=1 1.5x, https:\/\/i0.wp.com\/www.grieta.org.mx\/wp-content\/uploads\/2022\/12\/minerias_ayotitlan_.webp?resize=700%2C400&ssl=1 2x"},"classes":[]}],"_links":{"self":[{"href":"https:\/\/www.grieta.org.mx\/index.php\/wp-json\/wp\/v2\/posts\/67254","targetHints":{"allow":["GET"]}}],"collection":[{"href":"https:\/\/www.grieta.org.mx\/index.php\/wp-json\/wp\/v2\/posts"}],"about":[{"href":"https:\/\/www.grieta.org.mx\/index.php\/wp-json\/wp\/v2\/types\/post"}],"author":[{"embeddable":true,"href":"https:\/\/www.grieta.org.mx\/index.php\/wp-json\/wp\/v2\/users\/2"}],"replies":[{"embeddable":true,"href":"https:\/\/www.grieta.org.mx\/index.php\/wp-json\/wp\/v2\/comments?post=67254"}],"version-history":[{"count":1,"href":"https:\/\/www.grieta.org.mx\/index.php\/wp-json\/wp\/v2\/posts\/67254\/revisions"}],"predecessor-version":[{"id":67256,"href":"https:\/\/www.grieta.org.mx\/index.php\/wp-json\/wp\/v2\/posts\/67254\/revisions\/67256"}],"wp:featuredmedia":[{"embeddable":true,"href":"https:\/\/www.grieta.org.mx\/index.php\/wp-json\/wp\/v2\/media\/67255"}],"wp:attachment":[{"href":"https:\/\/www.grieta.org.mx\/index.php\/wp-json\/wp\/v2\/media?parent=67254"}],"wp:term":[{"taxonomy":"category","embeddable":true,"href":"https:\/\/www.grieta.org.mx\/index.php\/wp-json\/wp\/v2\/categories?post=67254"},{"taxonomy":"post_tag","embeddable":true,"href":"https:\/\/www.grieta.org.mx\/index.php\/wp-json\/wp\/v2\/tags?post=67254"}],"curies":[{"name":"wp","href":"https:\/\/api.w.org\/{rel}","templated":true}]}}