{"id":67251,"date":"2023-07-28T11:21:04","date_gmt":"2023-07-28T17:21:04","guid":{"rendered":"https:\/\/www.grieta.org.mx\/?p=67251"},"modified":"2023-07-30T11:31:55","modified_gmt":"2023-07-30T17:31:55","slug":"agresiones-y-violaciones-a-derechos-humanos-en-megaproyecto-del-corredor-interoceanico-alerta-mision-civil-oaxaca","status":"publish","type":"post","link":"https:\/\/www.grieta.org.mx\/index.php\/2023\/07\/28\/agresiones-y-violaciones-a-derechos-humanos-en-megaproyecto-del-corredor-interoceanico-alerta-mision-civil-oaxaca\/","title":{"rendered":"Agresiones y violaciones a derechos humanos en megaproyecto del Corredor Interoce\u00e1nico: Alerta Misi\u00f3n Civil (Oaxaca)"},"content":{"rendered":"<p>Imagen: Somos El Medio<\/p>\n<p>Miranda Chavarr\u00eda \/ Somos El Medio<\/p>\n<p>La Misi\u00f3n Civil de Observaci\u00f3n, integrada por 23 organizaciones de la sociedad civil nacionales e internacionales, concluyeron su investigaci\u00f3n en la regi\u00f3n del Istmo de Tehuantepec, en el Estado de Oaxaca. El objetivo de esta misi\u00f3n fue documentar diversas violaciones a los Derechos Humanos en el contexto del megaproyecto del Corredor Interoce\u00e1nico del Istmo de Tehuantepec (CIIT).<\/p>\n<p>Seg\u00fan el informe presentado por la Misi\u00f3n, la mayor\u00eda de las agresiones ocurrieron contra personas pertenecientes a pueblos y comunidades ind\u00edgenas, siendo las intervenciones violentas promovidas principalmente por la MARINA y la Guardia Nacional.<\/p>\n<p>Las organizaciones que formaron parte de la Misi\u00f3n de Observaci\u00f3n incluyen reconocidas entidades como el Centro Mexicano de Derecho Ambiental, A.C.; Uni\u00f3n de Comunidades Ind\u00edgenas de la Zona Norte del Istmo (UCIZONI); Front Line Defenders; Brigadas Internacionales de Paz (PBI); entre otras.<\/p>\n<p>Durante el recorrido, se visitaron diversas zonas afectadas, entre ellas el campamento \u201cTierra y Libertad\u201d en Mongo\u00f1e Viejo, Oaxaca, as\u00ed como el Polo de desarrollo en Santa Mar\u00eda Mixquilla en Santa Cruz Tagolaba y Puente Madera.<\/p>\n<p>Las violaciones a los Derechos Humanos documentadas incluyen la falta de acceso a informaci\u00f3n relevante sobre el megaproyecto y sus impactos en los territorios, as\u00ed como la ausencia de consulta previa, libre e informada de acuerdo con los est\u00e1ndares Nacionales e Internacionales. Adem\u00e1s, se tienen registros de agresiones f\u00edsicas, hostigamiento y criminalizaci\u00f3n contra quienes lideran la lucha por la Naturaleza, la Tierra y el territorio.<\/p>\n<p>En una conferencia de prensa realizada en Juchit\u00e1n, Oaxaca, las organizaciones nacionales e internacionales expresaron su preocupaci\u00f3n por el aumento de las agresiones en el marco de la construcci\u00f3n del megaproyecto del Corredor Interoce\u00e1nico y alertaron sobre el riesgo para la integridad de las personas defensoras que resisten este proyecto.<\/p>\n<p>La presencia constante y vigilante de fuerzas armadas en la zona tambi\u00e9n fue destacada por la Misi\u00f3n de Observaci\u00f3n, que resalt\u00f3 la existencia de ataques con impactos diferenciados en mujeres ind\u00edgenas defensoras, quienes enfrentan agresiones basadas en estereotipos de g\u00e9nero y sexualidad, lo que afecta su liderazgo, as\u00ed como su rol comunitario y familiar.<\/p>\n<p>Adem\u00e1s de la MARINA y la Guardia Nacional, entre las autoridades se\u00f1aladas por las violaciones de Derechos Humanos tambi\u00e9n se encuentran la Polic\u00eda Federal, la Secretar\u00eda de Comunicaciones y Transporte, as\u00ed como autoridades municipales y la Procuradur\u00eda Agraria. De igual manera, se mencionaron empresas, grupos armados y caciques locales como responsables de las agresiones.<\/p>\n<p>Con base en el informe sobre la situaci\u00f3n de personas y comunidades defensoras de los Derechos Humanos ambientales en M\u00e9xico, presentado por el Centro Mexicano de Derechos Ambiental A.C. (CEMDA), se registraron 31 eventos de agresiones en contra de comunidades y personas defensoras del territorio y los Derechos Humanos en el marco del Corredor Interoce\u00e1nico, principalmente en los Estados de Oaxaca y Veracruz.<\/p>\n<p>Ante este contexto de riesgo para quienes defienden el territorio, la Misi\u00f3n de Observaci\u00f3n hizo un llamado a las autoridades federales, estatales y municipales para que reconozcan y respeten los Derechos Humanos y brinden la informaci\u00f3n necesaria ante el megaproyecto.<\/p>\n<p>Finalmente, la Misi\u00f3n de Observaci\u00f3n reiter\u00f3 su llamado a proteger los Derechos Humanos de las comunidades y personas defensoras de Derechos Humanos y a garantizar un entorno seguro para que puedan llevar a cabo su labor en el marco del megaproyecto del Corredor Interoce\u00e1nico del Istmo de Tehuantepec. Es fundamental que se proteja la integridad y el derecho de estas personas a ejercer su labor en defensa de la Naturaleza, la Tierra y el territorio.<\/p>\n<p><a href=\"https:\/\/www.somoselmedio.com\/agresiones-y-violaciones-a-derechos-humanos-en-megaproyecto-del-corredor-interoceanico-alerta-mision-civil\/\">https:\/\/www.somoselmedio.com\/agresiones-y-violaciones-a-derechos-humanos-en-megaproyecto-del-corredor-interoceanico-alerta-mision-civil\/<\/a><\/p>\n","protected":false},"excerpt":{"rendered":"<p>Imagen: Somos El Medio Miranda Chavarr\u00eda \/ Somos El Medio La Misi\u00f3n Civil de Observaci\u00f3n, integrada por 23 organizaciones de la sociedad civil nacionales e internacionales, concluyeron su investigaci\u00f3n en &hellip; <a href=\"https:\/\/www.grieta.org.mx\/index.php\/2023\/07\/28\/agresiones-y-violaciones-a-derechos-humanos-en-megaproyecto-del-corredor-interoceanico-alerta-mision-civil-oaxaca\/\" class=\"more-link\">Leer m\u00e1s<\/a><\/p>\n","protected":false},"author":2,"featured_media":67252,"comment_status":"closed","ping_status":"closed","sticky":false,"template":"","format":"standard","meta":{"ngg_post_thumbnail":0,"_jetpack_newsletter_access":"","_jetpack_dont_email_post_to_subs":false,"_jetpack_newsletter_tier_id":0,"_jetpack_memberships_contains_paywalled_content":false,"_jetpack_memberships_contains_paid_content":false,"footnotes":""},"categories":[80,1358,1708,1948,1605,1278,3,922,941,2,25,83],"tags":[4005,3614,628,2465,2311,2295,1617,96,614,3056,2231],"class_list":["post-67251","post","type-post","status-publish","format-standard","has-post-thumbnail","hentry","category-cintillo","category-conflictos-por-megaproyectos-en-oaxaca","category-corredor-del-istmo-de-tehuantepec","category-corredor-transistmico","category-despojo-de-tierras-en-oaxaca","category-despojo-de-tierras-y-territorios","category-megaproyectos","category-megaproyectos-estados","category-mp-oaxaca","category-noticias-nacionales","category-oaxaca","category-temas-nacionales","tag-agresiones-a-defensores-y-activistas","tag-corredor-interoceanico","tag-defensa-del-territorio","tag-despojo-de-territorios-indigenas","tag-despojo-de-tierras","tag-guardia-nacional","tag-marina","tag-megaproyectos","tag-militarizacion","tag-transistmico","tag-violencia-por-megaproyectos","entry"],"jetpack_featured_media_url":"https:\/\/www.grieta.org.mx\/wp-content\/uploads\/2023\/07\/363379770_690020123169868_8124757468151930841_n.jpg","jetpack_sharing_enabled":true,"jetpack_shortlink":"https:\/\/wp.me\/p7ZJR4-huH","jetpack_likes_enabled":false,"jetpack-related-posts":[{"id":65676,"url":"https:\/\/www.grieta.org.mx\/index.php\/2022\/10\/28\/matan-a-comunero-y-atentan-contra-dirigente-del-colectivo-sol-rojo-en-el-istmo-oaxaqueno-ambos-opositores-del-corredor-interoceanico-oaxaca\/","url_meta":{"origin":67251,"position":0},"title":"Matan a comunero y atentan contra dirigente del colectivo \u201cSol Rojo\u201d en el Istmo oaxaque\u00f1o ; ambos opositores del corredor interoce\u00e1nico (Oaxaca)","author":"grieta","date":"28 octubre, 2022","format":false,"excerpt":"Imagen: Especial Diana Manzo \/ Agencia de Noticias IstmoPress #Tehuantepec 28 Oct (#Istmopress) \u2013 Ayer por la noche, Jes\u00fas Manuel Garc\u00eda Mart\u00ednez, comunero zapoteca de la comunidad agraria de Santa Cruz Tagolaba conocido tambi\u00e9n como \u201cChu Pau\u201d, fue asesinado por un grupo de personas armadas, quienes interrumpieron su domicilio en\u2026","rel":"","context":"En &quot;CINTILLO&quot;","block_context":{"text":"CINTILLO","link":"https:\/\/www.grieta.org.mx\/index.php\/category\/cintillo\/"},"img":{"alt_text":"","src":"https:\/\/i0.wp.com\/www.grieta.org.mx\/wp-content\/uploads\/2022\/11\/BSZASRZZ5NG2DO2KEHU5OFYRNI.webp?resize=350%2C200&ssl=1","width":350,"height":200,"srcset":"https:\/\/i0.wp.com\/www.grieta.org.mx\/wp-content\/uploads\/2022\/11\/BSZASRZZ5NG2DO2KEHU5OFYRNI.webp?resize=350%2C200&ssl=1 1x, https:\/\/i0.wp.com\/www.grieta.org.mx\/wp-content\/uploads\/2022\/11\/BSZASRZZ5NG2DO2KEHU5OFYRNI.webp?resize=525%2C300&ssl=1 1.5x, https:\/\/i0.wp.com\/www.grieta.org.mx\/wp-content\/uploads\/2022\/11\/BSZASRZZ5NG2DO2KEHU5OFYRNI.webp?resize=700%2C400&ssl=1 2x"},"classes":[]},{"id":65997,"url":"https:\/\/www.grieta.org.mx\/index.php\/2022\/12\/14\/ven-en-el-interoceanico-proyecto-de-saqueo-y-despojo-apiidtt-15-anos-de-lucha-y-resistencia-por-la-vida-oaxaca\/","url_meta":{"origin":67251,"position":1},"title":"Ven en el Interoce\u00e1nico proyecto de saqueo y despojo, APIIDTT 15 a\u00f1os de lucha y resistencia por la vida (Oaxaca)","author":"grieta","date":"14 diciembre, 2022","format":false,"excerpt":"Imagen: Cortes\u00eda Gerardo Valdivieso Parada \/ NVINoticias SAN BLAS ATEMPA, Oaxaca.- Integrantes de la Asamblea de los Pueblos Ind\u00edgenas del Istmo en Defensa de la Tierra y el Territorio (APIIDTT) conmemoraron 15 a\u00f1os \u201cen este caminar de lucha y resistencia por la defensa de la vida, tierra y territorio\u201d. En\u2026","rel":"","context":"En &quot;5. Istmo&quot;","block_context":{"text":"5. Istmo","link":"https:\/\/www.grieta.org.mx\/index.php\/category\/espejos-de-la-resistencia\/5-istmo\/"},"img":{"alt_text":"","src":"https:\/\/i0.wp.com\/www.grieta.org.mx\/wp-content\/uploads\/2022\/12\/proyecto_interoceanico.webp?resize=350%2C200&ssl=1","width":350,"height":200,"srcset":"https:\/\/i0.wp.com\/www.grieta.org.mx\/wp-content\/uploads\/2022\/12\/proyecto_interoceanico.webp?resize=350%2C200&ssl=1 1x, https:\/\/i0.wp.com\/www.grieta.org.mx\/wp-content\/uploads\/2022\/12\/proyecto_interoceanico.webp?resize=525%2C300&ssl=1 1.5x, https:\/\/i0.wp.com\/www.grieta.org.mx\/wp-content\/uploads\/2022\/12\/proyecto_interoceanico.webp?resize=700%2C400&ssl=1 2x"},"classes":[]},{"id":67028,"url":"https:\/\/www.grieta.org.mx\/index.php\/2023\/06\/15\/comunidad-indigena-binniza-de-puente-madera-detiene-polo-de-desarrollo-del-corredor-interoceanico-del-istmo-de-tehuantepec\/","url_meta":{"origin":67251,"position":2},"title":"Comunidad ind\u00edgena Binniza de Puente Madera detiene Polo de Desarrollo del Corredor Interoce\u00e1nico del Istmo de Tehuantepec (Oaxaca)","author":"grieta","date":"15 junio, 2023","format":false,"excerpt":"Imagen: P\u00e1gina 3 Pedro Mat\u00edas \/ P\u00e1gina 3 OAXACA, Oax. (pagina3.mx).- La comunidad ind\u00edgena Binniza de Puente Madera logr\u00f3 detener mediante un juicio de amparo el Polo de Desarrollo para el Bienestar en San Blas Atempa que pretende imponer el presidente Andr\u00e9s Manuel L\u00f3pez Obrador como parte del Corredor Interoce\u00e1nico\u2026","rel":"","context":"En &quot;5. Istmo&quot;","block_context":{"text":"5. Istmo","link":"https:\/\/www.grieta.org.mx\/index.php\/category\/espejos-de-la-resistencia\/5-istmo\/"},"img":{"alt_text":"","src":"https:\/\/i0.wp.com\/www.grieta.org.mx\/wp-content\/uploads\/2023\/06\/IMG_4332.webp?resize=350%2C200&ssl=1","width":350,"height":200,"srcset":"https:\/\/i0.wp.com\/www.grieta.org.mx\/wp-content\/uploads\/2023\/06\/IMG_4332.webp?resize=350%2C200&ssl=1 1x, https:\/\/i0.wp.com\/www.grieta.org.mx\/wp-content\/uploads\/2023\/06\/IMG_4332.webp?resize=525%2C300&ssl=1 1.5x"},"classes":[]},{"id":67158,"url":"https:\/\/www.grieta.org.mx\/index.php\/2023\/07\/05\/localizan-sin-vida-al-activista-que-cuestionaba-pago-de-tierras-del-corredor-interoceanico-en-mixtequilla-oaxaca\/","url_meta":{"origin":67251,"position":3},"title":"Localizan sin vida al activista que cuestionaba pago de tierras del Corredor Interoce\u00e1nico en Mixtequilla, Oaxaca","author":"grieta","date":"5 julio, 2023","format":false,"excerpt":"Imagen: Ficha de b\u00fasqueda emitida para encontrar a Noel L\u00f3pez Gallegos - Pagina 3 Diana Manzo \/ P\u00e1gina 3 Mixtequilla, Oax.- Noel L\u00f3pez Gallegos, activista zapoteca de 52 a\u00f1os de edad, fue localizado sin vida la tarde de este martes, confirmaron las autoridades locales de este municipio asentado en el\u2026","rel":"","context":"En &quot;CINTILLO&quot;","block_context":{"text":"CINTILLO","link":"https:\/\/www.grieta.org.mx\/index.php\/category\/cintillo\/"},"img":{"alt_text":"","src":"https:\/\/i0.wp.com\/www.grieta.org.mx\/wp-content\/uploads\/2023\/07\/Acivista-Noel-Lopez-Gallegos.webp?resize=350%2C200&ssl=1","width":350,"height":200,"srcset":"https:\/\/i0.wp.com\/www.grieta.org.mx\/wp-content\/uploads\/2023\/07\/Acivista-Noel-Lopez-Gallegos.webp?resize=350%2C200&ssl=1 1x, https:\/\/i0.wp.com\/www.grieta.org.mx\/wp-content\/uploads\/2023\/07\/Acivista-Noel-Lopez-Gallegos.webp?resize=525%2C300&ssl=1 1.5x"},"classes":[]},{"id":67357,"url":"https:\/\/www.grieta.org.mx\/index.php\/2023\/07\/23\/derribaran-200-arboles-para-construir-obra-de-corredor-interoceanico-oaxaca\/","url_meta":{"origin":67251,"position":4},"title":"Derribar\u00e1n 200 \u00e1rboles para construir obra de Corredor Interoce\u00e1nico (Oaxaca)","author":"grieta","date":"23 julio, 2023","format":false,"excerpt":"Imagen: cortes\u00eda de Edwin Meneses Sin un anuncio oficial, trabajadores de la empresa que construyen en un tramo del Corredor Interoc\u00e9anico anunciaron a habitantes del Istmo de Tehuantepec que derribar\u00e1n 200 \u00e1rboles, a cambio prometen construir un parque Diana Manzo \/ Istmo Press \/ P\u00ede de P\u00e1gina OAXACA. \u2013 Sin\u2026","rel":"","context":"En &quot;CINTILLO&quot;","block_context":{"text":"CINTILLO","link":"https:\/\/www.grieta.org.mx\/index.php\/category\/cintillo\/"},"img":{"alt_text":"","src":"https:\/\/i0.wp.com\/www.grieta.org.mx\/wp-content\/uploads\/2023\/08\/IstmoPressarboles_Istmo_Edwin_Meneses.jpg?resize=350%2C200&ssl=1","width":350,"height":200,"srcset":"https:\/\/i0.wp.com\/www.grieta.org.mx\/wp-content\/uploads\/2023\/08\/IstmoPressarboles_Istmo_Edwin_Meneses.jpg?resize=350%2C200&ssl=1 1x, https:\/\/i0.wp.com\/www.grieta.org.mx\/wp-content\/uploads\/2023\/08\/IstmoPressarboles_Istmo_Edwin_Meneses.jpg?resize=525%2C300&ssl=1 1.5x, https:\/\/i0.wp.com\/www.grieta.org.mx\/wp-content\/uploads\/2023\/08\/IstmoPressarboles_Istmo_Edwin_Meneses.jpg?resize=700%2C400&ssl=1 2x"},"classes":[]},{"id":65679,"url":"https:\/\/www.grieta.org.mx\/index.php\/2022\/11\/09\/marchan-en-oaxaca-para-exigir-justicia-por-activista-asesinado-que-se-opuso-al-interoceanico-oaxaca\/","url_meta":{"origin":67251,"position":5},"title":"Marchan en Oaxaca para exigir justicia por activista asesinado que se opuso al Interoce\u00e1nico (Oaxaca)","author":"grieta","date":"9 noviembre, 2022","format":false,"excerpt":"Imagen: Diana Manzo \/ Agencia de Noticias IstmoPress #Tehuantepec 09 Nov (#Istmopress) \u2013 Unos 500 integrantes del Frente de Organizaciones Oaxaque\u00f1as (Foro) marcharon en Tehuantepec, Oaxaca para exigir justicia por el asesinato del activista y comunero zapotea, Jes\u00fas Manuel Garc\u00eda Mart\u00ednez, ocurrido el pasado 27 de octubre. Tambi\u00e9n conocido como\u2026","rel":"","context":"En &quot;CINTILLO&quot;","block_context":{"text":"CINTILLO","link":"https:\/\/www.grieta.org.mx\/index.php\/category\/cintillo\/"},"img":{"alt_text":"","src":"https:\/\/i0.wp.com\/www.grieta.org.mx\/wp-content\/uploads\/2022\/11\/F0F99312-13C0-43F1-AD53-51254A5F415B-acb3ddb7-930x620-1.jpeg?resize=350%2C200&ssl=1","width":350,"height":200,"srcset":"https:\/\/i0.wp.com\/www.grieta.org.mx\/wp-content\/uploads\/2022\/11\/F0F99312-13C0-43F1-AD53-51254A5F415B-acb3ddb7-930x620-1.jpeg?resize=350%2C200&ssl=1 1x, https:\/\/i0.wp.com\/www.grieta.org.mx\/wp-content\/uploads\/2022\/11\/F0F99312-13C0-43F1-AD53-51254A5F415B-acb3ddb7-930x620-1.jpeg?resize=525%2C300&ssl=1 1.5x, https:\/\/i0.wp.com\/www.grieta.org.mx\/wp-content\/uploads\/2022\/11\/F0F99312-13C0-43F1-AD53-51254A5F415B-acb3ddb7-930x620-1.jpeg?resize=700%2C400&ssl=1 2x"},"classes":[]}],"_links":{"self":[{"href":"https:\/\/www.grieta.org.mx\/index.php\/wp-json\/wp\/v2\/posts\/67251","targetHints":{"allow":["GET"]}}],"collection":[{"href":"https:\/\/www.grieta.org.mx\/index.php\/wp-json\/wp\/v2\/posts"}],"about":[{"href":"https:\/\/www.grieta.org.mx\/index.php\/wp-json\/wp\/v2\/types\/post"}],"author":[{"embeddable":true,"href":"https:\/\/www.grieta.org.mx\/index.php\/wp-json\/wp\/v2\/users\/2"}],"replies":[{"embeddable":true,"href":"https:\/\/www.grieta.org.mx\/index.php\/wp-json\/wp\/v2\/comments?post=67251"}],"version-history":[{"count":1,"href":"https:\/\/www.grieta.org.mx\/index.php\/wp-json\/wp\/v2\/posts\/67251\/revisions"}],"predecessor-version":[{"id":67253,"href":"https:\/\/www.grieta.org.mx\/index.php\/wp-json\/wp\/v2\/posts\/67251\/revisions\/67253"}],"wp:featuredmedia":[{"embeddable":true,"href":"https:\/\/www.grieta.org.mx\/index.php\/wp-json\/wp\/v2\/media\/67252"}],"wp:attachment":[{"href":"https:\/\/www.grieta.org.mx\/index.php\/wp-json\/wp\/v2\/media?parent=67251"}],"wp:term":[{"taxonomy":"category","embeddable":true,"href":"https:\/\/www.grieta.org.mx\/index.php\/wp-json\/wp\/v2\/categories?post=67251"},{"taxonomy":"post_tag","embeddable":true,"href":"https:\/\/www.grieta.org.mx\/index.php\/wp-json\/wp\/v2\/tags?post=67251"}],"curies":[{"name":"wp","href":"https:\/\/api.w.org\/{rel}","templated":true}]}}