{"id":67226,"date":"2023-07-25T17:38:15","date_gmt":"2023-07-25T23:38:15","guid":{"rendered":"https:\/\/www.grieta.org.mx\/?p=67226"},"modified":"2023-07-25T17:38:15","modified_gmt":"2023-07-25T23:38:15","slug":"pescadores-enfrentan-al-ayuntamiento-de-progreso-por-saquear-las-dunas-de-chuburna-yucatan","status":"publish","type":"post","link":"https:\/\/www.grieta.org.mx\/index.php\/2023\/07\/25\/pescadores-enfrentan-al-ayuntamiento-de-progreso-por-saquear-las-dunas-de-chuburna-yucatan\/","title":{"rendered":"Pescadores enfrentan al Ayuntamiento de Progreso por saquear las dunas de Chuburn\u00e1 (Yucat\u00e1n)"},"content":{"rendered":"<p>Jes\u00fas L\u00f3pez \/ Por Esto!<\/p>\n<p>Un nuevo episodio entre los pescadores de Chuburn\u00e1 y personal del Ayuntamiento de Progreso que insiste en llevarse arena de las \u201cDunas\u201d se escribi\u00f3 a lo largo de este martes, llegando incluso a desatarse un operativo a cargo de elementos estatales y municipales que permanecieron en varios puntos de la ciudad ante la tensi\u00f3n que se gener\u00f3 por la entrada de veh\u00edculos de grandes dimensiones a la zona de anidaci\u00f3n. <\/p>\n<p>El suceso comenz\u00f3 alrededor de las nueve de la ma\u00f1ana cuando los veh\u00edculos y una excavadora comenzaron a tener paso rumbo a la playa de la comunidad mencionada, originando la llegada de pobladores, sobre todo del sector tur\u00edstico y pesquero. Aparte, varios ciudadanos comenzaron a solicitar presencia en las \u201cdunas\u201d para apoyar a ese sector.<\/p>\n<p>La molestia nuevamente, se debi\u00f3 a que no se respeta la zona de anidaci\u00f3n, sobre todo en estos d\u00edas, donde especialistas como el profesor y bi\u00f3logo Carlos Le\u00f3n Aguilar, quien tambi\u00e9n es titular del campamento tortuguero, ha constatado que al menos hasta los \u00faltimos d\u00edas de agosto, se detendr\u00e1n los arribos masivos de quelonios. <\/p>\n<p><img loading=\"lazy\" decoding=\"async\" data-attachment-id=\"67228\" data-permalink=\"https:\/\/www.grieta.org.mx\/index.php\/2023\/07\/25\/pescadores-enfrentan-al-ayuntamiento-de-progreso-por-saquear-las-dunas-de-chuburna-yucatan\/pescadores2\/\" data-orig-file=\"https:\/\/www.grieta.org.mx\/wp-content\/uploads\/2023\/07\/Pescadores2-e1690327932899.jpg\" data-orig-size=\"800,535\" data-comments-opened=\"0\" data-image-meta=\"{&quot;aperture&quot;:&quot;0&quot;,&quot;credit&quot;:&quot;&quot;,&quot;camera&quot;:&quot;&quot;,&quot;caption&quot;:&quot;&quot;,&quot;created_timestamp&quot;:&quot;0&quot;,&quot;copyright&quot;:&quot;&quot;,&quot;focal_length&quot;:&quot;0&quot;,&quot;iso&quot;:&quot;0&quot;,&quot;shutter_speed&quot;:&quot;0&quot;,&quot;title&quot;:&quot;&quot;,&quot;orientation&quot;:&quot;1&quot;}\" data-image-title=\"Pescadores2\" data-image-description=\"\" data-image-caption=\"\" data-medium-file=\"https:\/\/www.grieta.org.mx\/wp-content\/uploads\/2023\/07\/Pescadores2-e1690327932899-300x201.jpg\" data-large-file=\"https:\/\/www.grieta.org.mx\/wp-content\/uploads\/2023\/07\/Pescadores2-1024x685.jpg\" src=\"http:\/\/www.grieta.org.mx\/wp-content\/uploads\/2023\/07\/Pescadores2-e1690327932899.jpg\" alt=\"\" width=\"800\" height=\"535\" class=\"alignnone size-full wp-image-67228\" srcset=\"https:\/\/www.grieta.org.mx\/wp-content\/uploads\/2023\/07\/Pescadores2-e1690327932899.jpg 800w, https:\/\/www.grieta.org.mx\/wp-content\/uploads\/2023\/07\/Pescadores2-e1690327932899-300x201.jpg 300w, https:\/\/www.grieta.org.mx\/wp-content\/uploads\/2023\/07\/Pescadores2-e1690327932899-768x514.jpg 768w\" sizes=\"auto, (max-width: 800px) 100vw, 800px\" \/><\/p>\n<p>Lo que no era esperado por v\u00eda de los manifestantes y hasta turistas que ya permanec\u00edan en la playa, fue que se desplegar\u00eda en esos momentos un operativo de alta trascendencia, pues se colocaron puntos de vigilancia en el entronque que dirige al embarcadero y a las dunas, aparte de que por espacio de una hora se prohibi\u00f3 la entrada a los hombres de mar, algunos veh\u00edculos particulares y la prensa local.<\/p>\n<p>Se lament\u00f3 que varias familias visitantes, al desconocer los hechos que ten\u00edan lugar ah\u00ed, al pensar que se trataba de un operativo por asuntos mayores, optaron por recoger sus pertenencias y marcharse de la playa, llev\u00e1ndose un trago amargo en el inicio de sus pasad\u00edas frente al mar. <\/p>\n<p>Se averigu\u00f3 que para mala suerte de quienes defend\u00edan a las tortugas y bienestar del turismo, fue que el comisario Emmanuel Mart\u00edn Ram\u00edrez Verde, no pudo tener presencia en la problem\u00e1tica debido a que present\u00f3 este martes problemas de salud y amerit\u00f3 acudir a un hospital. <\/p>\n<p><img loading=\"lazy\" decoding=\"async\" data-attachment-id=\"67229\" data-permalink=\"https:\/\/www.grieta.org.mx\/index.php\/2023\/07\/25\/pescadores-enfrentan-al-ayuntamiento-de-progreso-por-saquear-las-dunas-de-chuburna-yucatan\/pescadores3\/\" data-orig-file=\"https:\/\/www.grieta.org.mx\/wp-content\/uploads\/2023\/07\/Pescadores3-e1690328021449.jpg\" data-orig-size=\"800,525\" data-comments-opened=\"0\" data-image-meta=\"{&quot;aperture&quot;:&quot;0&quot;,&quot;credit&quot;:&quot;&quot;,&quot;camera&quot;:&quot;&quot;,&quot;caption&quot;:&quot;&quot;,&quot;created_timestamp&quot;:&quot;0&quot;,&quot;copyright&quot;:&quot;&quot;,&quot;focal_length&quot;:&quot;0&quot;,&quot;iso&quot;:&quot;0&quot;,&quot;shutter_speed&quot;:&quot;0&quot;,&quot;title&quot;:&quot;&quot;,&quot;orientation&quot;:&quot;1&quot;}\" data-image-title=\"Pescadores3\" data-image-description=\"\" data-image-caption=\"\" data-medium-file=\"https:\/\/www.grieta.org.mx\/wp-content\/uploads\/2023\/07\/Pescadores3-e1690328021449-300x197.jpg\" data-large-file=\"https:\/\/www.grieta.org.mx\/wp-content\/uploads\/2023\/07\/Pescadores3-1024x673.jpg\" src=\"http:\/\/www.grieta.org.mx\/wp-content\/uploads\/2023\/07\/Pescadores3-e1690328021449.jpg\" alt=\"\" width=\"800\" height=\"525\" class=\"alignnone size-full wp-image-67229\" srcset=\"https:\/\/www.grieta.org.mx\/wp-content\/uploads\/2023\/07\/Pescadores3-e1690328021449.jpg 800w, https:\/\/www.grieta.org.mx\/wp-content\/uploads\/2023\/07\/Pescadores3-e1690328021449-300x197.jpg 300w, https:\/\/www.grieta.org.mx\/wp-content\/uploads\/2023\/07\/Pescadores3-e1690328021449-768x504.jpg 768w\" sizes=\"auto, (max-width: 800px) 100vw, 800px\" \/><\/p>\n<p>\u201cNunca hubo un acuerdo con el Ayuntamiento\u201d <\/p>\n<p>Entrevistados en el embarcadero pesquero y tur\u00edstico, Daniel Pool Chan, titular del comit\u00e9 n\u00e1utico junto con otros hombres de mar dieron a conocer su molestia ante este medio tras dar a conocer que a pesar de que hubo una junta el lunes pasado con autoridades municipales, nunca se lleg\u00f3 a un acuerdo sobre los cargamentos de arena que se iban a retirar de la playa.<\/p>\n<p>\u201cEn esa junta se nos propuso cerrar un trato para sacar arena de esta comisar\u00eda pero nunca se lleg\u00f3 a nada con el ayuntamiento. Nos externaron que el material iba a servir para unas canchas de los espacios p\u00fablicos de Progreso. Los compa\u00f1eros empezaron a salirse de esa asamblea cuando se les pregunt\u00f3 a los presentes que porque no obten\u00edan la arena de la zona costera de la cabecera municipal, como no supieron contestar empezaron a gritarles los quejosos\u201d record\u00f3 Felipe Dzan.<\/p>\n<p><img loading=\"lazy\" decoding=\"async\" data-attachment-id=\"67230\" data-permalink=\"https:\/\/www.grieta.org.mx\/index.php\/2023\/07\/25\/pescadores-enfrentan-al-ayuntamiento-de-progreso-por-saquear-las-dunas-de-chuburna-yucatan\/pescadores4\/\" data-orig-file=\"https:\/\/www.grieta.org.mx\/wp-content\/uploads\/2023\/07\/Pescadores4-e1690328097311.jpg\" data-orig-size=\"800,533\" data-comments-opened=\"0\" data-image-meta=\"{&quot;aperture&quot;:&quot;0&quot;,&quot;credit&quot;:&quot;&quot;,&quot;camera&quot;:&quot;&quot;,&quot;caption&quot;:&quot;&quot;,&quot;created_timestamp&quot;:&quot;0&quot;,&quot;copyright&quot;:&quot;&quot;,&quot;focal_length&quot;:&quot;0&quot;,&quot;iso&quot;:&quot;0&quot;,&quot;shutter_speed&quot;:&quot;0&quot;,&quot;title&quot;:&quot;&quot;,&quot;orientation&quot;:&quot;1&quot;}\" data-image-title=\"Pescadores4\" data-image-description=\"\" data-image-caption=\"\" data-medium-file=\"https:\/\/www.grieta.org.mx\/wp-content\/uploads\/2023\/07\/Pescadores4-e1690328097311-300x200.jpg\" data-large-file=\"https:\/\/www.grieta.org.mx\/wp-content\/uploads\/2023\/07\/Pescadores4-1024x682.jpg\" src=\"http:\/\/www.grieta.org.mx\/wp-content\/uploads\/2023\/07\/Pescadores4-e1690328097311.jpg\" alt=\"\" width=\"800\" height=\"533\" class=\"alignnone size-full wp-image-67230\" srcset=\"https:\/\/www.grieta.org.mx\/wp-content\/uploads\/2023\/07\/Pescadores4-e1690328097311.jpg 800w, https:\/\/www.grieta.org.mx\/wp-content\/uploads\/2023\/07\/Pescadores4-e1690328097311-300x200.jpg 300w, https:\/\/www.grieta.org.mx\/wp-content\/uploads\/2023\/07\/Pescadores4-e1690328097311-768x512.jpg 768w\" sizes=\"auto, (max-width: 800px) 100vw, 800px\" \/><\/p>\n<p>Pescadores encaran a funcionarios <\/p>\n<p>Alrededor de las once de la ma\u00f1ana hizo aparici\u00f3n el regidor de comisar\u00edas y el m\u00f3dulo de salud m\u00f3vil, Mario de Jes\u00fas Canto Brice\u00f1o, Ricardo Jerez Obando, titular de la direcci\u00f3n de comisar\u00edas y Cana\u00e1n G\u00f3ngora Orteg\u00f3n, a cargo del \u00e1rea de servicios p\u00fablicos; sin embargo, fueron encarados por varios integrantes del comit\u00e9 n\u00e1utico, operadores tur\u00edsticos y pescadores independientes en defensa del \u00e1rea natural.<\/p>\n<p>\u201cSi hay letreros que impiden que los autos de los ba\u00f1istas entren a la playa \u00bfpor qu\u00e9 si lo pueden hacer estas maquinarias? Aparte nunca hubo un arreglo de por medio. Tambi\u00e9n estamos en desacuerdo porque est\u00e1n haciendo todo esto en plena temporada vacacional, que saquen arena despu\u00e9s de agosto, la que quieran, pero ahora no porque llegan aqu\u00ed las tortugas y ahuyentan a los turistas\u201d extern\u00f3 el titular del comit\u00e9 n\u00e1utico, Daniel Pool.<\/p>\n<p><img loading=\"lazy\" decoding=\"async\" data-attachment-id=\"67231\" data-permalink=\"https:\/\/www.grieta.org.mx\/index.php\/2023\/07\/25\/pescadores-enfrentan-al-ayuntamiento-de-progreso-por-saquear-las-dunas-de-chuburna-yucatan\/pescadores5\/\" data-orig-file=\"https:\/\/www.grieta.org.mx\/wp-content\/uploads\/2023\/07\/Pescadores5-e1690328184656.jpg\" data-orig-size=\"800,525\" data-comments-opened=\"0\" data-image-meta=\"{&quot;aperture&quot;:&quot;0&quot;,&quot;credit&quot;:&quot;&quot;,&quot;camera&quot;:&quot;&quot;,&quot;caption&quot;:&quot;&quot;,&quot;created_timestamp&quot;:&quot;0&quot;,&quot;copyright&quot;:&quot;&quot;,&quot;focal_length&quot;:&quot;0&quot;,&quot;iso&quot;:&quot;0&quot;,&quot;shutter_speed&quot;:&quot;0&quot;,&quot;title&quot;:&quot;&quot;,&quot;orientation&quot;:&quot;1&quot;}\" data-image-title=\"Pescadores5\" data-image-description=\"\" data-image-caption=\"\" data-medium-file=\"https:\/\/www.grieta.org.mx\/wp-content\/uploads\/2023\/07\/Pescadores5-e1690328184656-300x197.jpg\" data-large-file=\"https:\/\/www.grieta.org.mx\/wp-content\/uploads\/2023\/07\/Pescadores5-1024x672.jpg\" src=\"http:\/\/www.grieta.org.mx\/wp-content\/uploads\/2023\/07\/Pescadores5-e1690328184656.jpg\" alt=\"\" width=\"800\" height=\"525\" class=\"alignnone size-full wp-image-67231\" srcset=\"https:\/\/www.grieta.org.mx\/wp-content\/uploads\/2023\/07\/Pescadores5-e1690328184656.jpg 800w, https:\/\/www.grieta.org.mx\/wp-content\/uploads\/2023\/07\/Pescadores5-e1690328184656-300x197.jpg 300w, https:\/\/www.grieta.org.mx\/wp-content\/uploads\/2023\/07\/Pescadores5-e1690328184656-768x504.jpg 768w\" sizes=\"auto, (max-width: 800px) 100vw, 800px\" \/><\/p>\n<p>Quieren junta con del Alcalde con el pueblo entero <\/p>\n<p>Por \u00faltimo, se constat\u00f3 que a pesar de que se han llevado a cabo seis juntas, la mayor\u00eda con prestadores de servicios tur\u00edsticos, se solicit\u00f3 de manera p\u00fablica un encuentro con las autoridades municipales enfrente de toda la ciudadan\u00eda de Chuburn\u00e1 para llegar al mencionado acuerdo respecto a los saqueos de arena y entrada de veh\u00edculos pesados al \u00e1rea donde depositan sus huevecillos los quelonios.<\/p>\n<p><a href=\"https:\/\/www.poresto.net\/yucatan\/2023\/7\/25\/pescadores-enfrentan-al-ayuntamiento-de-progreso-por-saquear-las-dunas-de-chuburna-393376.html\" rel=\"noopener\" target=\"_blank\">https:\/\/www.poresto.net\/yucatan\/2023\/7\/25\/pescadores-enfrentan-al-ayuntamiento-de-progreso-por-saquear-las-dunas-de-chuburna-393376.html<\/a><\/p>\n","protected":false},"excerpt":{"rendered":"<p>Jes\u00fas L\u00f3pez \/ Por Esto! Un nuevo episodio entre los pescadores de Chuburn\u00e1 y personal del Ayuntamiento de Progreso que insiste en llevarse arena de las \u201cDunas\u201d se escribi\u00f3 a &hellip; <a href=\"https:\/\/www.grieta.org.mx\/index.php\/2023\/07\/25\/pescadores-enfrentan-al-ayuntamiento-de-progreso-por-saquear-las-dunas-de-chuburna-yucatan\/\" class=\"more-link\">Leer m\u00e1s<\/a><\/p>\n","protected":false},"author":2,"featured_media":67227,"comment_status":"closed","ping_status":"closed","sticky":false,"template":"","format":"standard","meta":{"ngg_post_thumbnail":0,"_jetpack_newsletter_access":"","_jetpack_dont_email_post_to_subs":false,"_jetpack_newsletter_tier_id":0,"_jetpack_memberships_contains_paywalled_content":false,"_jetpack_memberships_contains_paid_content":false,"footnotes":""},"categories":[80,2943,2,36],"tags":[223,3772,1674],"class_list":["post-67226","post","type-post","status-publish","format-standard","has-post-thumbnail","hentry","category-cintillo","category-destruccion-y-contaminacion-ambiental-en-yucatan","category-noticias-nacionales","category-yucatan","tag-ecocidio","tag-protestas-de-pescadores","tag-saqueo-de-arena-de-mar","entry"],"jetpack_featured_media_url":"https:\/\/www.grieta.org.mx\/wp-content\/uploads\/2023\/07\/Pescadores-e1690327785678.jpg","jetpack_sharing_enabled":true,"jetpack_shortlink":"https:\/\/wp.me\/p7ZJR4-hui","jetpack_likes_enabled":false,"jetpack-related-posts":[{"id":47776,"url":"https:\/\/www.grieta.org.mx\/index.php\/2020\/04\/06\/desesperados-por-la-contingencia-pescadores-protestaron-en-progreso\/","url_meta":{"origin":67226,"position":0},"title":"Desesperados por la contingencia, pescadores protestaron en Progreso","author":"grieta","date":"6 abril, 2020","format":false,"excerpt":"Debido a que las que actividades econ\u00f3micas est\u00e1n paralizadas por la emergencia sanitaria del Covid-19, no pueden salir a pescar ni a trabajar de alba\u00f1iler\u00eda, por lo que se han quedado sin dinero. Al final, el ayuntamiento del puerto les ofreci\u00f3 150 pesos en vales de despensa. Por Redacci\u00f3n \/\u2026","rel":"","context":"En &quot;CINTILLO&quot;","block_context":{"text":"CINTILLO","link":"https:\/\/www.grieta.org.mx\/index.php\/category\/cintillo\/"},"img":{"alt_text":"","src":"https:\/\/i0.wp.com\/www.grieta.org.mx\/wp-content\/uploads\/2020\/04\/pescadores-560x416.jpg?resize=350%2C200&ssl=1","width":350,"height":200,"srcset":"https:\/\/i0.wp.com\/www.grieta.org.mx\/wp-content\/uploads\/2020\/04\/pescadores-560x416.jpg?resize=350%2C200&ssl=1 1x, https:\/\/i0.wp.com\/www.grieta.org.mx\/wp-content\/uploads\/2020\/04\/pescadores-560x416.jpg?resize=525%2C300&ssl=1 1.5x"},"classes":[]},{"id":70009,"url":"https:\/\/www.grieta.org.mx\/index.php\/2024\/09\/30\/retienen-dos-autobuses-y-cierran-calles-en-chuburna-yucatan\/","url_meta":{"origin":67226,"position":1},"title":"Retienen dos autobuses y cierran calles en Chuburn\u00e1 (Yucat\u00e1n)","author":"grieta","date":"30 septiembre, 2024","format":false,"excerpt":"Por Herbeth Escalante \/ Fotos de Lorenzo Hern\u00e1ndez \/ Haz Ruido Las y los vecinos intensificaron sus protestas porque llevan cuatro d\u00edas sin energ\u00eda el\u00e9ctrica M\u00e9rida, Yucat\u00e1n, 30 de septiembre de 2024.- Vecinas y vecinos de la colonia Chuburn\u00e1 Inn bloquearon diversas calles de acceso y retuvieron dos camiones de\u2026","rel":"","context":"En &quot;CINTILLO&quot;","block_context":{"text":"CINTILLO","link":"https:\/\/www.grieta.org.mx\/index.php\/category\/cintillo\/"},"img":{"alt_text":"","src":"https:\/\/i0.wp.com\/www.grieta.org.mx\/wp-content\/uploads\/2024\/10\/Retienen-e1728168664844.jpg?resize=350%2C200&ssl=1","width":350,"height":200,"srcset":"https:\/\/i0.wp.com\/www.grieta.org.mx\/wp-content\/uploads\/2024\/10\/Retienen-e1728168664844.jpg?resize=350%2C200&ssl=1 1x, https:\/\/i0.wp.com\/www.grieta.org.mx\/wp-content\/uploads\/2024\/10\/Retienen-e1728168664844.jpg?resize=525%2C300&ssl=1 1.5x, https:\/\/i0.wp.com\/www.grieta.org.mx\/wp-content\/uploads\/2024\/10\/Retienen-e1728168664844.jpg?resize=700%2C400&ssl=1 2x"},"classes":[]},{"id":68714,"url":"https:\/\/www.grieta.org.mx\/index.php\/2024\/03\/28\/bloquean-entrada-a-rio-lagartos-en-yucatan-pescadores-denuncian-abusos\/","url_meta":{"origin":67226,"position":2},"title":"Bloquean entrada a R\u00edo Lagartos en Yucat\u00e1n; pescadores denuncian abusos","author":"grieta","date":"28 marzo, 2024","format":false,"excerpt":"Yazm\u00edn Rodr\u00edguez Galaz \/ El Universal R\u00edo Lagartos, Yucat\u00e1n.- En plena temporada vacacional, pescadores de este puerto del oriente del Estado, que se dedican a la prestaci\u00f3n de servicios tur\u00edsticos, cerraron el acceso al puerto como medida de presi\u00f3n, ante los presuntos abusos que comete la Capitan\u00eda del Puerto. Largas\u2026","rel":"","context":"En &quot;Abuso Autoridades en Yucat\u00e1n&quot;","block_context":{"text":"Abuso Autoridades en Yucat\u00e1n","link":"https:\/\/www.grieta.org.mx\/index.php\/category\/noticias-nacionales\/yucatan\/abuso-autoridades-en-yucatan\/"},"img":{"alt_text":"","src":"https:\/\/i0.wp.com\/www.grieta.org.mx\/wp-content\/uploads\/2024\/03\/Pescadores-e1711914173595.jpg?resize=350%2C200&ssl=1","width":350,"height":200,"srcset":"https:\/\/i0.wp.com\/www.grieta.org.mx\/wp-content\/uploads\/2024\/03\/Pescadores-e1711914173595.jpg?resize=350%2C200&ssl=1 1x, https:\/\/i0.wp.com\/www.grieta.org.mx\/wp-content\/uploads\/2024\/03\/Pescadores-e1711914173595.jpg?resize=525%2C300&ssl=1 1.5x, https:\/\/i0.wp.com\/www.grieta.org.mx\/wp-content\/uploads\/2024\/03\/Pescadores-e1711914173595.jpg?resize=700%2C400&ssl=1 2x"},"classes":[]},{"id":71162,"url":"https:\/\/www.grieta.org.mx\/index.php\/2025\/02\/25\/otra-privatizacion-ilegal-de-playas-ahora-en-yucalpeten-yucatan\/","url_meta":{"origin":67226,"position":3},"title":"Otra privatizaci\u00f3n ilegal de playas, ahora en Yucalpet\u00e9n (Yucat\u00e1n)","author":"grieta","date":"25 febrero, 2025","format":false,"excerpt":"Redacci\u00f3n\/Sol Yucat\u00e1n Habitantes de Progreso han denunciado la privatizaci\u00f3n ilegal de playas en la zona de Yucalpet\u00e9n, donde un complejo habitacional en construcci\u00f3n ha comenzado a bloquear el acceso al mar. Guardias de seguridad impiden el paso a pescadores y visitantes. La historia de Canc\u00fan se repite en Yucat\u00e1n. Habitantes\u2026","rel":"","context":"En &quot;CINTILLO&quot;","block_context":{"text":"CINTILLO","link":"https:\/\/www.grieta.org.mx\/index.php\/category\/cintillo\/"},"img":{"alt_text":"","src":"https:\/\/i0.wp.com\/www.grieta.org.mx\/wp-content\/uploads\/2025\/02\/Yucalpeten-e1740755140271.jpg?resize=350%2C200&ssl=1","width":350,"height":200,"srcset":"https:\/\/i0.wp.com\/www.grieta.org.mx\/wp-content\/uploads\/2025\/02\/Yucalpeten-e1740755140271.jpg?resize=350%2C200&ssl=1 1x, https:\/\/i0.wp.com\/www.grieta.org.mx\/wp-content\/uploads\/2025\/02\/Yucalpeten-e1740755140271.jpg?resize=525%2C300&ssl=1 1.5x, https:\/\/i0.wp.com\/www.grieta.org.mx\/wp-content\/uploads\/2025\/02\/Yucalpeten-e1740755140271.jpg?resize=700%2C400&ssl=1 2x"},"classes":[]},{"id":5743,"url":"https:\/\/www.grieta.org.mx\/index.php\/2015\/06\/29\/pescadores-protestan-tras-un-ano-de-conflicto-por-la-construccion-de-una-marina-en-yucatan\/","url_meta":{"origin":67226,"position":4},"title":"Pescadores protestan tras un a\u00f1o de conflicto por la construcci\u00f3n de una marina en Yucat\u00e1n","author":"grieta","date":"29 junio, 2015","format":false,"excerpt":"29\/06\/15. Amenazan pescadores con hacer justicia con su propia mano en Yucat\u00e1n Milenio","rel":"","context":"En &quot;NOTICIAS NACIONALES&quot;","block_context":{"text":"NOTICIAS NACIONALES","link":"https:\/\/www.grieta.org.mx\/index.php\/category\/noticias-nacionales\/"},"img":{"alt_text":"","src":"https:\/\/i0.wp.com\/www.grieta.org.mx\/wp-content\/uploads\/2018\/03\/14524434_1106112876131411_958039263622046936_o.jpg?resize=350%2C200&ssl=1","width":350,"height":200,"srcset":"https:\/\/i0.wp.com\/www.grieta.org.mx\/wp-content\/uploads\/2018\/03\/14524434_1106112876131411_958039263622046936_o.jpg?resize=350%2C200&ssl=1 1x, https:\/\/i0.wp.com\/www.grieta.org.mx\/wp-content\/uploads\/2018\/03\/14524434_1106112876131411_958039263622046936_o.jpg?resize=525%2C300&ssl=1 1.5x, https:\/\/i0.wp.com\/www.grieta.org.mx\/wp-content\/uploads\/2018\/03\/14524434_1106112876131411_958039263622046936_o.jpg?resize=700%2C400&ssl=1 2x"},"classes":[]},{"id":41562,"url":"https:\/\/www.grieta.org.mx\/index.php\/2019\/11\/25\/sisal-arde-en-llamas-piden-justicia-para-pescadores-chocados-por-patrulla-naval-yucatan\/","url_meta":{"origin":67226,"position":5},"title":"Sisal arde en llamas: piden justicia para pescadores chocados por patrulla naval (Yucat\u00e1n)","author":"grieta","date":"25 noviembre, 2019","format":false,"excerpt":"Yucat\u00e1n Ahora Enardecidos vecinos de Sisal realizan desde hace algunas horas protestas en demanda de justicia para los pescadores embestidos por una patrulla interceptora de la Marina, a unos 13 kil\u00f3metros mar adentro. Los vecinos piden que les entreguen los cuerpos de los dos pescadores fallecidos y que se proceda\u2026","rel":"","context":"En &quot;Abuso Autoridades en Yucat\u00e1n&quot;","block_context":{"text":"Abuso Autoridades en Yucat\u00e1n","link":"https:\/\/www.grieta.org.mx\/index.php\/category\/noticias-nacionales\/yucatan\/abuso-autoridades-en-yucatan\/"},"img":{"alt_text":"","src":"https:\/\/i0.wp.com\/www.grieta.org.mx\/wp-content\/uploads\/2019\/11\/Sisal1-e1574817688976.png?resize=350%2C200&ssl=1","width":350,"height":200,"srcset":"https:\/\/i0.wp.com\/www.grieta.org.mx\/wp-content\/uploads\/2019\/11\/Sisal1-e1574817688976.png?resize=350%2C200&ssl=1 1x, https:\/\/i0.wp.com\/www.grieta.org.mx\/wp-content\/uploads\/2019\/11\/Sisal1-e1574817688976.png?resize=525%2C300&ssl=1 1.5x, https:\/\/i0.wp.com\/www.grieta.org.mx\/wp-content\/uploads\/2019\/11\/Sisal1-e1574817688976.png?resize=700%2C400&ssl=1 2x"},"classes":[]}],"_links":{"self":[{"href":"https:\/\/www.grieta.org.mx\/index.php\/wp-json\/wp\/v2\/posts\/67226","targetHints":{"allow":["GET"]}}],"collection":[{"href":"https:\/\/www.grieta.org.mx\/index.php\/wp-json\/wp\/v2\/posts"}],"about":[{"href":"https:\/\/www.grieta.org.mx\/index.php\/wp-json\/wp\/v2\/types\/post"}],"author":[{"embeddable":true,"href":"https:\/\/www.grieta.org.mx\/index.php\/wp-json\/wp\/v2\/users\/2"}],"replies":[{"embeddable":true,"href":"https:\/\/www.grieta.org.mx\/index.php\/wp-json\/wp\/v2\/comments?post=67226"}],"version-history":[{"count":1,"href":"https:\/\/www.grieta.org.mx\/index.php\/wp-json\/wp\/v2\/posts\/67226\/revisions"}],"predecessor-version":[{"id":67232,"href":"https:\/\/www.grieta.org.mx\/index.php\/wp-json\/wp\/v2\/posts\/67226\/revisions\/67232"}],"wp:featuredmedia":[{"embeddable":true,"href":"https:\/\/www.grieta.org.mx\/index.php\/wp-json\/wp\/v2\/media\/67227"}],"wp:attachment":[{"href":"https:\/\/www.grieta.org.mx\/index.php\/wp-json\/wp\/v2\/media?parent=67226"}],"wp:term":[{"taxonomy":"category","embeddable":true,"href":"https:\/\/www.grieta.org.mx\/index.php\/wp-json\/wp\/v2\/categories?post=67226"},{"taxonomy":"post_tag","embeddable":true,"href":"https:\/\/www.grieta.org.mx\/index.php\/wp-json\/wp\/v2\/tags?post=67226"}],"curies":[{"name":"wp","href":"https:\/\/api.w.org\/{rel}","templated":true}]}}