{"id":67163,"date":"2023-07-05T13:16:37","date_gmt":"2023-07-05T19:16:37","guid":{"rendered":"https:\/\/www.grieta.org.mx\/?p=67163"},"modified":"2023-07-08T14:30:43","modified_gmt":"2023-07-08T20:30:43","slug":"yucatan-hay-acercamiento-con-las-autoridades-pero-no-hay-soluciones-avisan-docentes-inconformes-de-la-utm-en-merida","status":"publish","type":"post","link":"https:\/\/www.grieta.org.mx\/index.php\/2023\/07\/05\/yucatan-hay-acercamiento-con-las-autoridades-pero-no-hay-soluciones-avisan-docentes-inconformes-de-la-utm-en-merida\/","title":{"rendered":"Yucat\u00e1n| &#8220;Hay acercamiento con las autoridades, pero no hay soluciones&#8221;, avisan docentes inconformes de la UTM en M\u00e9rida"},"content":{"rendered":"<p> Itzel Chan \/ Noticaribe<\/p>\n<p>M\u00c9RIDA, MX.- Despu\u00e9s de dos d\u00edas de protestas ante peticiones de condiciones dignas, docentes de la Universidad Tecnol\u00f3gica Metropolitana (UTM), afirman que ya hay acercamiento con las autoridades, pero no soluciones, por lo tanto, seguir\u00e1n insistiendo.<\/p>\n<p>Una de las personas que acudi\u00f3 tras la manifestaci\u00f3n reciente fue el Secretario de Innovaci\u00f3n Investigaci\u00f3n y Educaci\u00f3n Superior (SIIES), Mauricio C\u00e1mara Leal, quien escuch\u00f3 sus peticiones y dijo que analizar\u00e1 la situaci\u00f3n.<\/p>\n<p>Sin embargo, las y los docentes compartieron que han considerado armar un sindicato de la UTM que sirva como respaldo en sus peticiones.<\/p>\n<p>Sumado a ello, insistieron en que es necesario que cuenten con prestaciones laborales y salarios dignos.<\/p>\n<p>\u201cNecesitamos saber tambi\u00e9n qui\u00e9n es verdaderamente nuestro patr\u00f3n, si el Gobierno Federal o el Estatal. Ya hay acercamiento con las autoridades, pero no soluciones\u201d, se\u00f1al\u00f3 una de las docentes manifestantes.<\/p>\n<p>Los docentes insistieron en que el aumento anunciado por el gobernador Mauricio Vila Dosal les corresponde, adem\u00e1s de recordar que necesitan condiciones dignas.<\/p>\n<p>Mauricio C\u00e1mara les solicit\u00f3 un censo de los desperfectos en la universidad para conocer si es posible generar un recurso necesario para ello.<\/p>\n<p>Sobre la petici\u00f3n de contar con Seguro Social, el secretario les coment\u00f3 que no est\u00e1 en sus manos que se les brinde el mismo y de considerarlo necesario, invit\u00f3 a los docentes a establecer una demanda legal para exigir esta prestaci\u00f3n.<\/p>\n<p>Sin embargo, los docentes le pidieron que busque el di\u00e1logo con el Gobierno del Estado para que esto sea posible.<\/p>\n<p>\u201cCreemos que si se puede crear una ley para dar una pensi\u00f3n vitalicia a un miembro del gobierno por su labor \u2018heroica\u2019 (Ley Said\u00e9n), entonces, \u00bfpor qu\u00e9 no promover una ley en beneficio de los profesores de las universidades tecnol\u00f3gicas del estado? Quiz\u00e1 les falta heroicidad a los profesores que durante la pandemia nunca dejamos de atender a los alumnos, a\u00fan con las carencias y dificultades que esto represent\u00f3\u201d, se\u00f1al\u00f3 otro docente.<\/p>\n<p>Las y los docentes acordaron interrumpir las manifestaciones por ahora, pero esperan obtener las primeras respuestas pronto. <\/p>\n<p><a href=\"https:\/\/noticaribe.com.mx\/2023\/07\/05\/yucatan-hay-acercamiento-con-las-autoridades-pero-no-hay-soluciones-avisan-docentes-inconformes-de-la-utm-en-merida\/\" rel=\"noopener\" target=\"_blank\">https:\/\/noticaribe.com.mx\/2023\/07\/05\/yucatan-hay-acercamiento-con-las-autoridades-pero-no-hay-soluciones-avisan-docentes-inconformes-de-la-utm-en-merida\/<\/a><\/p>\n","protected":false},"excerpt":{"rendered":"<p>Itzel Chan \/ Noticaribe M\u00c9RIDA, MX.- Despu\u00e9s de dos d\u00edas de protestas ante peticiones de condiciones dignas, docentes de la Universidad Tecnol\u00f3gica Metropolitana (UTM), afirman que ya hay acercamiento con &hellip; <a href=\"https:\/\/www.grieta.org.mx\/index.php\/2023\/07\/05\/yucatan-hay-acercamiento-con-las-autoridades-pero-no-hay-soluciones-avisan-docentes-inconformes-de-la-utm-en-merida\/\" class=\"more-link\">Leer m\u00e1s<\/a><\/p>\n","protected":false},"author":2,"featured_media":67164,"comment_status":"closed","ping_status":"closed","sticky":false,"template":"","format":"standard","meta":{"ngg_post_thumbnail":0,"_jetpack_newsletter_access":"","_jetpack_dont_email_post_to_subs":false,"_jetpack_newsletter_tier_id":0,"_jetpack_memberships_contains_paywalled_content":false,"_jetpack_memberships_contains_paid_content":false,"footnotes":""},"categories":[80,1072,910,2,83,36],"tags":[634,2463,105,2841,180],"class_list":["post-67163","post","type-post","status-publish","format-standard","has-post-thumbnail","hentry","category-cintillo","category-conflictos-laborales-en-yucatan","category-explotacion-y-precariedad-laboral","category-noticias-nacionales","category-temas-nacionales","category-yucatan","tag-condiciones-laborales","tag-demandas-laborales","tag-derechos-laborales","tag-explotacion-y-precariedad-laboral","tag-protesta","entry"],"jetpack_featured_media_url":"https:\/\/www.grieta.org.mx\/wp-content\/uploads\/2023\/07\/ProtestaUt-e1688848067705.jpg","jetpack_sharing_enabled":true,"jetpack_shortlink":"https:\/\/wp.me\/p7ZJR4-hth","jetpack_likes_enabled":false,"jetpack-related-posts":[{"id":67187,"url":"https:\/\/www.grieta.org.mx\/index.php\/2023\/07\/14\/yucatan-las-autoridades-siguen-mudas-docentes-de-la-utm-amagan-con-tomar-medidas-mas-drasticas-para-ser-escuchados\/","url_meta":{"origin":67163,"position":0},"title":"Yucat\u00e1n | &#8220;Las autoridades siguen mudas&#8221;: Docentes de la UTM amagan con tomar medidas m\u00e1s dr\u00e1sticas para ser escuchados","author":"grieta","date":"14 julio, 2023","format":false,"excerpt":"Itzel Chan \/ Noticaribe M\u00c9RIDA, MX.- Las y los docentes de la Universidad Tecnol\u00f3gica Metropolitana (UTM) denuncian que sus peticiones no han sido escuchadas por parte de las autoridades educativas y ante tal motivo, advierten con tomar medidas m\u00e1s dr\u00e1sticas. \u201cLa autoridad sigue muda\u201d, denunciaron ante este medio de comunicaci\u00f3n\u2026","rel":"","context":"En &quot;CINTILLO&quot;","block_context":{"text":"CINTILLO","link":"https:\/\/www.grieta.org.mx\/index.php\/category\/cintillo\/"},"img":{"alt_text":"","src":"https:\/\/i0.wp.com\/www.grieta.org.mx\/wp-content\/uploads\/2023\/07\/Unacar3-e1689628835702.jpg?resize=350%2C200&ssl=1","width":350,"height":200,"srcset":"https:\/\/i0.wp.com\/www.grieta.org.mx\/wp-content\/uploads\/2023\/07\/Unacar3-e1689628835702.jpg?resize=350%2C200&ssl=1 1x, https:\/\/i0.wp.com\/www.grieta.org.mx\/wp-content\/uploads\/2023\/07\/Unacar3-e1689628835702.jpg?resize=525%2C300&ssl=1 1.5x, https:\/\/i0.wp.com\/www.grieta.org.mx\/wp-content\/uploads\/2023\/07\/Unacar3-e1689628835702.jpg?resize=700%2C400&ssl=1 2x"},"classes":[]},{"id":71828,"url":"https:\/\/www.grieta.org.mx\/index.php\/2025\/06\/10\/ahora-la-utm-se-une-al-paro-yucatan\/","url_meta":{"origin":67163,"position":1},"title":"Ahora la UTM se une al paro (Yucat\u00e1n)","author":"grieta","date":"10 junio, 2025","format":false,"excerpt":"Herbeth Escalante \/ Haz Ruido Los docentes y el personal administrativo exigen mejores condiciones laborales y mejorar la infraestructura para sus estudiantes M\u00e9rida, Yucat\u00e1n, 10 de junio de 2025.- Desde temprana hora, docentes y personal administrativo cerraron con candados las rejas de las instalaciones de la Universidad Tecnol\u00f3gica Metropolitana (UTM)\u2026","rel":"","context":"En &quot;CINTILLO&quot;","block_context":{"text":"CINTILLO","link":"https:\/\/www.grieta.org.mx\/index.php\/category\/cintillo\/"},"img":{"alt_text":"","src":"https:\/\/i0.wp.com\/www.grieta.org.mx\/wp-content\/uploads\/2025\/06\/Utm-e1749645096482.jpg?resize=350%2C200&ssl=1","width":350,"height":200,"srcset":"https:\/\/i0.wp.com\/www.grieta.org.mx\/wp-content\/uploads\/2025\/06\/Utm-e1749645096482.jpg?resize=350%2C200&ssl=1 1x, https:\/\/i0.wp.com\/www.grieta.org.mx\/wp-content\/uploads\/2025\/06\/Utm-e1749645096482.jpg?resize=525%2C300&ssl=1 1.5x, https:\/\/i0.wp.com\/www.grieta.org.mx\/wp-content\/uploads\/2025\/06\/Utm-e1749645096482.jpg?resize=700%2C400&ssl=1 2x"},"classes":[]},{"id":69101,"url":"https:\/\/www.grieta.org.mx\/index.php\/2024\/06\/04\/maestros-toman-instalaciones-de-la-seccion-33-del-snte-en-yucatan\/","url_meta":{"origin":67163,"position":2},"title":"Maestros toman instalaciones de la Secci\u00f3n 33 del SNTE en Yucat\u00e1n","author":"grieta","date":"4 junio, 2024","format":false,"excerpt":"Yazm\u00edn Rodr\u00edguez Galaz \/ El Universal M\u00e9rida.- Unos 60 profesores tomaron las instalaciones de la Secci\u00f3n 33 del Sindicato Nacional de los Trabajadores de la Educaci\u00f3n (SNTE), ubicado en la colonia Yucalpet\u00e9n de M\u00e9rida, para exigir el pago de la homologaci\u00f3n que prometi\u00f3 el presidente Andr\u00e9s Manuel L\u00f3pez Obrador desde\u2026","rel":"","context":"En &quot;CINTILLO&quot;","block_context":{"text":"CINTILLO","link":"https:\/\/www.grieta.org.mx\/index.php\/category\/cintillo\/"},"img":{"alt_text":"","src":"https:\/\/i0.wp.com\/www.grieta.org.mx\/wp-content\/uploads\/2024\/06\/Maestroe-e1717976976401.jpg?resize=350%2C200&ssl=1","width":350,"height":200,"srcset":"https:\/\/i0.wp.com\/www.grieta.org.mx\/wp-content\/uploads\/2024\/06\/Maestroe-e1717976976401.jpg?resize=350%2C200&ssl=1 1x, https:\/\/i0.wp.com\/www.grieta.org.mx\/wp-content\/uploads\/2024\/06\/Maestroe-e1717976976401.jpg?resize=525%2C300&ssl=1 1.5x, https:\/\/i0.wp.com\/www.grieta.org.mx\/wp-content\/uploads\/2024\/06\/Maestroe-e1717976976401.jpg?resize=700%2C400&ssl=1 2x"},"classes":[]},{"id":71779,"url":"https:\/\/www.grieta.org.mx\/index.php\/2025\/06\/02\/la-upy-se-une-a-las-huelgas-yucatan\/","url_meta":{"origin":67163,"position":3},"title":"La UPY se une a las huelgas (Yucat\u00e1n)","author":"grieta","date":"2 junio, 2025","format":false,"excerpt":"Redacci\u00f3n \/ Sol Yucat\u00e1n Contin\u00faan uni\u00e9ndose m\u00e1s centros educativos, personal docente y administrativo a las huelgas educacionales, y esta vez se trat\u00f3 de la Universidad Polit\u00e9cnica de Yucat\u00e1n (UPY). Los protestantes tomaron las instalaciones de forma simb\u00f3lica para que sus peticiones sean escuchadas y como demostraci\u00f3n de que apoyan la\u2026","rel":"","context":"En &quot;CINTILLO&quot;","block_context":{"text":"CINTILLO","link":"https:\/\/www.grieta.org.mx\/index.php\/category\/cintillo\/"},"img":{"alt_text":"","src":"https:\/\/i0.wp.com\/www.grieta.org.mx\/wp-content\/uploads\/2025\/06\/Upy.jpg?resize=350%2C200&ssl=1","width":350,"height":200,"srcset":"https:\/\/i0.wp.com\/www.grieta.org.mx\/wp-content\/uploads\/2025\/06\/Upy.jpg?resize=350%2C200&ssl=1 1x, https:\/\/i0.wp.com\/www.grieta.org.mx\/wp-content\/uploads\/2025\/06\/Upy.jpg?resize=525%2C300&ssl=1 1.5x, https:\/\/i0.wp.com\/www.grieta.org.mx\/wp-content\/uploads\/2025\/06\/Upy.jpg?resize=700%2C400&ssl=1 2x, https:\/\/i0.wp.com\/www.grieta.org.mx\/wp-content\/uploads\/2025\/06\/Upy.jpg?resize=1050%2C600&ssl=1 3x, https:\/\/i0.wp.com\/www.grieta.org.mx\/wp-content\/uploads\/2025\/06\/Upy.jpg?resize=1400%2C800&ssl=1 4x"},"classes":[]},{"id":71661,"url":"https:\/\/www.grieta.org.mx\/index.php\/2025\/05\/06\/paro-en-la-utm-por-recorte-de-horas-a-profesores-yucatan\/","url_meta":{"origin":67163,"position":4},"title":"Paro en la UTM por recorte de horas a profesores (Yucat\u00e1n)","author":"grieta","date":"6 mayo, 2025","format":false,"excerpt":"Haz Ruido Docentes y personal administrativo realizan una protesta de brazos ca\u00eddos para exigir estabilidad laboral, respeto a su antig\u00fcedad para una jubilaci\u00f3n digna y reducci\u00f3n de la tarifa del 15% para las cuotas del ISSTEY, lo que aseguran ha afectado la estabilidad econ\u00f3mica de al menos 400 familias. M\u00e9rida,\u2026","rel":"","context":"En &quot;CINTILLO&quot;","block_context":{"text":"CINTILLO","link":"https:\/\/www.grieta.org.mx\/index.php\/category\/cintillo\/"},"img":{"alt_text":"","src":"https:\/\/i0.wp.com\/www.grieta.org.mx\/wp-content\/uploads\/2025\/05\/ParoUTM-e1746638561475.jpg?resize=350%2C200&ssl=1","width":350,"height":200,"srcset":"https:\/\/i0.wp.com\/www.grieta.org.mx\/wp-content\/uploads\/2025\/05\/ParoUTM-e1746638561475.jpg?resize=350%2C200&ssl=1 1x, https:\/\/i0.wp.com\/www.grieta.org.mx\/wp-content\/uploads\/2025\/05\/ParoUTM-e1746638561475.jpg?resize=525%2C300&ssl=1 1.5x, https:\/\/i0.wp.com\/www.grieta.org.mx\/wp-content\/uploads\/2025\/05\/ParoUTM-e1746638561475.jpg?resize=700%2C400&ssl=1 2x"},"classes":[]},{"id":67042,"url":"https:\/\/www.grieta.org.mx\/index.php\/2023\/06\/22\/docentes-y-administrativos-de-bachillerato-exigen-mejores-condiciones-laborales-yucatan\/","url_meta":{"origin":67163,"position":5},"title":"Docentes y administrativos de bachillerato exigen mejores condiciones laborales (Yucat\u00e1n)","author":"grieta","date":"22 junio, 2023","format":false,"excerpt":"Haz Ruido Al menos 72 planteles del Colegio de Bachilleres, Conalep, Cecitey y Telebachillerato se quedaron sin clases pues sus trabajadores protestaron para que les reconozcan su antig\u00fcedad y puedan jubilarse. M\u00e9rida, Yucat\u00e1n, 22 de junio de 2023.-Trabajadores del Colegio de Bachilleres, Conalep, Cecitey y Telebachillerato en Yucat\u00e1n protestaron en\u2026","rel":"","context":"En &quot;CINTILLO&quot;","block_context":{"text":"CINTILLO","link":"https:\/\/www.grieta.org.mx\/index.php\/category\/cintillo\/"},"img":{"alt_text":"","src":"https:\/\/i0.wp.com\/www.grieta.org.mx\/wp-content\/uploads\/2023\/06\/Bach-e1687489553175.jpg?resize=350%2C200&ssl=1","width":350,"height":200,"srcset":"https:\/\/i0.wp.com\/www.grieta.org.mx\/wp-content\/uploads\/2023\/06\/Bach-e1687489553175.jpg?resize=350%2C200&ssl=1 1x, https:\/\/i0.wp.com\/www.grieta.org.mx\/wp-content\/uploads\/2023\/06\/Bach-e1687489553175.jpg?resize=525%2C300&ssl=1 1.5x, https:\/\/i0.wp.com\/www.grieta.org.mx\/wp-content\/uploads\/2023\/06\/Bach-e1687489553175.jpg?resize=700%2C400&ssl=1 2x"},"classes":[]}],"_links":{"self":[{"href":"https:\/\/www.grieta.org.mx\/index.php\/wp-json\/wp\/v2\/posts\/67163","targetHints":{"allow":["GET"]}}],"collection":[{"href":"https:\/\/www.grieta.org.mx\/index.php\/wp-json\/wp\/v2\/posts"}],"about":[{"href":"https:\/\/www.grieta.org.mx\/index.php\/wp-json\/wp\/v2\/types\/post"}],"author":[{"embeddable":true,"href":"https:\/\/www.grieta.org.mx\/index.php\/wp-json\/wp\/v2\/users\/2"}],"replies":[{"embeddable":true,"href":"https:\/\/www.grieta.org.mx\/index.php\/wp-json\/wp\/v2\/comments?post=67163"}],"version-history":[{"count":1,"href":"https:\/\/www.grieta.org.mx\/index.php\/wp-json\/wp\/v2\/posts\/67163\/revisions"}],"predecessor-version":[{"id":67165,"href":"https:\/\/www.grieta.org.mx\/index.php\/wp-json\/wp\/v2\/posts\/67163\/revisions\/67165"}],"wp:featuredmedia":[{"embeddable":true,"href":"https:\/\/www.grieta.org.mx\/index.php\/wp-json\/wp\/v2\/media\/67164"}],"wp:attachment":[{"href":"https:\/\/www.grieta.org.mx\/index.php\/wp-json\/wp\/v2\/media?parent=67163"}],"wp:term":[{"taxonomy":"category","embeddable":true,"href":"https:\/\/www.grieta.org.mx\/index.php\/wp-json\/wp\/v2\/categories?post=67163"},{"taxonomy":"post_tag","embeddable":true,"href":"https:\/\/www.grieta.org.mx\/index.php\/wp-json\/wp\/v2\/tags?post=67163"}],"curies":[{"name":"wp","href":"https:\/\/api.w.org\/{rel}","templated":true}]}}