{"id":67158,"date":"2023-07-05T12:43:53","date_gmt":"2023-07-05T18:43:53","guid":{"rendered":"https:\/\/www.grieta.org.mx\/?p=67158"},"modified":"2023-07-08T13:10:29","modified_gmt":"2023-07-08T19:10:29","slug":"localizan-sin-vida-al-activista-que-cuestionaba-pago-de-tierras-del-corredor-interoceanico-en-mixtequilla-oaxaca","status":"publish","type":"post","link":"https:\/\/www.grieta.org.mx\/index.php\/2023\/07\/05\/localizan-sin-vida-al-activista-que-cuestionaba-pago-de-tierras-del-corredor-interoceanico-en-mixtequilla-oaxaca\/","title":{"rendered":"Localizan sin vida al activista que cuestionaba pago de tierras del Corredor Interoce\u00e1nico en Mixtequilla, Oaxaca"},"content":{"rendered":"<p>Imagen: Ficha de b\u00fasqueda emitida para encontrar a Noel L\u00f3pez Gallegos &#8211; Pagina 3<\/p>\n<p>Diana Manzo \/ P\u00e1gina 3<\/p>\n<p>Mixtequilla, Oax.- Noel L\u00f3pez Gallegos, activista zapoteca de 52 a\u00f1os de edad, fue localizado sin vida la tarde de este martes, confirmaron las autoridades locales de este municipio asentado en el Istmo de Tehuantepec.<\/p>\n<p>Era integrante del grupo de Resistencia Civil Pac\u00edfica, que\u00a0<strong>cuestiona el pago por las tierras vendidas al Corredor Interoce\u00e1nico del Istmo de Tehuantepec (CIIT) en Mixtequilla, Oaxaca.<\/strong><\/p>\n<p>El defensor desapareci\u00f3 el pasado lunes, por lo que familiares y amigos activaron su b\u00fasqueda y denunciaron ante las autoridades de justicia.<\/p>\n<p>Por ello se emiti\u00f3 una ficha de No Localizaci\u00f3n.<\/p>\n<p>Amistades y familiares de Noel encabezaron adem\u00e1s bloqueos carreteros para exigir su aparici\u00f3n con vida<\/p>\n<p>A trav\u00e9s de un video, Juan Carlos Garc\u00eda Salud, presidente municipal de Santa Mar\u00eda Mixtequilla, confirm\u00f3 el hallazgo sin vida de Noel L\u00f3pez Gallegos.<\/p>\n<p>Personal de la Fiscal\u00eda del Estado acudi\u00f3 al barrio Esquipulas, donde fue localizado y ya investiga este homicidio.<\/p>\n<h5 class=\"p1\">Familiares y amigos informaron que L\u00f3pez Gallegos participaba activamente en la defensa de las tierras.<\/h5>\n<p>En reiteradas ocasiones cuestion\u00f3 el pago de 130 millones de pesos recibido por la comunidad agraria de Santa Mar\u00eda Mixtequilla, por venta de sus tierras.<\/p>\n<p>Era para construir uno de los cinco parques industriales a instalar en Oaxaca, de las obras del Corredor Interoce\u00e1nico del Istmo de Tehuantepec (CIIT).<\/p>\n<p class=\"p1\">Es uno de los proyectos estrella junto con el Tren Maya y la Refiner\u00eda Dos Bocas, del presidente Andr\u00e9s Manuel L\u00f3pez Obrador.<\/p>\n<p class=\"p1\">Aseguraron que el defensor estaba en contra de que el recurso se repartiera \u00fanicamente entre las y los comuneros y sus hijos.<\/p>\n<p class=\"p1\">Se\u00f1alaba que deber\u00eda compartirse entre los 4 mil ciudadanos que viven en este municipio ubicado en el Istmo de Tehuantepec, al sur de Oaxaca.<\/p>\n<p class=\"p1\">Al respecto, los comuneros en reiteradas ocasiones han dicho a trav\u00e9s de asambleas y en comunicados lo que marca la Ley Agraria.<\/p>\n<p class=\"p1\">Considera que los primeros beneficiarios ser\u00e1n quienes tienen derechos parcelarios, despu\u00e9s a los posesionarios.<\/p>\n<p class=\"p1\">Finalmente, la asamblea decidir\u00e1 si tambi\u00e9n se reparte y comparte entre la poblaci\u00f3n a trav\u00e9s de obras sociales.<\/p>\n<p class=\"p1\">Los 130 millones de pesos recibidos del gobierno federal como pago de sus tierras para la construcci\u00f3n del parque industrial se encuentran en el Fideicomiso del Fondo Nacional de Fomento Ejidal (Fifonafe), en espera de que la asamblea determine qu\u00e9 se har\u00e1 con el monto millonario.<\/p>\n<h4 class=\"p1\">**UCIZONI exige justicia**<\/h4>\n<p class=\"p1\">Ante este crimen, la Uni\u00f3n de Comunidades Ind\u00edgenas de la Zona Norte del Istmo de Tehuantepec (UCIZONI) conden\u00f3 el asesinato del defensor.<\/p>\n<p class=\"p1\">Reiter\u00f3 que era integrante de la Resistencia Civil Pac\u00edfica de Santa Mar\u00eda Mixtequilla.<\/p>\n<p class=\"p1\">\u201cEl compa\u00f1ero Noel L\u00f3pez hab\u00eda venido cuestionando los manejos relacionados con la creaci\u00f3n del Polo de Desarrollo Industrial que forma parte del Corredor Interoce\u00e1nico.<\/p>\n<p class=\"p1\">\u201cExigimos que se aplique todo el peso de la ley contra los autores materiales e intelectuales\u201d, se\u00f1alaron.<\/p>\n<p class=\"p1\">Por \u00faltimo, informaron en un comunicado que estar\u00e1n atentos a las investigaciones y resultados \u201cpues no puede quedar impune su asesinato\u201d.<\/p>\n<p class=\"p1\">De acuerdo con una investigaci\u00f3n del Colectivo EDUCA A.C, en Oaxaca el mayor peligro para personas defensoras son las autoridades locales.<\/p>\n<p class=\"p1\">La mayor\u00eda de ataques se registr\u00f3 en las regiones Costa y Mixteca.<\/p>\n<p class=\"p1\">\u201cLa violencia est\u00e1 alimentada por la complicidad entre poderes f\u00e1cticos y autoridades locales (emanados de todos los partidos y tambi\u00e9n del sistema normativo interno).\u201d, afirma.<\/p>\n<p class=\"p1\">Entre los temas con m\u00e1s riesgo,\u00a0<a href=\"https:\/\/pagina3.mx\/2022\/11\/exigen-justicia-por-activista-asesinado-opositor-al-interoceanico\/\" target=\"_blank\" rel=\"noopener\">en el sur del pa\u00eds se perfila la defensa del territorio\u00a0<\/a>frente inversiones y proyectos de desarrollo. En Oaxaca, cada tercera persona defensora asesinada defendi\u00f3 la tierra y el territorio. El 91% de ellos, pertenec\u00eda a un pueblo ind\u00edgena.<\/p>\n<p><a href=\"https:\/\/pagina3.mx\/2023\/07\/localizan-sin-vida-a-activista-cuestionaba-venta-de-tierras-al-interoceanico\/\">https:\/\/pagina3.mx\/2023\/07\/localizan-sin-vida-a-activista-cuestionaba-venta-de-tierras-al-interoceanico\/<\/a><\/p>\n","protected":false},"excerpt":{"rendered":"<p>Imagen: Ficha de b\u00fasqueda emitida para encontrar a Noel L\u00f3pez Gallegos &#8211; Pagina 3 Diana Manzo \/ P\u00e1gina 3 Mixtequilla, Oax.- Noel L\u00f3pez Gallegos, activista zapoteca de 52 a\u00f1os de &hellip; <a href=\"https:\/\/www.grieta.org.mx\/index.php\/2023\/07\/05\/localizan-sin-vida-al-activista-que-cuestionaba-pago-de-tierras-del-corredor-interoceanico-en-mixtequilla-oaxaca\/\" class=\"more-link\">Leer m\u00e1s<\/a><\/p>\n","protected":false},"author":2,"featured_media":67160,"comment_status":"closed","ping_status":"closed","sticky":false,"template":"","format":"standard","meta":{"ngg_post_thumbnail":0,"_jetpack_newsletter_access":"","_jetpack_dont_email_post_to_subs":false,"_jetpack_newsletter_tier_id":0,"_jetpack_memberships_contains_paywalled_content":false,"_jetpack_memberships_contains_paid_content":false,"footnotes":""},"categories":[80,1358,1708,1948,1605,1278,3,922,941,2,25,83],"tags":[2140,3614,2465,2311,96,3056,2231],"class_list":["post-67158","post","type-post","status-publish","format-standard","has-post-thumbnail","hentry","category-cintillo","category-conflictos-por-megaproyectos-en-oaxaca","category-corredor-del-istmo-de-tehuantepec","category-corredor-transistmico","category-despojo-de-tierras-en-oaxaca","category-despojo-de-tierras-y-territorios","category-megaproyectos","category-megaproyectos-estados","category-mp-oaxaca","category-noticias-nacionales","category-oaxaca","category-temas-nacionales","tag-asesinato-de-activistas","tag-corredor-interoceanico","tag-despojo-de-territorios-indigenas","tag-despojo-de-tierras","tag-megaproyectos","tag-transistmico","tag-violencia-por-megaproyectos","entry"],"jetpack_featured_media_url":"https:\/\/www.grieta.org.mx\/wp-content\/uploads\/2023\/07\/Acivista-Noel-Lopez-Gallegos.webp","jetpack_sharing_enabled":true,"jetpack_shortlink":"https:\/\/wp.me\/p7ZJR4-htc","jetpack_likes_enabled":false,"jetpack-related-posts":[{"id":65997,"url":"https:\/\/www.grieta.org.mx\/index.php\/2022\/12\/14\/ven-en-el-interoceanico-proyecto-de-saqueo-y-despojo-apiidtt-15-anos-de-lucha-y-resistencia-por-la-vida-oaxaca\/","url_meta":{"origin":67158,"position":0},"title":"Ven en el Interoce\u00e1nico proyecto de saqueo y despojo, APIIDTT 15 a\u00f1os de lucha y resistencia por la vida (Oaxaca)","author":"grieta","date":"14 diciembre, 2022","format":false,"excerpt":"Imagen: Cortes\u00eda Gerardo Valdivieso Parada \/ NVINoticias SAN BLAS ATEMPA, Oaxaca.- Integrantes de la Asamblea de los Pueblos Ind\u00edgenas del Istmo en Defensa de la Tierra y el Territorio (APIIDTT) conmemoraron 15 a\u00f1os \u201cen este caminar de lucha y resistencia por la defensa de la vida, tierra y territorio\u201d. En\u2026","rel":"","context":"En &quot;5. Istmo&quot;","block_context":{"text":"5. Istmo","link":"https:\/\/www.grieta.org.mx\/index.php\/category\/espejos-de-la-resistencia\/5-istmo\/"},"img":{"alt_text":"","src":"https:\/\/i0.wp.com\/www.grieta.org.mx\/wp-content\/uploads\/2022\/12\/proyecto_interoceanico.webp?resize=350%2C200&ssl=1","width":350,"height":200,"srcset":"https:\/\/i0.wp.com\/www.grieta.org.mx\/wp-content\/uploads\/2022\/12\/proyecto_interoceanico.webp?resize=350%2C200&ssl=1 1x, https:\/\/i0.wp.com\/www.grieta.org.mx\/wp-content\/uploads\/2022\/12\/proyecto_interoceanico.webp?resize=525%2C300&ssl=1 1.5x, https:\/\/i0.wp.com\/www.grieta.org.mx\/wp-content\/uploads\/2022\/12\/proyecto_interoceanico.webp?resize=700%2C400&ssl=1 2x"},"classes":[]},{"id":65676,"url":"https:\/\/www.grieta.org.mx\/index.php\/2022\/10\/28\/matan-a-comunero-y-atentan-contra-dirigente-del-colectivo-sol-rojo-en-el-istmo-oaxaqueno-ambos-opositores-del-corredor-interoceanico-oaxaca\/","url_meta":{"origin":67158,"position":1},"title":"Matan a comunero y atentan contra dirigente del colectivo \u201cSol Rojo\u201d en el Istmo oaxaque\u00f1o ; ambos opositores del corredor interoce\u00e1nico (Oaxaca)","author":"grieta","date":"28 octubre, 2022","format":false,"excerpt":"Imagen: Especial Diana Manzo \/ Agencia de Noticias IstmoPress #Tehuantepec 28 Oct (#Istmopress) \u2013 Ayer por la noche, Jes\u00fas Manuel Garc\u00eda Mart\u00ednez, comunero zapoteca de la comunidad agraria de Santa Cruz Tagolaba conocido tambi\u00e9n como \u201cChu Pau\u201d, fue asesinado por un grupo de personas armadas, quienes interrumpieron su domicilio en\u2026","rel":"","context":"En &quot;CINTILLO&quot;","block_context":{"text":"CINTILLO","link":"https:\/\/www.grieta.org.mx\/index.php\/category\/cintillo\/"},"img":{"alt_text":"","src":"https:\/\/i0.wp.com\/www.grieta.org.mx\/wp-content\/uploads\/2022\/11\/BSZASRZZ5NG2DO2KEHU5OFYRNI.webp?resize=350%2C200&ssl=1","width":350,"height":200,"srcset":"https:\/\/i0.wp.com\/www.grieta.org.mx\/wp-content\/uploads\/2022\/11\/BSZASRZZ5NG2DO2KEHU5OFYRNI.webp?resize=350%2C200&ssl=1 1x, https:\/\/i0.wp.com\/www.grieta.org.mx\/wp-content\/uploads\/2022\/11\/BSZASRZZ5NG2DO2KEHU5OFYRNI.webp?resize=525%2C300&ssl=1 1.5x, https:\/\/i0.wp.com\/www.grieta.org.mx\/wp-content\/uploads\/2022\/11\/BSZASRZZ5NG2DO2KEHU5OFYRNI.webp?resize=700%2C400&ssl=1 2x"},"classes":[]},{"id":65679,"url":"https:\/\/www.grieta.org.mx\/index.php\/2022\/11\/09\/marchan-en-oaxaca-para-exigir-justicia-por-activista-asesinado-que-se-opuso-al-interoceanico-oaxaca\/","url_meta":{"origin":67158,"position":2},"title":"Marchan en Oaxaca para exigir justicia por activista asesinado que se opuso al Interoce\u00e1nico (Oaxaca)","author":"grieta","date":"9 noviembre, 2022","format":false,"excerpt":"Imagen: Diana Manzo \/ Agencia de Noticias IstmoPress #Tehuantepec 09 Nov (#Istmopress) \u2013 Unos 500 integrantes del Frente de Organizaciones Oaxaque\u00f1as (Foro) marcharon en Tehuantepec, Oaxaca para exigir justicia por el asesinato del activista y comunero zapotea, Jes\u00fas Manuel Garc\u00eda Mart\u00ednez, ocurrido el pasado 27 de octubre. Tambi\u00e9n conocido como\u2026","rel":"","context":"En &quot;CINTILLO&quot;","block_context":{"text":"CINTILLO","link":"https:\/\/www.grieta.org.mx\/index.php\/category\/cintillo\/"},"img":{"alt_text":"","src":"https:\/\/i0.wp.com\/www.grieta.org.mx\/wp-content\/uploads\/2022\/11\/F0F99312-13C0-43F1-AD53-51254A5F415B-acb3ddb7-930x620-1.jpeg?resize=350%2C200&ssl=1","width":350,"height":200,"srcset":"https:\/\/i0.wp.com\/www.grieta.org.mx\/wp-content\/uploads\/2022\/11\/F0F99312-13C0-43F1-AD53-51254A5F415B-acb3ddb7-930x620-1.jpeg?resize=350%2C200&ssl=1 1x, https:\/\/i0.wp.com\/www.grieta.org.mx\/wp-content\/uploads\/2022\/11\/F0F99312-13C0-43F1-AD53-51254A5F415B-acb3ddb7-930x620-1.jpeg?resize=525%2C300&ssl=1 1.5x, https:\/\/i0.wp.com\/www.grieta.org.mx\/wp-content\/uploads\/2022\/11\/F0F99312-13C0-43F1-AD53-51254A5F415B-acb3ddb7-930x620-1.jpeg?resize=700%2C400&ssl=1 2x"},"classes":[]},{"id":66213,"url":"https:\/\/www.grieta.org.mx\/index.php\/2023\/02\/07\/amlo-decreta-expropiacion-de-tierras-en-el-istmo-para-construccion-de-parques-industriales-oaxaca\/","url_meta":{"origin":67158,"position":3},"title":"AMLO decreta expropiaci\u00f3n de tierras en el Istmo para construcci\u00f3n de parques industriales (Oaxaca)","author":"grieta","date":"7 febrero, 2023","format":false,"excerpt":"Imagen: Avispa Midia Redacci\u00f3n \/ Avispa Midia El pasado jueves 2 de febrero, el presidente de M\u00e9xico, Andr\u00e9s Manuel L\u00f3pez Obrador, public\u00f3 en el Diario Oficial de la Federaci\u00f3n (DOF) dos decretos que consolidan la expropiaci\u00f3n de 412 hect\u00e1reas de tierras comunales en\u00a0Ciudad Ixtepec\u00a0y de 502 en\u00a0Santa Mar\u00eda Mixtequilla, en\u2026","rel":"","context":"En &quot;CINTILLO&quot;","block_context":{"text":"CINTILLO","link":"https:\/\/www.grieta.org.mx\/index.php\/category\/cintillo\/"},"img":{"alt_text":"","src":"https:\/\/i0.wp.com\/www.grieta.org.mx\/wp-content\/uploads\/2023\/02\/Istmo.jpg?resize=350%2C200&ssl=1","width":350,"height":200,"srcset":"https:\/\/i0.wp.com\/www.grieta.org.mx\/wp-content\/uploads\/2023\/02\/Istmo.jpg?resize=350%2C200&ssl=1 1x, https:\/\/i0.wp.com\/www.grieta.org.mx\/wp-content\/uploads\/2023\/02\/Istmo.jpg?resize=525%2C300&ssl=1 1.5x, https:\/\/i0.wp.com\/www.grieta.org.mx\/wp-content\/uploads\/2023\/02\/Istmo.jpg?resize=700%2C400&ssl=1 2x"},"classes":[]},{"id":67028,"url":"https:\/\/www.grieta.org.mx\/index.php\/2023\/06\/15\/comunidad-indigena-binniza-de-puente-madera-detiene-polo-de-desarrollo-del-corredor-interoceanico-del-istmo-de-tehuantepec\/","url_meta":{"origin":67158,"position":4},"title":"Comunidad ind\u00edgena Binniza de Puente Madera detiene Polo de Desarrollo del Corredor Interoce\u00e1nico del Istmo de Tehuantepec (Oaxaca)","author":"grieta","date":"15 junio, 2023","format":false,"excerpt":"Imagen: P\u00e1gina 3 Pedro Mat\u00edas \/ P\u00e1gina 3 OAXACA, Oax. (pagina3.mx).- La comunidad ind\u00edgena Binniza de Puente Madera logr\u00f3 detener mediante un juicio de amparo el Polo de Desarrollo para el Bienestar en San Blas Atempa que pretende imponer el presidente Andr\u00e9s Manuel L\u00f3pez Obrador como parte del Corredor Interoce\u00e1nico\u2026","rel":"","context":"En &quot;5. Istmo&quot;","block_context":{"text":"5. Istmo","link":"https:\/\/www.grieta.org.mx\/index.php\/category\/espejos-de-la-resistencia\/5-istmo\/"},"img":{"alt_text":"","src":"https:\/\/i0.wp.com\/www.grieta.org.mx\/wp-content\/uploads\/2023\/06\/IMG_4332.webp?resize=350%2C200&ssl=1","width":350,"height":200,"srcset":"https:\/\/i0.wp.com\/www.grieta.org.mx\/wp-content\/uploads\/2023\/06\/IMG_4332.webp?resize=350%2C200&ssl=1 1x, https:\/\/i0.wp.com\/www.grieta.org.mx\/wp-content\/uploads\/2023\/06\/IMG_4332.webp?resize=525%2C300&ssl=1 1.5x"},"classes":[]},{"id":66947,"url":"https:\/\/www.grieta.org.mx\/index.php\/2023\/05\/18\/amenazan-de-muerte-a-dos-defensores-en-oaxaca-por-denunciar-al-cartel-del-despojo\/","url_meta":{"origin":67158,"position":5},"title":"Amenazan de muerte a dos defensores en Oaxaca por denunciar al cartel del despojo","author":"grieta","date":"18 mayo, 2023","format":false,"excerpt":"Imagen: Diana Manzo Dos defensores del territorio en el Istmo de Tehuantepec recibieron amenaza por \u00abel c\u00e1rtel del despojo\u00bb, un grupo que arrebata tierras de uso com\u00fan para, presuntamente, entregarlas a las obras del Corredor Interoce\u00e1nico Diana Manzo \u00cftsmo Express \/ Pie de P\u00e1gina OAXACA. \u2013 Elliot Escobar G\u00f3mez y\u2026","rel":"","context":"En &quot;CINTILLO&quot;","block_context":{"text":"CINTILLO","link":"https:\/\/www.grieta.org.mx\/index.php\/category\/cintillo\/"},"img":{"alt_text":"","src":"https:\/\/i0.wp.com\/www.grieta.org.mx\/wp-content\/uploads\/2023\/05\/defensor_oaxaca_amenazas_Diana_manzo.jpg?resize=350%2C200&ssl=1","width":350,"height":200,"srcset":"https:\/\/i0.wp.com\/www.grieta.org.mx\/wp-content\/uploads\/2023\/05\/defensor_oaxaca_amenazas_Diana_manzo.jpg?resize=350%2C200&ssl=1 1x, https:\/\/i0.wp.com\/www.grieta.org.mx\/wp-content\/uploads\/2023\/05\/defensor_oaxaca_amenazas_Diana_manzo.jpg?resize=525%2C300&ssl=1 1.5x, https:\/\/i0.wp.com\/www.grieta.org.mx\/wp-content\/uploads\/2023\/05\/defensor_oaxaca_amenazas_Diana_manzo.jpg?resize=700%2C400&ssl=1 2x"},"classes":[]}],"_links":{"self":[{"href":"https:\/\/www.grieta.org.mx\/index.php\/wp-json\/wp\/v2\/posts\/67158","targetHints":{"allow":["GET"]}}],"collection":[{"href":"https:\/\/www.grieta.org.mx\/index.php\/wp-json\/wp\/v2\/posts"}],"about":[{"href":"https:\/\/www.grieta.org.mx\/index.php\/wp-json\/wp\/v2\/types\/post"}],"author":[{"embeddable":true,"href":"https:\/\/www.grieta.org.mx\/index.php\/wp-json\/wp\/v2\/users\/2"}],"replies":[{"embeddable":true,"href":"https:\/\/www.grieta.org.mx\/index.php\/wp-json\/wp\/v2\/comments?post=67158"}],"version-history":[{"count":1,"href":"https:\/\/www.grieta.org.mx\/index.php\/wp-json\/wp\/v2\/posts\/67158\/revisions"}],"predecessor-version":[{"id":67162,"href":"https:\/\/www.grieta.org.mx\/index.php\/wp-json\/wp\/v2\/posts\/67158\/revisions\/67162"}],"wp:featuredmedia":[{"embeddable":true,"href":"https:\/\/www.grieta.org.mx\/index.php\/wp-json\/wp\/v2\/media\/67160"}],"wp:attachment":[{"href":"https:\/\/www.grieta.org.mx\/index.php\/wp-json\/wp\/v2\/media?parent=67158"}],"wp:term":[{"taxonomy":"category","embeddable":true,"href":"https:\/\/www.grieta.org.mx\/index.php\/wp-json\/wp\/v2\/categories?post=67158"},{"taxonomy":"post_tag","embeddable":true,"href":"https:\/\/www.grieta.org.mx\/index.php\/wp-json\/wp\/v2\/tags?post=67158"}],"curies":[{"name":"wp","href":"https:\/\/api.w.org\/{rel}","templated":true}]}}