{"id":67154,"date":"2023-07-05T12:13:01","date_gmt":"2023-07-05T18:13:01","guid":{"rendered":"https:\/\/www.grieta.org.mx\/?p=67154"},"modified":"2023-07-08T12:22:05","modified_gmt":"2023-07-08T18:22:05","slug":"san-lucas-evangelista-madres-buscadoras-de-jalisco-acusan-obstaculos-de-la-fiscalia","status":"publish","type":"post","link":"https:\/\/www.grieta.org.mx\/index.php\/2023\/07\/05\/san-lucas-evangelista-madres-buscadoras-de-jalisco-acusan-obstaculos-de-la-fiscalia\/","title":{"rendered":"San Lucas Evangelista: Madres Buscadoras de Jalisco acusan obst\u00e1culos de la Fiscal\u00eda"},"content":{"rendered":"<p>Imagen: Francisco Rodr\u00edguez- El Occidental \/ Personal de la Fiscal\u00eda del Estado atraves\u00f3 la retroexcavadora para evitar que las mujeres pudieran observar los trabajos a la distancia<\/p>\n<p>Rom\u00e1n Ortega \/ El Occidental<\/p>\n<p>Integrantes del colectivo <b>Madres Buscadoras de Jalisco<\/b>\u00a0est\u00e1n inconformes y molesta con la falta de informaci\u00f3n por parte del personal de la<b>\u00a0Fiscal\u00eda del Estado\u00a0<\/b>que est\u00e1 trabajando en la fosa clandestina ubicada en las inmediaciones del poblado de San Lucas Evangelista, en\u00a0<b>Tlajomulco de Z\u00fa\u00f1iga<\/b>, y que fue localizada por dicho colectivo la tarde del martes.<\/p>\n<p>En una transmisi\u00f3n realizada a trav\u00e9s de su p\u00e1gina de Facebook se\u00f1alan que el Ministerio P\u00fablico ha puesto trabas y viola sus derechos al no darles informaci\u00f3n sobre el n\u00famero de bolsas o cuerpos que han exhumado.<\/p>\n<p>&#8220;No nos han dado informaci\u00f3n de cu\u00e1ntos cuerpos se est\u00e1n sacando, de que est\u00e1n acordonando un \u00e1rea que es federal. Nos limitan y no nos han querido dar informaci\u00f3n de cu\u00e1ntos cuerpos llevan, cu\u00e1ntas bolsas son. O sea, ellos nos est\u00e1n limitando demasiado&#8221;, se\u00f1ala una de las integrantes del colectivo a trav\u00e9s de la transmisi\u00f3n.<\/p>\n<p>A pesar de que fueron las madres buscadoras las que encontraron esta fosa la tarde del martes, y que desde temprana hora llegaron al lugar para seguir con los trabajos, soportando los rayos del sol, el personal de la Fiscal\u00eda del Estado atraves\u00f3 la retroexcavadora para evitar que las mujeres pudieran observar los trabajos a la distancia.<\/p>\n<p>&#8220;Nos est\u00e1n poniendo muchas trabas para estar nosotros adentro y ver el trabajo que est\u00e1n llevando a cabo en su momento. El trabajo que hicimos nosotros, ponen la m\u00e1quina para que no podamos ver los cuerpos que se han levantado, pedimos informaci\u00f3n y no nos dicen&#8221;, recrimin\u00f3 en la transmisi\u00f3n una de las madres buscadoras.<\/p>\n<p>Los agentes investigadores y los peritos de Ciencias Forenses llevaron un equipo de georradar para la detecci\u00f3n de cuerpos sepultados, pero el colectivo se\u00f1al\u00f3 que este no fue utilizado para la b\u00fasqueda de m\u00e1s cuerpos.<\/p>\n<p>&#8220;Trajeron georradar, el cual no hicieron uso de \u00e9l, no hicieron uso de \u00e9l, entonces \u00bfa qu\u00e9 vinimos?&#8221;.<\/p>\n<p>Ante esta situaci\u00f3n, afirman que en nuevas b\u00fasquedas est\u00e1n dispuestos a realizar la b\u00fasqueda por su propia cuenta y avisar a las autoridades hasta descartar la presencia de cuerpos.<\/p>\n<p>&#8220;Nos est\u00e1n orillando a hacer las cosas a la manera pues romper los protocolos y cada vez que sacamos una fosa lo \u00fanico que vamos a hacer es tratar de sacar los cuerpos que se puedan y rescatarlos y hasta que descartemos todo lo que tengamos que sacar, entonces le vamos a hablar a la autoridad porque nosotros estamos haciendo su trabajo&#8221;.<\/p>\n<p><a href=\"https:\/\/www.eloccidental.com.mx\/policiaca\/san-lucas-evangelista-madres-buscadoras-de-jalisco-acusan-obstaculos-de-la-fiscalia-10327290.html\">https:\/\/www.eloccidental.com.mx\/policiaca\/san-lucas-evangelista-madres-buscadoras-de-jalisco-acusan-obstaculos-de-la-fiscalia-10327290.html<\/a><\/p>\n","protected":false},"excerpt":{"rendered":"<p>Imagen: Francisco Rodr\u00edguez- El Occidental \/ Personal de la Fiscal\u00eda del Estado atraves\u00f3 la retroexcavadora para evitar que las mujeres pudieran observar los trabajos a la distancia Rom\u00e1n Ortega \/ &hellip; <a href=\"https:\/\/www.grieta.org.mx\/index.php\/2023\/07\/05\/san-lucas-evangelista-madres-buscadoras-de-jalisco-acusan-obstaculos-de-la-fiscalia\/\" class=\"more-link\">Leer m\u00e1s<\/a><\/p>\n","protected":false},"author":2,"featured_media":67155,"comment_status":"closed","ping_status":"closed","sticky":false,"template":"","format":"standard","meta":{"ngg_post_thumbnail":0,"_jetpack_newsletter_access":"","_jetpack_dont_email_post_to_subs":false,"_jetpack_newsletter_tier_id":0,"_jetpack_memberships_contains_paywalled_content":false,"_jetpack_memberships_contains_paid_content":false,"footnotes":""},"categories":[80,87,1032,20,2,83],"tags":[4005,1828,3018,121,1668,3660,856,3975,3793],"class_list":["post-67154","post","type-post","status-publish","format-standard","has-post-thumbnail","hentry","category-cintillo","category-desaparecidos","category-desaparecidos-en-jalisco","category-jalisco","category-noticias-nacionales","category-temas-nacionales","tag-agresiones-a-defensores-y-activistas","tag-busqueda-de-desaparecidos","tag-colectivos-de-busqueda-de-desaparecidos","tag-desaparecidos","tag-familiares-de-desaparecidos","tag-fiscalia","tag-fosas-clandestinas","tag-madres-de-desaparecidos","tag-represion-contra-familiares-de-desaparecidos","entry"],"jetpack_featured_media_url":"https:\/\/www.grieta.org.mx\/wp-content\/uploads\/2023\/07\/Fosa-Clandestina-San-Lucas-Evangelista.jpg","jetpack_sharing_enabled":true,"jetpack_shortlink":"https:\/\/wp.me\/p7ZJR4-ht8","jetpack_likes_enabled":false,"jetpack-related-posts":[{"id":64600,"url":"https:\/\/www.grieta.org.mx\/index.php\/2022\/07\/20\/condiciona-fiscalia-busqueda-de-desaparecidos-no-quieren-la-participacion-de-colectivos-denuncian-madres-buscadoras-jalisco\/","url_meta":{"origin":67154,"position":0},"title":"Condiciona Fiscal\u00eda b\u00fasqueda de desaparecidos; no quieren la participaci\u00f3n de colectivos denuncian madres buscadoras (Jalisco, Sonora)","author":"grieta","date":"20 julio, 2022","format":false,"excerpt":"Imagen: Especial Lauro Rodr\u00edguez \/ El Diario NTR Las Madres Buscadoras de Sonora acusaron que la Fiscal\u00eda del Estado condicion\u00f3 la b\u00fasqueda en campo. Mencion\u00f3 que se niegan a acompa\u00f1ar acciones colectivas. Ceci Patricia Flores Armenta, lideresa del colectivo Madres Buscadoras de Sonora, mencion\u00f3 que extendieron su estancia en Jalisco\u2026","rel":"","context":"En &quot;CINTILLO&quot;","block_context":{"text":"CINTILLO","link":"https:\/\/www.grieta.org.mx\/index.php\/category\/cintillo\/"},"img":{"alt_text":"","src":"https:\/\/i0.wp.com\/www.grieta.org.mx\/wp-content\/uploads\/2022\/07\/2022-07-20_10-07-27___612.png?resize=350%2C200&ssl=1","width":350,"height":200,"srcset":"https:\/\/i0.wp.com\/www.grieta.org.mx\/wp-content\/uploads\/2022\/07\/2022-07-20_10-07-27___612.png?resize=350%2C200&ssl=1 1x, https:\/\/i0.wp.com\/www.grieta.org.mx\/wp-content\/uploads\/2022\/07\/2022-07-20_10-07-27___612.png?resize=525%2C300&ssl=1 1.5x, https:\/\/i0.wp.com\/www.grieta.org.mx\/wp-content\/uploads\/2022\/07\/2022-07-20_10-07-27___612.png?resize=700%2C400&ssl=1 2x"},"classes":[]},{"id":64065,"url":"https:\/\/www.grieta.org.mx\/index.php\/2022\/04\/22\/suman-21-fosas-clandestinas-localizadas-en-jalisco-este-2022-jalisco\/","url_meta":{"origin":67154,"position":1},"title":"Suman 21 fosas clandestinas localizadas en Jalisco este 2022 (Jalisco)","author":"grieta","date":"22 abril, 2022","format":false,"excerpt":"Foto: Rom\u00e1n Ortega - El Occidental En lo que va del a\u00f1o colectivos que buscan a\u00a0personas desaparecidas\u00a0y la Fiscal\u00eda del Estado\u00a0han localizado\u00a021 fosas clandestinas, la mayor\u00eda de ellas en la\u00a0Zona Metropolitana de Guadalajara. Los puntos con mayor n\u00famero de v\u00edctimas se ubicaron en Chulavista, con 45 durante la primera jornada\u2026","rel":"","context":"En &quot;CINTILLO&quot;","block_context":{"text":"CINTILLO","link":"https:\/\/www.grieta.org.mx\/index.php\/category\/cintillo\/"},"img":{"alt_text":"","src":"https:\/\/i0.wp.com\/www.grieta.org.mx\/wp-content\/uploads\/2022\/04\/21-fosas-clandestinas-en-el-Estado.jpeg?resize=350%2C200&ssl=1","width":350,"height":200,"srcset":"https:\/\/i0.wp.com\/www.grieta.org.mx\/wp-content\/uploads\/2022\/04\/21-fosas-clandestinas-en-el-Estado.jpeg?resize=350%2C200&ssl=1 1x, https:\/\/i0.wp.com\/www.grieta.org.mx\/wp-content\/uploads\/2022\/04\/21-fosas-clandestinas-en-el-Estado.jpeg?resize=525%2C300&ssl=1 1.5x, https:\/\/i0.wp.com\/www.grieta.org.mx\/wp-content\/uploads\/2022\/04\/21-fosas-clandestinas-en-el-Estado.jpeg?resize=700%2C400&ssl=1 2x"},"classes":[]},{"id":63948,"url":"https:\/\/www.grieta.org.mx\/index.php\/2022\/04\/05\/madres-buscadoras-seguiran-en-jalisco-denuncian-amenazas-y-falta-de-interes-de-la-fiscalia-jalisco\/","url_meta":{"origin":67154,"position":2},"title":"Madres Buscadoras seguir\u00e1n en Jalisco; denuncian amenazas y falta de inter\u00e9s de la Fiscal\u00eda (Jalisco)","author":"grieta","date":"5 abril, 2022","format":false,"excerpt":"Foto; Cortes\u00eda Madres Buscadoras de Sonora Elizabeth Ibal\/ El Occidental La segunda brigada de Madres Buscadoras de Sonora, Jalisco y de algunas otras entidades de la Rep\u00fablica sigue activa. En su quinto d\u00eda de labores los colectivos denuncian amenazas por parte de la Polic\u00eda de Tlajomulco, as\u00ed como desinter\u00e9s de\u2026","rel":"","context":"En &quot;CINTILLO&quot;","block_context":{"text":"CINTILLO","link":"https:\/\/www.grieta.org.mx\/index.php\/category\/cintillo\/"},"img":{"alt_text":"","src":"https:\/\/i0.wp.com\/www.grieta.org.mx\/wp-content\/uploads\/2022\/04\/Madres-Buscadoras.jpg?resize=350%2C200&ssl=1","width":350,"height":200,"srcset":"https:\/\/i0.wp.com\/www.grieta.org.mx\/wp-content\/uploads\/2022\/04\/Madres-Buscadoras.jpg?resize=350%2C200&ssl=1 1x, https:\/\/i0.wp.com\/www.grieta.org.mx\/wp-content\/uploads\/2022\/04\/Madres-Buscadoras.jpg?resize=525%2C300&ssl=1 1.5x, https:\/\/i0.wp.com\/www.grieta.org.mx\/wp-content\/uploads\/2022\/04\/Madres-Buscadoras.jpg?resize=700%2C400&ssl=1 2x"},"classes":[]},{"id":64105,"url":"https:\/\/www.grieta.org.mx\/index.php\/2022\/04\/25\/madres-buscadoras-de-sonora-y-jalisco-retomaron-por-tercera-ocasion-la-busqueda-de-desaparecidos-en-chulavista-jalisco\/","url_meta":{"origin":67154,"position":3},"title":"Madres buscadoras de Sonora y Jalisco retomaron por tercera ocasi\u00f3n la b\u00fasqueda de desaparecidos en Chulavista  (Jalisco)","author":"grieta","date":"25 abril, 2022","format":false,"excerpt":"Foto: Rom\u00e1n Ortega Rom\u00e1n Ortega \/ El Occidental En esta ocasi\u00f3n lo hicieron en cuatro fincas abandonadas de la etapa 3 del mencionado desarrollo habitacional. En una de las fincas, ubicada en la calle Silao al cruce con Tula, localizaron restos humanos. El hallazgo se dio en el patio trasero\u2026","rel":"","context":"En &quot;CINTILLO&quot;","block_context":{"text":"CINTILLO","link":"https:\/\/www.grieta.org.mx\/index.php\/category\/cintillo\/"},"img":{"alt_text":"","src":"https:\/\/i0.wp.com\/www.grieta.org.mx\/wp-content\/uploads\/2022\/05\/Madres-buscadoras-encuentran-cuerpos-en-Chulavista.jpg?resize=350%2C200&ssl=1","width":350,"height":200,"srcset":"https:\/\/i0.wp.com\/www.grieta.org.mx\/wp-content\/uploads\/2022\/05\/Madres-buscadoras-encuentran-cuerpos-en-Chulavista.jpg?resize=350%2C200&ssl=1 1x, https:\/\/i0.wp.com\/www.grieta.org.mx\/wp-content\/uploads\/2022\/05\/Madres-buscadoras-encuentran-cuerpos-en-Chulavista.jpg?resize=525%2C300&ssl=1 1.5x, https:\/\/i0.wp.com\/www.grieta.org.mx\/wp-content\/uploads\/2022\/05\/Madres-buscadoras-encuentran-cuerpos-en-Chulavista.jpg?resize=700%2C400&ssl=1 2x"},"classes":[]},{"id":49366,"url":"https:\/\/www.grieta.org.mx\/index.php\/2020\/05\/09\/madres-de-desaparecidos-se-manifestaron-para-exigir-su-localizacion-jalisco\/","url_meta":{"origin":67154,"position":4},"title":"Madres de desaparecidos se manifestaron para exigir su localizaci\u00f3n (Jalisco)","author":"grieta","date":"9 mayo, 2020","format":false,"excerpt":"Foto: Cortes\u00eda Fundej Elizabeth Ibal \/ El Occidental Para decenas de mujeres no hay nada qu\u00e9 festejar en este D\u00eda de las Madres, ya que sus hijos les fueron arrebatados y hasta ahora nada se sabe de su paradero. Para que su causa no sea olvidada, madres de familia de\u2026","rel":"","context":"En &quot;CINTILLO&quot;","block_context":{"text":"CINTILLO","link":"https:\/\/www.grieta.org.mx\/index.php\/category\/cintillo\/"},"img":{"alt_text":"","src":"https:\/\/i0.wp.com\/www.grieta.org.mx\/wp-content\/uploads\/2020\/05\/Madres-de-manifestaci%C3%B3n.jpg?resize=350%2C200&ssl=1","width":350,"height":200,"srcset":"https:\/\/i0.wp.com\/www.grieta.org.mx\/wp-content\/uploads\/2020\/05\/Madres-de-manifestaci%C3%B3n.jpg?resize=350%2C200&ssl=1 1x, https:\/\/i0.wp.com\/www.grieta.org.mx\/wp-content\/uploads\/2020\/05\/Madres-de-manifestaci%C3%B3n.jpg?resize=525%2C300&ssl=1 1.5x, https:\/\/i0.wp.com\/www.grieta.org.mx\/wp-content\/uploads\/2020\/05\/Madres-de-manifestaci%C3%B3n.jpg?resize=700%2C400&ssl=1 2x"},"classes":[]},{"id":65220,"url":"https:\/\/www.grieta.org.mx\/index.php\/2022\/09\/14\/madres-buscadoras-comparten-su-labor-con-estudiantes-jalisco\/","url_meta":{"origin":67154,"position":5},"title":"Madres Buscadoras comparten su labor con estudiantes (Jalisco)","author":"grieta","date":"14 septiembre, 2022","format":false,"excerpt":"Imagen: Especial Lauro Rodr\u00edguez \/ El Diario NTR Las Madres Buscadoras, previo a continuar con sus actividades de b\u00fasqueda en campo en el municipio de Tlajomulco de Z\u00fa\u00f1iga, acudieron a la Universidad CLEU para compartir con los estudiantes la labor que realizan. En distintas ocasiones, estudiantes de licenciaturas enfocadas al\u2026","rel":"","context":"En &quot;CINTILLO&quot;","block_context":{"text":"CINTILLO","link":"https:\/\/www.grieta.org.mx\/index.php\/category\/cintillo\/"},"img":{"alt_text":"","src":"https:\/\/i0.wp.com\/www.grieta.org.mx\/wp-content\/uploads\/2022\/09\/2022-09-14_12-09-15___5557.jpg?resize=350%2C200&ssl=1","width":350,"height":200,"srcset":"https:\/\/i0.wp.com\/www.grieta.org.mx\/wp-content\/uploads\/2022\/09\/2022-09-14_12-09-15___5557.jpg?resize=350%2C200&ssl=1 1x, https:\/\/i0.wp.com\/www.grieta.org.mx\/wp-content\/uploads\/2022\/09\/2022-09-14_12-09-15___5557.jpg?resize=525%2C300&ssl=1 1.5x, https:\/\/i0.wp.com\/www.grieta.org.mx\/wp-content\/uploads\/2022\/09\/2022-09-14_12-09-15___5557.jpg?resize=700%2C400&ssl=1 2x"},"classes":[]}],"_links":{"self":[{"href":"https:\/\/www.grieta.org.mx\/index.php\/wp-json\/wp\/v2\/posts\/67154","targetHints":{"allow":["GET"]}}],"collection":[{"href":"https:\/\/www.grieta.org.mx\/index.php\/wp-json\/wp\/v2\/posts"}],"about":[{"href":"https:\/\/www.grieta.org.mx\/index.php\/wp-json\/wp\/v2\/types\/post"}],"author":[{"embeddable":true,"href":"https:\/\/www.grieta.org.mx\/index.php\/wp-json\/wp\/v2\/users\/2"}],"replies":[{"embeddable":true,"href":"https:\/\/www.grieta.org.mx\/index.php\/wp-json\/wp\/v2\/comments?post=67154"}],"version-history":[{"count":1,"href":"https:\/\/www.grieta.org.mx\/index.php\/wp-json\/wp\/v2\/posts\/67154\/revisions"}],"predecessor-version":[{"id":67156,"href":"https:\/\/www.grieta.org.mx\/index.php\/wp-json\/wp\/v2\/posts\/67154\/revisions\/67156"}],"wp:featuredmedia":[{"embeddable":true,"href":"https:\/\/www.grieta.org.mx\/index.php\/wp-json\/wp\/v2\/media\/67155"}],"wp:attachment":[{"href":"https:\/\/www.grieta.org.mx\/index.php\/wp-json\/wp\/v2\/media?parent=67154"}],"wp:term":[{"taxonomy":"category","embeddable":true,"href":"https:\/\/www.grieta.org.mx\/index.php\/wp-json\/wp\/v2\/categories?post=67154"},{"taxonomy":"post_tag","embeddable":true,"href":"https:\/\/www.grieta.org.mx\/index.php\/wp-json\/wp\/v2\/tags?post=67154"}],"curies":[{"name":"wp","href":"https:\/\/api.w.org\/{rel}","templated":true}]}}