{"id":67129,"date":"2023-07-06T21:09:00","date_gmt":"2023-07-07T03:09:00","guid":{"rendered":"https:\/\/www.grieta.org.mx\/?p=67129"},"modified":"2023-07-06T21:09:00","modified_gmt":"2023-07-07T03:09:00","slug":"bacalar-los-olvidados-que-va-dejando-el-despojo-del-tren-maya-quintana-roo","status":"publish","type":"post","link":"https:\/\/www.grieta.org.mx\/index.php\/2023\/07\/06\/bacalar-los-olvidados-que-va-dejando-el-despojo-del-tren-maya-quintana-roo\/","title":{"rendered":"Bacalar: los olvidados que va dejando el despojo del Tren Maya (Quintana Roo)"},"content":{"rendered":"<p>Renata Bessi \/ Avispa Midia<\/p>\n<p>En portada: Mar\u00eda Dolores y su esposo en su hogar, a pocos pasos del trazo del tramo 6 del Tren Maya. Foto: Santiago Navarro F<\/p>\n<p>Bacalar, en el estado de Quintana Roo, fundada por los mayas en el a\u00f1o 415 d.c., fue uno de los principales centros de resistencia del pueblo Maya contra la colonizaci\u00f3n espa\u00f1ola. Hoy, los vestigios monumentales de la antigua ciudad maya de Ichkabal, los m\u00e1s antiguos de esta civilizaci\u00f3n que se conocen hasta ahora, y su Laguna de Siete Colores atraen turistas de diversas partes del mundo, quienes ocupan los hoteles y restaurantes que forman una especie de muralla alrededor de la laguna, restringiendo su acceso a los que pueden consumir los diversos servicios.<\/p>\n<p>A unos pocos kil\u00f3metros del alboroto tur\u00edstico, el equipo de Avispa M\u00eddia se intern\u00f3 por peque\u00f1as brechas en el bosque tropical, que a\u00fan sobrevive en las orillas del municipio, para encontrarse con el trazado por donde pasar\u00e1 el Tren Maya, la megaobra estrella del gobierno de Andr\u00e9s Manuel L\u00f3pez Obrador. Este proyecto \u201cfortalecer\u00e1 la integraci\u00f3n de cadenas productivas en la pen\u00ednsula de Yucat\u00e1n\u201d, seg\u00fan argumentan los documentos oficiales del gobierno, y atraer\u00e1 a\u00fan m\u00e1s turistas para la regi\u00f3n, a pesar de los cortes frecuentes de energ\u00eda, la falta de agua y el drenaje colapsado.<\/p>\n<p>Despu\u00e9s de caminar alrededor de quince minutos, aparece una gran brecha de 60 metros de ancho con una largura que parece infinita. A las orillas yace parte de la vegetaci\u00f3n moribunda, el resto fue retirado hacia un paradero desconocido. La brecha fue rellenada con una capa de arcilla arenosa conocida como sascab y compactada m\u00e1s de una vez. Todo est\u00e1 listo para la siguiente fase que es el tendido de las v\u00edas, los durmientes y el balasto que cargar\u00e1 los vagones del tren que cruzar\u00e1 por esta regi\u00f3n.<\/p>\n<p><img loading=\"lazy\" decoding=\"async\" data-attachment-id=\"67131\" data-permalink=\"https:\/\/www.grieta.org.mx\/index.php\/2023\/07\/06\/bacalar-los-olvidados-que-va-dejando-el-despojo-del-tren-maya-quintana-roo\/bacalar2-2\/\" data-orig-file=\"https:\/\/www.grieta.org.mx\/wp-content\/uploads\/2023\/07\/Bacalar2-e1688697992648.jpg\" data-orig-size=\"800,529\" data-comments-opened=\"0\" data-image-meta=\"{&quot;aperture&quot;:&quot;0&quot;,&quot;credit&quot;:&quot;&quot;,&quot;camera&quot;:&quot;&quot;,&quot;caption&quot;:&quot;&quot;,&quot;created_timestamp&quot;:&quot;0&quot;,&quot;copyright&quot;:&quot;&quot;,&quot;focal_length&quot;:&quot;0&quot;,&quot;iso&quot;:&quot;0&quot;,&quot;shutter_speed&quot;:&quot;0&quot;,&quot;title&quot;:&quot;&quot;,&quot;orientation&quot;:&quot;1&quot;}\" data-image-title=\"Bacalar2\" data-image-description=\"\" data-image-caption=\"\" data-medium-file=\"https:\/\/www.grieta.org.mx\/wp-content\/uploads\/2023\/07\/Bacalar2-e1688697992648-300x198.jpg\" data-large-file=\"https:\/\/www.grieta.org.mx\/wp-content\/uploads\/2023\/07\/Bacalar2-1024x677.jpg\" src=\"http:\/\/www.grieta.org.mx\/wp-content\/uploads\/2023\/07\/Bacalar2-e1688697992648.jpg\" alt=\"\" width=\"800\" height=\"529\" class=\"alignnone size-full wp-image-67131\" srcset=\"https:\/\/www.grieta.org.mx\/wp-content\/uploads\/2023\/07\/Bacalar2-e1688697992648.jpg 800w, https:\/\/www.grieta.org.mx\/wp-content\/uploads\/2023\/07\/Bacalar2-e1688697992648-300x198.jpg 300w, https:\/\/www.grieta.org.mx\/wp-content\/uploads\/2023\/07\/Bacalar2-e1688697992648-768x508.jpg 768w\" sizes=\"auto, (max-width: 800px) 100vw, 800px\" \/><br \/>\nM\u00e1quinas de ingenieros militares avanzan con la construcci\u00f3n del tramo 6 del tren maya. Foto: Aldo Santiago<\/p>\n<p>De pronto, a lo largo de la brecha, aparece una humilde casa, como si hubiera bloqueado la l\u00ednea recta del desmonte. Sobrevivi\u00f3 al ir y venir de la maquinaria pesada que devast\u00f3 miles de \u00e1rboles a su paso. La casa pertenece a una mujer maya llamada Mar\u00eda Dolores Olvera Chi, de 38 a\u00f1os, donde vive con su familia, su esposo y dos hijos, desde hace12 a\u00f1os.<\/p>\n<p><img loading=\"lazy\" decoding=\"async\" data-attachment-id=\"67132\" data-permalink=\"https:\/\/www.grieta.org.mx\/index.php\/2023\/07\/06\/bacalar-los-olvidados-que-va-dejando-el-despojo-del-tren-maya-quintana-roo\/bacalar3-2\/\" data-orig-file=\"https:\/\/www.grieta.org.mx\/wp-content\/uploads\/2023\/07\/Bacalar3.jpg\" data-orig-size=\"802,586\" data-comments-opened=\"0\" data-image-meta=\"{&quot;aperture&quot;:&quot;0&quot;,&quot;credit&quot;:&quot;&quot;,&quot;camera&quot;:&quot;&quot;,&quot;caption&quot;:&quot;&quot;,&quot;created_timestamp&quot;:&quot;0&quot;,&quot;copyright&quot;:&quot;&quot;,&quot;focal_length&quot;:&quot;0&quot;,&quot;iso&quot;:&quot;0&quot;,&quot;shutter_speed&quot;:&quot;0&quot;,&quot;title&quot;:&quot;&quot;,&quot;orientation&quot;:&quot;1&quot;}\" data-image-title=\"Bacalar3\" data-image-description=\"\" data-image-caption=\"\" data-medium-file=\"https:\/\/www.grieta.org.mx\/wp-content\/uploads\/2023\/07\/Bacalar3-300x219.jpg\" data-large-file=\"https:\/\/www.grieta.org.mx\/wp-content\/uploads\/2023\/07\/Bacalar3.jpg\" src=\"http:\/\/www.grieta.org.mx\/wp-content\/uploads\/2023\/07\/Bacalar3.jpg\" alt=\"\" width=\"802\" height=\"586\" class=\"alignnone size-full wp-image-67132\" srcset=\"https:\/\/www.grieta.org.mx\/wp-content\/uploads\/2023\/07\/Bacalar3.jpg 802w, https:\/\/www.grieta.org.mx\/wp-content\/uploads\/2023\/07\/Bacalar3-300x219.jpg 300w, https:\/\/www.grieta.org.mx\/wp-content\/uploads\/2023\/07\/Bacalar3-768x561.jpg 768w\" sizes=\"auto, (max-width: 802px) 100vw, 802px\" \/><br \/>\nCasa de Mar\u00eda y su familia. Foto: Santiago Navarro F<br \/>\n<img loading=\"lazy\" decoding=\"async\" data-attachment-id=\"67133\" data-permalink=\"https:\/\/www.grieta.org.mx\/index.php\/2023\/07\/06\/bacalar-los-olvidados-que-va-dejando-el-despojo-del-tren-maya-quintana-roo\/bacalar4-2\/\" data-orig-file=\"https:\/\/www.grieta.org.mx\/wp-content\/uploads\/2023\/07\/Bacalar4.jpg\" data-orig-size=\"802,596\" data-comments-opened=\"0\" data-image-meta=\"{&quot;aperture&quot;:&quot;0&quot;,&quot;credit&quot;:&quot;&quot;,&quot;camera&quot;:&quot;&quot;,&quot;caption&quot;:&quot;&quot;,&quot;created_timestamp&quot;:&quot;0&quot;,&quot;copyright&quot;:&quot;&quot;,&quot;focal_length&quot;:&quot;0&quot;,&quot;iso&quot;:&quot;0&quot;,&quot;shutter_speed&quot;:&quot;0&quot;,&quot;title&quot;:&quot;&quot;,&quot;orientation&quot;:&quot;1&quot;}\" data-image-title=\"Bacalar4\" data-image-description=\"\" data-image-caption=\"\" data-medium-file=\"https:\/\/www.grieta.org.mx\/wp-content\/uploads\/2023\/07\/Bacalar4-300x223.jpg\" data-large-file=\"https:\/\/www.grieta.org.mx\/wp-content\/uploads\/2023\/07\/Bacalar4.jpg\" src=\"http:\/\/www.grieta.org.mx\/wp-content\/uploads\/2023\/07\/Bacalar4.jpg\" alt=\"\" width=\"802\" height=\"596\" class=\"alignnone size-full wp-image-67133\" srcset=\"https:\/\/www.grieta.org.mx\/wp-content\/uploads\/2023\/07\/Bacalar4.jpg 802w, https:\/\/www.grieta.org.mx\/wp-content\/uploads\/2023\/07\/Bacalar4-300x223.jpg 300w, https:\/\/www.grieta.org.mx\/wp-content\/uploads\/2023\/07\/Bacalar4-768x571.jpg 768w\" sizes=\"auto, (max-width: 802px) 100vw, 802px\" \/><br \/>\nDeforestaci\u00f3n causada por el trazo del tramo 6 del proyecto tren maya. Foto: Santiago Navarro F<\/p>\n<p>La resistencia de esta familia es lo que a\u00fan mantiene la casa en pie. \u201cA nosotros nos quieren sacar de nuestro hogar bajo amenazas. Vienen personas y nos amenazan para que salgamos, nos dicen que van a reubicarnos, que agarremos lo m\u00e1s necesario de nuestras cosas y que nos van a llevar\u201d, cuenta Mar\u00eda para Avispa M\u00eddia, sosteniendo que personas del propio Ejido de Bacalar y, otras veces, personas que no se identifican son quienes les amedrentan.<\/p>\n<p>Un d\u00eda despu\u00e9s que el equipo de este reportaje estuvo con Mar\u00eda y su esposo, personas vestidas de militares fueron a su casa amenaz\u00e1ndoles nuevamente con que se retiraran. Pero ella afirma que va a defender hasta las \u00faltimas consecuencias estas tierras.<\/p>\n<div class=\"jetpack-video-wrapper\"><iframe loading=\"lazy\" title=\"Bacalar: los olvidados que va dejando el despojo del Tren Maya\" width=\"1170\" height=\"658\" src=\"https:\/\/www.youtube.com\/embed\/eM-8FkHHah4?feature=oembed\" frameborder=\"0\" allow=\"accelerometer; autoplay; clipboard-write; encrypted-media; gyroscope; picture-in-picture; web-share\" referrerpolicy=\"strict-origin-when-cross-origin\" allowfullscreen><\/iframe><\/div>\n<p>No obstante, este gran proyecto avanza a marchas forzadas. Esta regi\u00f3n comprende el tramo 6, previsto para estar listo para operar a finales de 2023. Es uno de los tres tramos del Tren Maya que est\u00e1n bajo administraci\u00f3n de la Secretar\u00eda de la Defensa Nacional (Sedena).<\/p>\n<blockquote><p>El tramo 6 del Tren Maya posee una longitud de 250.84 km y 4.66 km de gaza de conexi\u00f3n con el Tramo 7, dando un total de 255.50 km, entre las ciudades de Tulum y Chetumal, en Quintana Roo. La l\u00ednea ferroviaria es de doble v\u00eda, considerada para tr\u00e1fico mixto, de pasajeros y de carga. Las locomotoras viajar\u00e1n a velocidades m\u00e1ximas de 160 km\/h para trenes de viajeros y m\u00ednima de 85 km\/h para los trenes de mercanc\u00edas. Pasar\u00e1 por las poblaciones de Nuevo Progreso, Pedro Antonio Santos, Limones, Miguel Hidalgo y Costilla, San Isidro de la Laguna, Buenavista, Caan Lumil, Bacalar, Aar\u00f3n Merino y Cuauht\u00e9moc, mismas que integran la regi\u00f3n prioritaria de influencia del proyecto ferroviario.<\/p>\n<p>El proyecto suma una superficie de 1,582.13 has., de acuerdo con estudio de Greenpeace, sin considerar otras obras vinculadas, como pasos vehiculares, obras de drenaje, campamentos, centros de acopio y subestaciones. El Tren Maya, en sus siete tramos, tendr\u00e1 un recorrido de mil 525 kil\u00f3metros, pasar\u00e1 por los estados de Chiapas, Tabasco, Campeche, Yucat\u00e1n y Quintana Roo.<\/p><\/blockquote>\n<p>\u201cA nosotros nadie nos avis\u00f3, nadie nos notific\u00f3 sobre las obras del tren. Un d\u00eda, hace cuatro meses, nos despertamos y vimos que personas estaban derrumbando los \u00e1rboles. Nos acercamos para preguntar porque estaban derrumbando y fue cuando la gente que estaba trabajando nos dijo que iba a pasar el tren\u201d, se acuerda Mar\u00eda con gran tristeza.<\/p>\n<p><img loading=\"lazy\" decoding=\"async\" data-attachment-id=\"67134\" data-permalink=\"https:\/\/www.grieta.org.mx\/index.php\/2023\/07\/06\/bacalar-los-olvidados-que-va-dejando-el-despojo-del-tren-maya-quintana-roo\/bacalar5-2\/\" data-orig-file=\"https:\/\/www.grieta.org.mx\/wp-content\/uploads\/2023\/07\/Bacalar5-e1688698589975.jpg\" data-orig-size=\"800,539\" data-comments-opened=\"0\" data-image-meta=\"{&quot;aperture&quot;:&quot;0&quot;,&quot;credit&quot;:&quot;&quot;,&quot;camera&quot;:&quot;&quot;,&quot;caption&quot;:&quot;&quot;,&quot;created_timestamp&quot;:&quot;0&quot;,&quot;copyright&quot;:&quot;&quot;,&quot;focal_length&quot;:&quot;0&quot;,&quot;iso&quot;:&quot;0&quot;,&quot;shutter_speed&quot;:&quot;0&quot;,&quot;title&quot;:&quot;&quot;,&quot;orientation&quot;:&quot;1&quot;}\" data-image-title=\"Bacalar5\" data-image-description=\"\" data-image-caption=\"\" data-medium-file=\"https:\/\/www.grieta.org.mx\/wp-content\/uploads\/2023\/07\/Bacalar5-e1688698589975-300x202.jpg\" data-large-file=\"https:\/\/www.grieta.org.mx\/wp-content\/uploads\/2023\/07\/Bacalar5-1024x690.jpg\" src=\"http:\/\/www.grieta.org.mx\/wp-content\/uploads\/2023\/07\/Bacalar5-e1688698589975.jpg\" alt=\"\" width=\"800\" height=\"539\" class=\"alignnone size-full wp-image-67134\" srcset=\"https:\/\/www.grieta.org.mx\/wp-content\/uploads\/2023\/07\/Bacalar5-e1688698589975.jpg 800w, https:\/\/www.grieta.org.mx\/wp-content\/uploads\/2023\/07\/Bacalar5-e1688698589975-300x202.jpg 300w, https:\/\/www.grieta.org.mx\/wp-content\/uploads\/2023\/07\/Bacalar5-e1688698589975-768x517.jpg 768w\" sizes=\"auto, (max-width: 800px) 100vw, 800px\" \/><br \/>\nFoto: Renata Bessi<\/p>\n<p>Un d\u00eda, sin pedir permiso, llegaron a mover la cerca que delimita la propiedad de Mar\u00eda. \u201cSalimos a hacer compras, cuando regresamos hab\u00edan movido la cerca, disminuyendo nuestras tierras. Mi esposo la puso nuevamente\u201d, cuenta esta mujer Maya. Mientras, sus vecinas fueron abandonando sus predios una a una. \u201cQui\u00e9n sabe para d\u00f3nde fueron. No sabemos\u201d, agrega Mar\u00eda.<\/p>\n<p>Trabajan d\u00eda y noche en la construcci\u00f3n de la v\u00eda. Deforestaron toda el \u00e1rea. Tumbaron todo lo que hab\u00eda, rasparon la tierra negra, caracter\u00edstica del bosque tropical, y trajeron una tierra de color amarillo claro, rellenaron y aplanaron la v\u00eda. Cerca de la casa de Mar\u00eda, alrededor de un kil\u00f3metro, est\u00e1 la construcci\u00f3n de lo que est\u00e1 previsto para ser la estaci\u00f3n de pasajeros de Bacalar.<\/p>\n<p>Cuando Mar\u00eda se dio cuenta de lo que significaba el proyecto que se desarrolla frente a su vivienda, inmediatamente se dirigi\u00f3 a la casa ejidal de Bacalar. \u201cNosotros compramos las tierras del ejido. Tenemos papeles firmados y sellados por ellos (los ejidatarios). Como compramos de ellos ten\u00edan la responsabilidad de notificarnos. Ten\u00edamos todo el derecho de saber lo que se avecinaba\u201d, comparte Mar\u00eda con cierta rabia.<\/p>\n<p><img loading=\"lazy\" decoding=\"async\" data-attachment-id=\"67135\" data-permalink=\"https:\/\/www.grieta.org.mx\/index.php\/2023\/07\/06\/bacalar-los-olvidados-que-va-dejando-el-despojo-del-tren-maya-quintana-roo\/bacalar6-2\/\" data-orig-file=\"https:\/\/www.grieta.org.mx\/wp-content\/uploads\/2023\/07\/Bacalar6-e1688698699635.jpg\" data-orig-size=\"800,263\" data-comments-opened=\"0\" data-image-meta=\"{&quot;aperture&quot;:&quot;0&quot;,&quot;credit&quot;:&quot;&quot;,&quot;camera&quot;:&quot;&quot;,&quot;caption&quot;:&quot;&quot;,&quot;created_timestamp&quot;:&quot;0&quot;,&quot;copyright&quot;:&quot;&quot;,&quot;focal_length&quot;:&quot;0&quot;,&quot;iso&quot;:&quot;0&quot;,&quot;shutter_speed&quot;:&quot;0&quot;,&quot;title&quot;:&quot;&quot;,&quot;orientation&quot;:&quot;1&quot;}\" data-image-title=\"Bacalar6\" data-image-description=\"\" data-image-caption=\"\" data-medium-file=\"https:\/\/www.grieta.org.mx\/wp-content\/uploads\/2023\/07\/Bacalar6-e1688698699635-300x99.jpg\" data-large-file=\"https:\/\/www.grieta.org.mx\/wp-content\/uploads\/2023\/07\/Bacalar6-1024x336.jpg\" src=\"http:\/\/www.grieta.org.mx\/wp-content\/uploads\/2023\/07\/Bacalar6-e1688698699635.jpg\" alt=\"\" width=\"800\" height=\"263\" class=\"alignnone size-full wp-image-67135\" srcset=\"https:\/\/www.grieta.org.mx\/wp-content\/uploads\/2023\/07\/Bacalar6-e1688698699635.jpg 800w, https:\/\/www.grieta.org.mx\/wp-content\/uploads\/2023\/07\/Bacalar6-e1688698699635-300x99.jpg 300w, https:\/\/www.grieta.org.mx\/wp-content\/uploads\/2023\/07\/Bacalar6-e1688698699635-768x252.jpg 768w\" sizes=\"auto, (max-width: 800px) 100vw, 800px\" \/><\/p>\n<p>Tampoco los intentos hechos por la familia directamente en la casa ejidal han resultado en la apertura de un canal de di\u00e1logo. \u201cNo hay ninguna comunicaci\u00f3n. Ellos se cierran a nuestras preguntas. No se prestan para hablar con nosotros, se nos cierran las puertas. Nos dan vueltas. Dicen cosas, pero no hay una respuesta concreta. Nos tratan con la punta del pie\u201d, agrega Mar\u00eda.<\/p>\n<p>Mar\u00eda y su familia no piensan en salir de su casa. \u201cEstamos firmes. No queremos dinero, tampoco queremos ir a otro lugar. Esta casa tiene un valor muy especial. Empezamos de cero. Primero con una casa de maderita y fuimos luchando poquito a poquito. Es muy triste ver todo esto que, de repente, vengan y te digan, no, pues tienen que salir de tu casa\u201d y, adem\u00e1s, \u201cdestruyen nuestros arbolitos, alejan a los animalitos que aqu\u00ed viv\u00edan, como las guacamayas, los loritos, los venaditos, el jaguar\u201d.<\/p>\n<p>La mayor parte del bosque que se destruy\u00f3 es conformada por \u201carbolitos como estos\u201d, exclama Mar\u00eda al se\u00f1alar una Ceiba, que a\u00fan sobrevive en su patio. Es considerado por el pueblo Maya como el \u00e1rbol divino, el de la vida. \u201cEs el \u00e1rbol que nos conecta con los dioses\u201d, comparte con certeza.<\/p>\n<blockquote><p>De los 1,582.13 has. que suma la superficie del proyecto, 92.22% es considerado como terreno forestal para cambio de uso de suelo. Alrededor de 1,388 hect\u00e1reas son de Selva Mediana Subperennifolia, 48.0989 hect\u00e1reas son consideradas como terrenos forestales que sostienen vegetaci\u00f3n del tipo Selva Baja Subperennifolia, as\u00ed mismo se consideran 15.3584 hect\u00e1reas de Tular y 6.6751 hect\u00e1reas de Manglar.<\/p><\/blockquote>\n<p>\u00bfQu\u00e9 pas\u00f3 con las tierras?<\/p>\n<p>Las tierras para el proyecto fueron vendidas por el Ejido Bacalar al gobierno federal. Fueron consideradas de utilidad p\u00fablica y expropiadas. El decreto fue publicado recientemente, el 26 de junio de 2023, en el Diario Oficial de la Federaci\u00f3n, junto con otros cinco decretos de expropiaci\u00f3n en favor de Fonatur Tren Maya SA de CV, que inciden en tierras de otros cinco ejidos del municipio de Bacalar y uno en el municipio de Oth\u00f3n P. Blanco.<\/p>\n<p>De acuerdo con el decreto de expropiaci\u00f3n, el 9 de julio de 2022, en asamblea general, los 167 ejidatarios del Ejido Bacalar aprobaron el convenio de ocupaci\u00f3n previa con Fonatur, respecto de las tierras de uso com\u00fan que comprenden la superficie de 56 hect\u00e1reas, 80 \u00e1reas y 44 centi\u00e1reas.<\/p>\n<p>El 14 de septiembre de 2022, Fonatur solicit\u00f3 a la Secretar\u00eda de Desarrollo Agrario, Territorial y Urbano (Sedatu), la expropiaci\u00f3n, por causa de utilidad p\u00fablica.<\/p>\n<p><img loading=\"lazy\" decoding=\"async\" data-attachment-id=\"67136\" data-permalink=\"https:\/\/www.grieta.org.mx\/index.php\/2023\/07\/06\/bacalar-los-olvidados-que-va-dejando-el-despojo-del-tren-maya-quintana-roo\/bacalar7-2\/\" data-orig-file=\"https:\/\/www.grieta.org.mx\/wp-content\/uploads\/2023\/07\/Bacalar7-e1688698810773.jpg\" data-orig-size=\"800,171\" data-comments-opened=\"0\" data-image-meta=\"{&quot;aperture&quot;:&quot;0&quot;,&quot;credit&quot;:&quot;&quot;,&quot;camera&quot;:&quot;&quot;,&quot;caption&quot;:&quot;&quot;,&quot;created_timestamp&quot;:&quot;0&quot;,&quot;copyright&quot;:&quot;&quot;,&quot;focal_length&quot;:&quot;0&quot;,&quot;iso&quot;:&quot;0&quot;,&quot;shutter_speed&quot;:&quot;0&quot;,&quot;title&quot;:&quot;&quot;,&quot;orientation&quot;:&quot;1&quot;}\" data-image-title=\"Bacalar7\" data-image-description=\"\" data-image-caption=\"\" data-medium-file=\"https:\/\/www.grieta.org.mx\/wp-content\/uploads\/2023\/07\/Bacalar7-e1688698810773-300x64.jpg\" data-large-file=\"https:\/\/www.grieta.org.mx\/wp-content\/uploads\/2023\/07\/Bacalar7-1024x219.jpg\" src=\"http:\/\/www.grieta.org.mx\/wp-content\/uploads\/2023\/07\/Bacalar7-e1688698810773.jpg\" alt=\"\" width=\"800\" height=\"171\" class=\"alignnone size-full wp-image-67136\" srcset=\"https:\/\/www.grieta.org.mx\/wp-content\/uploads\/2023\/07\/Bacalar7-e1688698810773.jpg 800w, https:\/\/www.grieta.org.mx\/wp-content\/uploads\/2023\/07\/Bacalar7-e1688698810773-300x64.jpg 300w, https:\/\/www.grieta.org.mx\/wp-content\/uploads\/2023\/07\/Bacalar7-e1688698810773-768x164.jpg 768w\" sizes=\"auto, (max-width: 800px) 100vw, 800px\" \/><\/p>\n<p>A los integrantes del comisariado del Ejido Bacalar se les notific\u00f3 el 11 de febrero de 2023, la solicitud de expropiaci\u00f3n y la superficie a expropiar. De acuerdo al documento, se les inform\u00f3 que contaban con 10 d\u00edas h\u00e1biles para que \u201cmanifestaran lo que a sus intereses conviniera\u201d. En dicho plazo no realizaron manifestaciones.<\/p>\n<p>El Instituto de Administraci\u00f3n y Aval\u00faos de Bienes Nacionales (Indaabin) emiti\u00f3, el 21 de diciembre del 2022, una evaluaci\u00f3n en la cual determin\u00f3 que el monto total de indemnizaci\u00f3n, con base en el valor comercial, asciende a $150 millones y 276 mil pesos.<br \/>\nVa porque va<\/p>\n<p>El ejidatario Luis Chimal Balam, autoridad agraria que estuvo al frente de las negociaciones con el gobierno federal, dijo para el equipo de Avispa M\u00eddia que el pago por las tierras ya fue realizado. \u201cNos pagaron lo que pedimos\u201d, comenta.<\/p>\n<p><img loading=\"lazy\" decoding=\"async\" data-attachment-id=\"67137\" data-permalink=\"https:\/\/www.grieta.org.mx\/index.php\/2023\/07\/06\/bacalar-los-olvidados-que-va-dejando-el-despojo-del-tren-maya-quintana-roo\/bacalar8-2\/\" data-orig-file=\"https:\/\/www.grieta.org.mx\/wp-content\/uploads\/2023\/07\/Bacalar8-e1688698901540.jpg\" data-orig-size=\"800,534\" data-comments-opened=\"0\" data-image-meta=\"{&quot;aperture&quot;:&quot;0&quot;,&quot;credit&quot;:&quot;&quot;,&quot;camera&quot;:&quot;&quot;,&quot;caption&quot;:&quot;&quot;,&quot;created_timestamp&quot;:&quot;0&quot;,&quot;copyright&quot;:&quot;&quot;,&quot;focal_length&quot;:&quot;0&quot;,&quot;iso&quot;:&quot;0&quot;,&quot;shutter_speed&quot;:&quot;0&quot;,&quot;title&quot;:&quot;&quot;,&quot;orientation&quot;:&quot;1&quot;}\" data-image-title=\"Bacalar8\" data-image-description=\"\" data-image-caption=\"\" data-medium-file=\"https:\/\/www.grieta.org.mx\/wp-content\/uploads\/2023\/07\/Bacalar8-e1688698901540-300x200.jpg\" data-large-file=\"https:\/\/www.grieta.org.mx\/wp-content\/uploads\/2023\/07\/Bacalar8-1024x684.jpg\" src=\"http:\/\/www.grieta.org.mx\/wp-content\/uploads\/2023\/07\/Bacalar8-e1688698901540.jpg\" alt=\"\" width=\"800\" height=\"534\" class=\"alignnone size-full wp-image-67137\" srcset=\"https:\/\/www.grieta.org.mx\/wp-content\/uploads\/2023\/07\/Bacalar8-e1688698901540.jpg 800w, https:\/\/www.grieta.org.mx\/wp-content\/uploads\/2023\/07\/Bacalar8-e1688698901540-300x200.jpg 300w, https:\/\/www.grieta.org.mx\/wp-content\/uploads\/2023\/07\/Bacalar8-e1688698901540-768x513.jpg 768w\" sizes=\"auto, (max-width: 800px) 100vw, 800px\" \/><br \/>\nFoto: Renata Bessi<\/p>\n<p>El ejidatario se acuerda que, en el inicio de las negociaciones, en 2020, el gobierno federal envi\u00f3 al ejido a varios representantes de diversas instancias gubernamentales. \u201cIncluso un teniente fue enviado para negociar. Nos dijo que iban a depositar el dinero de la expropiaci\u00f3n en el banco. Nos dijo: \u00b4cuando ustedes quieran lo pueden cobrar, y si no lo quieren, no lo cobren. El tren va a pasar, porque va a pasar\u00b4\u201d, se acuerda.<\/p>\n<p>Entonces, \u201cles dijimos que estaban equivocados, que no era as\u00ed, que nos iban a dar lo que nosotros pidi\u00e9ramos; no porque somos gente humilde nos van a venir a humillar, no se equivoquen, les dijimos\u201d.<\/p>\n<p>As\u00ed que se abri\u00f3 un proceso de negociaci\u00f3n de cuatro reuniones, \u201chasta llegar a un arreglo\u201d.<\/p>\n<p>El ejidatario admite que el Tren Maya \u201cno nos va a beneficiar; nos dijeron que iba a dar trabajo a la gente del pueblo, no hubo nada\u201d.<br \/>\nSin acuerdo<\/p>\n<p>Uno de los puntos que los ejidatarios quisieron negociar con el gobierno federal, sin lograrlo, como moneda de cambio para el avance del Tren Maya, fue que se resolviera el litigio en que se encuentran 368 hect\u00e1reas en torno a la Laguna de los Siete Colores.<\/p>\n<p>En 1971, se decretaron 368 hect\u00e1reas de las tierras del ejido, que est\u00e1n alrededor de la Laguna, a favor del gobierno del Estado. Y el gobierno las vendi\u00f3, \u201cpara puros pol\u00edticos y funcionarios de gobierno\u201d, lo que permiti\u00f3 la privatizaci\u00f3n de gran parte de las orillas de la Laguna. Los ejidatarios han metido demandas para recuperar las tierras, \u201cpero han salido sentencias negativas\u201d.<\/p>\n<p><img loading=\"lazy\" decoding=\"async\" data-attachment-id=\"67138\" data-permalink=\"https:\/\/www.grieta.org.mx\/index.php\/2023\/07\/06\/bacalar-los-olvidados-que-va-dejando-el-despojo-del-tren-maya-quintana-roo\/bacalar9-2\/\" data-orig-file=\"https:\/\/www.grieta.org.mx\/wp-content\/uploads\/2023\/07\/Bacalar9-e1688699005935.jpg\" data-orig-size=\"800,593\" data-comments-opened=\"0\" data-image-meta=\"{&quot;aperture&quot;:&quot;0&quot;,&quot;credit&quot;:&quot;&quot;,&quot;camera&quot;:&quot;&quot;,&quot;caption&quot;:&quot;&quot;,&quot;created_timestamp&quot;:&quot;0&quot;,&quot;copyright&quot;:&quot;&quot;,&quot;focal_length&quot;:&quot;0&quot;,&quot;iso&quot;:&quot;0&quot;,&quot;shutter_speed&quot;:&quot;0&quot;,&quot;title&quot;:&quot;&quot;,&quot;orientation&quot;:&quot;1&quot;}\" data-image-title=\"Bacalar9\" data-image-description=\"\" data-image-caption=\"\" data-medium-file=\"https:\/\/www.grieta.org.mx\/wp-content\/uploads\/2023\/07\/Bacalar9-e1688699005935-300x222.jpg\" data-large-file=\"https:\/\/www.grieta.org.mx\/wp-content\/uploads\/2023\/07\/Bacalar9-1024x759.jpg\" src=\"http:\/\/www.grieta.org.mx\/wp-content\/uploads\/2023\/07\/Bacalar9-e1688699005935.jpg\" alt=\"\" width=\"800\" height=\"593\" class=\"alignnone size-full wp-image-67138\" srcset=\"https:\/\/www.grieta.org.mx\/wp-content\/uploads\/2023\/07\/Bacalar9-e1688699005935.jpg 800w, https:\/\/www.grieta.org.mx\/wp-content\/uploads\/2023\/07\/Bacalar9-e1688699005935-300x222.jpg 300w, https:\/\/www.grieta.org.mx\/wp-content\/uploads\/2023\/07\/Bacalar9-e1688699005935-768x569.jpg 768w\" sizes=\"auto, (max-width: 800px) 100vw, 800px\" \/><br \/>\nEmbarcaciones en las inmediaciones de la Laguna de Bacalar. Foto: Aldo Santiago<\/p>\n<p>Los ejidatarios presentaron la demanda directamente al gobierno federal. \u201cCon L\u00f3pez Obrador he tratado personalmente, he llevado las carpetas, para que se haga justicia, que se devuelva las tierras. Y hasta a la fecha no hay ninguna soluci\u00f3n a favor de nosotros\u201d, reclama el ejidatario.<br \/>\nEl ejido no representa el Pueblo Maya<\/p>\n<p>El integrante de la Asamblea M\u00fauch\u00b4X\u00edimbal del Pueblo Maya, Aldair T\u00b4uut\u00b4, considera que no se respet\u00f3 el derecho a la autonom\u00eda y a la libre determinaci\u00f3n del Pueblo Maya en las decisiones tomadas por los 167 ejidatarios.<\/p>\n<p><img loading=\"lazy\" decoding=\"async\" data-attachment-id=\"67139\" data-permalink=\"https:\/\/www.grieta.org.mx\/index.php\/2023\/07\/06\/bacalar-los-olvidados-que-va-dejando-el-despojo-del-tren-maya-quintana-roo\/bacalar10-2\/\" data-orig-file=\"https:\/\/www.grieta.org.mx\/wp-content\/uploads\/2023\/07\/Bacalar10-e1688699088641.jpg\" data-orig-size=\"800,530\" data-comments-opened=\"0\" data-image-meta=\"{&quot;aperture&quot;:&quot;0&quot;,&quot;credit&quot;:&quot;&quot;,&quot;camera&quot;:&quot;&quot;,&quot;caption&quot;:&quot;&quot;,&quot;created_timestamp&quot;:&quot;0&quot;,&quot;copyright&quot;:&quot;&quot;,&quot;focal_length&quot;:&quot;0&quot;,&quot;iso&quot;:&quot;0&quot;,&quot;shutter_speed&quot;:&quot;0&quot;,&quot;title&quot;:&quot;&quot;,&quot;orientation&quot;:&quot;1&quot;}\" data-image-title=\"Bacalar10\" data-image-description=\"\" data-image-caption=\"\" data-medium-file=\"https:\/\/www.grieta.org.mx\/wp-content\/uploads\/2023\/07\/Bacalar10-e1688699088641-300x199.jpg\" data-large-file=\"https:\/\/www.grieta.org.mx\/wp-content\/uploads\/2023\/07\/Bacalar10-1024x678.jpg\" src=\"http:\/\/www.grieta.org.mx\/wp-content\/uploads\/2023\/07\/Bacalar10-e1688699088641.jpg\" alt=\"\" width=\"800\" height=\"530\" class=\"alignnone size-full wp-image-67139\" srcset=\"https:\/\/www.grieta.org.mx\/wp-content\/uploads\/2023\/07\/Bacalar10-e1688699088641.jpg 800w, https:\/\/www.grieta.org.mx\/wp-content\/uploads\/2023\/07\/Bacalar10-e1688699088641-300x199.jpg 300w, https:\/\/www.grieta.org.mx\/wp-content\/uploads\/2023\/07\/Bacalar10-e1688699088641-768x509.jpg 768w\" sizes=\"auto, (max-width: 800px) 100vw, 800px\" \/><br \/>\nFoto: Renata Bessi<\/p>\n<p>\u201cEllos tienen su papel como ejidatarios, pero no representan al territorio maya. Dejaron en manos de un pu\u00f1ado de personas ese tipo de decisiones que al final corresponden a toda la comunidad Maya\u201d, dijo para Avispa M\u00eddia.<\/p>\n<p>Sostuvo que \u201cmilenariamente hemos estado ac\u00e1, antes de que existiera la Constituci\u00f3n, antes que existiera el presidente, antes que existiera el propio Estado de M\u00e9xico; entonces, somos nosotros quienes debemos de decidir\u201d.<\/p>\n<p>Este tipo de situaci\u00f3n ha pasado en toda la Pen\u00ednsula de Yucat\u00e1n, advierte T\u00b4uut\u00b4. \u201cEl gobierno federal, a lo mucho, se acerca con los comisarios y ah\u00ed sabemos que el Estado ya tiene experiencia en ese tipo de cosas de corromper a las autoridades ejidales. Ya son muy buenos haciendo ese tipo de cosas. Entonces cuando llegan ac\u00e1, pues ya tienen como que un plan bastante servido a donde confrontan y juegan con el propio ejido. Unos quieren vender las tierras, otros no lo quieren. Tambi\u00e9n juegan con la necesidad y el empobrecimiento de las comunidades\u201d.<\/p>\n<p><img loading=\"lazy\" decoding=\"async\" data-attachment-id=\"67140\" data-permalink=\"https:\/\/www.grieta.org.mx\/index.php\/2023\/07\/06\/bacalar-los-olvidados-que-va-dejando-el-despojo-del-tren-maya-quintana-roo\/bacalar11-2\/\" data-orig-file=\"https:\/\/www.grieta.org.mx\/wp-content\/uploads\/2023\/07\/Bacalar11-e1688699166778.jpg\" data-orig-size=\"800,521\" data-comments-opened=\"0\" data-image-meta=\"{&quot;aperture&quot;:&quot;0&quot;,&quot;credit&quot;:&quot;&quot;,&quot;camera&quot;:&quot;&quot;,&quot;caption&quot;:&quot;&quot;,&quot;created_timestamp&quot;:&quot;0&quot;,&quot;copyright&quot;:&quot;&quot;,&quot;focal_length&quot;:&quot;0&quot;,&quot;iso&quot;:&quot;0&quot;,&quot;shutter_speed&quot;:&quot;0&quot;,&quot;title&quot;:&quot;&quot;,&quot;orientation&quot;:&quot;1&quot;}\" data-image-title=\"Bacalar11\" data-image-description=\"\" data-image-caption=\"\" data-medium-file=\"https:\/\/www.grieta.org.mx\/wp-content\/uploads\/2023\/07\/Bacalar11-e1688699166778-300x195.jpg\" data-large-file=\"https:\/\/www.grieta.org.mx\/wp-content\/uploads\/2023\/07\/Bacalar11-1024x667.jpg\" src=\"http:\/\/www.grieta.org.mx\/wp-content\/uploads\/2023\/07\/Bacalar11-e1688699166778.jpg\" alt=\"\" width=\"800\" height=\"521\" class=\"alignnone size-full wp-image-67140\" srcset=\"https:\/\/www.grieta.org.mx\/wp-content\/uploads\/2023\/07\/Bacalar11-e1688699166778.jpg 800w, https:\/\/www.grieta.org.mx\/wp-content\/uploads\/2023\/07\/Bacalar11-e1688699166778-300x195.jpg 300w, https:\/\/www.grieta.org.mx\/wp-content\/uploads\/2023\/07\/Bacalar11-e1688699166778-768x500.jpg 768w\" sizes=\"auto, (max-width: 800px) 100vw, 800px\" \/><br \/>\nFoto: Renata Bessi<\/p>\n<p>Mientras tanto, Mar\u00eda y su familia, gente que no figura en las negociaciones, terminaran por ser desplazados y posiblemente olvidados por las autoridades.<\/p>\n<p><a href=\"https:\/\/avispa.org\/bacalar-los-olvidados-que-va-dejando-el-despojo-del-tren-maya\/\" rel=\"noopener\" target=\"_blank\">https:\/\/avispa.org\/bacalar-los-olvidados-que-va-dejando-el-despojo-del-tren-maya\/<\/a><\/p>\n","protected":false},"excerpt":{"rendered":"<p>Renata Bessi \/ Avispa Midia En portada: Mar\u00eda Dolores y su esposo en su hogar, a pocos pasos del trazo del tramo 6 del Tren Maya. Foto: Santiago Navarro F &hellip; <a href=\"https:\/\/www.grieta.org.mx\/index.php\/2023\/07\/06\/bacalar-los-olvidados-que-va-dejando-el-despojo-del-tren-maya-quintana-roo\/\" class=\"more-link\">Leer m\u00e1s<\/a><\/p>\n","protected":false},"author":2,"featured_media":67130,"comment_status":"closed","ping_status":"closed","sticky":false,"template":"","format":"standard","meta":{"ngg_post_thumbnail":0,"_jetpack_newsletter_access":"","_jetpack_dont_email_post_to_subs":false,"_jetpack_newsletter_tier_id":0,"_jetpack_memberships_contains_paywalled_content":false,"_jetpack_memberships_contains_paid_content":false,"footnotes":""},"categories":[80,2949,2749,3,922,926,944,952,2,28,1876,2026],"tags":[315,2311,1718,1878],"class_list":["post-67129","post","type-post","status-publish","format-standard","has-post-thumbnail","hentry","category-cintillo","category-despojo-de-tierras-en-quintana-roo","category-destruccion-y-contaminacion-ambiental-en-quintana-roo","category-megaproyectos","category-megaproyectos-estados","category-mp-campeche","category-mp-quintana-roo","category-mp-yucatan","category-noticias-nacionales","category-quintana-roo","category-resistencia-al-tren-maya-en-la-peninsula-de-yucatan-quintana-roo","category-tren-maya","tag-bacalar","tag-despojo-de-tierras","tag-desprecio-contra-indigenas","tag-tren-maya","entry"],"jetpack_featured_media_url":"https:\/\/www.grieta.org.mx\/wp-content\/uploads\/2023\/07\/Bacalar-scaled-e1688697783109.jpg","jetpack_sharing_enabled":true,"jetpack_shortlink":"https:\/\/wp.me\/p7ZJR4-hsJ","jetpack_likes_enabled":false,"jetpack-related-posts":[{"id":35945,"url":"https:\/\/www.grieta.org.mx\/index.php\/2019\/07\/05\/expansion-de-megaproyectos-en-la-peninsula-de-yucatan-video\/","url_meta":{"origin":67129,"position":0},"title":"Expansi\u00f3n de Megaproyectos en la Pen\u00ednsula de Yucat\u00e1n (Video)","author":"grieta","date":"5 julio, 2019","format":false,"excerpt":"https:\/\/youtu.be\/qLBARIAaBsI","rel":"","context":"En &quot;Campeche&quot;","block_context":{"text":"Campeche","link":"https:\/\/www.grieta.org.mx\/index.php\/category\/noticias-nacionales\/campeche\/"},"img":{"alt_text":"","src":"https:\/\/i0.wp.com\/img.youtube.com\/vi\/qLBARIAaBsI\/0.jpg?resize=350%2C200","width":350,"height":200},"classes":[]},{"id":67152,"url":"https:\/\/www.grieta.org.mx\/index.php\/2023\/07\/08\/ejercito-suspende-relleno-del-estero-de-chac-ante-quejas-de-habitantes-de-bacalar-quintana-roo\/","url_meta":{"origin":67129,"position":1},"title":"Ej\u00e9rcito suspende relleno del estero de Chac ante quejas de habitantes de Bacalar (Quintana Roo)","author":"grieta","date":"8 julio, 2023","format":false,"excerpt":"Emilio G\u00f3mez \/ Foto: Facebook Acci\u00f3n Juvenil Quintana Roo \/ La Jornada Maya Chetumal, Quintana Roo El Ej\u00e9rcito mexicano suspendi\u00f3 el relleno del estero de Chac, un canal de agua que parte de la ciudad de Chetumal, de norte a sur y que conecta a la laguna de Bacalar con\u2026","rel":"","context":"En &quot;CINTILLO&quot;","block_context":{"text":"CINTILLO","link":"https:\/\/www.grieta.org.mx\/index.php\/category\/cintillo\/"},"img":{"alt_text":"","src":"https:\/\/i0.wp.com\/www.grieta.org.mx\/wp-content\/uploads\/2023\/07\/RellenoChetumal-e1688839701794.jpg?resize=350%2C200&ssl=1","width":350,"height":200,"srcset":"https:\/\/i0.wp.com\/www.grieta.org.mx\/wp-content\/uploads\/2023\/07\/RellenoChetumal-e1688839701794.jpg?resize=350%2C200&ssl=1 1x, https:\/\/i0.wp.com\/www.grieta.org.mx\/wp-content\/uploads\/2023\/07\/RellenoChetumal-e1688839701794.jpg?resize=525%2C300&ssl=1 1.5x, https:\/\/i0.wp.com\/www.grieta.org.mx\/wp-content\/uploads\/2023\/07\/RellenoChetumal-e1688839701794.jpg?resize=700%2C400&ssl=1 2x"},"classes":[]},{"id":47874,"url":"https:\/\/www.grieta.org.mx\/index.php\/2020\/04\/13\/las-vias-torcidas-del-tren-maya-video\/","url_meta":{"origin":67129,"position":2},"title":"Las v\u00edas torcidas del tren maya (Video)","author":"grieta","date":"13 abril, 2020","format":false,"excerpt":"https:\/\/www.youtube.com\/watch?v=k8FRX9eT0YY","rel":"","context":"En &quot;16. Pueblo Maya&quot;","block_context":{"text":"16. Pueblo Maya","link":"https:\/\/www.grieta.org.mx\/index.php\/category\/espejos-de-la-resistencia\/16-pueblo-maya\/"},"img":{"alt_text":"","src":"https:\/\/i0.wp.com\/www.grieta.org.mx\/wp-content\/uploads\/2020\/04\/ViasTorcidasTrenMaya.png?resize=350%2C200&ssl=1","width":350,"height":200,"srcset":"https:\/\/i0.wp.com\/www.grieta.org.mx\/wp-content\/uploads\/2020\/04\/ViasTorcidasTrenMaya.png?resize=350%2C200&ssl=1 1x, https:\/\/i0.wp.com\/www.grieta.org.mx\/wp-content\/uploads\/2020\/04\/ViasTorcidasTrenMaya.png?resize=525%2C300&ssl=1 1.5x, https:\/\/i0.wp.com\/www.grieta.org.mx\/wp-content\/uploads\/2020\/04\/ViasTorcidasTrenMaya.png?resize=700%2C400&ssl=1 2x"},"classes":[]},{"id":70705,"url":"https:\/\/www.grieta.org.mx\/index.php\/2024\/12\/13\/trabajadores-del-tren-maya-bloquean-la-carretera-chetumal-bacalar-por-salarios-atrasados-quintana-roo\/","url_meta":{"origin":67129,"position":3},"title":"Trabajadores del Tren Maya Bloquean la Carretera Chetumal-Bacalar por Salarios Atrasados (Quintana Roo)","author":"grieta","date":"13 diciembre, 2024","format":false,"excerpt":"Antonio Brice\u00f1o \/ CAMBIO 22 Trabajadores del Tren Maya bloquearon esta ma\u00f1ana la carretera Chetumal-Bacalar, en protesta por la falta de pago de sus salarios desde octubre Exigen una soluci\u00f3n inmediata para poder reanudar su labor CHETUMAL, 13 de diciembre.- Un grupo de trabajadores del Tren Maya bloque\u00f3 esta ma\u00f1ana\u2026","rel":"","context":"En &quot;CINTILLO&quot;","block_context":{"text":"CINTILLO","link":"https:\/\/www.grieta.org.mx\/index.php\/category\/cintillo\/"},"img":{"alt_text":"","src":"https:\/\/i0.wp.com\/www.grieta.org.mx\/wp-content\/uploads\/2024\/12\/Bloqueo.jpg?resize=350%2C200&ssl=1","width":350,"height":200},"classes":[]},{"id":69827,"url":"https:\/\/www.grieta.org.mx\/index.php\/2024\/09\/06\/ejidatarios-de-limones-bloquean-acceso-al-tren-maya-quintana-roo\/","url_meta":{"origin":67129,"position":4},"title":"Ejidatarios de Limones bloquean acceso al Tren Maya (Quintana Roo)","author":"grieta","date":"6 septiembre, 2024","format":false,"excerpt":"Christian Christ \/ De Peso Quintana Roo Este viernes 6 de septiembre habitantes del poblado de Limones, en el municipio de Bacalar, bloquearon temporalmente la entrada principal que conduce a la estaci\u00f3n del Tren Maya, debido al incumplimiento de acuerdos previamente pactados. El bloqueo se realiz\u00f3 en la carretera Chetumal-Canc\u00fan,\u2026","rel":"","context":"En &quot;CINTILLO&quot;","block_context":{"text":"CINTILLO","link":"https:\/\/www.grieta.org.mx\/index.php\/category\/cintillo\/"},"img":{"alt_text":"","src":"https:\/\/i0.wp.com\/www.grieta.org.mx\/wp-content\/uploads\/2024\/09\/bloqueo-e1727228798471.jpg?resize=350%2C200&ssl=1","width":350,"height":200,"srcset":"https:\/\/i0.wp.com\/www.grieta.org.mx\/wp-content\/uploads\/2024\/09\/bloqueo-e1727228798471.jpg?resize=350%2C200&ssl=1 1x, https:\/\/i0.wp.com\/www.grieta.org.mx\/wp-content\/uploads\/2024\/09\/bloqueo-e1727228798471.jpg?resize=525%2C300&ssl=1 1.5x, https:\/\/i0.wp.com\/www.grieta.org.mx\/wp-content\/uploads\/2024\/09\/bloqueo-e1727228798471.jpg?resize=700%2C400&ssl=1 2x"},"classes":[]},{"id":68588,"url":"https:\/\/www.grieta.org.mx\/index.php\/2024\/02\/09\/colapsa-estructura-del-tren-maya-cerca-de-bacalar-hay-dos-personas-lesionadas-videoquintana-roo\/","url_meta":{"origin":67129,"position":5},"title":"Colapsa estructura del Tren Maya cerca de Bacalar; hay dos personas lesionadas (Video)(Quintana Roo)","author":"grieta","date":"9 febrero, 2024","format":false,"excerpt":"Octavio Mart\u00ednez \/ Revista Proceso El desplome de una estructura de concreto en las obras del Tren Maya cerca de Bacalar, en Quintana Roo, dej\u00f3 un saldo de dos trabajadores lesionados. CANC\u00daN, Qroo. (apro).\u2013 El desplome de una estructura de concreto en las obras del Tren Maya cerca de Bacalar,\u2026","rel":"","context":"En &quot;CINTILLO&quot;","block_context":{"text":"CINTILLO","link":"https:\/\/www.grieta.org.mx\/index.php\/category\/cintillo\/"},"img":{"alt_text":"","src":"https:\/\/i0.wp.com\/www.grieta.org.mx\/wp-content\/uploads\/2024\/03\/TrenAccidente-e1709625311972.jpg?resize=350%2C200&ssl=1","width":350,"height":200,"srcset":"https:\/\/i0.wp.com\/www.grieta.org.mx\/wp-content\/uploads\/2024\/03\/TrenAccidente-e1709625311972.jpg?resize=350%2C200&ssl=1 1x, https:\/\/i0.wp.com\/www.grieta.org.mx\/wp-content\/uploads\/2024\/03\/TrenAccidente-e1709625311972.jpg?resize=525%2C300&ssl=1 1.5x, https:\/\/i0.wp.com\/www.grieta.org.mx\/wp-content\/uploads\/2024\/03\/TrenAccidente-e1709625311972.jpg?resize=700%2C400&ssl=1 2x"},"classes":[]}],"_links":{"self":[{"href":"https:\/\/www.grieta.org.mx\/index.php\/wp-json\/wp\/v2\/posts\/67129","targetHints":{"allow":["GET"]}}],"collection":[{"href":"https:\/\/www.grieta.org.mx\/index.php\/wp-json\/wp\/v2\/posts"}],"about":[{"href":"https:\/\/www.grieta.org.mx\/index.php\/wp-json\/wp\/v2\/types\/post"}],"author":[{"embeddable":true,"href":"https:\/\/www.grieta.org.mx\/index.php\/wp-json\/wp\/v2\/users\/2"}],"replies":[{"embeddable":true,"href":"https:\/\/www.grieta.org.mx\/index.php\/wp-json\/wp\/v2\/comments?post=67129"}],"version-history":[{"count":1,"href":"https:\/\/www.grieta.org.mx\/index.php\/wp-json\/wp\/v2\/posts\/67129\/revisions"}],"predecessor-version":[{"id":67141,"href":"https:\/\/www.grieta.org.mx\/index.php\/wp-json\/wp\/v2\/posts\/67129\/revisions\/67141"}],"wp:featuredmedia":[{"embeddable":true,"href":"https:\/\/www.grieta.org.mx\/index.php\/wp-json\/wp\/v2\/media\/67130"}],"wp:attachment":[{"href":"https:\/\/www.grieta.org.mx\/index.php\/wp-json\/wp\/v2\/media?parent=67129"}],"wp:term":[{"taxonomy":"category","embeddable":true,"href":"https:\/\/www.grieta.org.mx\/index.php\/wp-json\/wp\/v2\/categories?post=67129"},{"taxonomy":"post_tag","embeddable":true,"href":"https:\/\/www.grieta.org.mx\/index.php\/wp-json\/wp\/v2\/tags?post=67129"}],"curies":[{"name":"wp","href":"https:\/\/api.w.org\/{rel}","templated":true}]}}