{"id":67114,"date":"2023-06-28T09:28:51","date_gmt":"2023-06-28T15:28:51","guid":{"rendered":"https:\/\/www.grieta.org.mx\/?p=67114"},"modified":"2023-07-02T09:44:58","modified_gmt":"2023-07-02T15:44:58","slug":"en-los-ultimos-cinco-anos-la-tasa-de-asesinatos-en-colima-fue-de-380-yucatan-8","status":"publish","type":"post","link":"https:\/\/www.grieta.org.mx\/index.php\/2023\/06\/28\/en-los-ultimos-cinco-anos-la-tasa-de-asesinatos-en-colima-fue-de-380-yucatan-8\/","title":{"rendered":"En los \u00faltimos cinco a\u00f1os, la tasa de asesinatos en Colima fue de 380, Yucat\u00e1n 8"},"content":{"rendered":"<p>Imagen: Diario Avanzada<\/p>\n<p>Heidi de Le\u00f3n Guti\u00e9rrez \/ Diario Avanzada<\/p>\n<p>Colima, M\u00e9xico, Avanzada (28\/06\/2023).- En el recuento de homicidios dolosos cometidos desde 2018 y hasta el pasado mes de mayo, Colima encabeza la tasa de asesinatos con 380 por cada 100 mil habitantes y supera por mucho, a estados como Yucat\u00e1n donde la tasa no alcanza dos d\u00edgitos.<\/p>\n<p>Con la cantidad de asesinatos cometidos en los \u00faltimos cinco a\u00f1os, el estado se encuentra por arriba de la media nacional. Ayer Avanzada public\u00f3 que en lo que va del a\u00f1o, el estado gobernado por la morenista Indira Vizca\u00edno Silva tiene una tasa de asesinatos que cuadruplica la media nacional, sin embargo, ese hecho no es exclusivo s\u00f3lo del 2023, pr\u00e1cticamente la tasa se ha mantenido desde hace cinco a\u00f1os.<\/p>\n<p>Con estos datos, proporcionados por el propio Secretariado Ejecutivo del Sistema Nacional de Seguridad P\u00fablica (SESNSP), existen 380 por ciento m\u00e1s probabilidades de morir asesinados en Colima que en Yucat\u00e1n, Aguascalientes y hasta Coahuila.<\/p>\n<p>En el acumulado de asesinatos, en Yucat\u00e1n la tasa de homicidios dolosos es de 8 por cada 100 mil habitantes, en Aguascalientes, 24, el mismo porcentaje que en Colima.<\/p>\n<p>Adem\u00e1s de estos datos que muestran el nivel de violencia, en febrero pasado la zona conurbada de Colima y Villa de \u00c1lvarez repiti\u00f3 como la m\u00e1s violenta del mundo, de acuerdo a los datos del Consejo para la Seguridad P\u00fablica y la Justicia Penal y eso lo determin\u00f3 solo con la tasa del 2022 que fue de 181.94 homicidios por cada 100 mil habitantes.<\/p>\n<p>El Consejo Ciudadano inform\u00f3 que la tasa que actualmente tiene Colima es la tercera m\u00e1s alta registrada desde el 2009, cuando iniciaron la investigaci\u00f3n para ubicar las ciudades m\u00e1s violentas. La tasa m\u00e1s letal fue la del 2010 cuando Ciudad Ju\u00e1rez, registr\u00f3 229 homicidios por cada 100 mil habitantes. En su informaci\u00f3n, el Consejo se\u00f1ala que la tasa de Colima se aproxima a la que prevaleci\u00f3 en Medell\u00edn Colombia a finales de los a\u00f1os ochenta y principios de los a\u00f1os noventa, \u201cdebido a la guerra de Pablo Escobar y sus compinches contra el Estado colombiano para impedir su extradici\u00f3n a Estados Unidos\u201d, refiere el documento.<br \/>\n<a href=\"https:\/\/diarioavanzada.com.mx\/?p=45447\">https:\/\/diarioavanzada.com.mx\/?p=45447<\/a><\/p>\n","protected":false},"excerpt":{"rendered":"<p>Imagen: Diario Avanzada Heidi de Le\u00f3n Guti\u00e9rrez \/ Diario Avanzada Colima, M\u00e9xico, Avanzada (28\/06\/2023).- En el recuento de homicidios dolosos cometidos desde 2018 y hasta el pasado mes de mayo, &hellip; <a href=\"https:\/\/www.grieta.org.mx\/index.php\/2023\/06\/28\/en-los-ultimos-cinco-anos-la-tasa-de-asesinatos-en-colima-fue-de-380-yucatan-8\/\" class=\"more-link\">Leer m\u00e1s<\/a><\/p>\n","protected":false},"author":2,"featured_media":67115,"comment_status":"closed","ping_status":"closed","sticky":false,"template":"","format":"standard","meta":{"ngg_post_thumbnail":0,"_jetpack_newsletter_access":"","_jetpack_dont_email_post_to_subs":false,"_jetpack_newsletter_tier_id":0,"_jetpack_memberships_contains_paywalled_content":false,"_jetpack_memberships_contains_paid_content":false,"footnotes":""},"categories":[80,13,1126,2],"tags":[3024,1133],"class_list":["post-67114","post","type-post","status-publish","format-standard","has-post-thumbnail","hentry","category-cintillo","category-colima","category-incremento-en-la-violencia-en-colima","category-noticias-nacionales","tag-aumento-de-la-violencia","tag-incremento-en-la-violencia","entry"],"jetpack_featured_media_url":"https:\/\/www.grieta.org.mx\/wp-content\/uploads\/2023\/07\/image-420.webp","jetpack_sharing_enabled":true,"jetpack_shortlink":"https:\/\/wp.me\/p7ZJR4-hsu","jetpack_likes_enabled":false,"jetpack-related-posts":[{"id":60176,"url":"https:\/\/www.grieta.org.mx\/index.php\/2021\/06\/22\/colima-entre-los-primeros-lugares-en-asesinatos-y-extorsiones-en-el-pais\/","url_meta":{"origin":67114,"position":0},"title":"Colima, entre los primeros lugares en asesinatos y extorsiones en el pa\u00eds","author":"grieta","date":"22 junio, 2021","format":false,"excerpt":"Foto: Diario Avanzada Redacci\u00f3n \/ Diario Avanzada Colima, M\u00e9xico, Avanzada (22\/06\/2021).- Con 238 v\u00edctimas en los primeros cinco meses del presente a\u00f1o, el estado de Colima se mantiene en los primeros lugares de la incidencia de asesinatos en el pa\u00eds, de acuerdo con las cifras del Secretariado Ejecutivo del Sistema\u2026","rel":"","context":"En &quot;CINTILLO&quot;","block_context":{"text":"CINTILLO","link":"https:\/\/www.grieta.org.mx\/index.php\/category\/cintillo\/"},"img":{"alt_text":"","src":"https:\/\/i0.wp.com\/www.grieta.org.mx\/wp-content\/uploads\/2021\/06\/Seguridad.png?resize=350%2C200&ssl=1","width":350,"height":200,"srcset":"https:\/\/i0.wp.com\/www.grieta.org.mx\/wp-content\/uploads\/2021\/06\/Seguridad.png?resize=350%2C200&ssl=1 1x, https:\/\/i0.wp.com\/www.grieta.org.mx\/wp-content\/uploads\/2021\/06\/Seguridad.png?resize=525%2C300&ssl=1 1.5x"},"classes":[]},{"id":41950,"url":"https:\/\/www.grieta.org.mx\/index.php\/2019\/12\/05\/asesinaron-a-2061-personas-en-colima-en-los-ultimos-tres-anos\/","url_meta":{"origin":67114,"position":1},"title":"Asesinaron a 2061 personas en Colima en los \u00faltimos tres a\u00f1os","author":"grieta","date":"5 diciembre, 2019","format":false,"excerpt":"Imagen: Diario Avanzada Redacci\u00f3n \/ Diario Avanzada Colima, M\u00e9xico, Avanzada (05\/12\/2019).- En los \u00faltimos tres a\u00f1os en Colima, 2 mil 61 personas fueron asesinadas de forma dolosa, seg\u00fan los datos del Secretariado Ejecutivo del Sistema Nacional de Seguridad P\u00fablica y hasta el momento, la mayor\u00eda de los cr\u00edmenes no se\u2026","rel":"","context":"En &quot;CINTILLO&quot;","block_context":{"text":"CINTILLO","link":"https:\/\/www.grieta.org.mx\/index.php\/category\/cintillo\/"},"img":{"alt_text":"","src":"https:\/\/i0.wp.com\/www.grieta.org.mx\/wp-content\/uploads\/2019\/12\/Colima-con-olor-a-muerte.jpg?resize=350%2C200&ssl=1","width":350,"height":200,"srcset":"https:\/\/i0.wp.com\/www.grieta.org.mx\/wp-content\/uploads\/2019\/12\/Colima-con-olor-a-muerte.jpg?resize=350%2C200&ssl=1 1x, https:\/\/i0.wp.com\/www.grieta.org.mx\/wp-content\/uploads\/2019\/12\/Colima-con-olor-a-muerte.jpg?resize=525%2C300&ssl=1 1.5x, https:\/\/i0.wp.com\/www.grieta.org.mx\/wp-content\/uploads\/2019\/12\/Colima-con-olor-a-muerte.jpg?resize=700%2C400&ssl=1 2x, https:\/\/i0.wp.com\/www.grieta.org.mx\/wp-content\/uploads\/2019\/12\/Colima-con-olor-a-muerte.jpg?resize=1050%2C600&ssl=1 3x, https:\/\/i0.wp.com\/www.grieta.org.mx\/wp-content\/uploads\/2019\/12\/Colima-con-olor-a-muerte.jpg?resize=1400%2C800&ssl=1 4x"},"classes":[]},{"id":51308,"url":"https:\/\/www.grieta.org.mx\/index.php\/2020\/06\/22\/sigue-imparable-la-tendencia-al-alza-de-asesinatos-en-colima\/","url_meta":{"origin":67114,"position":2},"title":"Sigue imparable la tendencia al alza de asesinatos en Colima","author":"grieta","date":"22 junio, 2020","format":false,"excerpt":"Foto: Diario Avanzada Redacci\u00f3n \/ Diario Avanzada Colima, M\u00e9xico, Avanzada (22\/06\/2020).- Entre el 1 de enero y el 31 de mayo de 2020 se contabilizaron 312 homicidios dolosos en el estado, la cifra m\u00e1s alta para un periodo de cinco meses iniciales de un a\u00f1o desde que se tiene registro,\u2026","rel":"","context":"En &quot;CINTILLO&quot;","block_context":{"text":"CINTILLO","link":"https:\/\/www.grieta.org.mx\/index.php\/category\/cintillo\/"},"img":{"alt_text":"","src":"https:\/\/i0.wp.com\/www.grieta.org.mx\/wp-content\/uploads\/2018\/03\/14524434_1106112876131411_958039263622046936_o.jpg?resize=350%2C200&ssl=1","width":350,"height":200,"srcset":"https:\/\/i0.wp.com\/www.grieta.org.mx\/wp-content\/uploads\/2018\/03\/14524434_1106112876131411_958039263622046936_o.jpg?resize=350%2C200&ssl=1 1x, https:\/\/i0.wp.com\/www.grieta.org.mx\/wp-content\/uploads\/2018\/03\/14524434_1106112876131411_958039263622046936_o.jpg?resize=525%2C300&ssl=1 1.5x, https:\/\/i0.wp.com\/www.grieta.org.mx\/wp-content\/uploads\/2018\/03\/14524434_1106112876131411_958039263622046936_o.jpg?resize=700%2C400&ssl=1 2x"},"classes":[]},{"id":57180,"url":"https:\/\/www.grieta.org.mx\/index.php\/2021\/02\/20\/colima-triplico-la-tasa-nacional-de-homicidios-en-enero\/","url_meta":{"origin":67114,"position":3},"title":"Colima triplic\u00f3 la tasa nacional de homicidios en enero","author":"grieta","date":"20 febrero, 2021","format":false,"excerpt":"Foto: Diario Avanzada Redacci\u00f3n \/ Diario Avanzada Colima, M\u00e9xico, Avanzada (20\/02\/2021).- Los niveles de violencia no han disminuido en el estado, pues durante el primer mes de 2021 fueron asesinadas 54 personas, cantidad ligeramente superior al promedio mensual registrado el a\u00f1o pasado, que fue de 53.1, con un total de\u2026","rel":"","context":"En &quot;CINTILLO&quot;","block_context":{"text":"CINTILLO","link":"https:\/\/www.grieta.org.mx\/index.php\/category\/cintillo\/"},"img":{"alt_text":"","src":"https:\/\/i0.wp.com\/www.grieta.org.mx\/wp-content\/uploads\/2018\/03\/14524434_1106112876131411_958039263622046936_o.jpg?resize=350%2C200&ssl=1","width":350,"height":200,"srcset":"https:\/\/i0.wp.com\/www.grieta.org.mx\/wp-content\/uploads\/2018\/03\/14524434_1106112876131411_958039263622046936_o.jpg?resize=350%2C200&ssl=1 1x, https:\/\/i0.wp.com\/www.grieta.org.mx\/wp-content\/uploads\/2018\/03\/14524434_1106112876131411_958039263622046936_o.jpg?resize=525%2C300&ssl=1 1.5x, https:\/\/i0.wp.com\/www.grieta.org.mx\/wp-content\/uploads\/2018\/03\/14524434_1106112876131411_958039263622046936_o.jpg?resize=700%2C400&ssl=1 2x"},"classes":[]},{"id":38823,"url":"https:\/\/www.grieta.org.mx\/index.php\/2019\/08\/27\/colima-se-corona-con-la-tasa-mas-alta-de-asesinatos-de-mujeres-en-el-primer-semestre-de-2019\/","url_meta":{"origin":67114,"position":4},"title":"Colima \u201cse corona\u201d con la tasa m\u00e1s alta de asesinatos de mujeres en el primer semestre de 2019","author":"grieta","date":"27 agosto, 2019","format":false,"excerpt":"Heidi de Le\u00f3n Guti\u00e9rrez \/ Diario Avanzada Colima, M\u00e9xico, Avanzada (27\/08\/2019).- En delitos contra mujeres, Colima cerr\u00f3 el primer semestre del a\u00f1o, con la tasa m\u00e1s alta en homicidios dolosos,\u00a0 la sexta tasa nacional en secuestro y la s\u00e9ptima tasa nacional en lesiones dolosas. Lo anterior a pesar de que\u2026","rel":"","context":"En &quot;CINTILLO&quot;","block_context":{"text":"CINTILLO","link":"https:\/\/www.grieta.org.mx\/index.php\/category\/cintillo\/"},"img":{"alt_text":"","src":"https:\/\/i0.wp.com\/www.grieta.org.mx\/wp-content\/uploads\/2019\/09\/Feminicidio.jpg?resize=350%2C200&ssl=1","width":350,"height":200,"srcset":"https:\/\/i0.wp.com\/www.grieta.org.mx\/wp-content\/uploads\/2019\/09\/Feminicidio.jpg?resize=350%2C200&ssl=1 1x, https:\/\/i0.wp.com\/www.grieta.org.mx\/wp-content\/uploads\/2019\/09\/Feminicidio.jpg?resize=525%2C300&ssl=1 1.5x, https:\/\/i0.wp.com\/www.grieta.org.mx\/wp-content\/uploads\/2019\/09\/Feminicidio.jpg?resize=700%2C400&ssl=1 2x, https:\/\/i0.wp.com\/www.grieta.org.mx\/wp-content\/uploads\/2019\/09\/Feminicidio.jpg?resize=1050%2C600&ssl=1 3x, https:\/\/i0.wp.com\/www.grieta.org.mx\/wp-content\/uploads\/2019\/09\/Feminicidio.jpg?resize=1400%2C800&ssl=1 4x"},"classes":[]},{"id":42384,"url":"https:\/\/www.grieta.org.mx\/index.php\/2019\/12\/17\/asesinaron-a-362-mujeres-en-colima-en-menos-de-7-anos\/","url_meta":{"origin":67114,"position":5},"title":"Asesinaron a 362 mujeres en Colima en menos de 7 a\u00f1os","author":"grieta","date":"17 diciembre, 2019","format":false,"excerpt":"Foto: Diario Avanzada Pedro Zamora Brise\u00f1o Colima, M\u00e9xico, Avanzada (17\/12\/2019).- En menos de siete a\u00f1os han sido asesinadas 362 mujeres en el estado de Colima, de acuerdo con datos del Instituto Nacional de Estad\u00edstica y Geograf\u00eda (Inegi). As\u00ed tambi\u00e9n, durante el periodo de enero a octubre de este a\u00f1o se\u2026","rel":"","context":"En &quot;CINTILLO&quot;","block_context":{"text":"CINTILLO","link":"https:\/\/www.grieta.org.mx\/index.php\/category\/cintillo\/"},"img":{"alt_text":"","src":"https:\/\/i0.wp.com\/www.grieta.org.mx\/wp-content\/uploads\/2019\/12\/Feminicidios.jpg?resize=350%2C200&ssl=1","width":350,"height":200,"srcset":"https:\/\/i0.wp.com\/www.grieta.org.mx\/wp-content\/uploads\/2019\/12\/Feminicidios.jpg?resize=350%2C200&ssl=1 1x, https:\/\/i0.wp.com\/www.grieta.org.mx\/wp-content\/uploads\/2019\/12\/Feminicidios.jpg?resize=525%2C300&ssl=1 1.5x, https:\/\/i0.wp.com\/www.grieta.org.mx\/wp-content\/uploads\/2019\/12\/Feminicidios.jpg?resize=700%2C400&ssl=1 2x"},"classes":[]}],"_links":{"self":[{"href":"https:\/\/www.grieta.org.mx\/index.php\/wp-json\/wp\/v2\/posts\/67114","targetHints":{"allow":["GET"]}}],"collection":[{"href":"https:\/\/www.grieta.org.mx\/index.php\/wp-json\/wp\/v2\/posts"}],"about":[{"href":"https:\/\/www.grieta.org.mx\/index.php\/wp-json\/wp\/v2\/types\/post"}],"author":[{"embeddable":true,"href":"https:\/\/www.grieta.org.mx\/index.php\/wp-json\/wp\/v2\/users\/2"}],"replies":[{"embeddable":true,"href":"https:\/\/www.grieta.org.mx\/index.php\/wp-json\/wp\/v2\/comments?post=67114"}],"version-history":[{"count":1,"href":"https:\/\/www.grieta.org.mx\/index.php\/wp-json\/wp\/v2\/posts\/67114\/revisions"}],"predecessor-version":[{"id":67116,"href":"https:\/\/www.grieta.org.mx\/index.php\/wp-json\/wp\/v2\/posts\/67114\/revisions\/67116"}],"wp:featuredmedia":[{"embeddable":true,"href":"https:\/\/www.grieta.org.mx\/index.php\/wp-json\/wp\/v2\/media\/67115"}],"wp:attachment":[{"href":"https:\/\/www.grieta.org.mx\/index.php\/wp-json\/wp\/v2\/media?parent=67114"}],"wp:term":[{"taxonomy":"category","embeddable":true,"href":"https:\/\/www.grieta.org.mx\/index.php\/wp-json\/wp\/v2\/categories?post=67114"},{"taxonomy":"post_tag","embeddable":true,"href":"https:\/\/www.grieta.org.mx\/index.php\/wp-json\/wp\/v2\/tags?post=67114"}],"curies":[{"name":"wp","href":"https:\/\/api.w.org\/{rel}","templated":true}]}}