{"id":67106,"date":"2023-06-22T15:13:00","date_gmt":"2023-06-22T21:13:00","guid":{"rendered":"https:\/\/www.grieta.org.mx\/?p=67106"},"modified":"2023-07-01T15:19:58","modified_gmt":"2023-07-01T21:19:58","slug":"sindicalizados-del-cobay-de-progreso-yucatan-se-une-a-paro-nacional-de-labores","status":"publish","type":"post","link":"https:\/\/www.grieta.org.mx\/index.php\/2023\/06\/22\/sindicalizados-del-cobay-de-progreso-yucatan-se-une-a-paro-nacional-de-labores\/","title":{"rendered":"Sindicalizados del Cobay de Progreso, Yucat\u00e1n, se une a paro nacional de labores"},"content":{"rendered":"<p>Jes\u00fas L\u00f3pez \/ Por Esto!<\/p>\n<p>Las manifestaciones en Progreso contin\u00faan para organismos p\u00fablicos y privados, aunque han sido las escuelas de diferentes niveles quienes han protagonizado estas \u00faltimas protestas, siendo este jueves el turno del Colegio de Bachilleres de Yucat\u00e1n quienes se unieron a un paro laboral a nivel nacional.<\/p>\n<p>La iniciativa corri\u00f3 por cuenta en espec\u00edfico, de la Federaci\u00f3n de Sindicatos de Educaci\u00f3n Media Superior y Superior a nivel nacional entre las que se encuentra el colegio de bachilleres, el Conalep, el Cecite Emsad y los Telebachilleratos comunitarios.<\/p>\n<p>El Cobay plantel Progreso no falt\u00f3 en la iniciativa y su personal tanto docente como administrativo sali\u00f3 de manera pac\u00edfica del edificio para iniciar con la protesta, sorprendiendo a vecinos del lugar y tambi\u00e9n a trabajadores del rumbo del centro, zona en la que se encuentra la instituci\u00f3n.<\/p>\n<p>Parte de las mejoras que se est\u00e1n solicitando son la nivelaci\u00f3n salarial, el pago de la pol\u00edtica salarial bienestar que fue cancelado el a\u00f1o pasado, la recategorizaci\u00f3n administrativa y el cumplimiento de beneficios laborales que se dieron a conocer en la \u00faltima mesa de trabajo de dicho organismo. <\/p>\n<p>En cuanto a las actividades del plantel como lo son ex\u00e1menes, estos se reprogramaron para otros d\u00edas, mientras que las consultas con los maestros de esta casa de estudios, se llevaron a cabo sin problema alguno pero a las afueras del plantel.<\/p>\n<p>Erwin Canul Flores, laboratorista y uno de los representantes sindicales, extern\u00f3 que este plantel permanecer\u00e1 apegado a lo que se defina en la asamblea que se llev\u00f3 a cabo por medio de representantes a nivel nacional de la federaci\u00f3n mencionada.<\/p>\n<p>Por su parte, Gabriela Rubalcaba, exl\u00edder sindical, expres\u00f3 que los salarios sobre todo, no son justos con la educaci\u00f3n que se otorga en planteles como el mencionado, ya que se mantiene a un promedio de quinientos alumnos por horario y las instalaciones son mejores en comparaci\u00f3n con otras escuelas de educaci\u00f3n media superior.<\/p>\n<p>\u201cVarios compa\u00f1eros no pueden solventar muchos de sus gastos. El sueldo es bajo desde mi perspectiva y hay otras situaciones que necesitan ser atendidas. Declaramos que la protesta es pac\u00edfica y no incurrimos en ninguna falta en cuanto al orden a la paz p\u00fablica, sol estamos respaldando a nuestros sindicatos\u201d argument\u00f3 la entrevistada.  <\/p>\n<p>Otros problemas por los que atraviesa el Cobay Progreso, se extern\u00f3 que son las jubilaciones, pues las condiciones y t\u00e9rminos que se sol\u00edan tener a beneficio del docente han cambiado, por lo que se solicit\u00f3 a trav\u00e9s de esta corresponsal\u00eda que las autoridades educativas tomen cartas en el asunto. <\/p>\n<p><a href=\"https:\/\/www.poresto.net\/yucatan\/2023\/6\/22\/sindicalizados-del-cobay-de-progreso-yucatan-se-une-paro-nacional-de-labores-389113.html\" rel=\"noopener\" target=\"_blank\">https:\/\/www.poresto.net\/yucatan\/2023\/6\/22\/sindicalizados-del-cobay-de-progreso-yucatan-se-une-paro-nacional-de-labores-389113.html<\/a><\/p>\n","protected":false},"excerpt":{"rendered":"<p>Jes\u00fas L\u00f3pez \/ Por Esto! Las manifestaciones en Progreso contin\u00faan para organismos p\u00fablicos y privados, aunque han sido las escuelas de diferentes niveles quienes han protagonizado estas \u00faltimas protestas, siendo &hellip; <a href=\"https:\/\/www.grieta.org.mx\/index.php\/2023\/06\/22\/sindicalizados-del-cobay-de-progreso-yucatan-se-une-a-paro-nacional-de-labores\/\" class=\"more-link\">Leer m\u00e1s<\/a><\/p>\n","protected":false},"author":2,"featured_media":67107,"comment_status":"closed","ping_status":"closed","sticky":false,"template":"","format":"standard","meta":{"ngg_post_thumbnail":0,"_jetpack_newsletter_access":"","_jetpack_dont_email_post_to_subs":false,"_jetpack_newsletter_tier_id":0,"_jetpack_memberships_contains_paywalled_content":false,"_jetpack_memberships_contains_paid_content":false,"footnotes":""},"categories":[80,1072,910,2,83,36],"tags":[2102,2463,105,1291,2841],"class_list":["post-67106","post","type-post","status-publish","format-standard","has-post-thumbnail","hentry","category-cintillo","category-conflictos-laborales-en-yucatan","category-explotacion-y-precariedad-laboral","category-noticias-nacionales","category-temas-nacionales","category-yucatan","tag-conflicto-laboral","tag-demandas-laborales","tag-derechos-laborales","tag-explotacion-laboral","tag-explotacion-y-precariedad-laboral","entry"],"jetpack_featured_media_url":"https:\/\/www.grieta.org.mx\/wp-content\/uploads\/2023\/07\/CobayProgreso-e1688246256157.jpg","jetpack_sharing_enabled":true,"jetpack_shortlink":"https:\/\/wp.me\/p7ZJR4-hsm","jetpack_likes_enabled":false,"jetpack-related-posts":[{"id":67042,"url":"https:\/\/www.grieta.org.mx\/index.php\/2023\/06\/22\/docentes-y-administrativos-de-bachillerato-exigen-mejores-condiciones-laborales-yucatan\/","url_meta":{"origin":67106,"position":0},"title":"Docentes y administrativos de bachillerato exigen mejores condiciones laborales (Yucat\u00e1n)","author":"grieta","date":"22 junio, 2023","format":false,"excerpt":"Haz Ruido Al menos 72 planteles del Colegio de Bachilleres, Conalep, Cecitey y Telebachillerato se quedaron sin clases pues sus trabajadores protestaron para que les reconozcan su antig\u00fcedad y puedan jubilarse. M\u00e9rida, Yucat\u00e1n, 22 de junio de 2023.-Trabajadores del Colegio de Bachilleres, Conalep, Cecitey y Telebachillerato en Yucat\u00e1n protestaron en\u2026","rel":"","context":"En &quot;CINTILLO&quot;","block_context":{"text":"CINTILLO","link":"https:\/\/www.grieta.org.mx\/index.php\/category\/cintillo\/"},"img":{"alt_text":"","src":"https:\/\/i0.wp.com\/www.grieta.org.mx\/wp-content\/uploads\/2023\/06\/Bach-e1687489553175.jpg?resize=350%2C200&ssl=1","width":350,"height":200,"srcset":"https:\/\/i0.wp.com\/www.grieta.org.mx\/wp-content\/uploads\/2023\/06\/Bach-e1687489553175.jpg?resize=350%2C200&ssl=1 1x, https:\/\/i0.wp.com\/www.grieta.org.mx\/wp-content\/uploads\/2023\/06\/Bach-e1687489553175.jpg?resize=525%2C300&ssl=1 1.5x, https:\/\/i0.wp.com\/www.grieta.org.mx\/wp-content\/uploads\/2023\/06\/Bach-e1687489553175.jpg?resize=700%2C400&ssl=1 2x"},"classes":[]},{"id":71828,"url":"https:\/\/www.grieta.org.mx\/index.php\/2025\/06\/10\/ahora-la-utm-se-une-al-paro-yucatan\/","url_meta":{"origin":67106,"position":1},"title":"Ahora la UTM se une al paro (Yucat\u00e1n)","author":"grieta","date":"10 junio, 2025","format":false,"excerpt":"Herbeth Escalante \/ Haz Ruido Los docentes y el personal administrativo exigen mejores condiciones laborales y mejorar la infraestructura para sus estudiantes M\u00e9rida, Yucat\u00e1n, 10 de junio de 2025.- Desde temprana hora, docentes y personal administrativo cerraron con candados las rejas de las instalaciones de la Universidad Tecnol\u00f3gica Metropolitana (UTM)\u2026","rel":"","context":"En &quot;CINTILLO&quot;","block_context":{"text":"CINTILLO","link":"https:\/\/www.grieta.org.mx\/index.php\/category\/cintillo\/"},"img":{"alt_text":"","src":"https:\/\/i0.wp.com\/www.grieta.org.mx\/wp-content\/uploads\/2025\/06\/Utm-e1749645096482.jpg?resize=350%2C200&ssl=1","width":350,"height":200,"srcset":"https:\/\/i0.wp.com\/www.grieta.org.mx\/wp-content\/uploads\/2025\/06\/Utm-e1749645096482.jpg?resize=350%2C200&ssl=1 1x, https:\/\/i0.wp.com\/www.grieta.org.mx\/wp-content\/uploads\/2025\/06\/Utm-e1749645096482.jpg?resize=525%2C300&ssl=1 1.5x, https:\/\/i0.wp.com\/www.grieta.org.mx\/wp-content\/uploads\/2025\/06\/Utm-e1749645096482.jpg?resize=700%2C400&ssl=1 2x"},"classes":[]},{"id":69834,"url":"https:\/\/www.grieta.org.mx\/index.php\/2024\/09\/24\/anuncian-paro-laboral-en-diversas-universidades-de-yucatan-por-derechos-laborales\/","url_meta":{"origin":67106,"position":2},"title":"Anuncian Paro Laboral en Diversas Universidades de Yucat\u00e1n por Derechos Laborales","author":"grieta","date":"24 septiembre, 2024","format":false,"excerpt":"Erick Mart\u00edn Huh\/CAMBIO 22 Instituciones de educaci\u00f3n superior en el estado se preparan para suspender actividades el pr\u00f3ximo viernes en demanda de mejoras laborales VALLADOLID, YUCAT\u00c1N, 24 DE SEPTIEMBRE DE 2024.Diversas universidades de Yucat\u00e1n, incluidas el Tecnol\u00f3gico Superior Campus Valladolid, la Universidad Tecnol\u00f3gica Metropolitana de M\u00e9rida y la Universidad Tecnol\u00f3gica\u2026","rel":"","context":"En &quot;CINTILLO&quot;","block_context":{"text":"CINTILLO","link":"https:\/\/www.grieta.org.mx\/index.php\/category\/cintillo\/"},"img":{"alt_text":"","src":"https:\/\/i0.wp.com\/www.grieta.org.mx\/wp-content\/uploads\/2024\/09\/UniversidadesYucatan-e1727230420440.jpg?resize=350%2C200&ssl=1","width":350,"height":200,"srcset":"https:\/\/i0.wp.com\/www.grieta.org.mx\/wp-content\/uploads\/2024\/09\/UniversidadesYucatan-e1727230420440.jpg?resize=350%2C200&ssl=1 1x, https:\/\/i0.wp.com\/www.grieta.org.mx\/wp-content\/uploads\/2024\/09\/UniversidadesYucatan-e1727230420440.jpg?resize=525%2C300&ssl=1 1.5x, https:\/\/i0.wp.com\/www.grieta.org.mx\/wp-content\/uploads\/2024\/09\/UniversidadesYucatan-e1727230420440.jpg?resize=700%2C400&ssl=1 2x"},"classes":[]},{"id":69160,"url":"https:\/\/www.grieta.org.mx\/index.php\/2024\/06\/14\/paro-indefinido-en-instituciones-educativas-de-yucatan\/","url_meta":{"origin":67106,"position":3},"title":"Paro indefinido en instituciones educativas de Yucat\u00e1n","author":"grieta","date":"14 junio, 2024","format":false,"excerpt":"Reporteros Hoy Inici\u00f3 un paro de labores de manera indefinida en diversas instituciones de educaci\u00f3n b\u00e1sica en Yucat\u00e1n. Los docentes se\u00f1alan que, al no hallar respuesta formal a sus demandas salariales y de prestaciones, decidieron iniciar con esta manifestaci\u00f3n, con el objetivo de que las autoridades volteen hacia estos y\u2026","rel":"","context":"En &quot;CINTILLO&quot;","block_context":{"text":"CINTILLO","link":"https:\/\/www.grieta.org.mx\/index.php\/category\/cintillo\/"},"img":{"alt_text":"","src":"https:\/\/i0.wp.com\/www.grieta.org.mx\/wp-content\/uploads\/2024\/06\/ParoMaestros-e1718578057215.jpg?resize=350%2C200&ssl=1","width":350,"height":200,"srcset":"https:\/\/i0.wp.com\/www.grieta.org.mx\/wp-content\/uploads\/2024\/06\/ParoMaestros-e1718578057215.jpg?resize=350%2C200&ssl=1 1x, https:\/\/i0.wp.com\/www.grieta.org.mx\/wp-content\/uploads\/2024\/06\/ParoMaestros-e1718578057215.jpg?resize=525%2C300&ssl=1 1.5x, https:\/\/i0.wp.com\/www.grieta.org.mx\/wp-content\/uploads\/2024\/06\/ParoMaestros-e1718578057215.jpg?resize=700%2C400&ssl=1 2x"},"classes":[]},{"id":71764,"url":"https:\/\/www.grieta.org.mx\/index.php\/2025\/05\/27\/maestros-protestan-en-merida-e-intentan-arrollarlos-yucatan\/","url_meta":{"origin":67106,"position":4},"title":"Maestros protestan en M\u00e9rida e intentan arrollarlos (Yucat\u00e1n)","author":"grieta","date":"27 mayo, 2025","format":false,"excerpt":"Herbeth Escalante \/ Haz Ruido Las y los maestros yucatecos se han sumado a la huelga nacional convocada por la CNTE, aunque tambi\u00e9n est\u00e1n protestando profesores del SNTE. M\u00e1s de 180 escuelas de Yucat\u00e1n est\u00e1n en paro desde hace una semana. M\u00e9rida, Yucat\u00e1n, 27 de mayo de 2025.- M\u00e1s de\u2026","rel":"","context":"En &quot;CINTILLO&quot;","block_context":{"text":"CINTILLO","link":"https:\/\/www.grieta.org.mx\/index.php\/category\/cintillo\/"},"img":{"alt_text":"","src":"https:\/\/i0.wp.com\/www.grieta.org.mx\/wp-content\/uploads\/2025\/06\/Paro-e1749035806353.jpg?resize=350%2C200&ssl=1","width":350,"height":200,"srcset":"https:\/\/i0.wp.com\/www.grieta.org.mx\/wp-content\/uploads\/2025\/06\/Paro-e1749035806353.jpg?resize=350%2C200&ssl=1 1x, https:\/\/i0.wp.com\/www.grieta.org.mx\/wp-content\/uploads\/2025\/06\/Paro-e1749035806353.jpg?resize=525%2C300&ssl=1 1.5x, https:\/\/i0.wp.com\/www.grieta.org.mx\/wp-content\/uploads\/2025\/06\/Paro-e1749035806353.jpg?resize=700%2C400&ssl=1 2x"},"classes":[]},{"id":68579,"url":"https:\/\/www.grieta.org.mx\/index.php\/2024\/03\/04\/aeropuerto-de-merida-trabajadores-de-la-empresa-menzies-aviation-se-declaran-en-paro-yucatan\/","url_meta":{"origin":67106,"position":5},"title":"Aeropuerto de M\u00e9rida: Trabajadores de la empresa Menzies Aviation se declaran en paro (Yucat\u00e1n)","author":"grieta","date":"4 marzo, 2024","format":false,"excerpt":"V\u00edctor Lara Mart\u00ednez \/ Por Esto! Esta empresa tiene a su cargo los servicios esenciales en tierra de las aerol\u00edneas que operan en este aeropuerto. Sin embargo, desde el mes de diciembre enfrenta diversas demoras en sus servicios tras la renuncia masiva de trabajadores, quienes han denunciado malas condiciones generales\u2026","rel":"","context":"En &quot;CINTILLO&quot;","block_context":{"text":"CINTILLO","link":"https:\/\/www.grieta.org.mx\/index.php\/category\/cintillo\/"},"img":{"alt_text":"","src":"https:\/\/i0.wp.com\/www.grieta.org.mx\/wp-content\/uploads\/2024\/03\/trabajadoresAeropuerto-e1709581109641.jpg?resize=350%2C200&ssl=1","width":350,"height":200,"srcset":"https:\/\/i0.wp.com\/www.grieta.org.mx\/wp-content\/uploads\/2024\/03\/trabajadoresAeropuerto-e1709581109641.jpg?resize=350%2C200&ssl=1 1x, https:\/\/i0.wp.com\/www.grieta.org.mx\/wp-content\/uploads\/2024\/03\/trabajadoresAeropuerto-e1709581109641.jpg?resize=525%2C300&ssl=1 1.5x, https:\/\/i0.wp.com\/www.grieta.org.mx\/wp-content\/uploads\/2024\/03\/trabajadoresAeropuerto-e1709581109641.jpg?resize=700%2C400&ssl=1 2x"},"classes":[]}],"_links":{"self":[{"href":"https:\/\/www.grieta.org.mx\/index.php\/wp-json\/wp\/v2\/posts\/67106","targetHints":{"allow":["GET"]}}],"collection":[{"href":"https:\/\/www.grieta.org.mx\/index.php\/wp-json\/wp\/v2\/posts"}],"about":[{"href":"https:\/\/www.grieta.org.mx\/index.php\/wp-json\/wp\/v2\/types\/post"}],"author":[{"embeddable":true,"href":"https:\/\/www.grieta.org.mx\/index.php\/wp-json\/wp\/v2\/users\/2"}],"replies":[{"embeddable":true,"href":"https:\/\/www.grieta.org.mx\/index.php\/wp-json\/wp\/v2\/comments?post=67106"}],"version-history":[{"count":1,"href":"https:\/\/www.grieta.org.mx\/index.php\/wp-json\/wp\/v2\/posts\/67106\/revisions"}],"predecessor-version":[{"id":67108,"href":"https:\/\/www.grieta.org.mx\/index.php\/wp-json\/wp\/v2\/posts\/67106\/revisions\/67108"}],"wp:featuredmedia":[{"embeddable":true,"href":"https:\/\/www.grieta.org.mx\/index.php\/wp-json\/wp\/v2\/media\/67107"}],"wp:attachment":[{"href":"https:\/\/www.grieta.org.mx\/index.php\/wp-json\/wp\/v2\/media?parent=67106"}],"wp:term":[{"taxonomy":"category","embeddable":true,"href":"https:\/\/www.grieta.org.mx\/index.php\/wp-json\/wp\/v2\/categories?post=67106"},{"taxonomy":"post_tag","embeddable":true,"href":"https:\/\/www.grieta.org.mx\/index.php\/wp-json\/wp\/v2\/tags?post=67106"}],"curies":[{"name":"wp","href":"https:\/\/api.w.org\/{rel}","templated":true}]}}