{"id":67069,"date":"2023-01-27T12:04:29","date_gmt":"2023-01-27T18:04:29","guid":{"rendered":"https:\/\/www.grieta.org.mx\/?p=67069"},"modified":"2023-06-23T12:26:38","modified_gmt":"2023-06-23T18:26:38","slug":"periodista-ruben-dario-cruz-hernandez-sale-ileso-tras-un-ataque-en-cancun-quintana-roo","status":"publish","type":"post","link":"https:\/\/www.grieta.org.mx\/index.php\/2023\/01\/27\/periodista-ruben-dario-cruz-hernandez-sale-ileso-tras-un-ataque-en-cancun-quintana-roo\/","title":{"rendered":"Periodista Rub\u00e9n Dar\u00edo Cruz Hern\u00e1ndez sale ileso tras un ataque en Canc\u00fan (Quintana Roo)"},"content":{"rendered":"<p>El Economista<\/p>\n<p>El periodista Rub\u00e9n Dar\u00edo Cruz Hern\u00e1ndez, del peri\u00f3dico \u201c\u00a1Por Esto!\u201d de Quintana Roo, fue atacado a balazos mientras viajaba a bordo de un veh\u00edculo en Canc\u00fan.<\/p>\n<p>Este jueves, el periodista Rub\u00e9n Dar\u00edo Cruz Hern\u00e1ndez, del peri\u00f3dico \u201c\u00a1Por Esto!\u201d de Quintana Roo, fue atacado a balazos mientras viajaba a bordo de un veh\u00edculo en Canc\u00fan. Primeros reportes se\u00f1alan que el reportero se encuentra ileso.<\/p>\n<p>Reportes locales indicaron que el ataque armado fue directo, sin embargo, debido a que cuenta con escoltas por formar del Mecanismo de Protecci\u00f3n para Personas Defensoras de Derechos Humanos y Periodistas, estos repelieron el ataque y lograron resguardar al periodista en las instalaciones del Centro de Reinserci\u00f3n Social (CERESO) de Canc\u00fan.<\/p>\n<p>Medios locales detallaron que los atacantes viajaban a bordo de un veh\u00edculo color negro.<\/p>\n<p>Por estos hechos, la Fiscal\u00eda General del estado de Quintana Roo inform\u00f3 que abri\u00f3 una carpeta de investigaci\u00f3n por la agresi\u00f3n contra el periodista en el municipio de Benito Ju\u00e1rez.<\/p>\n<p>\u201cLa #FGEQuintanaRoo informa que inici\u00f3 una carpeta de investigaci\u00f3n por la agresi\u00f3n que sufriera un periodista en el municipio de Benito Ju\u00e1rez. La Fiscal\u00eda General realiza los actos de investigaci\u00f3n correspondientes\u201d.<\/p>\n<p><a href=\"https:\/\/www.eleconomista.com.mx\/politica\/Periodista-Ruben-Dario-Cruz-Hernandez-sale-ileso-tras-un-ataque-en-Cancun-20230126-0110.html\" rel=\"noopener\" target=\"_blank\">https:\/\/www.eleconomista.com.mx\/politica\/Periodista-Ruben-Dario-Cruz-Hernandez-sale-ileso-tras-un-ataque-en-Cancun-20230126-0110.html<\/a><\/p>\n","protected":false},"excerpt":{"rendered":"<p>El Economista El periodista Rub\u00e9n Dar\u00edo Cruz Hern\u00e1ndez, del peri\u00f3dico \u201c\u00a1Por Esto!\u201d de Quintana Roo, fue atacado a balazos mientras viajaba a bordo de un veh\u00edculo en Canc\u00fan. Este jueves, &hellip; <a href=\"https:\/\/www.grieta.org.mx\/index.php\/2023\/01\/27\/periodista-ruben-dario-cruz-hernandez-sale-ileso-tras-un-ataque-en-cancun-quintana-roo\/\" class=\"more-link\">Leer m\u00e1s<\/a><\/p>\n","protected":false},"author":2,"featured_media":67070,"comment_status":"closed","ping_status":"closed","sticky":false,"template":"","format":"standard","meta":{"ngg_post_thumbnail":0,"_jetpack_newsletter_access":"","_jetpack_dont_email_post_to_subs":false,"_jetpack_newsletter_tier_id":0,"_jetpack_memberships_contains_paywalled_content":false,"_jetpack_memberships_contains_paid_content":false,"footnotes":""},"categories":[80,2,28,83,88,1372],"tags":[2262,2554],"class_list":["post-67069","post","type-post","status-publish","format-standard","has-post-thumbnail","hentry","category-cintillo","category-noticias-nacionales","category-quintana-roo","category-temas-nacionales","category-violencia-contra-periodistas","category-violencia-contra-periodistas-en-quintana-roo","tag-agresiones-contra-periodistas","tag-periodistas","entry"],"jetpack_featured_media_url":"https:\/\/www.grieta.org.mx\/wp-content\/uploads\/2023\/06\/Periodistas-e1687544648565.jpg","jetpack_sharing_enabled":true,"jetpack_shortlink":"https:\/\/wp.me\/p7ZJR4-hrL","jetpack_likes_enabled":false,"jetpack-related-posts":[{"id":67282,"url":"https:\/\/www.grieta.org.mx\/index.php\/2023\/07\/31\/disparan-contra-vivienda-de-periodista-en-cancun-no-hay-detenidos-quintana-roo\/","url_meta":{"origin":67069,"position":0},"title":"Disparan contra vivienda de periodista en Canc\u00fan; no hay detenidos (Quintana Roo)","author":"grieta","date":"31 julio, 2023","format":false,"excerpt":"Pablo V\u00e1zquez \/ Milenio Canc\u00fan, Quintana Roo La vivienda del comunicador Jorge Ugalde Hern\u00e1ndez, director del portal de noticias 'Descontento Ciudadano Quintanarroense', fue objeto de disparos por desconocidos en el fraccionamiento Villas del Mar en la regi\u00f3n 248 de Canc\u00fan. El reporte preliminar de Seguridad P\u00fablica de Benito Juarez, es\u2026","rel":"","context":"En &quot;CINTILLO&quot;","block_context":{"text":"CINTILLO","link":"https:\/\/www.grieta.org.mx\/index.php\/category\/cintillo\/"},"img":{"alt_text":"","src":"https:\/\/i0.wp.com\/www.grieta.org.mx\/wp-content\/uploads\/2023\/08\/PeriodistaCancun-e1690931085425.jpg?resize=350%2C200&ssl=1","width":350,"height":200,"srcset":"https:\/\/i0.wp.com\/www.grieta.org.mx\/wp-content\/uploads\/2023\/08\/PeriodistaCancun-e1690931085425.jpg?resize=350%2C200&ssl=1 1x, https:\/\/i0.wp.com\/www.grieta.org.mx\/wp-content\/uploads\/2023\/08\/PeriodistaCancun-e1690931085425.jpg?resize=525%2C300&ssl=1 1.5x, https:\/\/i0.wp.com\/www.grieta.org.mx\/wp-content\/uploads\/2023\/08\/PeriodistaCancun-e1690931085425.jpg?resize=700%2C400&ssl=1 2x"},"classes":[]},{"id":65567,"url":"https:\/\/www.grieta.org.mx\/index.php\/2022\/09\/02\/secuestran-y-golpean-a-periodista-de-quintana-roo\/","url_meta":{"origin":67069,"position":1},"title":"Secuestran y golpean a periodista de Quintana Roo","author":"grieta","date":"2 septiembre, 2022","format":false,"excerpt":"Animal Pol\u00edtico Foto Cuartoscuro La periodista Priscila Roco, colaboradora del medio Playa al d\u00eda, fue privada de la libertad y golpeada por hombres armados en Canc\u00fan, Quintana Roo. De acuerdo con el medio, un carro Versa color gris la sigui\u00f3 y un hombre armado y una mujer la subieron bajo\u2026","rel":"","context":"En &quot;CINTILLO&quot;","block_context":{"text":"CINTILLO","link":"https:\/\/www.grieta.org.mx\/index.php\/category\/cintillo\/"},"img":{"alt_text":"","src":"https:\/\/i0.wp.com\/www.grieta.org.mx\/wp-content\/uploads\/2022\/10\/Periodista-e1666390221879.jpg?resize=350%2C200&ssl=1","width":350,"height":200,"srcset":"https:\/\/i0.wp.com\/www.grieta.org.mx\/wp-content\/uploads\/2022\/10\/Periodista-e1666390221879.jpg?resize=350%2C200&ssl=1 1x, https:\/\/i0.wp.com\/www.grieta.org.mx\/wp-content\/uploads\/2022\/10\/Periodista-e1666390221879.jpg?resize=525%2C300&ssl=1 1.5x, https:\/\/i0.wp.com\/www.grieta.org.mx\/wp-content\/uploads\/2022\/10\/Periodista-e1666390221879.jpg?resize=700%2C400&ssl=1 2x"},"classes":[]},{"id":68710,"url":"https:\/\/www.grieta.org.mx\/index.php\/2024\/02\/06\/desaparece-un-periodista-mexicano-en-cancun-luego-de-recibir-presuntas-amenazas-quintana-roo\/","url_meta":{"origin":67069,"position":2},"title":"Desaparece un periodista mexicano en Canc\u00fan luego de recibir presuntas amenazas (Quintana Roo)","author":"grieta","date":"6 febrero, 2024","format":false,"excerpt":"La Opini\u00f3n La violencia contra periodistas en M\u00e9xico sigue siendo un problema alarmante en el pa\u00eds, que se mantiene como una de las naciones m\u00e1s peligrosas para quienes ejercen dicha actividad. El caso m\u00e1s reciente es la desaparici\u00f3n de un reportero en la ciudad tur\u00edstica de Canc\u00fan, de quien no\u2026","rel":"","context":"En &quot;CINTILLO&quot;","block_context":{"text":"CINTILLO","link":"https:\/\/www.grieta.org.mx\/index.php\/category\/cintillo\/"},"img":{"alt_text":"","src":"https:\/\/i0.wp.com\/www.grieta.org.mx\/wp-content\/uploads\/2024\/03\/Periodista-e1711913038305.jpg?resize=350%2C200&ssl=1","width":350,"height":200,"srcset":"https:\/\/i0.wp.com\/www.grieta.org.mx\/wp-content\/uploads\/2024\/03\/Periodista-e1711913038305.jpg?resize=350%2C200&ssl=1 1x, https:\/\/i0.wp.com\/www.grieta.org.mx\/wp-content\/uploads\/2024\/03\/Periodista-e1711913038305.jpg?resize=525%2C300&ssl=1 1.5x, https:\/\/i0.wp.com\/www.grieta.org.mx\/wp-content\/uploads\/2024\/03\/Periodista-e1711913038305.jpg?resize=700%2C400&ssl=1 2x"},"classes":[]},{"id":38415,"url":"https:\/\/www.grieta.org.mx\/index.php\/2019\/08\/25\/trata-policia-de-atropellar-a-reportero-de-quadratin-quintana-roo\/","url_meta":{"origin":67069,"position":3},"title":"Trata polic\u00eda de atropellar a reportero de Quadrat\u00edn Quintana Roo","author":"grieta","date":"25 agosto, 2019","format":false,"excerpt":"CANC\u00daN, QRoo, 25 de agosto de 2019.- El 11 de junio, la presidenta municipal de Canc\u00fan, Mara Lezama, afirm\u00f3 que la libertad de expresi\u00f3n y pensamiento construyen la democracia y es su deber como autoridad garantizarles. Sin embargo, este domingo, un funcionario de la Direcci\u00f3n de Seguridad P\u00fablica y Tr\u00e1nsito\u2026","rel":"","context":"En &quot;CINTILLO&quot;","block_context":{"text":"CINTILLO","link":"https:\/\/www.grieta.org.mx\/index.php\/category\/cintillo\/"},"img":{"alt_text":"","src":"https:\/\/i0.wp.com\/www.grieta.org.mx\/wp-content\/uploads\/2019\/08\/Rodas-Ataque2-1160x700-e1567019870762.jpg?resize=350%2C200&ssl=1","width":350,"height":200,"srcset":"https:\/\/i0.wp.com\/www.grieta.org.mx\/wp-content\/uploads\/2019\/08\/Rodas-Ataque2-1160x700-e1567019870762.jpg?resize=350%2C200&ssl=1 1x, https:\/\/i0.wp.com\/www.grieta.org.mx\/wp-content\/uploads\/2019\/08\/Rodas-Ataque2-1160x700-e1567019870762.jpg?resize=525%2C300&ssl=1 1.5x, https:\/\/i0.wp.com\/www.grieta.org.mx\/wp-content\/uploads\/2019\/08\/Rodas-Ataque2-1160x700-e1567019870762.jpg?resize=700%2C400&ssl=1 2x"},"classes":[]},{"id":70208,"url":"https:\/\/www.grieta.org.mx\/index.php\/2024\/09\/24\/tras-denunciar-amenaza-periodista-de-cozumel-sufre-ataque-armado-en-su-domicilio-quintana-roo\/","url_meta":{"origin":67069,"position":4},"title":"Tras denunciar amenaza: Periodista de Cozumel sufre ataque armado en su domicilio (Quintana Roo)","author":"grieta","date":"24 septiembre, 2024","format":false,"excerpt":"Redacci\u00f3n\/NOTICARIBE PENINSULAR COZUMEL \u2013 La periodista Silvia Peraza, titular del portal C\u00f3digo Rojo Quintana Roo, fue v\u00edctima de un ataque armado en su domicilio la madrugada de este martes. El ataque se produjo horas despu\u00e9s de que Peraza presentara una denuncia ante el Ministerio P\u00fablico por una amenaza recibida a\u2026","rel":"","context":"En &quot;CINTILLO&quot;","block_context":{"text":"CINTILLO","link":"https:\/\/www.grieta.org.mx\/index.php\/category\/cintillo\/"},"img":{"alt_text":"","src":"https:\/\/i0.wp.com\/www.grieta.org.mx\/wp-content\/uploads\/2024\/10\/Periodistas-e1729305944186.jpg?resize=350%2C200&ssl=1","width":350,"height":200,"srcset":"https:\/\/i0.wp.com\/www.grieta.org.mx\/wp-content\/uploads\/2024\/10\/Periodistas-e1729305944186.jpg?resize=350%2C200&ssl=1 1x, https:\/\/i0.wp.com\/www.grieta.org.mx\/wp-content\/uploads\/2024\/10\/Periodistas-e1729305944186.jpg?resize=525%2C300&ssl=1 1.5x, https:\/\/i0.wp.com\/www.grieta.org.mx\/wp-content\/uploads\/2024\/10\/Periodistas-e1729305944186.jpg?resize=700%2C400&ssl=1 2x"},"classes":[]},{"id":63184,"url":"https:\/\/www.grieta.org.mx\/index.php\/2022\/01\/25\/se-manifiestan-en-playa-del-carmen-por-el-asesinato-de-la-periodista-lourdes-maldonado-quintana-roo\/","url_meta":{"origin":67069,"position":5},"title":"Se manifiestan en Playa del Carmen por el asesinato de la periodista Lourdes Maldonado (Quintana Roo)","author":"grieta","date":"25 enero, 2022","format":false,"excerpt":"Fernando Morcillo \/ PorEsto! Reporteros acudieron al Palacio Municipal de Playa del Carmen para exigir justicia por el asesinato de la Lourdes Maldonado, periodista asesinada en Baja California, adem\u00e1s de tener condiciones seguras para trabajar Reporteros de Playa del Carmen se manifiestan en los bajos del Palacio Municipal, como parte\u2026","rel":"","context":"En &quot;CINTILLO&quot;","block_context":{"text":"CINTILLO","link":"https:\/\/www.grieta.org.mx\/index.php\/category\/cintillo\/"},"img":{"alt_text":"","src":"https:\/\/i0.wp.com\/www.grieta.org.mx\/wp-content\/uploads\/2022\/01\/PlayaPeriodistas-e1643308857279.png?resize=350%2C200&ssl=1","width":350,"height":200,"srcset":"https:\/\/i0.wp.com\/www.grieta.org.mx\/wp-content\/uploads\/2022\/01\/PlayaPeriodistas-e1643308857279.png?resize=350%2C200&ssl=1 1x, https:\/\/i0.wp.com\/www.grieta.org.mx\/wp-content\/uploads\/2022\/01\/PlayaPeriodistas-e1643308857279.png?resize=525%2C300&ssl=1 1.5x, https:\/\/i0.wp.com\/www.grieta.org.mx\/wp-content\/uploads\/2022\/01\/PlayaPeriodistas-e1643308857279.png?resize=700%2C400&ssl=1 2x"},"classes":[]}],"_links":{"self":[{"href":"https:\/\/www.grieta.org.mx\/index.php\/wp-json\/wp\/v2\/posts\/67069","targetHints":{"allow":["GET"]}}],"collection":[{"href":"https:\/\/www.grieta.org.mx\/index.php\/wp-json\/wp\/v2\/posts"}],"about":[{"href":"https:\/\/www.grieta.org.mx\/index.php\/wp-json\/wp\/v2\/types\/post"}],"author":[{"embeddable":true,"href":"https:\/\/www.grieta.org.mx\/index.php\/wp-json\/wp\/v2\/users\/2"}],"replies":[{"embeddable":true,"href":"https:\/\/www.grieta.org.mx\/index.php\/wp-json\/wp\/v2\/comments?post=67069"}],"version-history":[{"count":1,"href":"https:\/\/www.grieta.org.mx\/index.php\/wp-json\/wp\/v2\/posts\/67069\/revisions"}],"predecessor-version":[{"id":67071,"href":"https:\/\/www.grieta.org.mx\/index.php\/wp-json\/wp\/v2\/posts\/67069\/revisions\/67071"}],"wp:featuredmedia":[{"embeddable":true,"href":"https:\/\/www.grieta.org.mx\/index.php\/wp-json\/wp\/v2\/media\/67070"}],"wp:attachment":[{"href":"https:\/\/www.grieta.org.mx\/index.php\/wp-json\/wp\/v2\/media?parent=67069"}],"wp:term":[{"taxonomy":"category","embeddable":true,"href":"https:\/\/www.grieta.org.mx\/index.php\/wp-json\/wp\/v2\/categories?post=67069"},{"taxonomy":"post_tag","embeddable":true,"href":"https:\/\/www.grieta.org.mx\/index.php\/wp-json\/wp\/v2\/tags?post=67069"}],"curies":[{"name":"wp","href":"https:\/\/api.w.org\/{rel}","templated":true}]}}