{"id":67066,"date":"2023-06-18T11:59:09","date_gmt":"2023-06-18T17:59:09","guid":{"rendered":"https:\/\/www.grieta.org.mx\/?p=67066"},"modified":"2023-06-23T12:04:07","modified_gmt":"2023-06-23T18:04:07","slug":"bloquearon-carretera-federal-en-bacalar-en-protesta-contra-apagones-de-cfe-quintana-roo","status":"publish","type":"post","link":"https:\/\/www.grieta.org.mx\/index.php\/2023\/06\/18\/bloquearon-carretera-federal-en-bacalar-en-protesta-contra-apagones-de-cfe-quintana-roo\/","title":{"rendered":"Bloquearon carretera Federal en Bacalar en Protesta contra Apagones de CFE (Quintana Roo)"},"content":{"rendered":"<p>Redacci\u00f3n\/CAMBIO 22<\/p>\n<p>CHETUMAL, 18 de junio.- Habitantes de la ciudad de Bacalar bloquearon el paso de la carretera Federal 307 Chetumal-Canc\u00fan en las primeras horas de la madrugada de este domingo, en protesta por los apagones que se han registrado en los \u00faltimos d\u00edas y en medio del intenso calor.<\/p>\n<p>El cierre de la carretera fue realizado por un grupo de vecinos de diversas colonias del Pueblo M\u00e1gico, que hartos de las constantes fallas de la Comisi\u00f3n Federal de Electricidad (CFE) colocaron troncos y rocas a la altura del Cenote Azul, impidiendo as\u00ed el paso de cientos de veh\u00edculos en ambos sentidos, precisamente en el momento que hab\u00eda ocurrido un prolongado apag\u00f3n.<\/p>\n<p>Los vecinos le reclaman que en los \u00faltimos d\u00edas se han registrado apagones de varias horas afectando la rutina familiar y de los comercios y negocios de la zona.<\/p>\n<p>Sumamente molestos por este problema, hombres y mujeres, algunos acompa\u00f1ados de ni\u00f1os, se reunieron en la carretera y la bloquearon, advirtiendo que no liberar\u00edan el paso hasta que existiera un compromiso por escrito de la CFE de mejorar el servicio y acabar con los apagones que han estado padeciendo de manera frecuente.<\/p>\n<p>Esto gener\u00f3 filas de cientos de veh\u00edculos y hasta conatos de broca, porque algunos conductores se bajaron de sus unidades y encararon a los manifestantes, a quienes les pidieron dejarlos pasar, y aunque la situaci\u00f3n no pas\u00f3 a mayores, hubo momentos de tensi\u00f3n entre autom\u00f3vilistas y vecinos, quienes llegaron a discutir y de las agresiones verbales estuvieron a punto de llegar a las agresiones f\u00edsicas.<\/p>\n<p>Por lapsos de pocos minutos los ciudadanos dejaban pasar unos cuantos veh\u00edculos, para despu\u00e9s retomar el bloqueo, lo que tambi\u00e9n caus\u00f3 enojo y desesperaci\u00f3n entre los viajantes que solo quer\u00edan llegar a su destino y poder descansar.<\/p>\n<p>Fue hasta despu\u00e9s de las 3 de la ma\u00f1ana que el servicio de energ\u00eda el\u00e9ctrica se restableci\u00f3 en el municipio, por lo que las personas decidieron liberar la v\u00eda para regresar a sus hogares, pero advirtieron que volver\u00edan a tomar la carretera si contin\u00faan los apagones.<\/p>\n<p><a href=\"https:\/\/diariocambio22.mx\/bloquearon-carretera-federal-en-bacalar-en-protesta-contra-apagones-de-cfe\/\" rel=\"noopener\" target=\"_blank\">https:\/\/diariocambio22.mx\/bloquearon-carretera-federal-en-bacalar-en-protesta-contra-apagones-de-cfe\/<\/a><\/p>\n","protected":false},"excerpt":{"rendered":"<p>Redacci\u00f3n\/CAMBIO 22 CHETUMAL, 18 de junio.- Habitantes de la ciudad de Bacalar bloquearon el paso de la carretera Federal 307 Chetumal-Canc\u00fan en las primeras horas de la madrugada de este &hellip; <a href=\"https:\/\/www.grieta.org.mx\/index.php\/2023\/06\/18\/bloquearon-carretera-federal-en-bacalar-en-protesta-contra-apagones-de-cfe-quintana-roo\/\" class=\"more-link\">Leer m\u00e1s<\/a><\/p>\n","protected":false},"author":2,"featured_media":67067,"comment_status":"closed","ping_status":"closed","sticky":false,"template":"","format":"standard","meta":{"ngg_post_thumbnail":0,"_jetpack_newsletter_access":"","_jetpack_dont_email_post_to_subs":false,"_jetpack_newsletter_tier_id":0,"_jetpack_memberships_contains_paywalled_content":false,"_jetpack_memberships_contains_paid_content":false,"footnotes":""},"categories":[80,2905,2,28],"tags":[291,2849],"class_list":["post-67066","post","type-post","status-publish","format-standard","has-post-thumbnail","hentry","category-cintillo","category-conflictos-con-la-cfe-en-quintana-roo","category-noticias-nacionales","category-quintana-roo","tag-cfe","tag-conflictos-con-la-cfe","entry"],"jetpack_featured_media_url":"https:\/\/www.grieta.org.mx\/wp-content\/uploads\/2023\/06\/cfe2.jpg","jetpack_sharing_enabled":true,"jetpack_shortlink":"https:\/\/wp.me\/p7ZJR4-hrI","jetpack_likes_enabled":false,"jetpack-related-posts":[{"id":72230,"url":"https:\/\/www.grieta.org.mx\/index.php\/2025\/08\/16\/bloquean-carretera-tras-apagones-constantes-quintana-roo\/","url_meta":{"origin":67066,"position":0},"title":"Bloquean carretera tras apagones constantes (Quintana Roo)","author":"grieta","date":"16 agosto, 2025","format":false,"excerpt":"Sol Quintana Roo Habitantes de Bacalar bloquean la v\u00eda corta en protesta por constantes apagones y mal servicio el\u00e9ctrico, por lo que exigen a la CFE soluciones inmediatas para garantizar suministro estable Bacalar.\u2014 Habitantes de la comunidad Divorciados mantienen bloqueada la carretera de la v\u00eda corta, como protesta ante los\u2026","rel":"","context":"En &quot;CINTILLO&quot;","block_context":{"text":"CINTILLO","link":"https:\/\/www.grieta.org.mx\/index.php\/category\/cintillo\/"},"img":{"alt_text":"","src":"https:\/\/i0.wp.com\/www.grieta.org.mx\/wp-content\/uploads\/2025\/08\/Bloquean-e1755898483617.jpg?resize=350%2C200&ssl=1","width":350,"height":200,"srcset":"https:\/\/i0.wp.com\/www.grieta.org.mx\/wp-content\/uploads\/2025\/08\/Bloquean-e1755898483617.jpg?resize=350%2C200&ssl=1 1x, https:\/\/i0.wp.com\/www.grieta.org.mx\/wp-content\/uploads\/2025\/08\/Bloquean-e1755898483617.jpg?resize=525%2C300&ssl=1 1.5x, https:\/\/i0.wp.com\/www.grieta.org.mx\/wp-content\/uploads\/2025\/08\/Bloquean-e1755898483617.jpg?resize=700%2C400&ssl=1 2x"},"classes":[]},{"id":67062,"url":"https:\/\/www.grieta.org.mx\/index.php\/2023\/06\/19\/hartos-de-los-constantes-apagones-en-bacalar-usuarios-se-manifiestan-en-oficinas-de-la-cfe-quintana-roo\/","url_meta":{"origin":67066,"position":1},"title":"Hartos de los Constantes Apagones en Bacalar, Usuarios se Manifiestan en Oficinas de la CFE (Quintana Roo)","author":"grieta","date":"19 junio, 2023","format":false,"excerpt":"Laura Beytia\/CAMBIO 22 CHETUMAL, 19 de junio.- Ciudadanos de Bacalar hartos de las constantes interrupciones en el suministro de energ\u00eda el\u00e9ctrica, este lunes se manifestaron en las oficinas de la Comisi\u00f3n Federal de Electricidad (CFE) en protesta por el p\u00e9simo servicio que les brinda la paraestatal. Demandando atenci\u00f3n y una\u2026","rel":"","context":"En &quot;CINTILLO&quot;","block_context":{"text":"CINTILLO","link":"https:\/\/www.grieta.org.mx\/index.php\/category\/cintillo\/"},"img":{"alt_text":"","src":"https:\/\/i0.wp.com\/www.grieta.org.mx\/wp-content\/uploads\/2023\/06\/cfe-e1687538343655.jpg?resize=350%2C200&ssl=1","width":350,"height":200,"srcset":"https:\/\/i0.wp.com\/www.grieta.org.mx\/wp-content\/uploads\/2023\/06\/cfe-e1687538343655.jpg?resize=350%2C200&ssl=1 1x, https:\/\/i0.wp.com\/www.grieta.org.mx\/wp-content\/uploads\/2023\/06\/cfe-e1687538343655.jpg?resize=525%2C300&ssl=1 1.5x, https:\/\/i0.wp.com\/www.grieta.org.mx\/wp-content\/uploads\/2023\/06\/cfe-e1687538343655.jpg?resize=700%2C400&ssl=1 2x"},"classes":[]},{"id":69531,"url":"https:\/\/www.grieta.org.mx\/index.php\/2024\/08\/13\/por-tercera-ocasion-bloquean-pobladores-carretera-limones-chacchoben-por-falta-de-energia-electrica-quintana-roo\/","url_meta":{"origin":67066,"position":2},"title":"Por tercera ocasi\u00f3n: Bloquean pobladores carretera Limones-Chacchoben por falta de energ\u00eda el\u00e9ctrica (Quintana Roo)","author":"grieta","date":"13 agosto, 2024","format":false,"excerpt":"BACALAR, MX.\u2013 Pobladores de Chacchoben bloquearon por tercera ocasi\u00f3n la carretera que los une a Limones, en el municipio de Bacalar, con la queja de que Comisi\u00f3n Federal de Electricidad (CFE) los tiene sin energ\u00eda desde hace varios d\u00edas. Con troncos, llantas y piedras, los pobladores iniciaron este bloqueo que\u2026","rel":"","context":"En &quot;CINTILLO&quot;","block_context":{"text":"CINTILLO","link":"https:\/\/www.grieta.org.mx\/index.php\/category\/cintillo\/"},"img":{"alt_text":"","src":"https:\/\/i0.wp.com\/www.grieta.org.mx\/wp-content\/uploads\/2024\/08\/Bloqueo-e1725139406799.jpg?resize=350%2C200&ssl=1","width":350,"height":200,"srcset":"https:\/\/i0.wp.com\/www.grieta.org.mx\/wp-content\/uploads\/2024\/08\/Bloqueo-e1725139406799.jpg?resize=350%2C200&ssl=1 1x, https:\/\/i0.wp.com\/www.grieta.org.mx\/wp-content\/uploads\/2024\/08\/Bloqueo-e1725139406799.jpg?resize=525%2C300&ssl=1 1.5x, https:\/\/i0.wp.com\/www.grieta.org.mx\/wp-content\/uploads\/2024\/08\/Bloqueo-e1725139406799.jpg?resize=700%2C400&ssl=1 2x"},"classes":[]},{"id":3649,"url":"https:\/\/www.grieta.org.mx\/index.php\/2015\/09\/15\/ejidatarios-cierran-carretera-en-protesta-contra-la-cfe-en-quintana-roo\/","url_meta":{"origin":67066,"position":3},"title":"Ejidatarios cierran carretera en protesta contra la CFE en Quintana Roo","author":"grieta","date":"15 septiembre, 2015","format":false,"excerpt":"15\/09\/15. Cierran ejidatarios carretera en Quintana Roo: bloquean v\u00eda a JMM en la zona Maya por reclamo contra CFE por afectaci\u00f3n de tierrasNoticaribe","rel":"","context":"En &quot;NOTICIAS NACIONALES&quot;","block_context":{"text":"NOTICIAS NACIONALES","link":"https:\/\/www.grieta.org.mx\/index.php\/category\/noticias-nacionales\/"},"img":{"alt_text":"","src":"https:\/\/i0.wp.com\/www.grieta.org.mx\/wp-content\/uploads\/2018\/03\/14524434_1106112876131411_958039263622046936_o.jpg?resize=350%2C200&ssl=1","width":350,"height":200,"srcset":"https:\/\/i0.wp.com\/www.grieta.org.mx\/wp-content\/uploads\/2018\/03\/14524434_1106112876131411_958039263622046936_o.jpg?resize=350%2C200&ssl=1 1x, https:\/\/i0.wp.com\/www.grieta.org.mx\/wp-content\/uploads\/2018\/03\/14524434_1106112876131411_958039263622046936_o.jpg?resize=525%2C300&ssl=1 1.5x, https:\/\/i0.wp.com\/www.grieta.org.mx\/wp-content\/uploads\/2018\/03\/14524434_1106112876131411_958039263622046936_o.jpg?resize=700%2C400&ssl=1 2x"},"classes":[]},{"id":70705,"url":"https:\/\/www.grieta.org.mx\/index.php\/2024\/12\/13\/trabajadores-del-tren-maya-bloquean-la-carretera-chetumal-bacalar-por-salarios-atrasados-quintana-roo\/","url_meta":{"origin":67066,"position":4},"title":"Trabajadores del Tren Maya Bloquean la Carretera Chetumal-Bacalar por Salarios Atrasados (Quintana Roo)","author":"grieta","date":"13 diciembre, 2024","format":false,"excerpt":"Antonio Brice\u00f1o \/ CAMBIO 22 Trabajadores del Tren Maya bloquearon esta ma\u00f1ana la carretera Chetumal-Bacalar, en protesta por la falta de pago de sus salarios desde octubre Exigen una soluci\u00f3n inmediata para poder reanudar su labor CHETUMAL, 13 de diciembre.- Un grupo de trabajadores del Tren Maya bloque\u00f3 esta ma\u00f1ana\u2026","rel":"","context":"En &quot;CINTILLO&quot;","block_context":{"text":"CINTILLO","link":"https:\/\/www.grieta.org.mx\/index.php\/category\/cintillo\/"},"img":{"alt_text":"","src":"https:\/\/i0.wp.com\/www.grieta.org.mx\/wp-content\/uploads\/2024\/12\/Bloqueo.jpg?resize=350%2C200&ssl=1","width":350,"height":200},"classes":[]},{"id":65427,"url":"https:\/\/www.grieta.org.mx\/index.php\/2022\/09\/29\/ejidatarios-de-kantunilkin-frenan-trabajo-de-la-cfe-exigen-indemnizaciones-por-predios-afectados-quintana-roo\/","url_meta":{"origin":67066,"position":5},"title":"Ejidatarios de Kantunilk\u00edn frenan trabajo de la CFE; exigen indemnizaciones por predios afectados (Quintana Roo)","author":"grieta","date":"29 septiembre, 2022","format":false,"excerpt":"Luis Enrique Cauich \/ Por Esto! Ejidatarios de Kantunilk\u00edn detuvieron los trabajos de sustituci\u00f3n de postes y tendido el\u00e9ctrico que forman parte del proyecto de l\u00ednea submarina que llegara hasta la isla de Holbox, en exigencia a la Comisi\u00f3n Federal de Electricidad a llegar a un acuerdo de indemnizaci\u00f3n por\u2026","rel":"","context":"En &quot;CINTILLO&quot;","block_context":{"text":"CINTILLO","link":"https:\/\/www.grieta.org.mx\/index.php\/category\/cintillo\/"},"img":{"alt_text":"","src":"https:\/\/i0.wp.com\/www.grieta.org.mx\/wp-content\/uploads\/2022\/10\/Kantunilkil-e1665182685284.jpg?resize=350%2C200&ssl=1","width":350,"height":200,"srcset":"https:\/\/i0.wp.com\/www.grieta.org.mx\/wp-content\/uploads\/2022\/10\/Kantunilkil-e1665182685284.jpg?resize=350%2C200&ssl=1 1x, https:\/\/i0.wp.com\/www.grieta.org.mx\/wp-content\/uploads\/2022\/10\/Kantunilkil-e1665182685284.jpg?resize=525%2C300&ssl=1 1.5x, https:\/\/i0.wp.com\/www.grieta.org.mx\/wp-content\/uploads\/2022\/10\/Kantunilkil-e1665182685284.jpg?resize=700%2C400&ssl=1 2x"},"classes":[]}],"_links":{"self":[{"href":"https:\/\/www.grieta.org.mx\/index.php\/wp-json\/wp\/v2\/posts\/67066","targetHints":{"allow":["GET"]}}],"collection":[{"href":"https:\/\/www.grieta.org.mx\/index.php\/wp-json\/wp\/v2\/posts"}],"about":[{"href":"https:\/\/www.grieta.org.mx\/index.php\/wp-json\/wp\/v2\/types\/post"}],"author":[{"embeddable":true,"href":"https:\/\/www.grieta.org.mx\/index.php\/wp-json\/wp\/v2\/users\/2"}],"replies":[{"embeddable":true,"href":"https:\/\/www.grieta.org.mx\/index.php\/wp-json\/wp\/v2\/comments?post=67066"}],"version-history":[{"count":1,"href":"https:\/\/www.grieta.org.mx\/index.php\/wp-json\/wp\/v2\/posts\/67066\/revisions"}],"predecessor-version":[{"id":67068,"href":"https:\/\/www.grieta.org.mx\/index.php\/wp-json\/wp\/v2\/posts\/67066\/revisions\/67068"}],"wp:featuredmedia":[{"embeddable":true,"href":"https:\/\/www.grieta.org.mx\/index.php\/wp-json\/wp\/v2\/media\/67067"}],"wp:attachment":[{"href":"https:\/\/www.grieta.org.mx\/index.php\/wp-json\/wp\/v2\/media?parent=67066"}],"wp:term":[{"taxonomy":"category","embeddable":true,"href":"https:\/\/www.grieta.org.mx\/index.php\/wp-json\/wp\/v2\/categories?post=67066"},{"taxonomy":"post_tag","embeddable":true,"href":"https:\/\/www.grieta.org.mx\/index.php\/wp-json\/wp\/v2\/tags?post=67066"}],"curies":[{"name":"wp","href":"https:\/\/api.w.org\/{rel}","templated":true}]}}