{"id":67062,"date":"2023-06-19T10:29:26","date_gmt":"2023-06-19T16:29:26","guid":{"rendered":"https:\/\/www.grieta.org.mx\/?p=67062"},"modified":"2023-06-23T10:40:42","modified_gmt":"2023-06-23T16:40:42","slug":"hartos-de-los-constantes-apagones-en-bacalar-usuarios-se-manifiestan-en-oficinas-de-la-cfe-quintana-roo","status":"publish","type":"post","link":"https:\/\/www.grieta.org.mx\/index.php\/2023\/06\/19\/hartos-de-los-constantes-apagones-en-bacalar-usuarios-se-manifiestan-en-oficinas-de-la-cfe-quintana-roo\/","title":{"rendered":"Hartos de los Constantes Apagones en Bacalar, Usuarios se Manifiestan en Oficinas de la CFE (Quintana Roo)"},"content":{"rendered":"<p>Laura Beytia\/CAMBIO 22<\/p>\n<p>CHETUMAL, 19 de junio.- Ciudadanos de Bacalar hartos de las constantes interrupciones en el suministro de energ\u00eda el\u00e9ctrica, este lunes se manifestaron en las oficinas de la Comisi\u00f3n Federal de Electricidad (CFE) en protesta por el p\u00e9simo servicio que les brinda la paraestatal.<\/p>\n<p>Demandando atenci\u00f3n y una soluci\u00f3n inmediata a esta problem\u00e1tica, los inconformes dijeron que ya han perdido electrodom\u00e9sticos por los constantes bajones de luz, as\u00ed como alimentos, exponi\u00e9ndolos a sufrir del infernal calor y de las picaduras de los moscos y otros insectos, por lo que exigieron que hoy mismo les den una respuesta y se reparen las deficiencias, o de lo contrario recurrir\u00e1n a bloquear nuevamente la carretera federal.<\/p>\n<p>    \u201cEl problema de los apagones se tiene que solucionar hoy mismo por las buenas o por las malas, ya estamos hartos de esta situaci\u00f3n que solo nos est\u00e1 afectando econ\u00f3micamente porque se han quemado refrigeradores, ventiladores, aires acondicionados, televisores y nadie da la cara, por eso venimos hoy a que nos resuelvan esto, no queremos remedios temporales, exigimos que se deje de ir la luz, en caso de que no nos atiendan pues nos vamos a cerrar la carretera otra vez como medida de presi\u00f3n.\u201d<\/p>\n<p>Visiblemente enojados, los usuarios de la CFE dijeron que esto tambi\u00e9n ha afectado a las escuelas, ya que muchas no cuentan con el servicio de energ\u00eda y por las altas temperaturas, han recurrido a suspender las labores escolares, lo mismo ocurre en algunos comercios que se ven impedidos para entregar tickets de compra, sin contar los inconvenientes que esto genera en los hoteles y restaurantes.<\/p>\n<p>En los \u00faltimos meses han padecido de un suministro mal\u00edsimo de luz, que no se ve reflejado en sus recibos que llegan de manera puntual y por cantidades sumamente elevadas a pesar de las recurrentes fallas en el servicio, por lo que recriminaron que los legisladores federales y los senadores por Quintana Roo, est\u00e9n m\u00e1s enfocados en campa\u00f1as pol\u00edticas que por ayudar a sus representados, como acus\u00f3 Alejandro Castillo, otro afectado.<\/p>\n<p>    \u201cNadie, absolutamente nadie se ha preocupado por esto, ni ha levantado la voz, est\u00e1n mas ocupados y preocupados en cuestiones de campa\u00f1a para amarrar hueso que atender a los ciudadanos, no pelearon para que Bacalar y otros municipios que no tienen acceso al subsidio de verano puedan tenerlo y menos gestionaron un cambio de tarifa, nos han abandonado y dejado a merced de la CFE que nos cobra cantidades millonarias por la energ\u00eda el\u00e9ctrica, solo vienen cuando necesitan votos, pero aqu\u00ed los esperamos.\u201d<\/p>\n<p>Y aunque el superintendente ha argumentado no contar con personal, ni veh\u00edculos suficientes para atender todas las quejas, tampoco ha solicitado m\u00e1s cuadrillas y la prueba es, que son muchas las comunidades y sectores que permanecen sin luz desde hace casi una semana.<\/p>\n<p><a href=\"https:\/\/diariocambio22.mx\/hartos-de-los-constantes-apagones-en-bacalar-usuarios-se-manifiestan-en-oficinas-de-la-cfe\/\" rel=\"noopener\" target=\"_blank\">https:\/\/diariocambio22.mx\/hartos-de-los-constantes-apagones-en-bacalar-usuarios-se-manifiestan-en-oficinas-de-la-cfe\/<\/a><\/p>\n","protected":false},"excerpt":{"rendered":"<p>Laura Beytia\/CAMBIO 22 CHETUMAL, 19 de junio.- Ciudadanos de Bacalar hartos de las constantes interrupciones en el suministro de energ\u00eda el\u00e9ctrica, este lunes se manifestaron en las oficinas de la &hellip; <a href=\"https:\/\/www.grieta.org.mx\/index.php\/2023\/06\/19\/hartos-de-los-constantes-apagones-en-bacalar-usuarios-se-manifiestan-en-oficinas-de-la-cfe-quintana-roo\/\" class=\"more-link\">Leer m\u00e1s<\/a><\/p>\n","protected":false},"author":2,"featured_media":67063,"comment_status":"closed","ping_status":"closed","sticky":false,"template":"","format":"standard","meta":{"ngg_post_thumbnail":0,"_jetpack_newsletter_access":"","_jetpack_dont_email_post_to_subs":false,"_jetpack_newsletter_tier_id":0,"_jetpack_memberships_contains_paywalled_content":false,"_jetpack_memberships_contains_paid_content":false,"footnotes":""},"categories":[80,2905,2,28],"tags":[291],"class_list":["post-67062","post","type-post","status-publish","format-standard","has-post-thumbnail","hentry","category-cintillo","category-conflictos-con-la-cfe-en-quintana-roo","category-noticias-nacionales","category-quintana-roo","tag-cfe","entry"],"jetpack_featured_media_url":"https:\/\/www.grieta.org.mx\/wp-content\/uploads\/2023\/06\/cfe-e1687538343655.jpg","jetpack_sharing_enabled":true,"jetpack_shortlink":"https:\/\/wp.me\/p7ZJR4-hrE","jetpack_likes_enabled":false,"jetpack-related-posts":[{"id":72230,"url":"https:\/\/www.grieta.org.mx\/index.php\/2025\/08\/16\/bloquean-carretera-tras-apagones-constantes-quintana-roo\/","url_meta":{"origin":67062,"position":0},"title":"Bloquean carretera tras apagones constantes (Quintana Roo)","author":"grieta","date":"16 agosto, 2025","format":false,"excerpt":"Sol Quintana Roo Habitantes de Bacalar bloquean la v\u00eda corta en protesta por constantes apagones y mal servicio el\u00e9ctrico, por lo que exigen a la CFE soluciones inmediatas para garantizar suministro estable Bacalar.\u2014 Habitantes de la comunidad Divorciados mantienen bloqueada la carretera de la v\u00eda corta, como protesta ante los\u2026","rel":"","context":"En &quot;CINTILLO&quot;","block_context":{"text":"CINTILLO","link":"https:\/\/www.grieta.org.mx\/index.php\/category\/cintillo\/"},"img":{"alt_text":"","src":"https:\/\/i0.wp.com\/www.grieta.org.mx\/wp-content\/uploads\/2025\/08\/Bloquean-e1755898483617.jpg?resize=350%2C200&ssl=1","width":350,"height":200,"srcset":"https:\/\/i0.wp.com\/www.grieta.org.mx\/wp-content\/uploads\/2025\/08\/Bloquean-e1755898483617.jpg?resize=350%2C200&ssl=1 1x, https:\/\/i0.wp.com\/www.grieta.org.mx\/wp-content\/uploads\/2025\/08\/Bloquean-e1755898483617.jpg?resize=525%2C300&ssl=1 1.5x, https:\/\/i0.wp.com\/www.grieta.org.mx\/wp-content\/uploads\/2025\/08\/Bloquean-e1755898483617.jpg?resize=700%2C400&ssl=1 2x"},"classes":[]},{"id":67066,"url":"https:\/\/www.grieta.org.mx\/index.php\/2023\/06\/18\/bloquearon-carretera-federal-en-bacalar-en-protesta-contra-apagones-de-cfe-quintana-roo\/","url_meta":{"origin":67062,"position":1},"title":"Bloquearon carretera Federal en Bacalar en Protesta contra Apagones de CFE (Quintana Roo)","author":"grieta","date":"18 junio, 2023","format":false,"excerpt":"Redacci\u00f3n\/CAMBIO 22 CHETUMAL, 18 de junio.- Habitantes de la ciudad de Bacalar bloquearon el paso de la carretera Federal 307 Chetumal-Canc\u00fan en las primeras horas de la madrugada de este domingo, en protesta por los apagones que se han registrado en los \u00faltimos d\u00edas y en medio del intenso calor.\u2026","rel":"","context":"En &quot;CINTILLO&quot;","block_context":{"text":"CINTILLO","link":"https:\/\/www.grieta.org.mx\/index.php\/category\/cintillo\/"},"img":{"alt_text":"","src":"https:\/\/i0.wp.com\/www.grieta.org.mx\/wp-content\/uploads\/2023\/06\/cfe2.jpg?resize=350%2C200&ssl=1","width":350,"height":200,"srcset":"https:\/\/i0.wp.com\/www.grieta.org.mx\/wp-content\/uploads\/2023\/06\/cfe2.jpg?resize=350%2C200&ssl=1 1x, https:\/\/i0.wp.com\/www.grieta.org.mx\/wp-content\/uploads\/2023\/06\/cfe2.jpg?resize=525%2C300&ssl=1 1.5x, https:\/\/i0.wp.com\/www.grieta.org.mx\/wp-content\/uploads\/2023\/06\/cfe2.jpg?resize=700%2C400&ssl=1 2x, https:\/\/i0.wp.com\/www.grieta.org.mx\/wp-content\/uploads\/2023\/06\/cfe2.jpg?resize=1050%2C600&ssl=1 3x, https:\/\/i0.wp.com\/www.grieta.org.mx\/wp-content\/uploads\/2023\/06\/cfe2.jpg?resize=1400%2C800&ssl=1 4x"},"classes":[]},{"id":69531,"url":"https:\/\/www.grieta.org.mx\/index.php\/2024\/08\/13\/por-tercera-ocasion-bloquean-pobladores-carretera-limones-chacchoben-por-falta-de-energia-electrica-quintana-roo\/","url_meta":{"origin":67062,"position":2},"title":"Por tercera ocasi\u00f3n: Bloquean pobladores carretera Limones-Chacchoben por falta de energ\u00eda el\u00e9ctrica (Quintana Roo)","author":"grieta","date":"13 agosto, 2024","format":false,"excerpt":"BACALAR, MX.\u2013 Pobladores de Chacchoben bloquearon por tercera ocasi\u00f3n la carretera que los une a Limones, en el municipio de Bacalar, con la queja de que Comisi\u00f3n Federal de Electricidad (CFE) los tiene sin energ\u00eda desde hace varios d\u00edas. Con troncos, llantas y piedras, los pobladores iniciaron este bloqueo que\u2026","rel":"","context":"En &quot;CINTILLO&quot;","block_context":{"text":"CINTILLO","link":"https:\/\/www.grieta.org.mx\/index.php\/category\/cintillo\/"},"img":{"alt_text":"","src":"https:\/\/i0.wp.com\/www.grieta.org.mx\/wp-content\/uploads\/2024\/08\/Bloqueo-e1725139406799.jpg?resize=350%2C200&ssl=1","width":350,"height":200,"srcset":"https:\/\/i0.wp.com\/www.grieta.org.mx\/wp-content\/uploads\/2024\/08\/Bloqueo-e1725139406799.jpg?resize=350%2C200&ssl=1 1x, https:\/\/i0.wp.com\/www.grieta.org.mx\/wp-content\/uploads\/2024\/08\/Bloqueo-e1725139406799.jpg?resize=525%2C300&ssl=1 1.5x, https:\/\/i0.wp.com\/www.grieta.org.mx\/wp-content\/uploads\/2024\/08\/Bloqueo-e1725139406799.jpg?resize=700%2C400&ssl=1 2x"},"classes":[]},{"id":39968,"url":"https:\/\/www.grieta.org.mx\/index.php\/2019\/09\/22\/la-cfe-le-apaga-la-luz-a-cuatro-comunidades-mayas-de-q-roo\/","url_meta":{"origin":67062,"position":3},"title":"La CFE le \u2018apaga la luz\u2019 a cuatro comunidades mayas de Q. Roo","author":"grieta","date":"22 septiembre, 2019","format":false,"excerpt":"Jes\u00fas Caamal\/SIPSE Habitantes de estas localidades aseguran que sufren apagones constantes sin justificaci\u00f3n. FELIPE CARRILLO PUERTO, Q. Roo.- La Comisi\u00f3n Federal de Electricidad (CFE) en Felipe Carrillo Puerto constantemente deja sin energ\u00eda el\u00e9ctrica a m\u00e1s de cuatro comunidades del sur - poniente generando descontento a los ciudadanos. Autoridades comunales de\u2026","rel":"","context":"En &quot;CINTILLO&quot;","block_context":{"text":"CINTILLO","link":"https:\/\/www.grieta.org.mx\/index.php\/category\/cintillo\/"},"img":{"alt_text":"","src":"https:\/\/i0.wp.com\/www.grieta.org.mx\/wp-content\/uploads\/2019\/10\/1568933679740.jpeg?resize=350%2C200&ssl=1","width":350,"height":200,"srcset":"https:\/\/i0.wp.com\/www.grieta.org.mx\/wp-content\/uploads\/2019\/10\/1568933679740.jpeg?resize=350%2C200&ssl=1 1x, https:\/\/i0.wp.com\/www.grieta.org.mx\/wp-content\/uploads\/2019\/10\/1568933679740.jpeg?resize=525%2C300&ssl=1 1.5x, https:\/\/i0.wp.com\/www.grieta.org.mx\/wp-content\/uploads\/2019\/10\/1568933679740.jpeg?resize=700%2C400&ssl=1 2x"},"classes":[]},{"id":65427,"url":"https:\/\/www.grieta.org.mx\/index.php\/2022\/09\/29\/ejidatarios-de-kantunilkin-frenan-trabajo-de-la-cfe-exigen-indemnizaciones-por-predios-afectados-quintana-roo\/","url_meta":{"origin":67062,"position":4},"title":"Ejidatarios de Kantunilk\u00edn frenan trabajo de la CFE; exigen indemnizaciones por predios afectados (Quintana Roo)","author":"grieta","date":"29 septiembre, 2022","format":false,"excerpt":"Luis Enrique Cauich \/ Por Esto! Ejidatarios de Kantunilk\u00edn detuvieron los trabajos de sustituci\u00f3n de postes y tendido el\u00e9ctrico que forman parte del proyecto de l\u00ednea submarina que llegara hasta la isla de Holbox, en exigencia a la Comisi\u00f3n Federal de Electricidad a llegar a un acuerdo de indemnizaci\u00f3n por\u2026","rel":"","context":"En &quot;CINTILLO&quot;","block_context":{"text":"CINTILLO","link":"https:\/\/www.grieta.org.mx\/index.php\/category\/cintillo\/"},"img":{"alt_text":"","src":"https:\/\/i0.wp.com\/www.grieta.org.mx\/wp-content\/uploads\/2022\/10\/Kantunilkil-e1665182685284.jpg?resize=350%2C200&ssl=1","width":350,"height":200,"srcset":"https:\/\/i0.wp.com\/www.grieta.org.mx\/wp-content\/uploads\/2022\/10\/Kantunilkil-e1665182685284.jpg?resize=350%2C200&ssl=1 1x, https:\/\/i0.wp.com\/www.grieta.org.mx\/wp-content\/uploads\/2022\/10\/Kantunilkil-e1665182685284.jpg?resize=525%2C300&ssl=1 1.5x, https:\/\/i0.wp.com\/www.grieta.org.mx\/wp-content\/uploads\/2022\/10\/Kantunilkil-e1665182685284.jpg?resize=700%2C400&ssl=1 2x"},"classes":[]},{"id":65993,"url":"https:\/\/www.grieta.org.mx\/index.php\/2022\/12\/17\/habitantes-de-colonias-irregulares-protestan-de-nuevo-contra-cfe-en-cancun-quintana-roo\/","url_meta":{"origin":67062,"position":5},"title":"Habitantes de colonias irregulares protestan de nuevo contra CFE en Canc\u00fan (Quintana Roo)","author":"grieta","date":"17 diciembre, 2022","format":false,"excerpt":"Eduardo del Valle \/ Novedades Quintana Roo M\u00e1s de 30 personas de al menos una treintena de colonias irregulares de Canc\u00fan bloquearon la carretera Canc\u00fan-M\u00e9rida por varias horas, en protesta por la negativa de la Comisi\u00f3n Federal de Electricidad (CFE) de instalar medidores para que cuenten con el servicio de\u2026","rel":"","context":"En &quot;CINTILLO&quot;","block_context":{"text":"CINTILLO","link":"https:\/\/www.grieta.org.mx\/index.php\/category\/cintillo\/"},"img":{"alt_text":"","src":"https:\/\/i0.wp.com\/www.grieta.org.mx\/wp-content\/uploads\/2022\/12\/BloqueoCancun-e1672005474302.jpg?resize=350%2C200&ssl=1","width":350,"height":200,"srcset":"https:\/\/i0.wp.com\/www.grieta.org.mx\/wp-content\/uploads\/2022\/12\/BloqueoCancun-e1672005474302.jpg?resize=350%2C200&ssl=1 1x, https:\/\/i0.wp.com\/www.grieta.org.mx\/wp-content\/uploads\/2022\/12\/BloqueoCancun-e1672005474302.jpg?resize=525%2C300&ssl=1 1.5x, https:\/\/i0.wp.com\/www.grieta.org.mx\/wp-content\/uploads\/2022\/12\/BloqueoCancun-e1672005474302.jpg?resize=700%2C400&ssl=1 2x"},"classes":[]}],"_links":{"self":[{"href":"https:\/\/www.grieta.org.mx\/index.php\/wp-json\/wp\/v2\/posts\/67062","targetHints":{"allow":["GET"]}}],"collection":[{"href":"https:\/\/www.grieta.org.mx\/index.php\/wp-json\/wp\/v2\/posts"}],"about":[{"href":"https:\/\/www.grieta.org.mx\/index.php\/wp-json\/wp\/v2\/types\/post"}],"author":[{"embeddable":true,"href":"https:\/\/www.grieta.org.mx\/index.php\/wp-json\/wp\/v2\/users\/2"}],"replies":[{"embeddable":true,"href":"https:\/\/www.grieta.org.mx\/index.php\/wp-json\/wp\/v2\/comments?post=67062"}],"version-history":[{"count":1,"href":"https:\/\/www.grieta.org.mx\/index.php\/wp-json\/wp\/v2\/posts\/67062\/revisions"}],"predecessor-version":[{"id":67064,"href":"https:\/\/www.grieta.org.mx\/index.php\/wp-json\/wp\/v2\/posts\/67062\/revisions\/67064"}],"wp:featuredmedia":[{"embeddable":true,"href":"https:\/\/www.grieta.org.mx\/index.php\/wp-json\/wp\/v2\/media\/67063"}],"wp:attachment":[{"href":"https:\/\/www.grieta.org.mx\/index.php\/wp-json\/wp\/v2\/media?parent=67062"}],"wp:term":[{"taxonomy":"category","embeddable":true,"href":"https:\/\/www.grieta.org.mx\/index.php\/wp-json\/wp\/v2\/categories?post=67062"},{"taxonomy":"post_tag","embeddable":true,"href":"https:\/\/www.grieta.org.mx\/index.php\/wp-json\/wp\/v2\/tags?post=67062"}],"curies":[{"name":"wp","href":"https:\/\/api.w.org\/{rel}","templated":true}]}}