{"id":67059,"date":"2023-05-03T10:22:58","date_gmt":"2023-05-03T16:22:58","guid":{"rendered":"https:\/\/www.grieta.org.mx\/?p=67059"},"modified":"2023-06-23T10:28:26","modified_gmt":"2023-06-23T16:28:26","slug":"caravana-el-sur-resiste-pide-a-la-sedena-suspender-obras-en-el-tramo-7-del-tren-maya-campeche","status":"publish","type":"post","link":"https:\/\/www.grieta.org.mx\/index.php\/2023\/05\/03\/caravana-el-sur-resiste-pide-a-la-sedena-suspender-obras-en-el-tramo-7-del-tren-maya-campeche\/","title":{"rendered":"Caravana El Sur Resiste pide a la Sedena suspender obras en el Tramo 7 del Tren Maya (Campeche)"},"content":{"rendered":"<p>Cambio 22<\/p>\n<p>XPUJIL, CAMPECHE, 3 de mayo.- Los integrantes del movimiento Caravana El Sur Resiste llegaron al campamento de la Secretar\u00eda de la Defensa Nacional (Sedena) en Xpujil, municipio de Calakmul, Campeche, para hacer entrega a los ingenieros militares de documentos que acreditan que el Tramo 7 del Tren Maya se construye de manera ilegal.<\/p>\n<p>Encabezados por el Concejo Regional Ind\u00edgena de Xpujil, y con participaciones de inconformes del ejido Laguna Om, procedentes de Nicol\u00e1s Bravo, Quintana Roo, los manifestantes se apostaron frente al campamento militar para entregar la documentaci\u00f3n, que hacen referencia a suspensiones definitivas de amparos judiciales.<\/p>\n<p>    Los elementos de la Sedena fueron sorprendidos por los manifestantes, que gritaban \u201ceste tren no es maya, este tren es militar\u201d, frente a la entrada del campamento del frente 3 del Tramo 7 del Tren Maya, siendo este tramo el que va de Chetumal, Quintana Roo, a Esc\u00e1rcega, Campeche, atravesando por Calakmul.<\/p>\n<p>All\u00ed indicaron que los espacios ocupados por la Sedena son para lucrar con la destrucci\u00f3n medioambiental, pues los activistas aseguran que la extensi\u00f3n donde actualmente est\u00e1 el campamento de Xpujil ser\u00e1 utilizado para construir un hotel con casino, junto a la estaci\u00f3n correspondiente.<\/p>\n<p>Afirmaron que la poblaci\u00f3n tiene derecho a parar la obra, porque est\u00e1n en desacato a la orden judicial, lo mismo que el Fondo Nacional del Turismo (Fonatur).<\/p>\n<p>Los activistas estuvieron antes en la ciudad de Felipe Carrillo, en el coraz\u00f3n de la zona maya de Quintana Roo, para protestar principalmente contra la afectaci\u00f3n de las obras del tren sobre el sistema cenotes Sac Aktun.<\/p>\n<p>Los oficiales en la guardia recibieron los documentos que les entregaron los activistas, quienes se quejaban de que el personal administrativo del sitio les tom\u00f3 fotos y el registro de las personas que acudieron.<\/p>\n<p><a href=\"https:\/\/diariocambio22.mx\/caravana-el-sur-resiste-pide-a-la-sedena-suspender-obras-en-el-tramo-7-del-tren-maya\/\" rel=\"noopener\" target=\"_blank\">https:\/\/diariocambio22.mx\/caravana-el-sur-resiste-pide-a-la-sedena-suspender-obras-en-el-tramo-7-del-tren-maya\/<\/a><\/p>\n","protected":false},"excerpt":{"rendered":"<p>Cambio 22 XPUJIL, CAMPECHE, 3 de mayo.- Los integrantes del movimiento Caravana El Sur Resiste llegaron al campamento de la Secretar\u00eda de la Defensa Nacional (Sedena) en Xpujil, municipio de &hellip; <a href=\"https:\/\/www.grieta.org.mx\/index.php\/2023\/05\/03\/caravana-el-sur-resiste-pide-a-la-sedena-suspender-obras-en-el-tramo-7-del-tren-maya-campeche\/\" class=\"more-link\">Leer m\u00e1s<\/a><\/p>\n","protected":false},"author":2,"featured_media":67060,"comment_status":"closed","ping_status":"closed","sticky":false,"template":"","format":"standard","meta":{"ngg_post_thumbnail":0,"_jetpack_newsletter_access":"","_jetpack_dont_email_post_to_subs":false,"_jetpack_newsletter_tier_id":0,"_jetpack_memberships_contains_paywalled_content":false,"_jetpack_memberships_contains_paid_content":false,"footnotes":""},"categories":[69,11,80,2258,958,1,954,3,922,926,944,952,2,1877,2026],"tags":[4159,1878],"class_list":["post-67059","post","type-post","status-publish","format-standard","has-post-thumbnail","hentry","category-25-xpujil","category-campeche","category-cintillo","category-ecocidio-en-campeche","category-esp-campeche","category-espejos-de-la-resistencia","category-espejos-estados","category-megaproyectos","category-megaproyectos-estados","category-mp-campeche","category-mp-quintana-roo","category-mp-yucatan","category-noticias-nacionales","category-resistencia-al-tren-maya-en-la-peninsula-de-yucatan-campeche","category-tren-maya","tag-el-sur-resiste","tag-tren-maya","entry"],"jetpack_featured_media_url":"https:\/\/www.grieta.org.mx\/wp-content\/uploads\/2023\/06\/SurResiste-e1687537548743.jpg","jetpack_sharing_enabled":true,"jetpack_shortlink":"https:\/\/wp.me\/p7ZJR4-hrB","jetpack_likes_enabled":false,"jetpack-related-posts":[{"id":47874,"url":"https:\/\/www.grieta.org.mx\/index.php\/2020\/04\/13\/las-vias-torcidas-del-tren-maya-video\/","url_meta":{"origin":67059,"position":0},"title":"Las v\u00edas torcidas del tren maya (Video)","author":"grieta","date":"13 abril, 2020","format":false,"excerpt":"https:\/\/www.youtube.com\/watch?v=k8FRX9eT0YY","rel":"","context":"En &quot;16. Pueblo Maya&quot;","block_context":{"text":"16. Pueblo Maya","link":"https:\/\/www.grieta.org.mx\/index.php\/category\/espejos-de-la-resistencia\/16-pueblo-maya\/"},"img":{"alt_text":"","src":"https:\/\/i0.wp.com\/www.grieta.org.mx\/wp-content\/uploads\/2020\/04\/ViasTorcidasTrenMaya.png?resize=350%2C200&ssl=1","width":350,"height":200,"srcset":"https:\/\/i0.wp.com\/www.grieta.org.mx\/wp-content\/uploads\/2020\/04\/ViasTorcidasTrenMaya.png?resize=350%2C200&ssl=1 1x, https:\/\/i0.wp.com\/www.grieta.org.mx\/wp-content\/uploads\/2020\/04\/ViasTorcidasTrenMaya.png?resize=525%2C300&ssl=1 1.5x, https:\/\/i0.wp.com\/www.grieta.org.mx\/wp-content\/uploads\/2020\/04\/ViasTorcidasTrenMaya.png?resize=700%2C400&ssl=1 2x"},"classes":[]},{"id":69349,"url":"https:\/\/www.grieta.org.mx\/index.php\/2024\/07\/15\/construccion-del-tramo-7-del-tren-maya-sigue-pese-a-suspension-judicial-y-denuncia-de-desacato\/","url_meta":{"origin":67059,"position":1},"title":"Construcci\u00f3n del Tramo 7 del Tren Maya sigue pese a suspensi\u00f3n judicial y denuncia de desacato","author":"grieta","date":"15 julio, 2024","format":false,"excerpt":"La construcci\u00f3n de las obras del tramo 7 del Tren Maya contin\u00faan, pese a que existe una suspensi\u00f3n definitiva. Por ello, comunidades mayas de Campeche, en la Reserva de la Biosfera de Calakmul, siguen con la batalla legal y denuncian al gobierno de desacato. Despu\u00e9s de 4 a\u00f1os y medio\u2026","rel":"","context":"En &quot;25. Xpujil&quot;","block_context":{"text":"25. Xpujil","link":"https:\/\/www.grieta.org.mx\/index.php\/category\/espejos-de-la-resistencia\/25-xpujil\/"},"img":{"alt_text":"","src":"https:\/\/i0.wp.com\/www.grieta.org.mx\/wp-content\/uploads\/2024\/07\/TrenAmparo-e1722100744359.jpg?resize=350%2C200&ssl=1","width":350,"height":200,"srcset":"https:\/\/i0.wp.com\/www.grieta.org.mx\/wp-content\/uploads\/2024\/07\/TrenAmparo-e1722100744359.jpg?resize=350%2C200&ssl=1 1x, https:\/\/i0.wp.com\/www.grieta.org.mx\/wp-content\/uploads\/2024\/07\/TrenAmparo-e1722100744359.jpg?resize=525%2C300&ssl=1 1.5x, https:\/\/i0.wp.com\/www.grieta.org.mx\/wp-content\/uploads\/2024\/07\/TrenAmparo-e1722100744359.jpg?resize=700%2C400&ssl=1 2x"},"classes":[]},{"id":67166,"url":"https:\/\/www.grieta.org.mx\/index.php\/2023\/07\/03\/habitantes-de-xpujil-denuncian-que-militares-restringen-el-uso-del-agua-campeche\/","url_meta":{"origin":67059,"position":2},"title":"Habitantes de Xpujil denuncian que militares restringen el uso del agua (Campeche)","author":"grieta","date":"3 julio, 2023","format":false,"excerpt":"Itzel Chan \/ Haz Ruido Las y los pobladores observaron que ahora el agua es conducida a los hoteles en construcci\u00f3n cerca de Calakmul, los cuales forman parte del proyecto del Tren Maya. M\u00e9rida, Yucat\u00e1n, 3 de julio de 2023.-Habitantes de Xpujil, comunidad maya del sur de Campeche, denuncian que\u2026","rel":"","context":"En &quot;25. Xpujil&quot;","block_context":{"text":"25. Xpujil","link":"https:\/\/www.grieta.org.mx\/index.php\/category\/espejos-de-la-resistencia\/25-xpujil\/"},"img":{"alt_text":"","src":"https:\/\/i0.wp.com\/www.grieta.org.mx\/wp-content\/uploads\/2023\/07\/Xpujil-e1688848821346.jpg?resize=350%2C200&ssl=1","width":350,"height":200,"srcset":"https:\/\/i0.wp.com\/www.grieta.org.mx\/wp-content\/uploads\/2023\/07\/Xpujil-e1688848821346.jpg?resize=350%2C200&ssl=1 1x, https:\/\/i0.wp.com\/www.grieta.org.mx\/wp-content\/uploads\/2023\/07\/Xpujil-e1688848821346.jpg?resize=525%2C300&ssl=1 1.5x, https:\/\/i0.wp.com\/www.grieta.org.mx\/wp-content\/uploads\/2023\/07\/Xpujil-e1688848821346.jpg?resize=700%2C400&ssl=1 2x"},"classes":[]},{"id":45360,"url":"https:\/\/www.grieta.org.mx\/index.php\/2020\/02\/27\/no-estamos-peleando-la-suspension-provisional-del-tren-maya-sino-la-definitiva-cruz-rueda\/","url_meta":{"origin":67059,"position":3},"title":"&#8220;No estamos peleando la suspensi\u00f3n provisional del Tren Maya, sino la definitiva&#8221;: Cruz Rueda","author":"grieta","date":"27 febrero, 2020","format":false,"excerpt":"Impugnaci\u00f3n de Presidencia \"no nos quita el sue\u00f1o\" Abraham Bote \/Foto: Tomada de Twitter \/La Jornada Maya M\u00e9rida, Yucat\u00e1n Respecto a la impugnaci\u00f3n que realiz\u00f3 la Presidencia de la Rep\u00fablica y el apoderado de la Naci\u00f3n Financiera (Nafin), contra la suspensi\u00f3n provisional del proyecto de Tren Maya, la asesora jur\u00eddica\u2026","rel":"","context":"En &quot;16. Pueblo Maya&quot;","block_context":{"text":"16. Pueblo Maya","link":"https:\/\/www.grieta.org.mx\/index.php\/category\/espejos-de-la-resistencia\/16-pueblo-maya\/"},"img":{"alt_text":"","src":"https:\/\/i0.wp.com\/www.grieta.org.mx\/wp-content\/uploads\/2020\/02\/TrenMallaCampeche.png?resize=350%2C200&ssl=1","width":350,"height":200,"srcset":"https:\/\/i0.wp.com\/www.grieta.org.mx\/wp-content\/uploads\/2020\/02\/TrenMallaCampeche.png?resize=350%2C200&ssl=1 1x, https:\/\/i0.wp.com\/www.grieta.org.mx\/wp-content\/uploads\/2020\/02\/TrenMallaCampeche.png?resize=525%2C300&ssl=1 1.5x, https:\/\/i0.wp.com\/www.grieta.org.mx\/wp-content\/uploads\/2020\/02\/TrenMallaCampeche.png?resize=700%2C400&ssl=1 2x"},"classes":[]},{"id":35945,"url":"https:\/\/www.grieta.org.mx\/index.php\/2019\/07\/05\/expansion-de-megaproyectos-en-la-peninsula-de-yucatan-video\/","url_meta":{"origin":67059,"position":4},"title":"Expansi\u00f3n de Megaproyectos en la Pen\u00ednsula de Yucat\u00e1n (Video)","author":"grieta","date":"5 julio, 2019","format":false,"excerpt":"https:\/\/youtu.be\/qLBARIAaBsI","rel":"","context":"En &quot;Campeche&quot;","block_context":{"text":"Campeche","link":"https:\/\/www.grieta.org.mx\/index.php\/category\/noticias-nacionales\/campeche\/"},"img":{"alt_text":"","src":"https:\/\/i0.wp.com\/img.youtube.com\/vi\/qLBARIAaBsI\/0.jpg?resize=350%2C200","width":350,"height":200},"classes":[]},{"id":67055,"url":"https:\/\/www.grieta.org.mx\/index.php\/2023\/06\/22\/sedena-continua-construccion-de-hotel-en-calakmul-pese-a-denuncias-de-ambientalistas-campeche\/","url_meta":{"origin":67059,"position":5},"title":"Sedena Contin\u00faa Construcci\u00f3n de Hotel en Calakmul, Pese a Denuncias de Ambientalistas (Campeche)","author":"grieta","date":"22 junio, 2023","format":false,"excerpt":"Cambio 22 CHETUMAL, 22 de junio.- La construcci\u00f3n de un hotel casino en asociado al Tren Maya medio de la Reserva de la Bi\u00f3sfera de Calakmul, en Campeche, contin\u00faa, pese a que ambientalistas han intensificado sus denuncias contra la Secretar\u00eda de la Defensa Nacional (Sedena), a la que acusan de\u2026","rel":"","context":"En &quot;25. Xpujil&quot;","block_context":{"text":"25. Xpujil","link":"https:\/\/www.grieta.org.mx\/index.php\/category\/espejos-de-la-resistencia\/25-xpujil\/"},"img":{"alt_text":"","src":"https:\/\/i0.wp.com\/www.grieta.org.mx\/wp-content\/uploads\/2023\/06\/Calakmul-e1687522585268.jpg?resize=350%2C200&ssl=1","width":350,"height":200,"srcset":"https:\/\/i0.wp.com\/www.grieta.org.mx\/wp-content\/uploads\/2023\/06\/Calakmul-e1687522585268.jpg?resize=350%2C200&ssl=1 1x, https:\/\/i0.wp.com\/www.grieta.org.mx\/wp-content\/uploads\/2023\/06\/Calakmul-e1687522585268.jpg?resize=525%2C300&ssl=1 1.5x, https:\/\/i0.wp.com\/www.grieta.org.mx\/wp-content\/uploads\/2023\/06\/Calakmul-e1687522585268.jpg?resize=700%2C400&ssl=1 2x"},"classes":[]}],"_links":{"self":[{"href":"https:\/\/www.grieta.org.mx\/index.php\/wp-json\/wp\/v2\/posts\/67059","targetHints":{"allow":["GET"]}}],"collection":[{"href":"https:\/\/www.grieta.org.mx\/index.php\/wp-json\/wp\/v2\/posts"}],"about":[{"href":"https:\/\/www.grieta.org.mx\/index.php\/wp-json\/wp\/v2\/types\/post"}],"author":[{"embeddable":true,"href":"https:\/\/www.grieta.org.mx\/index.php\/wp-json\/wp\/v2\/users\/2"}],"replies":[{"embeddable":true,"href":"https:\/\/www.grieta.org.mx\/index.php\/wp-json\/wp\/v2\/comments?post=67059"}],"version-history":[{"count":1,"href":"https:\/\/www.grieta.org.mx\/index.php\/wp-json\/wp\/v2\/posts\/67059\/revisions"}],"predecessor-version":[{"id":67061,"href":"https:\/\/www.grieta.org.mx\/index.php\/wp-json\/wp\/v2\/posts\/67059\/revisions\/67061"}],"wp:featuredmedia":[{"embeddable":true,"href":"https:\/\/www.grieta.org.mx\/index.php\/wp-json\/wp\/v2\/media\/67060"}],"wp:attachment":[{"href":"https:\/\/www.grieta.org.mx\/index.php\/wp-json\/wp\/v2\/media?parent=67059"}],"wp:term":[{"taxonomy":"category","embeddable":true,"href":"https:\/\/www.grieta.org.mx\/index.php\/wp-json\/wp\/v2\/categories?post=67059"},{"taxonomy":"post_tag","embeddable":true,"href":"https:\/\/www.grieta.org.mx\/index.php\/wp-json\/wp\/v2\/tags?post=67059"}],"curies":[{"name":"wp","href":"https:\/\/api.w.org\/{rel}","templated":true}]}}