{"id":67052,"date":"2023-06-22T16:32:57","date_gmt":"2023-06-22T22:32:57","guid":{"rendered":"https:\/\/www.grieta.org.mx\/?p=67052"},"modified":"2023-06-22T21:58:02","modified_gmt":"2023-06-23T03:58:02","slug":"en-el-cessa-diran-que-sigue-en-lo-relativo-a-protesta-yucatan","status":"publish","type":"post","link":"https:\/\/www.grieta.org.mx\/index.php\/2023\/06\/22\/en-el-cessa-diran-que-sigue-en-lo-relativo-a-protesta-yucatan\/","title":{"rendered":"En el Cessa dir\u00e1n qu\u00e9 sigue en lo relativo a protesta (Yucat\u00e1n)"},"content":{"rendered":"<p>GABINO TZEC VALLE \/ Diario de Yucat\u00e1n<\/p>\n<p>PROGRESO.\u2014 Por segundo d\u00eda consecutivo ayer hubo paro de labores en el Centro de Salud con Servicios Ampliados (Cessa) de este puerto, pues todav\u00eda no se soluciona el problema del aire acondicionado, servicio que afecta al edificio desde hace m\u00e1s de dos a\u00f1os y se resiente m\u00e1s en esta \u00e9poca de fuerte ola de calor.<\/p>\n<p>Rudy Coronado G\u00f3ngora, delegado del Sindicato Nacional de Trabajadores de la Salud (Sntsa) Secci\u00f3n 67 en Yucat\u00e1n, inform\u00f3 que ayer mi\u00e9rcoles por segundo d\u00eda consecutivo, el paro laboral del personal sindicalizado fue de brazos ca\u00eddos, al igual que el martes, primer d\u00eda del movimiento en demanda de mejores condiciones laborales.<\/p>\n<p>Este jueves continuar\u00e1n con el paro laboral de brazos ca\u00eddos, aunque esperan que se solucione el caso y se atienda la demanda de mejorar las condiciones laborales. La exigencia especial es que se restablezca el servicio de aire acondicionado, pues con la ola de calor, el problema se agudiz\u00f3 y afecta tambi\u00e9n a los usuarios.<\/p>\n<p>Mencion\u00f3 que la atenci\u00f3n de urgencias contin\u00faa, ese servicio no se ha suspendido y tampoco se niega el acceso a las personas al Cessa, para que sean atendidas, pues el servicio de salud no se puede negar a nadie, se les explica a las personas que hay un movimiento de brazos ca\u00eddos porque no funciona el aire acondicionado, lo que se espera quede solucionado este jueves, que es el plazo que se fij\u00f3 para que las autoridades de la Secretar\u00eda de Salud de Yucat\u00e1n, lo atiendan y solucionen.<\/p>\n<p>Desde el martes al mediod\u00eda una empresa contratada por la SSY realiza los trabajos para restablecer el servicio de aire acondicionado. Este jueves a las 10 horas, el personal del Cessa se reunir\u00e1 con los representantes del sindicato y determinar qu\u00e9 es lo que sigue, se espera que el clima artificial ya est\u00e9 funcionando o se establezca una fecha para que opere al 100 por ciento de su capacidad.<\/p>\n<p>Este mi\u00e9rcoles acudieron pacientes a consultar, personas que no estaban enteradas del paro de labores. El m\u00e9dico general Arturo Quezada Dom\u00ednguez inform\u00f3 que, se atender\u00edan a cinco pacientes por consultorio, pues tienen derecho a la salud.\u2014 <\/p>\n<p><a href=\"https:\/\/www.yucatan.com.mx\/yucatan\/2023\/6\/22\/en-el-cessa-diran-que-sigue-en-lo-relativo-protesta-413651.html\" rel=\"noopener\" target=\"_blank\">https:\/\/www.yucatan.com.mx\/yucatan\/2023\/6\/22\/en-el-cessa-diran-que-sigue-en-lo-relativo-protesta-413651.html<\/a><\/p>\n","protected":false},"excerpt":{"rendered":"<p>GABINO TZEC VALLE \/ Diario de Yucat\u00e1n PROGRESO.\u2014 Por segundo d\u00eda consecutivo ayer hubo paro de labores en el Centro de Salud con Servicios Ampliados (Cessa) de este puerto, pues &hellip; <a href=\"https:\/\/www.grieta.org.mx\/index.php\/2023\/06\/22\/en-el-cessa-diran-que-sigue-en-lo-relativo-a-protesta-yucatan\/\" class=\"more-link\">Leer m\u00e1s<\/a><\/p>\n","protected":false},"author":2,"featured_media":67053,"comment_status":"closed","ping_status":"closed","sticky":false,"template":"","format":"standard","meta":{"ngg_post_thumbnail":0,"_jetpack_newsletter_access":"","_jetpack_dont_email_post_to_subs":false,"_jetpack_newsletter_tier_id":0,"_jetpack_memberships_contains_paywalled_content":false,"_jetpack_memberships_contains_paid_content":false,"footnotes":""},"categories":[80,1072,1105,910,2,83,36],"tags":[634,113],"class_list":["post-67052","post","type-post","status-publish","format-standard","has-post-thumbnail","hentry","category-cintillo","category-conflictos-laborales-en-yucatan","category-desmantelamiento-del-sector-salud-en-yucatan","category-explotacion-y-precariedad-laboral","category-noticias-nacionales","category-temas-nacionales","category-yucatan","tag-condiciones-laborales","tag-conflictos-laborales","entry"],"jetpack_featured_media_url":"https:\/\/www.grieta.org.mx\/wp-content\/uploads\/2023\/06\/Protesta-e1687492471675.jpg","jetpack_sharing_enabled":true,"jetpack_shortlink":"https:\/\/wp.me\/p7ZJR4-hru","jetpack_likes_enabled":false,"jetpack-related-posts":[{"id":69160,"url":"https:\/\/www.grieta.org.mx\/index.php\/2024\/06\/14\/paro-indefinido-en-instituciones-educativas-de-yucatan\/","url_meta":{"origin":67052,"position":0},"title":"Paro indefinido en instituciones educativas de Yucat\u00e1n","author":"grieta","date":"14 junio, 2024","format":false,"excerpt":"Reporteros Hoy Inici\u00f3 un paro de labores de manera indefinida en diversas instituciones de educaci\u00f3n b\u00e1sica en Yucat\u00e1n. Los docentes se\u00f1alan que, al no hallar respuesta formal a sus demandas salariales y de prestaciones, decidieron iniciar con esta manifestaci\u00f3n, con el objetivo de que las autoridades volteen hacia estos y\u2026","rel":"","context":"En &quot;CINTILLO&quot;","block_context":{"text":"CINTILLO","link":"https:\/\/www.grieta.org.mx\/index.php\/category\/cintillo\/"},"img":{"alt_text":"","src":"https:\/\/i0.wp.com\/www.grieta.org.mx\/wp-content\/uploads\/2024\/06\/ParoMaestros-e1718578057215.jpg?resize=350%2C200&ssl=1","width":350,"height":200,"srcset":"https:\/\/i0.wp.com\/www.grieta.org.mx\/wp-content\/uploads\/2024\/06\/ParoMaestros-e1718578057215.jpg?resize=350%2C200&ssl=1 1x, https:\/\/i0.wp.com\/www.grieta.org.mx\/wp-content\/uploads\/2024\/06\/ParoMaestros-e1718578057215.jpg?resize=525%2C300&ssl=1 1.5x, https:\/\/i0.wp.com\/www.grieta.org.mx\/wp-content\/uploads\/2024\/06\/ParoMaestros-e1718578057215.jpg?resize=700%2C400&ssl=1 2x"},"classes":[]},{"id":71828,"url":"https:\/\/www.grieta.org.mx\/index.php\/2025\/06\/10\/ahora-la-utm-se-une-al-paro-yucatan\/","url_meta":{"origin":67052,"position":1},"title":"Ahora la UTM se une al paro (Yucat\u00e1n)","author":"grieta","date":"10 junio, 2025","format":false,"excerpt":"Herbeth Escalante \/ Haz Ruido Los docentes y el personal administrativo exigen mejores condiciones laborales y mejorar la infraestructura para sus estudiantes M\u00e9rida, Yucat\u00e1n, 10 de junio de 2025.- Desde temprana hora, docentes y personal administrativo cerraron con candados las rejas de las instalaciones de la Universidad Tecnol\u00f3gica Metropolitana (UTM)\u2026","rel":"","context":"En &quot;CINTILLO&quot;","block_context":{"text":"CINTILLO","link":"https:\/\/www.grieta.org.mx\/index.php\/category\/cintillo\/"},"img":{"alt_text":"","src":"https:\/\/i0.wp.com\/www.grieta.org.mx\/wp-content\/uploads\/2025\/06\/Utm-e1749645096482.jpg?resize=350%2C200&ssl=1","width":350,"height":200,"srcset":"https:\/\/i0.wp.com\/www.grieta.org.mx\/wp-content\/uploads\/2025\/06\/Utm-e1749645096482.jpg?resize=350%2C200&ssl=1 1x, https:\/\/i0.wp.com\/www.grieta.org.mx\/wp-content\/uploads\/2025\/06\/Utm-e1749645096482.jpg?resize=525%2C300&ssl=1 1.5x, https:\/\/i0.wp.com\/www.grieta.org.mx\/wp-content\/uploads\/2025\/06\/Utm-e1749645096482.jpg?resize=700%2C400&ssl=1 2x"},"classes":[]},{"id":69170,"url":"https:\/\/www.grieta.org.mx\/index.php\/2024\/06\/10\/personal-del-issste-cierra-calles-y-exige-mejores-condiciones-laborales-yucatan\/","url_meta":{"origin":67052,"position":2},"title":"Personal del ISSSTE cierra calles y exige mejores condiciones laborales (Yucat\u00e1n)","author":"grieta","date":"10 junio, 2024","format":false,"excerpt":"Reporteros Hoy Desde temprana hora de este lunes, trabajadores de la salud del ISSSTE cerraron la avenida Alfredo Barrera en el fraccionamiento Pensiones, para exigir al gobierno mejores condiciones laborales y denunciar presunta corrupci\u00f3n y desv\u00edo de recursos por parte del titular del Hospital Regional Elvia Carrillo Puerto. Entre los\u2026","rel":"","context":"En &quot;CINTILLO&quot;","block_context":{"text":"CINTILLO","link":"https:\/\/www.grieta.org.mx\/index.php\/category\/cintillo\/"},"img":{"alt_text":"","src":"https:\/\/i0.wp.com\/www.grieta.org.mx\/wp-content\/uploads\/2024\/06\/Issste-e1718627953463.jpg?resize=350%2C200&ssl=1","width":350,"height":200,"srcset":"https:\/\/i0.wp.com\/www.grieta.org.mx\/wp-content\/uploads\/2024\/06\/Issste-e1718627953463.jpg?resize=350%2C200&ssl=1 1x, https:\/\/i0.wp.com\/www.grieta.org.mx\/wp-content\/uploads\/2024\/06\/Issste-e1718627953463.jpg?resize=525%2C300&ssl=1 1.5x, https:\/\/i0.wp.com\/www.grieta.org.mx\/wp-content\/uploads\/2024\/06\/Issste-e1718627953463.jpg?resize=700%2C400&ssl=1 2x"},"classes":[]},{"id":69834,"url":"https:\/\/www.grieta.org.mx\/index.php\/2024\/09\/24\/anuncian-paro-laboral-en-diversas-universidades-de-yucatan-por-derechos-laborales\/","url_meta":{"origin":67052,"position":3},"title":"Anuncian Paro Laboral en Diversas Universidades de Yucat\u00e1n por Derechos Laborales","author":"grieta","date":"24 septiembre, 2024","format":false,"excerpt":"Erick Mart\u00edn Huh\/CAMBIO 22 Instituciones de educaci\u00f3n superior en el estado se preparan para suspender actividades el pr\u00f3ximo viernes en demanda de mejoras laborales VALLADOLID, YUCAT\u00c1N, 24 DE SEPTIEMBRE DE 2024.Diversas universidades de Yucat\u00e1n, incluidas el Tecnol\u00f3gico Superior Campus Valladolid, la Universidad Tecnol\u00f3gica Metropolitana de M\u00e9rida y la Universidad Tecnol\u00f3gica\u2026","rel":"","context":"En &quot;CINTILLO&quot;","block_context":{"text":"CINTILLO","link":"https:\/\/www.grieta.org.mx\/index.php\/category\/cintillo\/"},"img":{"alt_text":"","src":"https:\/\/i0.wp.com\/www.grieta.org.mx\/wp-content\/uploads\/2024\/09\/UniversidadesYucatan-e1727230420440.jpg?resize=350%2C200&ssl=1","width":350,"height":200,"srcset":"https:\/\/i0.wp.com\/www.grieta.org.mx\/wp-content\/uploads\/2024\/09\/UniversidadesYucatan-e1727230420440.jpg?resize=350%2C200&ssl=1 1x, https:\/\/i0.wp.com\/www.grieta.org.mx\/wp-content\/uploads\/2024\/09\/UniversidadesYucatan-e1727230420440.jpg?resize=525%2C300&ssl=1 1.5x, https:\/\/i0.wp.com\/www.grieta.org.mx\/wp-content\/uploads\/2024\/09\/UniversidadesYucatan-e1727230420440.jpg?resize=700%2C400&ssl=1 2x"},"classes":[]},{"id":71745,"url":"https:\/\/www.grieta.org.mx\/index.php\/2025\/05\/21\/paro-de-choferes-del-va-y-ven-deja-sin-servicio-a-miles-de-usuarios-no-les-dieron-utilidades-yucatan\/","url_meta":{"origin":67052,"position":4},"title":"Paro de choferes del &#8220;Va y Ven&#8221; deja sin servicio a miles de usuarios, no les dieron utilidades (Yucat\u00e1n)","author":"grieta","date":"21 mayo, 2025","format":false,"excerpt":"Jorge Robles \/ MAS Medio Alternativo Choferes del Va y Ven de dos rutas Circuito Rojo iniciaron un paro de labores, en protesta por la negativa de la empresa concesionaria a entregarles el reparto de utilidades. Seg\u00fan los conductores, pese a las extensas jornadas laborales y a las ganancias de\u2026","rel":"","context":"En &quot;CINTILLO&quot;","block_context":{"text":"CINTILLO","link":"https:\/\/www.grieta.org.mx\/index.php\/category\/cintillo\/"},"img":{"alt_text":"","src":"https:\/\/i0.wp.com\/www.grieta.org.mx\/wp-content\/uploads\/2025\/05\/VayVen-e1748783169437.jpg?resize=350%2C200&ssl=1","width":350,"height":200,"srcset":"https:\/\/i0.wp.com\/www.grieta.org.mx\/wp-content\/uploads\/2025\/05\/VayVen-e1748783169437.jpg?resize=350%2C200&ssl=1 1x, https:\/\/i0.wp.com\/www.grieta.org.mx\/wp-content\/uploads\/2025\/05\/VayVen-e1748783169437.jpg?resize=525%2C300&ssl=1 1.5x, https:\/\/i0.wp.com\/www.grieta.org.mx\/wp-content\/uploads\/2025\/05\/VayVen-e1748783169437.jpg?resize=700%2C400&ssl=1 2x"},"classes":[]},{"id":68576,"url":"https:\/\/www.grieta.org.mx\/index.php\/2024\/03\/04\/denuncian-corrupcion-en-asignacion-de-plazas-en-el-issste-yucatan\/","url_meta":{"origin":67052,"position":5},"title":"Denuncian corrupci\u00f3n en asignaci\u00f3n de plazas en el ISSSTE (Yucat\u00e1n)","author":"grieta","date":"4 marzo, 2024","format":false,"excerpt":"Alejandro Rubalcaba \/ Desde el Balc\u00f3n Empleados suplentes exigen certidumbre laboral y pago de sus quincenas M\u00e9rida, Yucat\u00e1n, a 4 de marzo de 2024.- Este lunes, personal m\u00e9dico y de enfermer\u00eda del Instituto de Seguridad y Servicios Sociales de los Trabajadores del Estado (ISSSTE) en Yucat\u00e1n exigieron su incorporaci\u00f3n a\u2026","rel":"","context":"En &quot;CINTILLO&quot;","block_context":{"text":"CINTILLO","link":"https:\/\/www.grieta.org.mx\/index.php\/category\/cintillo\/"},"img":{"alt_text":"","src":"https:\/\/i0.wp.com\/www.grieta.org.mx\/wp-content\/uploads\/2024\/03\/Issste-1-e1709580215754.jpg?resize=350%2C200&ssl=1","width":350,"height":200,"srcset":"https:\/\/i0.wp.com\/www.grieta.org.mx\/wp-content\/uploads\/2024\/03\/Issste-1-e1709580215754.jpg?resize=350%2C200&ssl=1 1x, https:\/\/i0.wp.com\/www.grieta.org.mx\/wp-content\/uploads\/2024\/03\/Issste-1-e1709580215754.jpg?resize=525%2C300&ssl=1 1.5x, https:\/\/i0.wp.com\/www.grieta.org.mx\/wp-content\/uploads\/2024\/03\/Issste-1-e1709580215754.jpg?resize=700%2C400&ssl=1 2x"},"classes":[]}],"_links":{"self":[{"href":"https:\/\/www.grieta.org.mx\/index.php\/wp-json\/wp\/v2\/posts\/67052","targetHints":{"allow":["GET"]}}],"collection":[{"href":"https:\/\/www.grieta.org.mx\/index.php\/wp-json\/wp\/v2\/posts"}],"about":[{"href":"https:\/\/www.grieta.org.mx\/index.php\/wp-json\/wp\/v2\/types\/post"}],"author":[{"embeddable":true,"href":"https:\/\/www.grieta.org.mx\/index.php\/wp-json\/wp\/v2\/users\/2"}],"replies":[{"embeddable":true,"href":"https:\/\/www.grieta.org.mx\/index.php\/wp-json\/wp\/v2\/comments?post=67052"}],"version-history":[{"count":1,"href":"https:\/\/www.grieta.org.mx\/index.php\/wp-json\/wp\/v2\/posts\/67052\/revisions"}],"predecessor-version":[{"id":67054,"href":"https:\/\/www.grieta.org.mx\/index.php\/wp-json\/wp\/v2\/posts\/67052\/revisions\/67054"}],"wp:featuredmedia":[{"embeddable":true,"href":"https:\/\/www.grieta.org.mx\/index.php\/wp-json\/wp\/v2\/media\/67053"}],"wp:attachment":[{"href":"https:\/\/www.grieta.org.mx\/index.php\/wp-json\/wp\/v2\/media?parent=67052"}],"wp:term":[{"taxonomy":"category","embeddable":true,"href":"https:\/\/www.grieta.org.mx\/index.php\/wp-json\/wp\/v2\/categories?post=67052"},{"taxonomy":"post_tag","embeddable":true,"href":"https:\/\/www.grieta.org.mx\/index.php\/wp-json\/wp\/v2\/tags?post=67052"}],"curies":[{"name":"wp","href":"https:\/\/api.w.org\/{rel}","templated":true}]}}