{"id":67038,"date":"2023-06-08T11:37:15","date_gmt":"2023-06-08T17:37:15","guid":{"rendered":"https:\/\/www.grieta.org.mx\/?p=67038"},"modified":"2023-06-18T11:50:49","modified_gmt":"2023-06-18T17:50:49","slug":"si-tocan-a-uno-nos-tocan-a-todos-exigen-en-jalisco-un-alto-a-la-violencia-contra-las-comunidades-zapatistas-fotogaleria","status":"publish","type":"post","link":"https:\/\/www.grieta.org.mx\/index.php\/2023\/06\/08\/si-tocan-a-uno-nos-tocan-a-todos-exigen-en-jalisco-un-alto-a-la-violencia-contra-las-comunidades-zapatistas-fotogaleria\/","title":{"rendered":"\u201cSi tocan a uno nos tocan a todos\u201d: Exigen en Jalisco un alto a la violencia contra las comunidades zapatistas (fotogaler\u00eda)"},"content":{"rendered":"<p>Imagen: Mario Marlo<\/p>\n<p>Leslie Zepeda \/ Zona Docs<\/p>\n<p><strong>El pasado 23 de mayo fue v\u00edctima de un intento de homicidio Jorge L\u00f3pez S\u00e1ntiz, un hombre ind\u00edgena perteneciente a las Bases de Apoyo del Ej\u00e9rcito Zapatista de Liberaci\u00f3n Nacional (BAEZLN). Denuncian que los responsables pertenecen a la Organizaci\u00f3n Regional de Cafeticultores de Ocosingo (ORCAO).<\/strong><\/p>\n<p><strong>Organizaciones de la sociedad civil han afirmado que los pueblos ind\u00edgenas pertenecientes al EZLN han vivido una serie de violencias desde hace d\u00e9cadas, pero que actualmente tanto el gobierno federal, encabezado por Andr\u00e9s Manuel L\u00f3pez Obrador, y el actual gobierno estatal representado por Rutilio Escand\u00f3n Cadenas, han permanecido totalmente omisos ante esta situaci\u00f3n, lo que contribuye a que se agrave dicha violencia.<\/strong><\/p>\n<p><strong>Este 8 de junio se convoc\u00f3 a una acci\u00f3n global, sobre todo en las diferentes ciudades de M\u00e9xico, para visibilizar esta problem\u00e1tica. El lema fue \u201cSi tocan a uno nos tocan a todos\u201d.<\/strong><\/p>\n<p><strong>Con diferentes consignas exigieron un alto a la guerra contra pueblos zapatistas, adem\u00e1s de reconocer que en Jalisco tambi\u00e9n se est\u00e1 viviendo una crisis de violencia que debe ser atendida lo antes posible por las autoridades.<\/strong><\/p>\n<p><a href=\"https:\/\/www.zonadocs.mx\/2023\/06\/08\/abran-su-corazon-a-las-injusticias-exigen-en-jalisco-un-alto-a-la-violencia-contra-las-comunidades-zapatistas\/\">https:\/\/www.zonadocs.mx\/2023\/06\/08\/abran-su-corazon-a-las-injusticias-exigen-en-jalisco-un-alto-a-la-violencia-contra-las-comunidades-zapatistas\/<\/a><\/p>\n<p>&nbsp;<\/p>\n<p>&nbsp;<\/p>\n","protected":false},"excerpt":{"rendered":"<p>Imagen: Mario Marlo Leslie Zepeda \/ Zona Docs El pasado 23 de mayo fue v\u00edctima de un intento de homicidio Jorge L\u00f3pez S\u00e1ntiz, un hombre ind\u00edgena perteneciente a las Bases &hellip; <a href=\"https:\/\/www.grieta.org.mx\/index.php\/2023\/06\/08\/si-tocan-a-uno-nos-tocan-a-todos-exigen-en-jalisco-un-alto-a-la-violencia-contra-las-comunidades-zapatistas-fotogaleria\/\" class=\"more-link\">Leer m\u00e1s<\/a><\/p>\n","protected":false},"author":2,"featured_media":67039,"comment_status":"closed","ping_status":"closed","sticky":false,"template":"","format":"standard","meta":{"ngg_post_thumbnail":0,"_jetpack_newsletter_access":"","_jetpack_dont_email_post_to_subs":false,"_jetpack_newsletter_tier_id":0,"_jetpack_memberships_contains_paywalled_content":false,"_jetpack_memberships_contains_paid_content":false,"footnotes":""},"categories":[3674,80,20,2,2661],"tags":[3313,4026,3928,466,767],"class_list":["post-67038","post","type-post","status-publish","format-standard","has-post-thumbnail","hentry","category-contra-la-guerra-al-ezln","category-cintillo","category-jalisco","category-noticias-nacionales","category-redes-de-resistencia-y-rebeldia","tag-agresiones","tag-bases-de-apoyo-zapatistas","tag-colectivos-solidarios","tag-ezln","tag-solidaridad","entry"],"jetpack_featured_media_url":"https:\/\/www.grieta.org.mx\/wp-content\/uploads\/2023\/06\/Captura-de-Pantalla-2023-06-08-a-las-22.32.12-768x510-1.png","jetpack_sharing_enabled":true,"jetpack_shortlink":"https:\/\/wp.me\/p7ZJR4-hrg","jetpack_likes_enabled":false,"jetpack-related-posts":[{"id":70329,"url":"https:\/\/www.grieta.org.mx\/index.php\/2024\/10\/30\/alto-a-las-agresiones-contra-las-comunidades-zapatistas-reclaman-miles-en-manifestacion-en-la-ciudad-de-mexico\/","url_meta":{"origin":67038,"position":0},"title":"\u00a1Alto a las agresiones contra las comunidades zapatistas! reclaman miles en manifestaci\u00f3n en la Ciudad de M\u00e9xico [AUDIOS]","author":"grieta","date":"30 octubre, 2024","format":false,"excerpt":"Colectivo Grieta 24 de octubre de 2024 Ciudad de M\u00e9xico.- Al grito de \u00a1Alto a las agresiones contra las comunidades zapatistas! y exigiendo el cese a los hostigamientos orquestados por los tres niveles de gobierno y grupos narcoparamilitares contra las bases de apoyo del EZLN, este jueves 24 de octubre\u2026","rel":"","context":"En &quot;Alto a la Guerra contra los pueblos zapatistas&quot;","block_context":{"text":"Alto a la Guerra contra los pueblos zapatistas","link":"https:\/\/www.grieta.org.mx\/index.php\/category\/redes-de-resistencia-y-rebeldia\/contra-la-guerra-al-ezln\/"},"img":{"alt_text":"","src":"https:\/\/i0.wp.com\/www.grieta.org.mx\/wp-content\/uploads\/2024\/10\/Diapositiva2-1.jpeg?resize=350%2C200&ssl=1","width":350,"height":200,"srcset":"https:\/\/i0.wp.com\/www.grieta.org.mx\/wp-content\/uploads\/2024\/10\/Diapositiva2-1.jpeg?resize=350%2C200&ssl=1 1x, https:\/\/i0.wp.com\/www.grieta.org.mx\/wp-content\/uploads\/2024\/10\/Diapositiva2-1.jpeg?resize=525%2C300&ssl=1 1.5x, https:\/\/i0.wp.com\/www.grieta.org.mx\/wp-content\/uploads\/2024\/10\/Diapositiva2-1.jpeg?resize=700%2C400&ssl=1 2x"},"classes":[]},{"id":70411,"url":"https:\/\/www.grieta.org.mx\/index.php\/2024\/11\/11\/alto-alas-agresiones-contra-las-comunidades-zapatistas\/","url_meta":{"origin":67038,"position":1},"title":"\u00a1ALTO A LAS AGRESIONES CONTRA LAS COMUNIDADES ZAPATISTAS!","author":"grieta","date":"11 noviembre, 2024","format":false,"excerpt":"","rel":"","context":"En &quot;Alto a la Guerra contra los pueblos zapatistas&quot;","block_context":{"text":"Alto a la Guerra contra los pueblos zapatistas","link":"https:\/\/www.grieta.org.mx\/index.php\/category\/redes-de-resistencia-y-rebeldia\/contra-la-guerra-al-ezln\/"},"img":{"alt_text":"","src":"https:\/\/i0.wp.com\/www.grieta.org.mx\/wp-content\/uploads\/2024\/11\/11.jpg?resize=350%2C200&ssl=1","width":350,"height":200,"srcset":"https:\/\/i0.wp.com\/www.grieta.org.mx\/wp-content\/uploads\/2024\/11\/11.jpg?resize=350%2C200&ssl=1 1x, https:\/\/i0.wp.com\/www.grieta.org.mx\/wp-content\/uploads\/2024\/11\/11.jpg?resize=525%2C300&ssl=1 1.5x, https:\/\/i0.wp.com\/www.grieta.org.mx\/wp-content\/uploads\/2024\/11\/11.jpg?resize=700%2C400&ssl=1 2x"},"classes":[]},{"id":55166,"url":"https:\/\/www.grieta.org.mx\/index.php\/2020\/11\/12\/en-resistencia-y-solidaridad-jalisco-reclama-alto-a-las-agresiones-contra-las-comunidades-zapatistas\/","url_meta":{"origin":67038,"position":2},"title":"En resistencia y solidaridad, Jalisco reclama \u00a1Alto a las agresiones contra las comunidades zapatistas!","author":"grieta","date":"12 noviembre, 2020","format":false,"excerpt":"Foto: Christian Cantero En punto de las 5:00 p.m. este jueves 12 de noviembre, personas solidarias adherentes a la Sexta se reunieron en el Parque Rojo para demandar \u00a1alto! a las agresiones que recientemente han sufrido las comunidades zapatistas en Chiapas por el grupo paramilitar ORCAO. Con un despliegue de\u2026","rel":"","context":"En &quot;Alto a la Guerra contra los pueblos zapatistas&quot;","block_context":{"text":"Alto a la Guerra contra los pueblos zapatistas","link":"https:\/\/www.grieta.org.mx\/index.php\/category\/redes-de-resistencia-y-rebeldia\/contra-la-guerra-al-ezln\/"},"img":{"alt_text":"","src":"https:\/\/i0.wp.com\/www.grieta.org.mx\/wp-content\/uploads\/2020\/11\/Lonas_Acciones-Zapatistas_Christian-Cantero.jpg?resize=350%2C200&ssl=1","width":350,"height":200,"srcset":"https:\/\/i0.wp.com\/www.grieta.org.mx\/wp-content\/uploads\/2020\/11\/Lonas_Acciones-Zapatistas_Christian-Cantero.jpg?resize=350%2C200&ssl=1 1x, https:\/\/i0.wp.com\/www.grieta.org.mx\/wp-content\/uploads\/2020\/11\/Lonas_Acciones-Zapatistas_Christian-Cantero.jpg?resize=525%2C300&ssl=1 1.5x, https:\/\/i0.wp.com\/www.grieta.org.mx\/wp-content\/uploads\/2020\/11\/Lonas_Acciones-Zapatistas_Christian-Cantero.jpg?resize=700%2C400&ssl=1 2x, https:\/\/i0.wp.com\/www.grieta.org.mx\/wp-content\/uploads\/2020\/11\/Lonas_Acciones-Zapatistas_Christian-Cantero.jpg?resize=1050%2C600&ssl=1 3x"},"classes":[]},{"id":67083,"url":"https:\/\/www.grieta.org.mx\/index.php\/2023\/06\/24\/chiapas-la-violencia-que-arriba-pretenden-ocultar-comunicado-del-congreso-nacional-indigena\/","url_meta":{"origin":67038,"position":3},"title":"CHIAPAS: LA VIOLENCIA QUE ARRIBA PRETENDEN OCULTAR","author":"grieta","date":"24 junio, 2023","format":false,"excerpt":"24 de junio de 2023 Apenas el pasado 8 de junio, organizaciones de M\u00e9xico y del mundo nos movilizamos en 72 geograf\u00edas distintas del planeta, para denunciar los ataques del grupo paramilitar ORCAO del 22 de mayo contra comunidades bases de apoyo zapatistas. En este ataque, que se prolong\u00f3 durante\u2026","rel":"","context":"En &quot;CIG&quot;","block_context":{"text":"CIG","link":"https:\/\/www.grieta.org.mx\/index.php\/category\/cig\/"},"img":{"alt_text":"","src":"https:\/\/i0.wp.com\/www.grieta.org.mx\/wp-content\/uploads\/2023\/06\/IMG-20230624-WA0045-1-800x788-1.jpg?resize=350%2C200&ssl=1","width":350,"height":200,"srcset":"https:\/\/i0.wp.com\/www.grieta.org.mx\/wp-content\/uploads\/2023\/06\/IMG-20230624-WA0045-1-800x788-1.jpg?resize=350%2C200&ssl=1 1x, https:\/\/i0.wp.com\/www.grieta.org.mx\/wp-content\/uploads\/2023\/06\/IMG-20230624-WA0045-1-800x788-1.jpg?resize=525%2C300&ssl=1 1.5x, https:\/\/i0.wp.com\/www.grieta.org.mx\/wp-content\/uploads\/2023\/06\/IMG-20230624-WA0045-1-800x788-1.jpg?resize=700%2C400&ssl=1 2x"},"classes":[]},{"id":70176,"url":"https:\/\/www.grieta.org.mx\/index.php\/2024\/10\/16\/denunciamos-el-riesgo-a-la-vida-seguridad-e-integridad-personal-de-los-habitantes-bases-de-apoyo-del-ezln-de-la-comunidad-6-de-octubre-cgaz-de-nuevo-jerusalen\/","url_meta":{"origin":67038,"position":4},"title":"Denunciamos el riesgo a la vida, seguridad e integridad personal de los habitantes Bases de Apoyo del EZLN de la comunidad 6 de Octubre, CGAZ de Nuevo Jerusal\u00e9n","author":"grieta","date":"16 octubre, 2024","format":false,"excerpt":"San Crist\u00f3bal de Las Casas, Chiapas, M\u00e9xico 16 de octubre de 2024 Acci\u00f3n Urgente No. 3 Denunciamos el riesgo a la vida, seguridad e integridad personal de los habitantes Bases de Apoyo del EZLN de la comunidad 6 de Octubre, CGAZ de Nuevo Jerusal\u00e9n El asedio a la autonom\u00eda zapatista\u2026","rel":"","context":"En &quot;Alto a la Guerra contra los pueblos zapatistas&quot;","block_context":{"text":"Alto a la Guerra contra los pueblos zapatistas","link":"https:\/\/www.grieta.org.mx\/index.php\/category\/redes-de-resistencia-y-rebeldia\/contra-la-guerra-al-ezln\/"},"img":{"alt_text":"","src":"https:\/\/i0.wp.com\/www.grieta.org.mx\/wp-content\/uploads\/2024\/10\/6deoctubreweb.jpg?resize=350%2C200&ssl=1","width":350,"height":200,"srcset":"https:\/\/i0.wp.com\/www.grieta.org.mx\/wp-content\/uploads\/2024\/10\/6deoctubreweb.jpg?resize=350%2C200&ssl=1 1x, https:\/\/i0.wp.com\/www.grieta.org.mx\/wp-content\/uploads\/2024\/10\/6deoctubreweb.jpg?resize=525%2C300&ssl=1 1.5x, https:\/\/i0.wp.com\/www.grieta.org.mx\/wp-content\/uploads\/2024\/10\/6deoctubreweb.jpg?resize=700%2C400&ssl=1 2x"},"classes":[]},{"id":70391,"url":"https:\/\/www.grieta.org.mx\/index.php\/2024\/10\/28\/alto-a-los-ataques-a-comunidades-zapatistas-colectivos-en-jalisco-se-suman-al-llamado-de-solidaridad-y-alto-a-la-violencia\/","url_meta":{"origin":67038,"position":5},"title":"\u00a1Alto a los ataques a comunidades zapatistas!: colectivos en Jalisco se suman al llamado de solidaridad y alto a la violencia","author":"grieta","date":"28 octubre, 2024","format":false,"excerpt":"Imagen: Miguel Vidal Colectivos e integrantes adherentes a la Declaraci\u00f3n por la Vida, a la Sexta Declaraci\u00f3n de la Selva Lacandona y el Colaboratorio Urbano se pronunciaron en solidaridad desde Jalisco en contra de la creciente situaci\u00f3n de amenazas y violencia en Chiapas, que enfrentan las comunidades zapatistas. Miguel Vidal\u2026","rel":"","context":"En &quot;Alto a la Guerra contra los pueblos zapatistas&quot;","block_context":{"text":"Alto a la Guerra contra los pueblos zapatistas","link":"https:\/\/www.grieta.org.mx\/index.php\/category\/redes-de-resistencia-y-rebeldia\/contra-la-guerra-al-ezln\/"},"img":{"alt_text":"","src":"https:\/\/i0.wp.com\/www.grieta.org.mx\/wp-content\/uploads\/2024\/11\/IMG_8439-1068x712-1.jpg?resize=350%2C200&ssl=1","width":350,"height":200,"srcset":"https:\/\/i0.wp.com\/www.grieta.org.mx\/wp-content\/uploads\/2024\/11\/IMG_8439-1068x712-1.jpg?resize=350%2C200&ssl=1 1x, https:\/\/i0.wp.com\/www.grieta.org.mx\/wp-content\/uploads\/2024\/11\/IMG_8439-1068x712-1.jpg?resize=525%2C300&ssl=1 1.5x, https:\/\/i0.wp.com\/www.grieta.org.mx\/wp-content\/uploads\/2024\/11\/IMG_8439-1068x712-1.jpg?resize=700%2C400&ssl=1 2x, https:\/\/i0.wp.com\/www.grieta.org.mx\/wp-content\/uploads\/2024\/11\/IMG_8439-1068x712-1.jpg?resize=1050%2C600&ssl=1 3x"},"classes":[]}],"_links":{"self":[{"href":"https:\/\/www.grieta.org.mx\/index.php\/wp-json\/wp\/v2\/posts\/67038","targetHints":{"allow":["GET"]}}],"collection":[{"href":"https:\/\/www.grieta.org.mx\/index.php\/wp-json\/wp\/v2\/posts"}],"about":[{"href":"https:\/\/www.grieta.org.mx\/index.php\/wp-json\/wp\/v2\/types\/post"}],"author":[{"embeddable":true,"href":"https:\/\/www.grieta.org.mx\/index.php\/wp-json\/wp\/v2\/users\/2"}],"replies":[{"embeddable":true,"href":"https:\/\/www.grieta.org.mx\/index.php\/wp-json\/wp\/v2\/comments?post=67038"}],"version-history":[{"count":1,"href":"https:\/\/www.grieta.org.mx\/index.php\/wp-json\/wp\/v2\/posts\/67038\/revisions"}],"predecessor-version":[{"id":67040,"href":"https:\/\/www.grieta.org.mx\/index.php\/wp-json\/wp\/v2\/posts\/67038\/revisions\/67040"}],"wp:featuredmedia":[{"embeddable":true,"href":"https:\/\/www.grieta.org.mx\/index.php\/wp-json\/wp\/v2\/media\/67039"}],"wp:attachment":[{"href":"https:\/\/www.grieta.org.mx\/index.php\/wp-json\/wp\/v2\/media?parent=67038"}],"wp:term":[{"taxonomy":"category","embeddable":true,"href":"https:\/\/www.grieta.org.mx\/index.php\/wp-json\/wp\/v2\/categories?post=67038"},{"taxonomy":"post_tag","embeddable":true,"href":"https:\/\/www.grieta.org.mx\/index.php\/wp-json\/wp\/v2\/tags?post=67038"}],"curies":[{"name":"wp","href":"https:\/\/api.w.org\/{rel}","templated":true}]}}