{"id":67035,"date":"2023-06-09T11:26:19","date_gmt":"2023-06-09T17:26:19","guid":{"rendered":"https:\/\/www.grieta.org.mx\/?p=67035"},"modified":"2023-06-18T11:33:39","modified_gmt":"2023-06-18T17:33:39","slug":"legislatura-y-gobierno-limitan-el-acceso-al-aborto-seguro-en-oaxaca","status":"publish","type":"post","link":"https:\/\/www.grieta.org.mx\/index.php\/2023\/06\/09\/legislatura-y-gobierno-limitan-el-acceso-al-aborto-seguro-en-oaxaca\/","title":{"rendered":"Legislatura y gobierno limitan el acceso al aborto seguro en Oaxaca"},"content":{"rendered":"<p>Imagen:<\/p>\n<p><em>A cuatro a\u00f1os despu\u00e9s de la despenalizaci\u00f3n del aborto, colectivas llaman a legisladores y al gobierno del estado a fijar lineamientos y a garantizar presupuesto para el aborto seguro<\/em><\/p>\n<p>Roc\u00edo Flores \/\u00a0 Oaxaca Media<\/p>\n<p>Cuatro a\u00f1os han pasado de la legalizaci\u00f3n del aborto en Oaxaca y a\u00fan persiste la resistencia y el estigma en las instituciones para garantizar el derecho a la practica del aborto. Organizaciones y colectivos del estado se\u00f1alan que l<strong>as mujeres se enfrentan con diversas barreras en los servicios p\u00fablicos,\u00a0<\/strong>entre ellos la\u00a0<strong>falta de informaci\u00f3n, la escasez de medicamentos y sobre todo la falta de presupuesto\u00a0<\/strong>para ejecutar los programas.<\/p>\n<p>De acuerdo con Mayra Morales Ald\u00e1z, integrante del Frente para todos los derechos sexuales y reproductivos de Oaxaca, hay resistencia en las instituciones para\u00a0 emitir los lineamientos que garanticen una pr\u00e1ctica legal y segura.<\/p>\n<p>Lo mismo ocurre en el \u00e1mbito legislativo. Aldaz explica que, aunque hicieron una parte de su labor en septiembre 2019, cuando Oaxaca se convirti\u00f3\u00a0en la segunda entidad en despenalizar el aborto, la legislatura local no resolvi\u00f3, ni ha resuelto la manera de garantizar que este derecho pueda ser efectivo para las mujeres de todo el estado.<\/p>\n<p>\u201cHan habido exhortos, en la legislatura pasada hubo tres al sector salud para que brindara los servicios y emitiera los lineamientos, pero a las instituciones responsables de estos procesos no les asignan presupuestos\u201d, comenta en entrevista, a prop\u00f3sito de una tarea de sensibilizaci\u00f3n que\u00a0 iniciaron en este mes de junio varias organizaciones de la sociedad civil.<\/p>\n<p>Aldaz se\u00f1ala que\u00a0<strong>la falta de presupuesto suficiente conlleva al desabasto de los medicamentos, como misoprostol y mifepristona<\/strong>, necesarios para acceder al procedimiento del aborto no invasivo y con estandandares internacionales, por eso, como vocera hizo un llamado a los legisladores para que garanticen la partida presupuestal suficiente y etiquetada para este tema.<\/p>\n<p>El gobierno del estado debe contemplar un presupuesto anual para este rubro, debe emitir una propuesta para la distribuci\u00f3n y el legislativo debe evaluar antes de aprobar cualquier presupuesto, y luego\u00a0dar el seguimiento a la ruta del dinero en las instituciones. Pero, seg\u00fan la activista, \u00abhay un momento en este proceso que se est\u00e1 deteniendo, adem\u00e1s el sector Salud\u00a0 debe tambi\u00e9n hacer su parte para la solicitud del presupuesto\u201d.<\/p>\n<p>En los 11 estados en los que se ha despenalizado el aborto la constante es la misma:falta de informaci\u00f3n, escasez de medicamentos y falta de presupuesto.<\/p>\n<p>De acuerdo con los datos p\u00fablicos de\u00a0 la Ciudad de M\u00e9xico 260 mil 836 mujeres han accedido a un aborto seguro desde abril de 2007, cuando se despenaliz\u00f3, hasta marzo de 2023. En los estados, los datos obtenidos por solicitudes de informaci\u00f3n reportan que desde la despenalizaci\u00f3n (varia en cada entidad) hasta enero de 2023 en Oaxaca 543 mujeres han recurrido a esta pr\u00e1ctica; en Hidalgo 1, 198; Veracruz 369; Baja California 362; Colima 281; Sinaloa 384; Guerrero 1426; Baja California Sur 140; Coahuila 927 y Quintana Roo 7.<\/p>\n<p>En un\u00a0<strong>balance sobre el estado de Oaxaca,\u00a0<\/strong>el Frente se\u00f1ala que los servicios centralizados principalmente en la regi\u00f3n de Valles Centrales\u00a0limita a las mujeres de otras regiones de este derecho al aborto legal, voluntario y seguro. Por ello llaman a las autoridades a ampliar los servicios en otras regiones y municipios del interior del estado y a brindar la informaci\u00f3n adecuada de acuerdo a los contextos de cada regi\u00f3n.<\/p>\n<p>\u201cEn nuestro estado esta es una situaci\u00f3n que debe atenderse de manera particular por las caracter\u00edsticas que tenemos: las distancias alejadas la pluriculturalidad, la diversidad que nos enriquece pero que tambi\u00e9n representa retos\u201d, indican en su evaluaci\u00f3n a cuatro a\u00f1os de la legalizaci\u00f3n.<\/p>\n<p>La integrante del Grupo de Estudios sobre la Mujer Rosario Castellanos, Mar\u00eda Antonieta Montero indica que hasta ahora son\u00a0<strong>pocos los lugares donde se puede interrumpir un embarazo<\/strong>\u00a0si se toma en cuenta que en Oaxaca existen 570 municipios. Entre los que ofrecen esta posibilidad est\u00e1n Tapanatepec, Pinotepa Nacional, Sola de Vega, Tuxtepec, Oaxaca, en Valles Centrales, est\u00e1 el Hospital Civil y los Centros de salud n\u00famero 1, Volcanes, la Cl\u00ednica de la Mujer, sin embargo todav\u00eda no hay medicamentos o se les pide estudios previos que aunque son necesarios, no deber\u00edan ser costeados por ellas mismas.<\/p>\n<p>\u201cSabemos que es necesario, pero las instituciones tendr\u00edan que dar el servicio completo y seguro\u201d, comenta.<\/p>\n<p><a href=\"https:\/\/oaxaca.media\/2023\/06\/legislatura-y-gobierno-limitan-el-acceso-al-aborto-seguro-en-oaxaca\/\">https:\/\/oaxaca.media\/2023\/06\/legislatura-y-gobierno-limitan-el-acceso-al-aborto-seguro-en-oaxaca\/<\/a><\/p>\n","protected":false},"excerpt":{"rendered":"<p>Imagen: A cuatro a\u00f1os despu\u00e9s de la despenalizaci\u00f3n del aborto, colectivas llaman a legisladores y al gobierno del estado a fijar lineamientos y a garantizar presupuesto para el aborto seguro &hellip; <a href=\"https:\/\/www.grieta.org.mx\/index.php\/2023\/06\/09\/legislatura-y-gobierno-limitan-el-acceso-al-aborto-seguro-en-oaxaca\/\" class=\"more-link\">Leer m\u00e1s<\/a><\/p>\n","protected":false},"author":2,"featured_media":67036,"comment_status":"closed","ping_status":"closed","sticky":false,"template":"","format":"standard","meta":{"ngg_post_thumbnail":0,"_jetpack_newsletter_access":"","_jetpack_dont_email_post_to_subs":false,"_jetpack_newsletter_tier_id":0,"_jetpack_memberships_contains_paywalled_content":false,"_jetpack_memberships_contains_paid_content":false,"footnotes":""},"categories":[80,2,25,1665],"tags":[3042,3209,3148,3715,3143],"class_list":["post-67035","post","type-post","status-publish","format-standard","has-post-thumbnail","hentry","category-cintillo","category-noticias-nacionales","category-oaxaca","category-violencia-contra-las-mujeres-en-oaxaca","tag-colectivos-feministas","tag-lucha-contra-la-violencia-contra-las-mujeres","tag-lucha-feminista","tag-lucha-por-legalizacion-del-aborto","tag-violencia-contra-las-mujer","entry"],"jetpack_featured_media_url":"https:\/\/www.grieta.org.mx\/wp-content\/uploads\/2023\/06\/Imagen-de-WhatsApp-2023-06-09-a-las-09.04.05-1170x660-1.jpg","jetpack_sharing_enabled":true,"jetpack_shortlink":"https:\/\/wp.me\/p7ZJR4-hrd","jetpack_likes_enabled":false,"jetpack-related-posts":[{"id":64869,"url":"https:\/\/www.grieta.org.mx\/index.php\/2022\/08\/19\/feministas-levantan-la-mano-por-legalizacion-del-aborto-nayarit\/","url_meta":{"origin":67035,"position":0},"title":"Feministas levantan la mano por legalizaci\u00f3n del aborto (Nayarit)","author":"grieta","date":"19 agosto, 2022","format":false,"excerpt":"Imagen: Meridiano.mx Las y los diputados deben actuar con voluntad sobre el tema: \u201cEs una decisi\u00f3n muy personal, pero ninguna mujer se embaraza para abortar, por eso se est\u00e1 promoviendo la legalizaci\u00f3n del aborto para las mujeres que por diferentes razones llegan a tomar esta dif\u00edcil decisi\u00f3n\u201d, apunt\u00f3 Guadalupe Cort\u00e9s,\u2026","rel":"","context":"En &quot;CINTILLO&quot;","block_context":{"text":"CINTILLO","link":"https:\/\/www.grieta.org.mx\/index.php\/category\/cintillo\/"},"img":{"alt_text":"","src":"https:\/\/i0.wp.com\/www.grieta.org.mx\/wp-content\/uploads\/2022\/08\/PAG3-2-FEMINISTAS-A-1024x576-1.jpeg?resize=350%2C200&ssl=1","width":350,"height":200,"srcset":"https:\/\/i0.wp.com\/www.grieta.org.mx\/wp-content\/uploads\/2022\/08\/PAG3-2-FEMINISTAS-A-1024x576-1.jpeg?resize=350%2C200&ssl=1 1x, https:\/\/i0.wp.com\/www.grieta.org.mx\/wp-content\/uploads\/2022\/08\/PAG3-2-FEMINISTAS-A-1024x576-1.jpeg?resize=525%2C300&ssl=1 1.5x, https:\/\/i0.wp.com\/www.grieta.org.mx\/wp-content\/uploads\/2022\/08\/PAG3-2-FEMINISTAS-A-1024x576-1.jpeg?resize=700%2C400&ssl=1 2x"},"classes":[]},{"id":30219,"url":"https:\/\/www.grieta.org.mx\/index.php\/2019\/03\/06\/mujeres-de-al-menos-12-estados-exigen-legalizar-ya-el-aborto-y-evitar-poner-en-riesgo-sus-vidas-baja-california-durango-estado-de-mexico-guanajuato-guerrero-michoacan-nayarit-oaxaca-puebla-q\/","url_meta":{"origin":67035,"position":1},"title":"Mujeres de al menos 12 estados exigen legalizar ya el aborto y evitar poner en riesgo sus vidas (Baja California, Durango, Estado de M\u00e9xico, Guanajuato, Guerrero, Michoac\u00e1n, Nayarit, Oaxaca, Puebla, Quintana Roo y Veracruz)","author":"grieta","date":"6 marzo, 2019","format":false,"excerpt":"En la v\u00edspera del D\u00eda Internacional de la Mujer que se celebra el pr\u00f3ximo 8 de marzo, mujeres de varios puntos del pa\u00eds exigieron al Estado que garantice \u201cel aborto legal, seguro y gratuito en todo M\u00e9xico\u201d. Manifestaron que con la penalizaci\u00f3n del aborto se criminaliza a las mujeres y\u2026","rel":"","context":"En &quot;Baja California&quot;","block_context":{"text":"Baja California","link":"https:\/\/www.grieta.org.mx\/index.php\/category\/noticias-nacionales\/baja-california\/"},"img":{"alt_text":"","src":"https:\/\/i0.wp.com\/www.grieta.org.mx\/wp-content\/uploads\/2019\/03\/aborto.jpg?resize=350%2C200&ssl=1","width":350,"height":200,"srcset":"https:\/\/i0.wp.com\/www.grieta.org.mx\/wp-content\/uploads\/2019\/03\/aborto.jpg?resize=350%2C200&ssl=1 1x, https:\/\/i0.wp.com\/www.grieta.org.mx\/wp-content\/uploads\/2019\/03\/aborto.jpg?resize=525%2C300&ssl=1 1.5x, https:\/\/i0.wp.com\/www.grieta.org.mx\/wp-content\/uploads\/2019\/03\/aborto.jpg?resize=700%2C400&ssl=1 2x, https:\/\/i0.wp.com\/www.grieta.org.mx\/wp-content\/uploads\/2019\/03\/aborto.jpg?resize=1050%2C600&ssl=1 3x"},"classes":[]},{"id":53872,"url":"https:\/\/www.grieta.org.mx\/index.php\/2020\/09\/28\/feministas-marchan-a-un-ano-de-la-despenalizacion-del-aborto-en-oaxaca\/","url_meta":{"origin":67035,"position":2},"title":"Feministas marchan a un a\u00f1o de la despenalizaci\u00f3n del aborto en Oaxaca","author":"grieta","date":"28 septiembre, 2020","format":false,"excerpt":"P\u00e1gina 3 \/ Pedro Mat\u00edas. OAXACA, Oax.- A un a\u00f1o de la despenalizaci\u00f3n del aborto en Oaxaca, el colectivo de feministas Marea Verde realiz\u00f3 una marcha separatista. Partieron de la fuente de las Ocho Regiones y caminaron la calzada Porfirio D\u00edaz para exigir que \u201cnuestro derecho a decidir sea respetado\u201d.\u2026","rel":"","context":"En &quot;CINTILLO&quot;","block_context":{"text":"CINTILLO","link":"https:\/\/www.grieta.org.mx\/index.php\/category\/cintillo\/"},"img":{"alt_text":"","src":"https:\/\/i0.wp.com\/www.grieta.org.mx\/wp-content\/uploads\/2020\/09\/x.jpeg?resize=350%2C200&ssl=1","width":350,"height":200,"srcset":"https:\/\/i0.wp.com\/www.grieta.org.mx\/wp-content\/uploads\/2020\/09\/x.jpeg?resize=350%2C200&ssl=1 1x, https:\/\/i0.wp.com\/www.grieta.org.mx\/wp-content\/uploads\/2020\/09\/x.jpeg?resize=525%2C300&ssl=1 1.5x, https:\/\/i0.wp.com\/www.grieta.org.mx\/wp-content\/uploads\/2020\/09\/x.jpeg?resize=700%2C400&ssl=1 2x"},"classes":[]},{"id":67857,"url":"https:\/\/www.grieta.org.mx\/index.php\/2023\/09\/28\/por-el-derecho-a-acceder-al-aborto-legal-se-movilizaron-mujeres-en-toluca-estado-de-mexico\/","url_meta":{"origin":67035,"position":3},"title":"Por el derecho a acceder al aborto legal, se movilizaron mujeres en Toluca (Estado de M\u00e9xico)","author":"grieta","date":"28 septiembre, 2023","format":false,"excerpt":"Imagen: Quadratin Ariel D\u00edaz \/ Quadratin TOLUCA, Edomex., 28 de septiembre de 2023.- En el D\u00eda de la Acci\u00f3n Mundial por el Aborto Legal y Seguro, m\u00e1s de cien mujeres se movilizaron en Toluca para exigir al Congreso del Estado de M\u00e9xico la legalizaci\u00f3n de la interrupci\u00f3n del embarazo, como\u2026","rel":"","context":"En &quot;CINTILLO&quot;","block_context":{"text":"CINTILLO","link":"https:\/\/www.grieta.org.mx\/index.php\/category\/cintillo\/"},"img":{"alt_text":"","src":"https:\/\/i0.wp.com\/www.grieta.org.mx\/wp-content\/uploads\/2023\/10\/IMG_20230928_135453-1160x700-1.jpg?resize=350%2C200&ssl=1","width":350,"height":200,"srcset":"https:\/\/i0.wp.com\/www.grieta.org.mx\/wp-content\/uploads\/2023\/10\/IMG_20230928_135453-1160x700-1.jpg?resize=350%2C200&ssl=1 1x, https:\/\/i0.wp.com\/www.grieta.org.mx\/wp-content\/uploads\/2023\/10\/IMG_20230928_135453-1160x700-1.jpg?resize=525%2C300&ssl=1 1.5x, https:\/\/i0.wp.com\/www.grieta.org.mx\/wp-content\/uploads\/2023\/10\/IMG_20230928_135453-1160x700-1.jpg?resize=700%2C400&ssl=1 2x, https:\/\/i0.wp.com\/www.grieta.org.mx\/wp-content\/uploads\/2023\/10\/IMG_20230928_135453-1160x700-1.jpg?resize=1050%2C600&ssl=1 3x"},"classes":[]},{"id":62097,"url":"https:\/\/www.grieta.org.mx\/index.php\/2021\/09\/29\/mujeres-marchan-en-colima-y-exigen-aborto-seguro-y-gratuito\/","url_meta":{"origin":67035,"position":4},"title":"Mujeres marchan en Colima y exigen aborto seguro y gratuito","author":"grieta","date":"29 septiembre, 2021","format":false,"excerpt":"Foto: Monserrat C\u00e1rdenas Monserrat C\u00e1rdenas \/ Somos el Medio La tarde de este\u00a028 de septiembre, decenas de mujeres recorrieron las calles de la capital colimense para demandar el\u00a0acceso a la interrupci\u00f3n del embarazo\u00a0en la entidad de forma gratuita y segura y alto a la criminalizaci\u00f3n de sus derechos sexuales y\u2026","rel":"","context":"En &quot;CINTILLO&quot;","block_context":{"text":"CINTILLO","link":"https:\/\/www.grieta.org.mx\/index.php\/category\/cintillo\/"},"img":{"alt_text":"","src":"https:\/\/i0.wp.com\/www.grieta.org.mx\/wp-content\/uploads\/2021\/10\/243732132_4661396163906601_6663823072166462143_n-1068x712-1.jpg?resize=350%2C200&ssl=1","width":350,"height":200,"srcset":"https:\/\/i0.wp.com\/www.grieta.org.mx\/wp-content\/uploads\/2021\/10\/243732132_4661396163906601_6663823072166462143_n-1068x712-1.jpg?resize=350%2C200&ssl=1 1x, https:\/\/i0.wp.com\/www.grieta.org.mx\/wp-content\/uploads\/2021\/10\/243732132_4661396163906601_6663823072166462143_n-1068x712-1.jpg?resize=525%2C300&ssl=1 1.5x, https:\/\/i0.wp.com\/www.grieta.org.mx\/wp-content\/uploads\/2021\/10\/243732132_4661396163906601_6663823072166462143_n-1068x712-1.jpg?resize=700%2C400&ssl=1 2x, https:\/\/i0.wp.com\/www.grieta.org.mx\/wp-content\/uploads\/2021\/10\/243732132_4661396163906601_6663823072166462143_n-1068x712-1.jpg?resize=1050%2C600&ssl=1 3x"},"classes":[]},{"id":53843,"url":"https:\/\/www.grieta.org.mx\/index.php\/2020\/09\/28\/marchan-feministas-en-oaxaca-para-exigir-aborto-seguro-y-gratuito\/","url_meta":{"origin":67035,"position":5},"title":"Marchan feministas en Oaxaca para exigir aborto seguro y gratuito","author":"grieta","date":"28 septiembre, 2020","format":false,"excerpt":"Noticias \/ Ana Lilia. Cortes\u00eda. Este lunes, en el D\u00eda de Acci\u00f3n Global por el Acceso al Aborto Legal y Seguro, se concentraron feministas en la fuente de las 8 Regiones, en la colonia Reforma de la capital oaxaque\u00f1a, para salir en una marcha, esto con el objetivo de demandar\u2026","rel":"","context":"En &quot;CINTILLO&quot;","block_context":{"text":"CINTILLO","link":"https:\/\/www.grieta.org.mx\/index.php\/category\/cintillo\/"},"img":{"alt_text":"","src":"https:\/\/i0.wp.com\/www.grieta.org.mx\/wp-content\/uploads\/2020\/09\/1-1.jpeg?resize=350%2C200&ssl=1","width":350,"height":200,"srcset":"https:\/\/i0.wp.com\/www.grieta.org.mx\/wp-content\/uploads\/2020\/09\/1-1.jpeg?resize=350%2C200&ssl=1 1x, https:\/\/i0.wp.com\/www.grieta.org.mx\/wp-content\/uploads\/2020\/09\/1-1.jpeg?resize=525%2C300&ssl=1 1.5x, https:\/\/i0.wp.com\/www.grieta.org.mx\/wp-content\/uploads\/2020\/09\/1-1.jpeg?resize=700%2C400&ssl=1 2x, https:\/\/i0.wp.com\/www.grieta.org.mx\/wp-content\/uploads\/2020\/09\/1-1.jpeg?resize=1050%2C600&ssl=1 3x"},"classes":[]}],"_links":{"self":[{"href":"https:\/\/www.grieta.org.mx\/index.php\/wp-json\/wp\/v2\/posts\/67035","targetHints":{"allow":["GET"]}}],"collection":[{"href":"https:\/\/www.grieta.org.mx\/index.php\/wp-json\/wp\/v2\/posts"}],"about":[{"href":"https:\/\/www.grieta.org.mx\/index.php\/wp-json\/wp\/v2\/types\/post"}],"author":[{"embeddable":true,"href":"https:\/\/www.grieta.org.mx\/index.php\/wp-json\/wp\/v2\/users\/2"}],"replies":[{"embeddable":true,"href":"https:\/\/www.grieta.org.mx\/index.php\/wp-json\/wp\/v2\/comments?post=67035"}],"version-history":[{"count":1,"href":"https:\/\/www.grieta.org.mx\/index.php\/wp-json\/wp\/v2\/posts\/67035\/revisions"}],"predecessor-version":[{"id":67037,"href":"https:\/\/www.grieta.org.mx\/index.php\/wp-json\/wp\/v2\/posts\/67035\/revisions\/67037"}],"wp:featuredmedia":[{"embeddable":true,"href":"https:\/\/www.grieta.org.mx\/index.php\/wp-json\/wp\/v2\/media\/67036"}],"wp:attachment":[{"href":"https:\/\/www.grieta.org.mx\/index.php\/wp-json\/wp\/v2\/media?parent=67035"}],"wp:term":[{"taxonomy":"category","embeddable":true,"href":"https:\/\/www.grieta.org.mx\/index.php\/wp-json\/wp\/v2\/categories?post=67035"},{"taxonomy":"post_tag","embeddable":true,"href":"https:\/\/www.grieta.org.mx\/index.php\/wp-json\/wp\/v2\/tags?post=67035"}],"curies":[{"name":"wp","href":"https:\/\/api.w.org\/{rel}","templated":true}]}}