{"id":67018,"date":"2023-03-15T21:56:34","date_gmt":"2023-03-16T03:56:34","guid":{"rendered":"https:\/\/www.grieta.org.mx\/?p=67018"},"modified":"2023-06-11T22:10:50","modified_gmt":"2023-06-12T04:10:50","slug":"obras-en-irapuato-comerciantes-de-leandro-valle-siguen-molestos-con-modernizacion-guanajauato","status":"publish","type":"post","link":"https:\/\/www.grieta.org.mx\/index.php\/2023\/03\/15\/obras-en-irapuato-comerciantes-de-leandro-valle-siguen-molestos-con-modernizacion-guanajauato\/","title":{"rendered":"Obras en Irapuato: Comerciantes de Leandro Valle siguen molestos con modernizaci\u00f3n (Guanajauato)"},"content":{"rendered":"<p><strong>Buscan reunirse con la alcaldesa, Lorena Alfaro, para externarle las situaciones por las que est\u00e1n inconformes<\/strong><\/p>\n<p>Por Eribaldo Guti\u00e9rrez Ram\u00edrez, AM Le\u00f3n Guanajuato.<br \/>\nmi\u00e9rcoles, 15 de marzo de 2023<\/p>\n<p>Irapuato, Guanajuato.- De nueva cuenta los comerciantes de la calle Leandro Valle se mostraron inconformes por los avances de la obra de modernizaci\u00f3n de la vialidad, por lo que buscan reunirse con la alcaldesa, Lorena Alfaro Garc\u00eda, para se\u00f1alarle los cambios que quieren para la calle. <\/p>\n<p>La comerciante Rosal\u00eda V\u00e1zquez coment\u00f3 que acudieron a la Presidencia porque quer\u00edan que la Alcaldesa los atendiera durante el Mi\u00e9rcoles Ciudadano; sin embargo, se llevaron la sorpresa de que este se hab\u00eda cancelado.<\/p>\n<blockquote><p><em><br \/>\n&#8220;Todos y cada uno de nosotros estamos muy perjudicados desde la pandemia, nos cerraron en diciembre que es cuando nosotros podemos recuperar ventas y dem\u00e1s y ahora el atraso de la obra, ahorita se viene abril, mayo y junio, que vuelven a levantar (las ventas), pero es imposible, la gente no est\u00e1 viniendo a visitar la calle porque hay mucha dificultad para caminar\u201d, dijo. <\/em><\/p><\/blockquote>\n<p><img loading=\"lazy\" decoding=\"async\" data-attachment-id=\"67019\" data-permalink=\"https:\/\/www.grieta.org.mx\/index.php\/2023\/03\/15\/obras-en-irapuato-comerciantes-de-leandro-valle-siguen-molestos-con-modernizacion-guanajauato\/f768x400-471046_514949_5050\/\" data-orig-file=\"https:\/\/www.grieta.org.mx\/wp-content\/uploads\/2023\/06\/f768x400-471046_514949_5050.jpeg\" data-orig-size=\"768,400\" data-comments-opened=\"0\" data-image-meta=\"{&quot;aperture&quot;:&quot;0&quot;,&quot;credit&quot;:&quot;&quot;,&quot;camera&quot;:&quot;&quot;,&quot;caption&quot;:&quot;&quot;,&quot;created_timestamp&quot;:&quot;0&quot;,&quot;copyright&quot;:&quot;&quot;,&quot;focal_length&quot;:&quot;0&quot;,&quot;iso&quot;:&quot;0&quot;,&quot;shutter_speed&quot;:&quot;0&quot;,&quot;title&quot;:&quot;&quot;,&quot;orientation&quot;:&quot;0&quot;}\" data-image-title=\"f768x400-471046_514949_5050\" data-image-description=\"\" data-image-caption=\"\" data-medium-file=\"https:\/\/www.grieta.org.mx\/wp-content\/uploads\/2023\/06\/f768x400-471046_514949_5050-300x156.jpeg\" data-large-file=\"https:\/\/www.grieta.org.mx\/wp-content\/uploads\/2023\/06\/f768x400-471046_514949_5050.jpeg\" src=\"http:\/\/www.grieta.org.mx\/wp-content\/uploads\/2023\/06\/f768x400-471046_514949_5050.jpeg\" alt=\"Su intenci\u00f3n era acudir al Mi\u00e9rcoles Ciudadano, pero este no se realiz\u00f3. Foto: Eribaldo Guti\u00e9rrez\" width=\"768\" height=\"400\" class=\"alignnone size-full wp-image-67019\" srcset=\"https:\/\/www.grieta.org.mx\/wp-content\/uploads\/2023\/06\/f768x400-471046_514949_5050.jpeg 768w, https:\/\/www.grieta.org.mx\/wp-content\/uploads\/2023\/06\/f768x400-471046_514949_5050-300x156.jpeg 300w\" sizes=\"auto, (max-width: 768px) 100vw, 768px\" \/><\/p>\n<p>Resalt\u00f3 que algunos transe\u00fantes se han ca\u00eddo y las personas con alguna discapacidad no pueden transitar en esta calle.<\/p>\n<blockquote><p>\n<em>Esta administraci\u00f3n, supuestamente de puertas abiertas, no ha sido posible poder entrevistarnos desde que inici\u00f3 el proyecto con la se\u00f1ora presidenta. Pedimos que nos atienda, que la persona que est\u00e1 haciendo el proyecto vaya y camine esa calle, vea la vialidad, vea las necesidades que cada uno de nosotros tenemos de acuerdo a nuestros diferentes negocios y que hagan un proyecto \u00fatil\u201d, dijo. <\/em><\/p><\/blockquote>\n<p>La comerciante tambi\u00e9n pidi\u00f3 que no se coloquen las jardineras y arboles que se quieren poner, pues consideran que estos tapar\u00e1n la vista de sus comercios, adem\u00e1s de que servir\u00e1n para que los comerciantes ambulantes se instalen<\/p>\n<p><img loading=\"lazy\" decoding=\"async\" data-attachment-id=\"67020\" data-permalink=\"https:\/\/www.grieta.org.mx\/index.php\/2023\/03\/15\/obras-en-irapuato-comerciantes-de-leandro-valle-siguen-molestos-con-modernizacion-guanajauato\/f768x400-471045_514948_5050\/\" data-orig-file=\"https:\/\/www.grieta.org.mx\/wp-content\/uploads\/2023\/06\/f768x400-471045_514948_5050.jpeg\" data-orig-size=\"768,400\" data-comments-opened=\"0\" data-image-meta=\"{&quot;aperture&quot;:&quot;0&quot;,&quot;credit&quot;:&quot;&quot;,&quot;camera&quot;:&quot;&quot;,&quot;caption&quot;:&quot;&quot;,&quot;created_timestamp&quot;:&quot;0&quot;,&quot;copyright&quot;:&quot;&quot;,&quot;focal_length&quot;:&quot;0&quot;,&quot;iso&quot;:&quot;0&quot;,&quot;shutter_speed&quot;:&quot;0&quot;,&quot;title&quot;:&quot;&quot;,&quot;orientation&quot;:&quot;0&quot;}\" data-image-title=\"f768x400-471045_514948_5050\" data-image-description=\"\" data-image-caption=\"\" data-medium-file=\"https:\/\/www.grieta.org.mx\/wp-content\/uploads\/2023\/06\/f768x400-471045_514948_5050-300x156.jpeg\" data-large-file=\"https:\/\/www.grieta.org.mx\/wp-content\/uploads\/2023\/06\/f768x400-471045_514948_5050.jpeg\" src=\"http:\/\/www.grieta.org.mx\/wp-content\/uploads\/2023\/06\/f768x400-471045_514948_5050.jpeg\" alt=\"Al principio, no se les permit\u00eda el paso a todos a Presidencia. Foto: Eribaldo Guti\u00e9rrez\" width=\"768\" height=\"400\" class=\"alignnone size-full wp-image-67020\" srcset=\"https:\/\/www.grieta.org.mx\/wp-content\/uploads\/2023\/06\/f768x400-471045_514948_5050.jpeg 768w, https:\/\/www.grieta.org.mx\/wp-content\/uploads\/2023\/06\/f768x400-471045_514948_5050-300x156.jpeg 300w\" sizes=\"auto, (max-width: 768px) 100vw, 768px\" \/><\/p>\n<p><strong>No creen que obra en Leandro Valle termine en abril<\/strong><\/p>\n<p>Fernando Caudillo, comerciante de la zona, coment\u00f3 que la fecha de compromiso de t\u00e9rmino de la obra es finales de abril, pero ellos consideran que no ser\u00e1 as\u00ed, ya que ven muy poco avance en los trabajos. <\/p>\n<blockquote><p><em><br \/>\n    &#8220;Aqu\u00ed estamos insistiendo por en\u00e9sima vez para que la Presidenta Municipal nos reciba, que presente un poco de empat\u00eda a las necesidades de los comerciantes, ya que el proyecto fue dise\u00f1ado a conveniencia de ellos, no a las necesidades de lo que requiere esa calle, esa calle lo que necesitamos es un tr\u00e1nsito fluido, no cosas que obstaculicen\u201d, agreg\u00f3. <\/em> <\/p><\/blockquote>\n<p><img loading=\"lazy\" decoding=\"async\" data-attachment-id=\"67021\" data-permalink=\"https:\/\/www.grieta.org.mx\/index.php\/2023\/03\/15\/obras-en-irapuato-comerciantes-de-leandro-valle-siguen-molestos-con-modernizacion-guanajauato\/f768x400-471047_514950_5050\/\" data-orig-file=\"https:\/\/www.grieta.org.mx\/wp-content\/uploads\/2023\/06\/f768x400-471047_514950_5050.jpeg\" data-orig-size=\"768,400\" data-comments-opened=\"0\" data-image-meta=\"{&quot;aperture&quot;:&quot;0&quot;,&quot;credit&quot;:&quot;&quot;,&quot;camera&quot;:&quot;&quot;,&quot;caption&quot;:&quot;&quot;,&quot;created_timestamp&quot;:&quot;0&quot;,&quot;copyright&quot;:&quot;&quot;,&quot;focal_length&quot;:&quot;0&quot;,&quot;iso&quot;:&quot;0&quot;,&quot;shutter_speed&quot;:&quot;0&quot;,&quot;title&quot;:&quot;&quot;,&quot;orientation&quot;:&quot;0&quot;}\" data-image-title=\"f768x400-471047_514950_5050\" data-image-description=\"\" data-image-caption=\"\" data-medium-file=\"https:\/\/www.grieta.org.mx\/wp-content\/uploads\/2023\/06\/f768x400-471047_514950_5050-300x156.jpeg\" data-large-file=\"https:\/\/www.grieta.org.mx\/wp-content\/uploads\/2023\/06\/f768x400-471047_514950_5050.jpeg\" src=\"http:\/\/www.grieta.org.mx\/wp-content\/uploads\/2023\/06\/f768x400-471047_514950_5050.jpeg\" alt=\"En pr\u00f3ximos d\u00edas se reunir\u00e1n de nuevo con las autoridades. Foto: Eribaldo Guti\u00e9rrez\" width=\"768\" height=\"400\" class=\"alignnone size-full wp-image-67021\" srcset=\"https:\/\/www.grieta.org.mx\/wp-content\/uploads\/2023\/06\/f768x400-471047_514950_5050.jpeg 768w, https:\/\/www.grieta.org.mx\/wp-content\/uploads\/2023\/06\/f768x400-471047_514950_5050-300x156.jpeg 300w\" sizes=\"auto, (max-width: 768px) 100vw, 768px\" \/><\/p>\n<p>Luego de permanecer casi una hora en la entrada de la Presidencia, donde se les negaba el acceso, fueron atendidos por el secretario del Ayuntamiento, Rodolfo G\u00f3mez Cervantes. <\/p>\n<p>Al salir, Fernando Caudillo mencion\u00f3 que se reunir\u00e1n de nuevo el viernes o lunes para darle seguimiento a sus peticiones que ten\u00edan; sin embargo, de nuevo Lorena Alfaro no estar\u00e1 presente. <\/p>\n<p>Luego de permanecer casi una hora en la entrada de la Presidencia, donde se les negaba el acceso, fueron atendidos por el secretario del Ayuntamiento, Rodolfo G\u00f3mez Cervantes. <\/p>\n<p>Al salir, Fernando Caudillo mencion\u00f3 que se reunir\u00e1n de nuevo el viernes o lunes para darle seguimiento a sus peticiones que ten\u00edan; sin embargo, de nuevo Lorena Alfaro no estar\u00e1 presente. <\/p>\n<p><a href=\"https:\/\/www.am.com.mx\/irapuato\/2023\/3\/15\/obras-en-irapuato-comerciantes-de-leandro-valle-siguen-molestos-con-modernizacion-651763.html?utm_source=pocket_saves\">https:\/\/www.am.com.mx\/irapuato\/2023\/3\/15\/obras-en-irapuato-comerciantes-de-leandro-valle-siguen-molestos-con-modernizacion-651763.html?utm_source=pocket_saves<\/a><\/p>\n","protected":false},"excerpt":{"rendered":"<p>Buscan reunirse con la alcaldesa, Lorena Alfaro, para externarle las situaciones por las que est\u00e1n inconformes Por Eribaldo Guti\u00e9rrez Ram\u00edrez, AM Le\u00f3n Guanajuato. mi\u00e9rcoles, 15 de marzo de 2023 Irapuato, &hellip; <a href=\"https:\/\/www.grieta.org.mx\/index.php\/2023\/03\/15\/obras-en-irapuato-comerciantes-de-leandro-valle-siguen-molestos-con-modernizacion-guanajauato\/\" class=\"more-link\">Leer m\u00e1s<\/a><\/p>\n","protected":false},"author":2,"featured_media":67022,"comment_status":"closed","ping_status":"closed","sticky":false,"template":"","format":"standard","meta":{"ngg_post_thumbnail":0,"_jetpack_newsletter_access":"","_jetpack_dont_email_post_to_subs":false,"_jetpack_newsletter_tier_id":0,"_jetpack_memberships_contains_paywalled_content":false,"_jetpack_memberships_contains_paid_content":false,"footnotes":""},"categories":[80,17,2],"tags":[1585,4108],"class_list":["post-67018","post","type-post","status-publish","format-standard","has-post-thumbnail","hentry","category-cintillo","category-guanajuato","category-noticias-nacionales","tag-anomalias-en-obras","tag-privatizacion-de-espacios-publicos","entry"],"jetpack_featured_media_url":"https:\/\/www.grieta.org.mx\/wp-content\/uploads\/2023\/06\/f685x385-471041_508734_5659.jpeg","jetpack_sharing_enabled":true,"jetpack_shortlink":"https:\/\/wp.me\/p7ZJR4-hqW","jetpack_likes_enabled":false,"jetpack-related-posts":[{"id":61549,"url":"https:\/\/www.grieta.org.mx\/index.php\/2021\/08\/26\/comerciantes-inconformes-por-reordenamiento-frente-a-mercado-hidalgo-en-celaya-guanajuato\/","url_meta":{"origin":67018,"position":0},"title":"Comerciantes, inconformes por reordenamiento frente a Mercado Hidalgo, en Celaya (Guanajuato)","author":"grieta","date":"26 agosto, 2021","format":false,"excerpt":"Ricardo Aguilar, Zona Franca agosto 26, 2021 Celaya; Gto.- El reordenamiento de los comerciantes ambulantes lleg\u00f3 ahora a la zona frente al Mercado Hidalgo en el Boulevard Adolfo L\u00f3pez Mateos, donde se tiene detectados 24 puestos, de los cuales 12 no tienen permiso y los otros exceden su metraje. Lograr\u2026","rel":"","context":"En &quot;CINTILLO&quot;","block_context":{"text":"CINTILLO","link":"https:\/\/www.grieta.org.mx\/index.php\/category\/cintillo\/"},"img":{"alt_text":"","src":"https:\/\/i0.wp.com\/www.grieta.org.mx\/wp-content\/uploads\/2021\/09\/unnamed-2-10.jpg?resize=350%2C200&ssl=1","width":350,"height":200},"classes":[]},{"id":25947,"url":"https:\/\/www.grieta.org.mx\/index.php\/2018\/08\/29\/387-por-ciento-el-aumento-de-la-violencia-en-irapuato-guanajuato\/","url_meta":{"origin":67018,"position":1},"title":"387 por ciento el aumento de la violencia en Irapuato (Guanajuato)","author":"grieta","date":"29 agosto, 2018","format":false,"excerpt":"Guanajuatenses 4 de los 15 municipios m\u00e1s violentos NOTUS, noticias, 29 de agosto Guanajuato.- Tiene el estado a cuatro de los 15 municipios m\u00e1s violentos del pa\u00eds, en una estad\u00edstica que engloba los 30 municipios con los \u00edndices m\u00e1s violentos del primer cuatrimestre de 2018, hay nueve alcald\u00edas que registran\u2026","rel":"","context":"En &quot;CINTILLO&quot;","block_context":{"text":"CINTILLO","link":"https:\/\/www.grieta.org.mx\/index.php\/category\/cintillo\/"},"img":{"alt_text":"","src":"https:\/\/i0.wp.com\/www.grieta.org.mx\/wp-content\/uploads\/2018\/03\/14524434_1106112876131411_958039263622046936_o.jpg?resize=350%2C200&ssl=1","width":350,"height":200,"srcset":"https:\/\/i0.wp.com\/www.grieta.org.mx\/wp-content\/uploads\/2018\/03\/14524434_1106112876131411_958039263622046936_o.jpg?resize=350%2C200&ssl=1 1x, https:\/\/i0.wp.com\/www.grieta.org.mx\/wp-content\/uploads\/2018\/03\/14524434_1106112876131411_958039263622046936_o.jpg?resize=525%2C300&ssl=1 1.5x, https:\/\/i0.wp.com\/www.grieta.org.mx\/wp-content\/uploads\/2018\/03\/14524434_1106112876131411_958039263622046936_o.jpg?resize=700%2C400&ssl=1 2x"},"classes":[]},{"id":53815,"url":"https:\/\/www.grieta.org.mx\/index.php\/2020\/09\/19\/familiares-de-desaparecidos-hallan-huesos-y-balas-en-irapuato-y-villagran-guanajuato\/","url_meta":{"origin":67018,"position":2},"title":"Familiares de desaparecidos hallan huesos y balas en Irapuato y Villagr\u00e1n (Guanajuato)","author":"grieta","date":"19 septiembre, 2020","format":false,"excerpt":"Ver\u00f3nica Espinosa \/ Proceso, 19 de septiembre de 2020 GUANAJUATO, Gto. (proceso.com.mx).\u2013 Familiares de personas desaparecidas localizaron restos \u00f3seos y balas de grueso calibre en dos zonas rurales de Irapuato y Villagr\u00e1n durante b\u00fasquedas realizadas el lunes 14 y el viernes 18. Personal de las comisiones de B\u00fasqueda nacional y\u2026","rel":"","context":"En &quot;CINTILLO&quot;","block_context":{"text":"CINTILLO","link":"https:\/\/www.grieta.org.mx\/index.php\/category\/cintillo\/"},"img":{"alt_text":"","src":"https:\/\/i0.wp.com\/www.grieta.org.mx\/wp-content\/uploads\/2020\/09\/desaparecidos-guanajuato-2-870x522-1.jpg?resize=350%2C200&ssl=1","width":350,"height":200,"srcset":"https:\/\/i0.wp.com\/www.grieta.org.mx\/wp-content\/uploads\/2020\/09\/desaparecidos-guanajuato-2-870x522-1.jpg?resize=350%2C200&ssl=1 1x, https:\/\/i0.wp.com\/www.grieta.org.mx\/wp-content\/uploads\/2020\/09\/desaparecidos-guanajuato-2-870x522-1.jpg?resize=525%2C300&ssl=1 1.5x, https:\/\/i0.wp.com\/www.grieta.org.mx\/wp-content\/uploads\/2020\/09\/desaparecidos-guanajuato-2-870x522-1.jpg?resize=700%2C400&ssl=1 2x"},"classes":[]},{"id":67854,"url":"https:\/\/www.grieta.org.mx\/index.php\/2023\/09\/18\/buscadoras-acuden-a-hallazgo-de-fosa-y-policia-de-irapuato-responde-con-detencion-y-amenazas-guanajuato\/","url_meta":{"origin":67018,"position":3},"title":"Buscadoras acuden a hallazgo de fosa y Polic\u00eda de Irapuato responde con detenci\u00f3n y amenazas (Guanajuato)","author":"grieta","date":"18 septiembre, 2023","format":false,"excerpt":"Imagen: Zona Docs \u201cTe faltan unos buenos putazos\u201d fue la amenaza de preventivos municipales a Karla Mart\u00ednez, integrante de la Brigada Independiente al llegar a una fosa resguardada por la corporaci\u00f3n en la comunidad El Conejo Edith Dom\u00ednguez \/ Zona Docs Guanajuato se ha convertido en el estado m\u00e1s violento\u2026","rel":"","context":"En &quot;CINTILLO&quot;","block_context":{"text":"CINTILLO","link":"https:\/\/www.grieta.org.mx\/index.php\/category\/cintillo\/"},"img":{"alt_text":"","src":"https:\/\/i0.wp.com\/www.grieta.org.mx\/wp-content\/uploads\/2023\/10\/PORTADA_POP-LAB_AGRESIONES-BUSCADORAS-GUANAJUATO-1068x391-1.png?resize=350%2C200&ssl=1","width":350,"height":200,"srcset":"https:\/\/i0.wp.com\/www.grieta.org.mx\/wp-content\/uploads\/2023\/10\/PORTADA_POP-LAB_AGRESIONES-BUSCADORAS-GUANAJUATO-1068x391-1.png?resize=350%2C200&ssl=1 1x, https:\/\/i0.wp.com\/www.grieta.org.mx\/wp-content\/uploads\/2023\/10\/PORTADA_POP-LAB_AGRESIONES-BUSCADORAS-GUANAJUATO-1068x391-1.png?resize=525%2C300&ssl=1 1.5x, https:\/\/i0.wp.com\/www.grieta.org.mx\/wp-content\/uploads\/2023\/10\/PORTADA_POP-LAB_AGRESIONES-BUSCADORAS-GUANAJUATO-1068x391-1.png?resize=700%2C400&ssl=1 2x, https:\/\/i0.wp.com\/www.grieta.org.mx\/wp-content\/uploads\/2023\/10\/PORTADA_POP-LAB_AGRESIONES-BUSCADORAS-GUANAJUATO-1068x391-1.png?resize=1050%2C600&ssl=1 3x"},"classes":[]},{"id":41549,"url":"https:\/\/www.grieta.org.mx\/index.php\/2019\/11\/15\/prefieren-autoridades-cerrar-escuela-que-gasolineria-aledana-padres-de-familia-en-irapuato\/","url_meta":{"origin":67018,"position":4},"title":"Prefieren autoridades cerrar escuela que gasoliner\u00eda aleda\u00f1a: Padres de familia en Irapuato","author":"grieta","date":"15 noviembre, 2019","format":false,"excerpt":"Autoridades educativas argumentaron que el plantel se ubica cerca de una gasolinera, que de hecho, tiene varios a\u00f1os y est\u00e1 a corta distancia de una plaza comercial, viviendas y una guarder\u00eda Laura Villalfa\u00f1a, Zona Franca, 15 de noviembre de 2019 Irapuato, Gto. \u2013 Padres de familia de la escuela primara\u2026","rel":"","context":"En &quot;CINTILLO&quot;","block_context":{"text":"CINTILLO","link":"https:\/\/www.grieta.org.mx\/index.php\/category\/cintillo\/"},"img":{"alt_text":"","src":"https:\/\/i0.wp.com\/www.grieta.org.mx\/wp-content\/uploads\/2019\/11\/WhatsApp-Image-2019-11-14-at-225941.jpeg?resize=350%2C200&ssl=1","width":350,"height":200,"srcset":"https:\/\/i0.wp.com\/www.grieta.org.mx\/wp-content\/uploads\/2019\/11\/WhatsApp-Image-2019-11-14-at-225941.jpeg?resize=350%2C200&ssl=1 1x, https:\/\/i0.wp.com\/www.grieta.org.mx\/wp-content\/uploads\/2019\/11\/WhatsApp-Image-2019-11-14-at-225941.jpeg?resize=525%2C300&ssl=1 1.5x, https:\/\/i0.wp.com\/www.grieta.org.mx\/wp-content\/uploads\/2019\/11\/WhatsApp-Image-2019-11-14-at-225941.jpeg?resize=700%2C400&ssl=1 2x"},"classes":[]},{"id":36932,"url":"https:\/\/www.grieta.org.mx\/index.php\/2019\/05\/29\/paran-labores-en-volkswagen-de-silao-trabajadores-exigen-pago-de-utilidades\/","url_meta":{"origin":67018,"position":5},"title":"Paran labores en Volkswagen de Silao, trabajadores exigen pago de utilidades","author":"grieta","date":"29 mayo, 2019","format":false,"excerpt":"Presuntamente porque no les fueron pagadas sus utilidades que les hab\u00edan prometido que les pagar\u00edan antes del 20 de mayo. El Sol de Irapuato, 29 de mayo de 2019 Guanajuato.- Trabajadores de la empresa Volkswagen Silao llevaron a cabo un paro de labores, presuntamente porque no les fueron pagadas sus\u2026","rel":"","context":"En &quot;CINTILLO&quot;","block_context":{"text":"CINTILLO","link":"https:\/\/www.grieta.org.mx\/index.php\/category\/cintillo\/"},"img":{"alt_text":"","src":"https:\/\/i0.wp.com\/www.grieta.org.mx\/wp-content\/uploads\/2019\/07\/fe130d2d-e44d-4746-a8c7-bbab3c0e791d.jpg?resize=350%2C200&ssl=1","width":350,"height":200,"srcset":"https:\/\/i0.wp.com\/www.grieta.org.mx\/wp-content\/uploads\/2019\/07\/fe130d2d-e44d-4746-a8c7-bbab3c0e791d.jpg?resize=350%2C200&ssl=1 1x, https:\/\/i0.wp.com\/www.grieta.org.mx\/wp-content\/uploads\/2019\/07\/fe130d2d-e44d-4746-a8c7-bbab3c0e791d.jpg?resize=525%2C300&ssl=1 1.5x, https:\/\/i0.wp.com\/www.grieta.org.mx\/wp-content\/uploads\/2019\/07\/fe130d2d-e44d-4746-a8c7-bbab3c0e791d.jpg?resize=700%2C400&ssl=1 2x"},"classes":[]}],"_links":{"self":[{"href":"https:\/\/www.grieta.org.mx\/index.php\/wp-json\/wp\/v2\/posts\/67018","targetHints":{"allow":["GET"]}}],"collection":[{"href":"https:\/\/www.grieta.org.mx\/index.php\/wp-json\/wp\/v2\/posts"}],"about":[{"href":"https:\/\/www.grieta.org.mx\/index.php\/wp-json\/wp\/v2\/types\/post"}],"author":[{"embeddable":true,"href":"https:\/\/www.grieta.org.mx\/index.php\/wp-json\/wp\/v2\/users\/2"}],"replies":[{"embeddable":true,"href":"https:\/\/www.grieta.org.mx\/index.php\/wp-json\/wp\/v2\/comments?post=67018"}],"version-history":[{"count":1,"href":"https:\/\/www.grieta.org.mx\/index.php\/wp-json\/wp\/v2\/posts\/67018\/revisions"}],"predecessor-version":[{"id":67023,"href":"https:\/\/www.grieta.org.mx\/index.php\/wp-json\/wp\/v2\/posts\/67018\/revisions\/67023"}],"wp:featuredmedia":[{"embeddable":true,"href":"https:\/\/www.grieta.org.mx\/index.php\/wp-json\/wp\/v2\/media\/67022"}],"wp:attachment":[{"href":"https:\/\/www.grieta.org.mx\/index.php\/wp-json\/wp\/v2\/media?parent=67018"}],"wp:term":[{"taxonomy":"category","embeddable":true,"href":"https:\/\/www.grieta.org.mx\/index.php\/wp-json\/wp\/v2\/categories?post=67018"},{"taxonomy":"post_tag","embeddable":true,"href":"https:\/\/www.grieta.org.mx\/index.php\/wp-json\/wp\/v2\/tags?post=67018"}],"curies":[{"name":"wp","href":"https:\/\/api.w.org\/{rel}","templated":true}]}}