{"id":67008,"date":"2023-05-30T09:42:05","date_gmt":"2023-05-30T15:42:05","guid":{"rendered":"https:\/\/www.grieta.org.mx\/?p=67008"},"modified":"2023-06-11T11:03:43","modified_gmt":"2023-06-11T17:03:43","slug":"policias-de-jalisco-reprimen-a-familiares-que-exigian-la-busqueda-anali","status":"publish","type":"post","link":"https:\/\/www.grieta.org.mx\/index.php\/2023\/05\/30\/policias-de-jalisco-reprimen-a-familiares-que-exigian-la-busqueda-anali\/","title":{"rendered":"Polic\u00edas de Jalisco reprimen a familiares que exig\u00edan la b\u00fasqueda Anal\u00ed"},"content":{"rendered":"<p>Imagen: Zona Docs<\/p>\n<p><strong>Sandra Anal\u00ed Ram\u00edrez Hern\u00e1ndez, de 33 a\u00f1os, fue desaparecida el 29 de mayo de 2023 en Santa Mar\u00eda del Pueblito en Zapopan, Jalisco. Para exigir su b\u00fasqueda inmediata, familiares y amigos se manifestaron en los cruces de la calle Allende y avenida Vallarta.<\/strong><\/p>\n<p><strong>Al lugar llegaron polic\u00edas antimotines que con exceso de la fuerza p\u00fablica replegaron a las y los manifestantes para liberar la vialidad; sin embargo, la Secretar\u00eda de Seguridad P\u00fablica aclar\u00f3 que no se trat\u00f3 de un acto represivo sino de \u201cuna necesaria\u00a0reapertura\u201d.\u00a0<\/strong><\/p>\n<p>Darwin Franco \/ Zona Docs<\/p>\n<p><strong>Lo que inici\u00f3 como una manifestaci\u00f3n pac\u00edfica para exigir a la Fiscal\u00eda de Jalisco la pronta actuaci\u00f3n para localizar a\u00a0Sandra Anal\u00ed Ram\u00edrez Hern\u00e1ndez<\/strong>, quien fue desaparecida el 29 de mayo de 2023 en en Santa Mar\u00eda del Pueblito en Zapopan<strong>, termin\u00f3 en un acto represivo de la polic\u00eda estatal.<\/strong><\/p>\n<p>En diversos videos compartidos por familiares y amigos de Sandra Anal\u00ed,<strong>\u00a0se muestra como los polic\u00edas estatales con equipo antimotines comenzaron a empujar a las y los manifestantes<\/strong>, esto con el objetivo de liberar el tr\u00e1nsito vehicular en Av. Vallarta.<\/p>\n<p>Karla, amiga de Sandra Anal\u00ed, considera grave el actuar de la polic\u00edas, pues lo \u00fanico que quer\u00edan con la manifestaci\u00f3n era llamar la atenci\u00f3n de las autoridades encargadas de buscar a la joven de 33 a\u00f1os, a quien se le vio por \u00faltima vez en la colonia Santa Mar\u00eda del Pueblito.<\/p>\n<p><strong>\u201cNo tenemos apoyo del gobierno, no hay empat\u00eda para las familias con desaparecidos, en vez de que nos ayuden y protejan son agresivos, ofensivos y abusan de su poder\u201d.<\/strong><\/p>\n<p>Respecto a los avances de la investigaci\u00f3n, Karla se\u00f1ala que hasta la fecha en la Fiscal\u00eda Especial para Personas Desaparecidas\u00a0<strong>\u00fanicamente les dicen que \u201cest\u00e1n investigando\u201d.<\/strong><\/p>\n<p><strong>\u201cEl fiscal nos pidi\u00f3 ir a la Fiscal\u00eda para nos mostraran avances (a su familia y a m\u00ed), y para parar el plant\u00f3n, pero en la Fiscal\u00eda la abogada nos coment\u00f3 que no hay nada\u2026 que todo es por procesos y dependen de muchas dependencias para que liberen informaci\u00f3n como ver las c\u00e1maras del C5 y para el rastreo de los celulares de Anal\u00ed. Supuestamente nos dar\u00e1n hoy (31 de mayo) respuestas de las c\u00e1maras\u201d.<\/strong><\/p>\n<p>Sobre las demandas espec\u00edficas que como familiares tienen Karla expres\u00f3:<\/p>\n<p><strong>\u201cQueremos que se presionen con el tema de los videos para tener informaci\u00f3n real y, partir de ah\u00ed, saber c\u00f3mo buscar a Anal\u00ed, queremos que se rastreen los celulares para tener la ubicaci\u00f3n de la desaparici\u00f3n, y tambi\u00e9n lo de la s\u00e1bana de llamadas\u201d.<\/strong><\/p>\n<p>A la par, agrega que han dado informaci\u00f3n sobre otros hechos delictivos que ocurrieron en la zona, pero consideran que nada de eso se ha tomado en cuenta; as\u00ed mismo para Karla es importante se\u00f1alar que\u00a0<strong>la desaparici\u00f3n de Anal\u00ed no est\u00e1 relacionada con las y los j\u00f3venes que laboraban en el Call Center de Zapopan<\/strong>,\u00a0quienes fueron\u00a0desaparecidos entre el 20 y el 22 de mayo.<\/p>\n<p>En el caso espec\u00edfico de Anal\u00ed, ella trabajada desde hace seis a\u00f1os en una empresa de promocionales publicitarios.<\/p>\n<p>Por su parte, el CEPAD conden\u00f3 el uso excesivo de la fuerza p\u00fablica por parte de elementos de la Secretar\u00eda de Seguridad P\u00fablica de Jalisco, y record\u00f3 que:\u00a0<strong>\u201cExigir la b\u00fasqueda y localizaci\u00f3n de las personas desaparecidas no es motivo de represi\u00f3n\u201d.<\/strong><\/p>\n<p>En cambio, en la ficha informativa enviada por la Secretar\u00eda de Seguridad P\u00fablica del Estado se se\u00f1ala que no fue una acci\u00f3n represiva sino de\u00a0<strong>\u201cuna necesaria apertura de la vialidad\u201d,<\/strong>\u00a0misma que aseguran se dio de esa manera porque \u201ctras repetidos intentos de di\u00e1logo\u201d, no se logr\u00f3 llegar a un acuerdo para no afectar los derechos de terceros para no interrumpir la v\u00eda de comunicaci\u00f3n.\u00a0Y cerraron su comunicado se\u00f1alando que\u00a0<strong>\u201cen Jalisco siempre se respeta el derecho a la manifestaci\u00f3n y la libre expresi\u00f3n de las ideas\u201d.<\/strong><\/p>\n<p>Mientras tanto y tras la agresi\u00f3n,<strong>\u00a0la familia de Sandra Anal\u00ed precisa que seguir\u00e1n manifest\u00e1ndose hasta que las autoridades no hagan una b\u00fasqueda efectiva de la joven<\/strong>, a la que esperan de vuelta en casa lo m\u00e1s r\u00e1pido posible.<\/p>\n<p>Hoy, 31 de mayo, preparan un nuevo plant\u00f3n en los cruces de Allende y avenida Vallarta en Zapopan.<\/p>\n<p><a href=\"https:\/\/www.zonadocs.mx\/2023\/05\/30\/policias-de-jalisco-reprimen-a-familiares-que-exigian-la-busqueda-anali\/\">https:\/\/www.zonadocs.mx\/2023\/05\/30\/policias-de-jalisco-reprimen-a-familiares-que-exigian-la-busqueda-anali\/<\/a><\/p>\n","protected":false},"excerpt":{"rendered":"<p>Imagen: Zona Docs Sandra Anal\u00ed Ram\u00edrez Hern\u00e1ndez, de 33 a\u00f1os, fue desaparecida el 29 de mayo de 2023 en Santa Mar\u00eda del Pueblito en Zapopan, Jalisco. Para exigir su b\u00fasqueda &hellip; <a href=\"https:\/\/www.grieta.org.mx\/index.php\/2023\/05\/30\/policias-de-jalisco-reprimen-a-familiares-que-exigian-la-busqueda-anali\/\" class=\"more-link\">Leer m\u00e1s<\/a><\/p>\n","protected":false},"author":2,"featured_media":67009,"comment_status":"closed","ping_status":"closed","sticky":false,"template":"","format":"standard","meta":{"ngg_post_thumbnail":0,"_jetpack_newsletter_access":"","_jetpack_dont_email_post_to_subs":false,"_jetpack_newsletter_tier_id":0,"_jetpack_memberships_contains_paywalled_content":false,"_jetpack_memberships_contains_paid_content":false,"footnotes":""},"categories":[80,87,1032,20,2,83],"tags":[4005,3486,1828,121,1668,3660,2233,3473,3793],"class_list":["post-67008","post","type-post","status-publish","format-standard","has-post-thumbnail","hentry","category-cintillo","category-desaparecidos","category-desaparecidos-en-jalisco","category-jalisco","category-noticias-nacionales","category-temas-nacionales","tag-agresiones-a-defensores-y-activistas","tag-brutalidad-policiaca","tag-busqueda-de-desaparecidos","tag-desaparecidos","tag-familiares-de-desaparecidos","tag-fiscalia","tag-hostigamiento-contra-familiares-de-desaparecidos","tag-impunidad-policiaca","tag-represion-contra-familiares-de-desaparecidos","entry"],"jetpack_featured_media_url":"https:\/\/www.grieta.org.mx\/wp-content\/uploads\/2023\/06\/Captura-de-Pantalla-2023-05-30-a-las-20.07.20.png","jetpack_sharing_enabled":true,"jetpack_shortlink":"https:\/\/wp.me\/p7ZJR4-hqM","jetpack_likes_enabled":false,"jetpack-related-posts":[{"id":64694,"url":"https:\/\/www.grieta.org.mx\/index.php\/2022\/08\/06\/acusan-intimidacion-de-autoridades-durante-pega-de-fichas-de-busqueda-jalisco\/","url_meta":{"origin":67008,"position":0},"title":"Acusan intimidaci\u00f3n de autoridades durante pega de fichas de b\u00fasqueda (Jalisco)","author":"grieta","date":"6 agosto, 2022","format":false,"excerpt":"Foto:\u00a0 Especial Lauro Rodr\u00edguez \/ El Diario NTR El colectivo Luz de Esperanza acudi\u00f3 hoy al centro de Guadalajara a realizar pega de fichas de b\u00fasqueda en Plaza Liberaci\u00f3n y otros puntos de alta visibilizaci\u00f3n. Sin embargo, acusaron que fueron intimidados por las autoridades del gobierno del estado y por\u2026","rel":"","context":"En &quot;CINTILLO&quot;","block_context":{"text":"CINTILLO","link":"https:\/\/www.grieta.org.mx\/index.php\/category\/cintillo\/"},"img":{"alt_text":"","src":"https:\/\/i0.wp.com\/www.grieta.org.mx\/wp-content\/uploads\/2022\/08\/2022-08-06_11-08-44___6922.jpg?resize=350%2C200&ssl=1","width":350,"height":200,"srcset":"https:\/\/i0.wp.com\/www.grieta.org.mx\/wp-content\/uploads\/2022\/08\/2022-08-06_11-08-44___6922.jpg?resize=350%2C200&ssl=1 1x, https:\/\/i0.wp.com\/www.grieta.org.mx\/wp-content\/uploads\/2022\/08\/2022-08-06_11-08-44___6922.jpg?resize=525%2C300&ssl=1 1.5x, https:\/\/i0.wp.com\/www.grieta.org.mx\/wp-content\/uploads\/2022\/08\/2022-08-06_11-08-44___6922.jpg?resize=700%2C400&ssl=1 2x"},"classes":[]},{"id":60186,"url":"https:\/\/www.grieta.org.mx\/index.php\/2021\/06\/21\/familiares-exigen-resultados-en-busqueda-de-desaparecidos-jalisco\/","url_meta":{"origin":67008,"position":1},"title":"Familiares exigen resultados en b\u00fasqueda de desaparecidos (Jalisco)","author":"grieta","date":"21 junio, 2021","format":false,"excerpt":"Foto: Edgar Flores Edgar Flores \/ El Diario NTR Familiares de cinco j\u00f3venes desaparecidos se manifiestan en Palacio de Gobierno luego de haber partido esta ma\u00f1ana desde la Glorieta de los Ni\u00f1os H\u00e9roes. Exigen respuesta por parte de las autoridades, a quienes acusan de ser omisas y de filtrar v\u00eddeos\u2026","rel":"","context":"En &quot;CINTILLO&quot;","block_context":{"text":"CINTILLO","link":"https:\/\/www.grieta.org.mx\/index.php\/category\/cintillo\/"},"img":{"alt_text":"","src":"https:\/\/i0.wp.com\/www.grieta.org.mx\/wp-content\/uploads\/2021\/06\/2021-06-21_01-06-06___8810.jpg?resize=350%2C200&ssl=1","width":350,"height":200,"srcset":"https:\/\/i0.wp.com\/www.grieta.org.mx\/wp-content\/uploads\/2021\/06\/2021-06-21_01-06-06___8810.jpg?resize=350%2C200&ssl=1 1x, https:\/\/i0.wp.com\/www.grieta.org.mx\/wp-content\/uploads\/2021\/06\/2021-06-21_01-06-06___8810.jpg?resize=525%2C300&ssl=1 1.5x, https:\/\/i0.wp.com\/www.grieta.org.mx\/wp-content\/uploads\/2021\/06\/2021-06-21_01-06-06___8810.jpg?resize=700%2C400&ssl=1 2x"},"classes":[]},{"id":64105,"url":"https:\/\/www.grieta.org.mx\/index.php\/2022\/04\/25\/madres-buscadoras-de-sonora-y-jalisco-retomaron-por-tercera-ocasion-la-busqueda-de-desaparecidos-en-chulavista-jalisco\/","url_meta":{"origin":67008,"position":2},"title":"Madres buscadoras de Sonora y Jalisco retomaron por tercera ocasi\u00f3n la b\u00fasqueda de desaparecidos en Chulavista  (Jalisco)","author":"grieta","date":"25 abril, 2022","format":false,"excerpt":"Foto: Rom\u00e1n Ortega Rom\u00e1n Ortega \/ El Occidental En esta ocasi\u00f3n lo hicieron en cuatro fincas abandonadas de la etapa 3 del mencionado desarrollo habitacional. En una de las fincas, ubicada en la calle Silao al cruce con Tula, localizaron restos humanos. El hallazgo se dio en el patio trasero\u2026","rel":"","context":"En &quot;CINTILLO&quot;","block_context":{"text":"CINTILLO","link":"https:\/\/www.grieta.org.mx\/index.php\/category\/cintillo\/"},"img":{"alt_text":"","src":"https:\/\/i0.wp.com\/www.grieta.org.mx\/wp-content\/uploads\/2022\/05\/Madres-buscadoras-encuentran-cuerpos-en-Chulavista.jpg?resize=350%2C200&ssl=1","width":350,"height":200,"srcset":"https:\/\/i0.wp.com\/www.grieta.org.mx\/wp-content\/uploads\/2022\/05\/Madres-buscadoras-encuentran-cuerpos-en-Chulavista.jpg?resize=350%2C200&ssl=1 1x, https:\/\/i0.wp.com\/www.grieta.org.mx\/wp-content\/uploads\/2022\/05\/Madres-buscadoras-encuentran-cuerpos-en-Chulavista.jpg?resize=525%2C300&ssl=1 1.5x, https:\/\/i0.wp.com\/www.grieta.org.mx\/wp-content\/uploads\/2022\/05\/Madres-buscadoras-encuentran-cuerpos-en-Chulavista.jpg?resize=700%2C400&ssl=1 2x"},"classes":[]},{"id":51093,"url":"https:\/\/www.grieta.org.mx\/index.php\/2020\/06\/18\/familiares-y-amigos-continuan-busqueda-de-desaparecidos-en-chapala-jalisco\/","url_meta":{"origin":67008,"position":3},"title":"Familiares y amigos contin\u00faan b\u00fasqueda de desaparecidos en Chapala (Jalisco)","author":"grieta","date":"18 junio, 2020","format":false,"excerpt":"Foto: Pablo Toledo Pablo Toledo \/ UDGTV Familiares y amigos de personas desaparecidas en el municipio de Chapala contin\u00faan en la b\u00fasqueda incansable de sus seres queridos.\u00a0En esta ocasi\u00f3n realizaron una rueda de prensa en el municipio ribere\u00f1o para dar a conocer que pese a ya haber encontrado a algunos\u2026","rel":"","context":"En &quot;CINTILLO&quot;","block_context":{"text":"CINTILLO","link":"https:\/\/www.grieta.org.mx\/index.php\/category\/cintillo\/"},"img":{"alt_text":"","src":"https:\/\/i0.wp.com\/www.grieta.org.mx\/wp-content\/uploads\/2020\/06\/Desaparecidos-Pablo-Toledo-1-696x394.jpeg?resize=350%2C200&ssl=1","width":350,"height":200,"srcset":"https:\/\/i0.wp.com\/www.grieta.org.mx\/wp-content\/uploads\/2020\/06\/Desaparecidos-Pablo-Toledo-1-696x394.jpeg?resize=350%2C200&ssl=1 1x, https:\/\/i0.wp.com\/www.grieta.org.mx\/wp-content\/uploads\/2020\/06\/Desaparecidos-Pablo-Toledo-1-696x394.jpeg?resize=525%2C300&ssl=1 1.5x"},"classes":[]},{"id":62937,"url":"https:\/\/www.grieta.org.mx\/index.php\/2021\/12\/20\/marchan-por-desaparicion-de-los-hermanos-camarena-jalisco\/","url_meta":{"origin":67008,"position":4},"title":"Marchan por desaparici\u00f3n de los hermanos Camarena (Jalisco)","author":"grieta","date":"20 diciembre, 2021","format":false,"excerpt":"Foto: Jorge Alberto Mendoza Edgar Flores \/ El Diario NTR Alrededor de 50 familiares y amigos de los hermanos Camarena, desaparecidos en 2019 en Ocotl\u00e1n por polic\u00edas municipales, marcharon este domingo desde la glorieta de los Ni\u00f1os H\u00e9roes, renombrada como de Las y Los Desaparecidos, hasta palacio de gobierno. Su\u2026","rel":"","context":"En &quot;CINTILLO&quot;","block_context":{"text":"CINTILLO","link":"https:\/\/www.grieta.org.mx\/index.php\/category\/cintillo\/"},"img":{"alt_text":"","src":"https:\/\/i0.wp.com\/www.grieta.org.mx\/wp-content\/uploads\/2021\/12\/2021-12-19_11-12-18___6721.jpg?resize=350%2C200&ssl=1","width":350,"height":200,"srcset":"https:\/\/i0.wp.com\/www.grieta.org.mx\/wp-content\/uploads\/2021\/12\/2021-12-19_11-12-18___6721.jpg?resize=350%2C200&ssl=1 1x, https:\/\/i0.wp.com\/www.grieta.org.mx\/wp-content\/uploads\/2021\/12\/2021-12-19_11-12-18___6721.jpg?resize=525%2C300&ssl=1 1.5x, https:\/\/i0.wp.com\/www.grieta.org.mx\/wp-content\/uploads\/2021\/12\/2021-12-19_11-12-18___6721.jpg?resize=700%2C400&ssl=1 2x"},"classes":[]},{"id":61642,"url":"https:\/\/www.grieta.org.mx\/index.php\/2021\/09\/11\/familiares-exigen-que-se-de-con-el-paradero-de-los-jovenes-potosinos-desaparecidos-en-jalisco\/","url_meta":{"origin":67008,"position":5},"title":"Familiares exigen que se d\u00e9 con el paradero de los j\u00f3venes potosinos desaparecidos en Jalisco","author":"grieta","date":"11 septiembre, 2021","format":false,"excerpt":"La Jornada San Luis Fotos: C\u00e9sar Rivera 11 septiembre 2021 Familiares de los cuatro j\u00f3venes potosinos desaparecidos en Jalisco se manifestaron para exigir resultados en las investigaciones de la fiscal\u00eda jalisciense y para demandar que la Fiscal\u00eda potosina presione en ese sentido. Los manifestantes portaron fotograf\u00edas con el mensaje \u201c\u00bfD\u00f3nde\u2026","rel":"","context":"En &quot;CINTILLO&quot;","block_context":{"text":"CINTILLO","link":"https:\/\/www.grieta.org.mx\/index.php\/category\/cintillo\/"},"img":{"alt_text":"","src":"https:\/\/i0.wp.com\/www.grieta.org.mx\/wp-content\/uploads\/2021\/09\/donde-estan.jpeg?resize=350%2C200&ssl=1","width":350,"height":200,"srcset":"https:\/\/i0.wp.com\/www.grieta.org.mx\/wp-content\/uploads\/2021\/09\/donde-estan.jpeg?resize=350%2C200&ssl=1 1x, https:\/\/i0.wp.com\/www.grieta.org.mx\/wp-content\/uploads\/2021\/09\/donde-estan.jpeg?resize=525%2C300&ssl=1 1.5x"},"classes":[]}],"_links":{"self":[{"href":"https:\/\/www.grieta.org.mx\/index.php\/wp-json\/wp\/v2\/posts\/67008","targetHints":{"allow":["GET"]}}],"collection":[{"href":"https:\/\/www.grieta.org.mx\/index.php\/wp-json\/wp\/v2\/posts"}],"about":[{"href":"https:\/\/www.grieta.org.mx\/index.php\/wp-json\/wp\/v2\/types\/post"}],"author":[{"embeddable":true,"href":"https:\/\/www.grieta.org.mx\/index.php\/wp-json\/wp\/v2\/users\/2"}],"replies":[{"embeddable":true,"href":"https:\/\/www.grieta.org.mx\/index.php\/wp-json\/wp\/v2\/comments?post=67008"}],"version-history":[{"count":1,"href":"https:\/\/www.grieta.org.mx\/index.php\/wp-json\/wp\/v2\/posts\/67008\/revisions"}],"predecessor-version":[{"id":67010,"href":"https:\/\/www.grieta.org.mx\/index.php\/wp-json\/wp\/v2\/posts\/67008\/revisions\/67010"}],"wp:featuredmedia":[{"embeddable":true,"href":"https:\/\/www.grieta.org.mx\/index.php\/wp-json\/wp\/v2\/media\/67009"}],"wp:attachment":[{"href":"https:\/\/www.grieta.org.mx\/index.php\/wp-json\/wp\/v2\/media?parent=67008"}],"wp:term":[{"taxonomy":"category","embeddable":true,"href":"https:\/\/www.grieta.org.mx\/index.php\/wp-json\/wp\/v2\/categories?post=67008"},{"taxonomy":"post_tag","embeddable":true,"href":"https:\/\/www.grieta.org.mx\/index.php\/wp-json\/wp\/v2\/tags?post=67008"}],"curies":[{"name":"wp","href":"https:\/\/api.w.org\/{rel}","templated":true}]}}