{"id":66999,"date":"2023-06-01T11:01:03","date_gmt":"2023-06-01T17:01:03","guid":{"rendered":"https:\/\/www.grieta.org.mx\/?p=66999"},"modified":"2023-06-04T11:19:03","modified_gmt":"2023-06-04T17:19:03","slug":"denuncian-fraude-y-violaciones-a-derechos-laborales-en-contra-de-mas-de-mil-400-trabajadores-de-goodyear-jalisco","status":"publish","type":"post","link":"https:\/\/www.grieta.org.mx\/index.php\/2023\/06\/01\/denuncian-fraude-y-violaciones-a-derechos-laborales-en-contra-de-mas-de-mil-400-trabajadores-de-goodyear-jalisco\/","title":{"rendered":"Denuncian fraude y violaciones a derechos laborales en contra de m\u00e1s de mil 400 trabajadores de Goodyear (Jalisco)"},"content":{"rendered":"<p>Imagen: Zona Docs<\/p>\n<p><strong>La\u00a0<em>Cooperativa de Trabajadores Democr\u00e1ticos de Occidente (Tradoc<\/em>) denunci\u00f3 p\u00fablicamente lo que han llamado la \u201cEstafa llantera\u201d y el \u201cFraude transnacional m\u00e1s grande de M\u00e9xico\u201d, para evidenciar las afectaciones a los derechos laborales y a la seguridad social, as\u00ed como el fraude cometido en contra de m\u00e1s de mil 400 trabajadores de la empresa llantera Goodyear, en su planta\u00a0<em>Cooper Tires\u00a0<\/em>ubicada en El Salto, Jalisco.<\/strong><\/p>\n<p><strong>El proceso penal por fraude, as\u00ed como por las violaciones a derechos laborales asciende en conjunto a una cantidad compensatoria de 12 mil millones de pesos.<\/strong><\/p>\n<p><strong>Entre las exigencias de la c<em>ooperativa Tradoc<\/em>\u00a0se encuentra la emisi\u00f3n de una orden de aprehensi\u00f3n en contra del ex l\u00edder sindical Jes\u00fas Torres Nu\u00f1o, quien presuntamente particip\u00f3 de estas acciones fraudulentas, as\u00ed como, el exhorto hacia la empresa transnacional\u00a0<em>Goodyear<\/em>\u00a0para entablar una mesa de di\u00e1logo con el fin de que exista una restituci\u00f3n econ\u00f3mica para las personas afectadas y sus familias.<\/strong><\/p>\n<p>Dalia Souza \/ Zona Docs<\/p>\n<p><strong>\u201cFuimos defraudados\u201d,<\/strong>\u00a0\u201cratas\u201d, se le\u00eda en las pancartas que exhibieron un grupo de 300 trabajadores de la empresa Goodyear, en su planta\u00a0<em>Cooper Tires\u00a0<\/em>ubicada en El Salto, Jalisco, el pasado jueves 25 de mayo. La acci\u00f3n se realiz\u00f3 en el marco del\u00a0<strong>aseguramiento del inmueble que llev\u00f3 a cabo la Fiscal\u00eda del Estado de Jalisco<\/strong>, tras la resoluci\u00f3n del Juez Noveno del Poder Judicial de Jalisco, quien determin\u00f3 la\u00a0<strong>preservaci\u00f3n de este bien hasta resolver las controversias<\/strong>\u00a0que rodean el caso.<\/p>\n<p>Joksan Valero, asesor legal de la\u00a0<em>Cooperativa Trabajadores Democr\u00e1ticos de Occidente (Tradoc),\u00a0<\/em>explic\u00f3 en entrevista que estos hechos est\u00e1n relacionados con un conjunto de denuncias por el\u00a0<strong>delito de fraude y por las violaciones a derechos laborales y de seguridad social\u00a0<\/strong>en contra de\u00a0<strong>mil 430 personas.<\/strong><\/p>\n<p>Seg\u00fan narr\u00f3 Valero, esta situaci\u00f3n deriva de la huelga\u00a0<strong>Euzkadi,<\/strong>\u00a0la cual concluy\u00f3 en el a\u00f1o 2005, tras las gestiones del expresidente Vicente Fox. La gran victoria de los trabajadores de esta empresa llantera Goodyear, quienes demandaban el pago de sus salarios ca\u00eddos,\u00a0<strong>fue la obtenci\u00f3n del 50% de su planta ubicada en El Salto.<\/strong>\u00a0Sin embargo, 15 a\u00f1os despu\u00e9s, luego de una auditoria realizada al viejo consejo de administraci\u00f3n de la<em>\u00a0cooperativa Tradoc\u00a0<\/em>dej\u00f3 en evidencia el enga\u00f1o hacia las personas trabajadoras.<\/p>\n<p>\u201cDetectamos que desde el 2005, el l\u00edder sindical, Jes\u00fas Torres Nu\u00f1o, hab\u00eda enga\u00f1ado a los trabajadores justamente con esta historia del 50%, porque absolutamente en todos los papeles que se firmaron de buena fe por parte de los trabajadores, ellos eran propietarios del 100% de la planta de neum\u00e1ticos\u201d.<\/p>\n<p>Es decir,\u00a0<strong>durante casi dos d\u00e9cadas, a las y los trabajadores les fue negado su lugar como propietarios del 100% de la planta<\/strong>, situaci\u00f3n que despu\u00e9s deriv\u00f3 en una serie de acciones legales, presuntamente ventajosas que violentaron tambi\u00e9n sus derechos laborales y de seguridad social.<\/p>\n<p>\u201cLuego de que ellos obtienen el 50%, se comienzan a hacer una serie de artilugios legales donde se les niega el acceso a su derecho al Infonavit, se les niega la posibilidad sindicalizarse, se les niega muchos de los derechos que tienen que ver con la incorporaci\u00f3n al r\u00e9gimen obligatorio del seguro social\u201d, expres\u00f3 Joksan Valero.<\/p>\n<p>Con este mismo fin, les dieron de alta en una segunda cooperativa simulada, con el fin de\u00a0<strong>reducir los costos fiscales y de seguridad social<\/strong>\u00a0asociados a la operaci\u00f3n de la planta. Adem\u00e1s, se\u00f1al\u00f3 el asesor legal de la c<em>ooperativa Tradoc,<\/em>\u00a0de \u201cforma fraudulenta\u201d se les dio un car\u00e1cter de supuestos patrones como\u00a0<strong>\u201csocios cooperativistas\u201d.<\/strong><\/p>\n<p>De aqu\u00ed que, de las mil 430 personas afectadas sean\u00a0<strong>580 socios cooperativistas y, alrededor de 850 nuevos trabajadores y trabajadoras contratados\u00a0<\/strong>que se sumaron en los \u00faltimos 10 a\u00f1os a la planta.<\/p>\n<p>\u201cEstuvo mal que se les incorporara a una segunda cooperativa, ellos eran aut\u00e9nticos trabajadores y eran tratados como tal dentro de la planta; no obstante, que ellos eran due\u00f1os del 100% de la planta. Este trato como trabajadores les hac\u00eda acreedores a que la seguridad social y el Infonavit se pagaran de manera \u00edntegra, pero no fue as\u00ed\u201d.<\/p>\n<p>El asesor legal precis\u00f3 que esta serie de acciones se hicieron\u00a0<strong>\u201cpara conseguir beneficios para la transnacional Cooper, que despu\u00e9s fue adquirida por Goodyear el a\u00f1o pasado\u201d.<\/strong><\/p>\n<p>La evidencia m\u00e1s clara de los efectos que tuvieron estas acciones, refiri\u00f3 Joksan Valero, es que\u00a0<strong>hay al menos 50 mujeres cuyos esposos trabajaron para la empresa en el transcurso de estos 16 a\u00f1o<\/strong>s y que, ahora,\u00a0<strong>reciben \u201cuna pensi\u00f3n raqu\u00edtica de menos de 4 mil pesos\u201d.\u00a0<\/strong>Lo mismo sucedi\u00f3 para las y los trabajadores que tuvieron accidentes laborales \u201cactualmente se encuentran totalmente comprometidas sus pensiones dictadas por el IMSS, derivado de la manera en la que se hicieron las cotizaciones\u201d.<\/p>\n<p>\u201cEs verdad que estamos peleando 12 mil millones de pesos por el tema del 50% de la planta y por violaciones laborales, pero algo que no deber\u00edamos pasar y por lo que tambi\u00e9n estamos tratando de hacer justicia es por todos los compa\u00f1eros que perdieron alguna extremidad y que hoy econ\u00f3micamente est\u00e1n vulnerables, esas son violaciones que no tienen precio. Lo mismo que las viudas, que las pensiones que les dejaron sus esposos, compa\u00f1eros de nosotros, fueron afectadas permanentemente\u201d, declar\u00f3 Jos\u00e9 Rosales Secretario del Consejo de Administraci\u00f3n de la Tradoc.<\/p>\n<p>En ese sentido, el asesor legal, manifest\u00f3 que las reclamaciones penales por fraude ascienden a un monto de\u00a0<strong>4 mil millones de pesos<\/strong>, en tanto, las que tienen que ver con violaciones a derechos laborales y de seguridad social suman\u00a0<strong>8 mil millones de pesos<\/strong>. En total,\u00a0<strong>el monto en prejuicio de estas mil 400 personas es de 12 mil millones de pesos.<\/strong><\/p>\n<h3><strong>Las exigencias<\/strong><\/h3>\n<p>Respecto al tema de las exigencias, advirti\u00f3 Valero, se solicita a las autoridades de justicia que emitan las \u00f3rdenes cautelares correspondientes y, en su caso, una posible orden de aprehensi\u00f3n en contra del exl\u00edder sindical Jes\u00fas Torres Nu\u00f1o.<\/p>\n<p>Y es que, le se\u00f1alan de estar probablemente involucrado de manera personal y directa en los fraudes, ya que ocup\u00f3 diversos cargos directivos\u00a0<strong>\u201cen todas las empresas que est\u00e1n vinculadas al fraude\u201d.<\/strong><\/p>\n<p>En cuanto a las demandas hacia la transnacional llantera Goodyear, el abogado considera que el llamado es a entablar una mesa de di\u00e1logo para que exista una restituci\u00f3n econ\u00f3mica para todas las personas afectadas<\/p>\n<p>\u201cGoodyear debe atender en virtud de las pol\u00edticas y la \u00e9tica con la que deben conducirse las empresas transnacionales en pa\u00edses como M\u00e9xico,<strong>\u00a0deben atender y resolver este problema a trav\u00e9s del di\u00e1logo<\/strong>\u201d. De lo contrario, precis\u00f3 Joksan Valero,\u00a0<strong>esperar\u00e1n que las autoridades resuelvan en favor de las personas<\/strong>, como ya lo hizo el Juez Noveno del Poder Judicial de Jalisco.<\/p>\n<p><a href=\"https:\/\/www.zonadocs.mx\/2023\/06\/01\/denuncian-fraude-y-violaciones-a-derechos-laborales-en-contra-de-mas-de-mil-400-trabajadores-de-goodyear\/\">https:\/\/www.zonadocs.mx\/2023\/06\/01\/denuncian-fraude-y-violaciones-a-derechos-laborales-en-contra-de-mas-de-mil-400-trabajadores-de-goodyear\/<\/a><\/p>\n","protected":false},"excerpt":{"rendered":"<p>Imagen: Zona Docs La\u00a0Cooperativa de Trabajadores Democr\u00e1ticos de Occidente (Tradoc) denunci\u00f3 p\u00fablicamente lo que han llamado la \u201cEstafa llantera\u201d y el \u201cFraude transnacional m\u00e1s grande de M\u00e9xico\u201d, para evidenciar las &hellip; <a href=\"https:\/\/www.grieta.org.mx\/index.php\/2023\/06\/01\/denuncian-fraude-y-violaciones-a-derechos-laborales-en-contra-de-mas-de-mil-400-trabajadores-de-goodyear-jalisco\/\" class=\"more-link\">Leer m\u00e1s<\/a><\/p>\n","protected":false},"author":2,"featured_media":67000,"comment_status":"closed","ping_status":"closed","sticky":false,"template":"","format":"standard","meta":{"ngg_post_thumbnail":0,"_jetpack_newsletter_access":"","_jetpack_dont_email_post_to_subs":false,"_jetpack_newsletter_tier_id":0,"_jetpack_memberships_contains_paywalled_content":false,"_jetpack_memberships_contains_paid_content":false,"footnotes":""},"categories":[909,910,3289,20,2,83],"tags":[105,2841,1117],"class_list":["post-66999","post","type-post","status-publish","format-standard","has-post-thumbnail","hentry","category-cig","category-explotacion-y-precariedad-laboral","category-explotacion-y-precariedad-laboral-en-jalisco","category-jalisco","category-noticias-nacionales","category-temas-nacionales","tag-derechos-laborales","tag-explotacion-y-precariedad-laboral","tag-violacion-de-derechos-laborales","entry"],"jetpack_featured_media_url":"https:\/\/www.grieta.org.mx\/wp-content\/uploads\/2023\/06\/photo1685644276-1-1068x801-1.jpeg","jetpack_sharing_enabled":true,"jetpack_shortlink":"https:\/\/wp.me\/p7ZJR4-hqD","jetpack_likes_enabled":false,"jetpack-related-posts":[{"id":24506,"url":"https:\/\/www.grieta.org.mx\/index.php\/2018\/07\/11\/goodyear-despide-a-trabajadores-san-luis-potosi\/","url_meta":{"origin":66999,"position":0},"title":"Goodyear despide a trabajadores (San Luis Potos\u00ed)","author":"grieta","date":"11 julio, 2018","format":false,"excerpt":"Emilia Monreal \/ Plano Informativo En meses pasados expresaron su inconformidad con los bajos salarios y la violaci\u00f3n a sus derechos laborales; como represalia los despidieron San Luis Potos\u00ed, SLP.- La llantera Goodyear despidi\u00f3 a trabajadores, pese al acuerdo del pasado 25 de abril de no tomar represalias contra quienes\u2026","rel":"","context":"En &quot;CINTILLO&quot;","block_context":{"text":"CINTILLO","link":"https:\/\/www.grieta.org.mx\/index.php\/category\/cintillo\/"},"img":{"alt_text":"","src":"https:\/\/i0.wp.com\/www.grieta.org.mx\/wp-content\/uploads\/2018\/07\/Goodyear-despide-a-trabajadores-San-Luis-Potos%C3%AD.jpg?resize=350%2C200&ssl=1","width":350,"height":200,"srcset":"https:\/\/i0.wp.com\/www.grieta.org.mx\/wp-content\/uploads\/2018\/07\/Goodyear-despide-a-trabajadores-San-Luis-Potos%C3%AD.jpg?resize=350%2C200&ssl=1 1x, https:\/\/i0.wp.com\/www.grieta.org.mx\/wp-content\/uploads\/2018\/07\/Goodyear-despide-a-trabajadores-San-Luis-Potos%C3%AD.jpg?resize=525%2C300&ssl=1 1.5x, https:\/\/i0.wp.com\/www.grieta.org.mx\/wp-content\/uploads\/2018\/07\/Goodyear-despide-a-trabajadores-San-Luis-Potos%C3%AD.jpg?resize=700%2C400&ssl=1 2x"},"classes":[]},{"id":71973,"url":"https:\/\/www.grieta.org.mx\/index.php\/2025\/07\/09\/paro-laboral-en-alpura-por-presuntos-abusos-trabajadores-denuncian-violaciones-a-derechos\/","url_meta":{"origin":66999,"position":1},"title":"Paro laboral en Alpura por presuntos abusos; trabajadores denuncian violaciones a derechos","author":"grieta","date":"9 julio, 2025","format":false,"excerpt":"Redacci\u00f3n Fortuna y poder En Puebla iniciar\u00edan huelga el 4 de agosto de no llegar a acuerdos con la empresa Trabajadores de la empresa\u00a0Alpura\u00a0llevaron a cabo un\u00a0paro de labores\u00a0en varias de las plantas productoras de la compa\u00f1\u00eda. En Cuautitl\u00e1n Izcalli y Los Reyes La Paz (Estado de M\u00e9xico), as\u00ed como\u2026","rel":"","context":"En &quot;CINTILLO&quot;","block_context":{"text":"CINTILLO","link":"https:\/\/www.grieta.org.mx\/index.php\/category\/cintillo\/"},"img":{"alt_text":"","src":"https:\/\/i0.wp.com\/www.grieta.org.mx\/wp-content\/uploads\/2025\/07\/Captura-de-pantalla-2025-07-09-000854.png?resize=350%2C200&ssl=1","width":350,"height":200,"srcset":"https:\/\/i0.wp.com\/www.grieta.org.mx\/wp-content\/uploads\/2025\/07\/Captura-de-pantalla-2025-07-09-000854.png?resize=350%2C200&ssl=1 1x, https:\/\/i0.wp.com\/www.grieta.org.mx\/wp-content\/uploads\/2025\/07\/Captura-de-pantalla-2025-07-09-000854.png?resize=525%2C300&ssl=1 1.5x, https:\/\/i0.wp.com\/www.grieta.org.mx\/wp-content\/uploads\/2025\/07\/Captura-de-pantalla-2025-07-09-000854.png?resize=700%2C400&ssl=1 2x"},"classes":[]},{"id":36655,"url":"https:\/\/www.grieta.org.mx\/index.php\/2019\/07\/15\/se-manifiestan-los-trabajadores-del-inah-jalisco\/","url_meta":{"origin":66999,"position":2},"title":"Se manifiestan los trabajadores del INAH Jalisco","author":"grieta","date":"15 julio, 2019","format":false,"excerpt":"Foto: Francisco Rodr\u00edguez Exigen devoluci\u00f3n inmediata de impuestos indebidamente aplicados Rosario Bare\u00f1o \/ El Occidental Se manifestaron trabajadores del Instituto Nacional de Antropolog\u00eda e Historia (INAH) en Jalisco exigiendo devoluci\u00f3n inmediata de impuestos indebidamente aplicados y un alto a la retenci\u00f3n de las cuotas sindicales que les pertenecen a los\u2026","rel":"","context":"En &quot;CINTILLO&quot;","block_context":{"text":"CINTILLO","link":"https:\/\/www.grieta.org.mx\/index.php\/category\/cintillo\/"},"img":{"alt_text":"","src":"https:\/\/i0.wp.com\/www.grieta.org.mx\/wp-content\/uploads\/2019\/07\/manifestaci%C3%B3n_inah.jpg?resize=350%2C200&ssl=1","width":350,"height":200,"srcset":"https:\/\/i0.wp.com\/www.grieta.org.mx\/wp-content\/uploads\/2019\/07\/manifestaci%C3%B3n_inah.jpg?resize=350%2C200&ssl=1 1x, https:\/\/i0.wp.com\/www.grieta.org.mx\/wp-content\/uploads\/2019\/07\/manifestaci%C3%B3n_inah.jpg?resize=525%2C300&ssl=1 1.5x, https:\/\/i0.wp.com\/www.grieta.org.mx\/wp-content\/uploads\/2019\/07\/manifestaci%C3%B3n_inah.jpg?resize=700%2C400&ssl=1 2x"},"classes":[]},{"id":64204,"url":"https:\/\/www.grieta.org.mx\/index.php\/2022\/05\/01\/no-queremos-morir-en-el-trabajo-trabajadoras-de-la-industria-electronica-en-jalisco-denuncian-desigualdad-e-injusticias\/","url_meta":{"origin":66999,"position":3},"title":"\u00a1No queremos morir en el trabajo!: Trabajadoras de la industria electr\u00f3nica en Jalisco denuncian desigualdad e injusticias","author":"grieta","date":"1 mayo, 2022","format":false,"excerpt":"Foto: Christian\u00a0Cantero Christian\u00a0Cantero \/ Zona Docs Este primero de mayo -D\u00eda de la trabajadora y el trabajador -integrantes de la Coalici\u00f3n de Ex trabajadoras (es) y Trabajadoras (es) de la Industria Electr\u00f3nica Nacional (CETIEN) en Jalisco salieron a marchar\u00a0para denunciar las condiciones precarias a las que se enfrentan en sus\u2026","rel":"","context":"En &quot;CINTILLO&quot;","block_context":{"text":"CINTILLO","link":"https:\/\/www.grieta.org.mx\/index.php\/category\/cintillo\/"},"img":{"alt_text":"","src":"https:\/\/i0.wp.com\/www.grieta.org.mx\/wp-content\/uploads\/2022\/05\/photo5150351269435648523-1068x712-1.jpg?resize=350%2C200&ssl=1","width":350,"height":200,"srcset":"https:\/\/i0.wp.com\/www.grieta.org.mx\/wp-content\/uploads\/2022\/05\/photo5150351269435648523-1068x712-1.jpg?resize=350%2C200&ssl=1 1x, https:\/\/i0.wp.com\/www.grieta.org.mx\/wp-content\/uploads\/2022\/05\/photo5150351269435648523-1068x712-1.jpg?resize=525%2C300&ssl=1 1.5x, https:\/\/i0.wp.com\/www.grieta.org.mx\/wp-content\/uploads\/2022\/05\/photo5150351269435648523-1068x712-1.jpg?resize=700%2C400&ssl=1 2x, https:\/\/i0.wp.com\/www.grieta.org.mx\/wp-content\/uploads\/2022\/05\/photo5150351269435648523-1068x712-1.jpg?resize=1050%2C600&ssl=1 3x"},"classes":[]},{"id":54430,"url":"https:\/\/www.grieta.org.mx\/index.php\/2020\/10\/22\/ex-trabajadores-del-seguro-popular-exigen-trabajar-jalisco\/","url_meta":{"origin":66999,"position":4},"title":"Ex trabajadores del Seguro Popular exigen trabajar (Jalisco)","author":"grieta","date":"22 octubre, 2020","format":false,"excerpt":"Foto: Elizabeth R\u00edos Pues desde marzo que se quedaron sin empleo les prometieron que se abrir\u00edan vacantes en el IMSS y eso no ha pasado Elizabeth R\u00edos \/ El Occidental Trabajadores del extinto Seguro Popular se manifestaron a las afueras de Palacio de Gobierno; exigieron al gobierno estatal les proporcionen\u2026","rel":"","context":"En &quot;CINTILLO&quot;","block_context":{"text":"CINTILLO","link":"https:\/\/www.grieta.org.mx\/index.php\/category\/cintillo\/"},"img":{"alt_text":"","src":"https:\/\/i0.wp.com\/www.grieta.org.mx\/wp-content\/uploads\/2020\/10\/Ex-trabajadores-del-Seguro-Popular.jpg?resize=350%2C200&ssl=1","width":350,"height":200,"srcset":"https:\/\/i0.wp.com\/www.grieta.org.mx\/wp-content\/uploads\/2020\/10\/Ex-trabajadores-del-Seguro-Popular.jpg?resize=350%2C200&ssl=1 1x, https:\/\/i0.wp.com\/www.grieta.org.mx\/wp-content\/uploads\/2020\/10\/Ex-trabajadores-del-Seguro-Popular.jpg?resize=525%2C300&ssl=1 1.5x, https:\/\/i0.wp.com\/www.grieta.org.mx\/wp-content\/uploads\/2020\/10\/Ex-trabajadores-del-Seguro-Popular.jpg?resize=700%2C400&ssl=1 2x"},"classes":[]},{"id":32909,"url":"https:\/\/www.grieta.org.mx\/index.php\/2019\/05\/02\/en-pleno-desfile-protesta-contra-agustin-de-la-huerta-tamaulipas\/","url_meta":{"origin":66999,"position":5},"title":"En pleno desfile protesta contra Agust\u00edn de la Huerta (Tamaulipas)","author":"grieta","date":"2 mayo, 2019","format":false,"excerpt":"Daisy Ver\u00f3nica Herrera Medrano \/ El Mercurio Acusan a de la Huerta Mejia de vulnerar los derechos laborales de los trabajadores . En pleno desfile del d\u00eda del trabajo este 1 de mayo, trabajadores del Colegio de Educaci\u00f3n Profesional T\u00e9cnica de Tamaulipas (Conalep), \u201ctronaron\u201d en contra de su director general,\u2026","rel":"","context":"En &quot;CINTILLO&quot;","block_context":{"text":"CINTILLO","link":"https:\/\/www.grieta.org.mx\/index.php\/category\/cintillo\/"},"img":{"alt_text":"","src":"https:\/\/i0.wp.com\/www.grieta.org.mx\/wp-content\/uploads\/2019\/05\/En-pleno-desfile-protesta-contra-Agust%C3%ADn-de-la-Huerta-tama-may.jpg?resize=350%2C200&ssl=1","width":350,"height":200,"srcset":"https:\/\/i0.wp.com\/www.grieta.org.mx\/wp-content\/uploads\/2019\/05\/En-pleno-desfile-protesta-contra-Agust%C3%ADn-de-la-Huerta-tama-may.jpg?resize=350%2C200&ssl=1 1x, https:\/\/i0.wp.com\/www.grieta.org.mx\/wp-content\/uploads\/2019\/05\/En-pleno-desfile-protesta-contra-Agust%C3%ADn-de-la-Huerta-tama-may.jpg?resize=525%2C300&ssl=1 1.5x, https:\/\/i0.wp.com\/www.grieta.org.mx\/wp-content\/uploads\/2019\/05\/En-pleno-desfile-protesta-contra-Agust%C3%ADn-de-la-Huerta-tama-may.jpg?resize=700%2C400&ssl=1 2x, https:\/\/i0.wp.com\/www.grieta.org.mx\/wp-content\/uploads\/2019\/05\/En-pleno-desfile-protesta-contra-Agust%C3%ADn-de-la-Huerta-tama-may.jpg?resize=1050%2C600&ssl=1 3x"},"classes":[]}],"_links":{"self":[{"href":"https:\/\/www.grieta.org.mx\/index.php\/wp-json\/wp\/v2\/posts\/66999","targetHints":{"allow":["GET"]}}],"collection":[{"href":"https:\/\/www.grieta.org.mx\/index.php\/wp-json\/wp\/v2\/posts"}],"about":[{"href":"https:\/\/www.grieta.org.mx\/index.php\/wp-json\/wp\/v2\/types\/post"}],"author":[{"embeddable":true,"href":"https:\/\/www.grieta.org.mx\/index.php\/wp-json\/wp\/v2\/users\/2"}],"replies":[{"embeddable":true,"href":"https:\/\/www.grieta.org.mx\/index.php\/wp-json\/wp\/v2\/comments?post=66999"}],"version-history":[{"count":1,"href":"https:\/\/www.grieta.org.mx\/index.php\/wp-json\/wp\/v2\/posts\/66999\/revisions"}],"predecessor-version":[{"id":67001,"href":"https:\/\/www.grieta.org.mx\/index.php\/wp-json\/wp\/v2\/posts\/66999\/revisions\/67001"}],"wp:featuredmedia":[{"embeddable":true,"href":"https:\/\/www.grieta.org.mx\/index.php\/wp-json\/wp\/v2\/media\/67000"}],"wp:attachment":[{"href":"https:\/\/www.grieta.org.mx\/index.php\/wp-json\/wp\/v2\/media?parent=66999"}],"wp:term":[{"taxonomy":"category","embeddable":true,"href":"https:\/\/www.grieta.org.mx\/index.php\/wp-json\/wp\/v2\/categories?post=66999"},{"taxonomy":"post_tag","embeddable":true,"href":"https:\/\/www.grieta.org.mx\/index.php\/wp-json\/wp\/v2\/tags?post=66999"}],"curies":[{"name":"wp","href":"https:\/\/api.w.org\/{rel}","templated":true}]}}