{"id":66967,"date":"2023-05-27T18:38:17","date_gmt":"2023-05-28T00:38:17","guid":{"rendered":"http:\/\/www.grieta.org.mx\/?p=66967"},"modified":"2023-05-31T22:05:31","modified_gmt":"2023-06-01T04:05:31","slug":"alto-a-las-agresiones-contra-las-comunidades-zapatistas-protesta-frente-sedes-del-mal-gobierno-de-mexico","status":"publish","type":"post","link":"https:\/\/www.grieta.org.mx\/index.php\/2023\/05\/27\/alto-a-las-agresiones-contra-las-comunidades-zapatistas-protesta-frente-sedes-del-mal-gobierno-de-mexico\/","title":{"rendered":"\u00a1Alto a las agresiones contra las comunidades zapatistas! Protesta frente sedes del mal gobierno de M\u00e9xico."},"content":{"rendered":"<p><strong>&#8211; Manifestaciones el 26 de mayo frente a Palacio Nacional y Gobernaci\u00f3n<br \/>\n&#8211; Conferencia de prensa el 31 de mayo, se dan a conocer pr\u00f3ximas acciones para exigir alto a la guerra contra las comunidades zapatistas<\/strong><\/p>\n<p>Colectivo Grieta<br \/>\nCiudad de M\u00e9xico, 26 de mayo de 2023.- Colectivos e individuos se manifestaron hoy viernes en contra de las agresiones de paramilitares contra las comunidades zapatistas, que recientemente se han escalado con la agresi\u00f3n armada en la que result\u00f3 gravemente herido Gilberto L\u00f3pez Santiz, base de apoyo del Ej\u00e9rcito Zapatista de Liberaci\u00f3n Nacional, EZLN. En dicho ataque, paramilitares de la Organizaci\u00f3n Regional de Cafeticultores de Ocosingo (ORCAO), con el contubernio del ej\u00e9rcito y polic\u00edas mexicanos, atacaron a balazos la comunidad de Mois\u00e9s Gandhi en Ocosingo, Chiapas.<\/p>\n<p>Las autoridades de los tres niveles del mal gobierno de M\u00e9xico no solamente arman y protegen a los grupos paramilitares que operan en el estado de Chiapas, sino que en este caso adem\u00e1s han negado la atenci\u00f3n m\u00e9dica oportuna al ind\u00edgena zapatista que result\u00f3 gravemente herido. La vida de Gilberto L\u00f3pez Santiz corre peligro debido a la inacci\u00f3n c\u00f3mplice de los gobiernos estatal y federal. Como en otras ocasiones, los grupos paramilitares, en este caso de la ORCAO, operan con total impunidad en las cercan\u00edas de las bases del ej\u00e9rcito mexicano, guardia nacional y polic\u00edas estatales, quienes no solamente no intervienen, sino que les brindan protecci\u00f3n.<\/p>\n<p>Frente a esta escalada en las agresiones contra las comunidades zapatistas el d\u00eda de hoy organizaciones, colectivos e individuos se manifestaron en dos ocasiones. Por la ma\u00f1ana, el grito de \u00a1Alto a la guerra en Chiapas! se escuch\u00f3 frente a Palacio Nacional donde despacha Andr\u00e9s Manuel L\u00f3pez Obrador, aliado del gobernador estatal de Chiapas, Rutilio Escand\u00f3n, ambos miembros de MORENA y continuadores de pol\u00edticas paramilitares en contra de los zapatistas. Por la tarde la movilizaci\u00f3n se dio frente a la Secretar\u00eda de Gobernaci\u00f3n.<\/p>\n<p>En las movilizaciones se hizo eco de las demandas del Congreso Nacional Ind\u00edgena en el sentido de que se brinde atenci\u00f3n m\u00e9dica inmediata a Gilberto L\u00f3pez Santiz, que se detenga el ataque armado contra la comunidad zapatista de Mois\u00e9s Gandhi. Asimismo, se demand\u00f3 el castigo a los autores materiales e intelectuales de los ataques y el desmantelamiento de los grupos armados paramilitares que forman parte de la estrategia contrainsurgente del actual gobierno.<\/p>\n<p>De esta manera, la solidaridad con las comunidades zapatistas reson\u00f3 en el coraz\u00f3n de la ciudad de M\u00e9xico, donde le hicieron saber al mal gobierno que los pueblos zapatistas no est\u00e1n solos. No importa el color que vistan los agresores y los gobernantes capataces al servicio del capital, la solidaridad continuar\u00e1 hasta frenar los ataques contra las comunidades ind\u00edgenas, contra las cuales se dirigen las pol\u00edticas, legales e ilegales, del mal gobierno.<\/p>\n<figure id=\"attachment_66974\" aria-describedby=\"caption-attachment-66974\" style=\"width: 1024px\" class=\"wp-caption alignnone\"><img loading=\"lazy\" decoding=\"async\" data-attachment-id=\"66974\" data-permalink=\"https:\/\/www.grieta.org.mx\/index.php\/2023\/05\/27\/alto-a-las-agresiones-contra-las-comunidades-zapatistas-protesta-frente-sedes-del-mal-gobierno-de-mexico\/manifestacion-frente-a-palacio-nacional\/\" data-orig-file=\"https:\/\/www.grieta.org.mx\/wp-content\/uploads\/2023\/05\/Manifestacion-frente-a-palacio-nacional.jpg\" data-orig-size=\"1280,960\" data-comments-opened=\"0\" data-image-meta=\"{&quot;aperture&quot;:&quot;0&quot;,&quot;credit&quot;:&quot;&quot;,&quot;camera&quot;:&quot;&quot;,&quot;caption&quot;:&quot;&quot;,&quot;created_timestamp&quot;:&quot;0&quot;,&quot;copyright&quot;:&quot;&quot;,&quot;focal_length&quot;:&quot;0&quot;,&quot;iso&quot;:&quot;0&quot;,&quot;shutter_speed&quot;:&quot;0&quot;,&quot;title&quot;:&quot;&quot;,&quot;orientation&quot;:&quot;0&quot;}\" data-image-title=\"Manifestaci\u00f3n frente a palacio nacional\" data-image-description=\"\" data-image-caption=\"&lt;p&gt;Manifestaci\u00f3n frente a Palacio Nacional. 26 de mayo 2023. Foto. Colectivo Grieta&lt;\/p&gt;\n\" data-medium-file=\"https:\/\/www.grieta.org.mx\/wp-content\/uploads\/2023\/05\/Manifestacion-frente-a-palacio-nacional-300x225.jpg\" data-large-file=\"https:\/\/www.grieta.org.mx\/wp-content\/uploads\/2023\/05\/Manifestacion-frente-a-palacio-nacional-1024x768.jpg\" class=\"wp-image-66974 size-large\" src=\"http:\/\/www.grieta.org.mx\/wp-content\/uploads\/2023\/05\/Manifestacion-frente-a-palacio-nacional-1024x768.jpg\" alt=\"\" width=\"1024\" height=\"768\" srcset=\"https:\/\/www.grieta.org.mx\/wp-content\/uploads\/2023\/05\/Manifestacion-frente-a-palacio-nacional-1024x768.jpg 1024w, https:\/\/www.grieta.org.mx\/wp-content\/uploads\/2023\/05\/Manifestacion-frente-a-palacio-nacional-300x225.jpg 300w, https:\/\/www.grieta.org.mx\/wp-content\/uploads\/2023\/05\/Manifestacion-frente-a-palacio-nacional-768x576.jpg 768w, https:\/\/www.grieta.org.mx\/wp-content\/uploads\/2023\/05\/Manifestacion-frente-a-palacio-nacional.jpg 1280w\" sizes=\"auto, (max-width: 1024px) 100vw, 1024px\" \/><figcaption id=\"caption-attachment-66974\" class=\"wp-caption-text\">Manifestaci\u00f3n frente a Palacio Nacional. 26 de mayo 2023. Foto. Colectivo Grieta<\/figcaption><\/figure>\n<figure id=\"attachment_66968\" aria-describedby=\"caption-attachment-66968\" style=\"width: 1024px\" class=\"wp-caption alignnone\"><img loading=\"lazy\" decoding=\"async\" data-attachment-id=\"66968\" data-permalink=\"https:\/\/www.grieta.org.mx\/index.php\/2023\/05\/27\/alto-a-las-agresiones-contra-las-comunidades-zapatistas-protesta-frente-sedes-del-mal-gobierno-de-mexico\/manta-gobernacion-1\/\" data-orig-file=\"https:\/\/www.grieta.org.mx\/wp-content\/uploads\/2023\/05\/manta-gobernacion-1.jpg\" data-orig-size=\"1169,864\" data-comments-opened=\"0\" data-image-meta=\"{&quot;aperture&quot;:&quot;0&quot;,&quot;credit&quot;:&quot;&quot;,&quot;camera&quot;:&quot;&quot;,&quot;caption&quot;:&quot;&quot;,&quot;created_timestamp&quot;:&quot;0&quot;,&quot;copyright&quot;:&quot;&quot;,&quot;focal_length&quot;:&quot;0&quot;,&quot;iso&quot;:&quot;0&quot;,&quot;shutter_speed&quot;:&quot;0&quot;,&quot;title&quot;:&quot;&quot;,&quot;orientation&quot;:&quot;1&quot;}\" data-image-title=\"manta gobernaci\u00f3n 1\" data-image-description=\"\" data-image-caption=\"&lt;p&gt;Manifestantes frente a Secretaria de gobernaci\u00f3n 26 de mayo 2023. Foto: Colectivo Grieta&lt;\/p&gt;\n\" data-medium-file=\"https:\/\/www.grieta.org.mx\/wp-content\/uploads\/2023\/05\/manta-gobernacion-1-300x222.jpg\" data-large-file=\"https:\/\/www.grieta.org.mx\/wp-content\/uploads\/2023\/05\/manta-gobernacion-1-1024x757.jpg\" class=\"wp-image-66968 size-large\" src=\"http:\/\/www.grieta.org.mx\/wp-content\/uploads\/2023\/05\/manta-gobernacion-1-1024x757.jpg\" alt=\"\" width=\"1024\" height=\"757\" srcset=\"https:\/\/www.grieta.org.mx\/wp-content\/uploads\/2023\/05\/manta-gobernacion-1-1024x757.jpg 1024w, https:\/\/www.grieta.org.mx\/wp-content\/uploads\/2023\/05\/manta-gobernacion-1-300x222.jpg 300w, https:\/\/www.grieta.org.mx\/wp-content\/uploads\/2023\/05\/manta-gobernacion-1-768x568.jpg 768w, https:\/\/www.grieta.org.mx\/wp-content\/uploads\/2023\/05\/manta-gobernacion-1.jpg 1169w\" sizes=\"auto, (max-width: 1024px) 100vw, 1024px\" \/><figcaption id=\"caption-attachment-66968\" class=\"wp-caption-text\">Manifestantes frente a Secretaria de gobernaci\u00f3n 26 de mayo 2023. Foto: Colectivo Grieta<\/figcaption><\/figure>\n<figure id=\"attachment_66971\" aria-describedby=\"caption-attachment-66971\" style=\"width: 794px\" class=\"wp-caption alignnone\"><img loading=\"lazy\" decoding=\"async\" data-attachment-id=\"66971\" data-permalink=\"https:\/\/www.grieta.org.mx\/index.php\/2023\/05\/27\/alto-a-las-agresiones-contra-las-comunidades-zapatistas-protesta-frente-sedes-del-mal-gobierno-de-mexico\/jaguar-zap-1\/\" data-orig-file=\"https:\/\/www.grieta.org.mx\/wp-content\/uploads\/2023\/05\/jaguar-zap-1.jpg\" data-orig-size=\"817,1053\" data-comments-opened=\"0\" data-image-meta=\"{&quot;aperture&quot;:&quot;0&quot;,&quot;credit&quot;:&quot;&quot;,&quot;camera&quot;:&quot;&quot;,&quot;caption&quot;:&quot;&quot;,&quot;created_timestamp&quot;:&quot;0&quot;,&quot;copyright&quot;:&quot;&quot;,&quot;focal_length&quot;:&quot;0&quot;,&quot;iso&quot;:&quot;0&quot;,&quot;shutter_speed&quot;:&quot;0&quot;,&quot;title&quot;:&quot;&quot;,&quot;orientation&quot;:&quot;1&quot;}\" data-image-title=\"jaguar zap 1\" data-image-description=\"\" data-image-caption=\"\" data-medium-file=\"https:\/\/www.grieta.org.mx\/wp-content\/uploads\/2023\/05\/jaguar-zap-1-233x300.jpg\" data-large-file=\"https:\/\/www.grieta.org.mx\/wp-content\/uploads\/2023\/05\/jaguar-zap-1-794x1024.jpg\" class=\"wp-image-66971 size-large\" src=\"http:\/\/www.grieta.org.mx\/wp-content\/uploads\/2023\/05\/jaguar-zap-1-794x1024.jpg\" alt=\"\" width=\"794\" height=\"1024\" srcset=\"https:\/\/www.grieta.org.mx\/wp-content\/uploads\/2023\/05\/jaguar-zap-1-794x1024.jpg 794w, https:\/\/www.grieta.org.mx\/wp-content\/uploads\/2023\/05\/jaguar-zap-1-233x300.jpg 233w, https:\/\/www.grieta.org.mx\/wp-content\/uploads\/2023\/05\/jaguar-zap-1-768x990.jpg 768w, https:\/\/www.grieta.org.mx\/wp-content\/uploads\/2023\/05\/jaguar-zap-1.jpg 817w\" sizes=\"auto, (max-width: 794px) 100vw, 794px\" \/><figcaption id=\"caption-attachment-66971\" class=\"wp-caption-text\">EL MAL GOBIERNO OFERTA MUERTE COMO FUTURO. \u00a1NUESTRA VIDA ES POR LA VIDA! Foto: Colectivo Grieta<\/figcaption><\/figure>\n<figure id=\"attachment_66972\" aria-describedby=\"caption-attachment-66972\" style=\"width: 1024px\" class=\"wp-caption alignnone\"><img loading=\"lazy\" decoding=\"async\" data-attachment-id=\"66972\" data-permalink=\"https:\/\/www.grieta.org.mx\/index.php\/2023\/05\/27\/alto-a-las-agresiones-contra-las-comunidades-zapatistas-protesta-frente-sedes-del-mal-gobierno-de-mexico\/serigrafia-collage-12\/\" data-orig-file=\"https:\/\/www.grieta.org.mx\/wp-content\/uploads\/2023\/05\/serigrafia-collage-12-scaled.jpg\" data-orig-size=\"2560,1462\" data-comments-opened=\"0\" data-image-meta=\"{&quot;aperture&quot;:&quot;0&quot;,&quot;credit&quot;:&quot;&quot;,&quot;camera&quot;:&quot;&quot;,&quot;caption&quot;:&quot;&quot;,&quot;created_timestamp&quot;:&quot;0&quot;,&quot;copyright&quot;:&quot;&quot;,&quot;focal_length&quot;:&quot;0&quot;,&quot;iso&quot;:&quot;0&quot;,&quot;shutter_speed&quot;:&quot;0&quot;,&quot;title&quot;:&quot;&quot;,&quot;orientation&quot;:&quot;1&quot;}\" data-image-title=\"serigraf\u00eda-collage 1(2)\" data-image-description=\"\" data-image-caption=\"\" data-medium-file=\"https:\/\/www.grieta.org.mx\/wp-content\/uploads\/2023\/05\/serigrafia-collage-12-300x171.jpg\" data-large-file=\"https:\/\/www.grieta.org.mx\/wp-content\/uploads\/2023\/05\/serigrafia-collage-12-1024x585.jpg\" class=\"wp-image-66972 size-large\" src=\"http:\/\/www.grieta.org.mx\/wp-content\/uploads\/2023\/05\/serigrafia-collage-12-1024x585.jpg\" alt=\"\" width=\"1024\" height=\"585\" srcset=\"https:\/\/www.grieta.org.mx\/wp-content\/uploads\/2023\/05\/serigrafia-collage-12-1024x585.jpg 1024w, https:\/\/www.grieta.org.mx\/wp-content\/uploads\/2023\/05\/serigrafia-collage-12-300x171.jpg 300w, https:\/\/www.grieta.org.mx\/wp-content\/uploads\/2023\/05\/serigrafia-collage-12-768x439.jpg 768w, https:\/\/www.grieta.org.mx\/wp-content\/uploads\/2023\/05\/serigrafia-collage-12-1536x877.jpg 1536w, https:\/\/www.grieta.org.mx\/wp-content\/uploads\/2023\/05\/serigrafia-collage-12-2048x1170.jpg 2048w\" sizes=\"auto, (max-width: 1024px) 100vw, 1024px\" \/><figcaption id=\"caption-attachment-66972\" class=\"wp-caption-text\">Manifestaci\u00f3n fuera de Gobernaci\u00f3n, 26 de mayo 2023. Fotos: Colectivo Grieta<\/figcaption><\/figure>\n<p>Conferencia de prensa |Alto a la guerra contra los pueblos #zapatistas\u270b<br \/>\nSe dar\u00e1n a conocer las pr\u00f3ximas acciones para exigir cese a los ataques armados, as\u00ed como las particularidades del estado de la comunidad Mois\u00e9s Ghandi<br \/>\n11:00 a.m<br \/>\n31-05-23<br \/>\nTransmisi\u00f3n<br \/>\nTW @cencos<br \/>\n\u00a1Comparte, difunde, convoca!<br \/>\n\ud83d\udfe2TW: <a href=\"https:\/\/twitter.com\/RedTDT\/status\/1663601074287308801\" target=\"_blank\" rel=\"noopener\">https:\/\/twitter.com\/RedTDT\/status\/1663601074287308801<\/a><br \/>\n\ud83d\udfe2FB: <a href=\"https:\/\/www.facebook.com\/RedTDT\/posts\/pfbid02mHtaKxgu7kSpQffxZ8XNrWGriWzqHEYWTVBZSo58yC6vdi3dEs4jnLDJy8g2iZbpl\" target=\"_blank\" rel=\"noopener\">https:\/\/www.facebook.com\/RedTDT\/posts\/pfbid02mHtaKxgu7kSpQffxZ8XNrWGriWzqHEYWTVBZSo58yC6vdi3dEs4jnLDJy8g2iZbpl<\/a><br \/>\n\ud83d\udfe2IG: <a href=\"https:\/\/www.instagram.com\/p\/Cs4EFoOgxlP\/\" target=\"_blank\" rel=\"noopener\">https:\/\/www.instagram.com\/p\/Cs4EFoOgxlP\/<\/a><\/p>\n<p>&nbsp;<\/p>\n<p><img loading=\"lazy\" decoding=\"async\" data-attachment-id=\"66983\" data-permalink=\"https:\/\/www.grieta.org.mx\/index.php\/2023\/05\/27\/alto-a-las-agresiones-contra-las-comunidades-zapatistas-protesta-frente-sedes-del-mal-gobierno-de-mexico\/whatsapp-image-2023-05-31-at-1-44-31-pm\/\" data-orig-file=\"https:\/\/www.grieta.org.mx\/wp-content\/uploads\/2023\/05\/WhatsApp-Image-2023-05-31-at-1.44.31-PM.jpeg\" data-orig-size=\"1600,1067\" data-comments-opened=\"0\" data-image-meta=\"{&quot;aperture&quot;:&quot;0&quot;,&quot;credit&quot;:&quot;&quot;,&quot;camera&quot;:&quot;&quot;,&quot;caption&quot;:&quot;&quot;,&quot;created_timestamp&quot;:&quot;0&quot;,&quot;copyright&quot;:&quot;&quot;,&quot;focal_length&quot;:&quot;0&quot;,&quot;iso&quot;:&quot;0&quot;,&quot;shutter_speed&quot;:&quot;0&quot;,&quot;title&quot;:&quot;&quot;,&quot;orientation&quot;:&quot;0&quot;}\" data-image-title=\"WhatsApp Image 2023-05-31 at 1.44.31 PM\" data-image-description=\"\" data-image-caption=\"\" data-medium-file=\"https:\/\/www.grieta.org.mx\/wp-content\/uploads\/2023\/05\/WhatsApp-Image-2023-05-31-at-1.44.31-PM-300x200.jpeg\" data-large-file=\"https:\/\/www.grieta.org.mx\/wp-content\/uploads\/2023\/05\/WhatsApp-Image-2023-05-31-at-1.44.31-PM-1024x683.jpeg\" src=\"http:\/\/www.grieta.org.mx\/wp-content\/uploads\/2023\/05\/WhatsApp-Image-2023-05-31-at-1.44.31-PM.jpeg\" alt=\"\" width=\"1600\" height=\"1067\" class=\"alignnone size-full wp-image-66983\" srcset=\"https:\/\/www.grieta.org.mx\/wp-content\/uploads\/2023\/05\/WhatsApp-Image-2023-05-31-at-1.44.31-PM.jpeg 1600w, https:\/\/www.grieta.org.mx\/wp-content\/uploads\/2023\/05\/WhatsApp-Image-2023-05-31-at-1.44.31-PM-300x200.jpeg 300w, https:\/\/www.grieta.org.mx\/wp-content\/uploads\/2023\/05\/WhatsApp-Image-2023-05-31-at-1.44.31-PM-1024x683.jpeg 1024w, https:\/\/www.grieta.org.mx\/wp-content\/uploads\/2023\/05\/WhatsApp-Image-2023-05-31-at-1.44.31-PM-768x512.jpeg 768w, https:\/\/www.grieta.org.mx\/wp-content\/uploads\/2023\/05\/WhatsApp-Image-2023-05-31-at-1.44.31-PM-1536x1024.jpeg 1536w\" sizes=\"auto, (max-width: 1600px) 100vw, 1600px\" \/>&nbsp;<\/p>\n<p>En la conferencia de prensa se llam\u00f3 a las siguientes acciones:<\/p>\n<p>&#8220;Nos llamamos a manifestarnos en las calles, embajadas y consulados, centros de estudio y lugares de trabajo, en las redes sociales; en todas partes que nos sea posible e imprescindible, en contra de la violencia militar, paramilitar y del crimen organizado y en defensa de la Vida. Nos llamamos y les llamamos a unir esfuerzos para tejer una jornada de acciones dislocadas del 27 de mayo al 10 de junio con una acci\u00f3n coordinada nacional e internacional el d\u00eda 8 de junio.&#8221;<br \/>\n<a href=\"https:\/\/www.caminoalandar.org\/about-4\" rel=\"noopener\" target=\"_blank\">https:\/\/www.caminoalandar.org\/about-4<\/a><\/p>\n<p>Se llama tambi\u00e9n a una marcha el d\u00eda 8 de junio en la Ciudad de M\u00e9xico del \u00c1ngel al Z\u00f3calo a las 16:00 hrs.<br \/>\n<a href=\"https:\/\/twitter.com\/i\/broadcasts\/1BdGYyeZXNoGX\">https:\/\/twitter.com\/i\/broadcasts\/1BdGYyeZXNoGX<\/a><\/p>\n","protected":false},"excerpt":{"rendered":"<p>&#8211; Manifestaciones el 26 de mayo frente a Palacio Nacional y Gobernaci\u00f3n &#8211; Conferencia de prensa el 31 de mayo, se dan a conocer pr\u00f3ximas acciones para exigir alto a &hellip; <a href=\"https:\/\/www.grieta.org.mx\/index.php\/2023\/05\/27\/alto-a-las-agresiones-contra-las-comunidades-zapatistas-protesta-frente-sedes-del-mal-gobierno-de-mexico\/\" class=\"more-link\">Leer m\u00e1s<\/a><\/p>\n","protected":false},"author":2,"featured_media":66983,"comment_status":"closed","ping_status":"closed","sticky":false,"template":"","format":"standard","meta":{"ngg_post_thumbnail":0,"_jetpack_newsletter_access":"","_jetpack_dont_email_post_to_subs":false,"_jetpack_newsletter_tier_id":0,"_jetpack_memberships_contains_paywalled_content":false,"_jetpack_memberships_contains_paid_content":false,"footnotes":""},"categories":[80,2],"tags":[],"class_list":["post-66967","post","type-post","status-publish","format-standard","has-post-thumbnail","hentry","category-cintillo","category-noticias-nacionales","entry"],"jetpack_featured_media_url":"https:\/\/www.grieta.org.mx\/wp-content\/uploads\/2023\/05\/WhatsApp-Image-2023-05-31-at-1.44.31-PM.jpeg","jetpack_sharing_enabled":true,"jetpack_shortlink":"https:\/\/wp.me\/p7ZJR4-hq7","jetpack_likes_enabled":false,"jetpack-related-posts":[{"id":70411,"url":"https:\/\/www.grieta.org.mx\/index.php\/2024\/11\/11\/alto-alas-agresiones-contra-las-comunidades-zapatistas\/","url_meta":{"origin":66967,"position":0},"title":"\u00a1ALTO A LAS AGRESIONES CONTRA LAS COMUNIDADES ZAPATISTAS!","author":"grieta","date":"11 noviembre, 2024","format":false,"excerpt":"","rel":"","context":"En &quot;Alto a la Guerra contra los pueblos zapatistas&quot;","block_context":{"text":"Alto a la Guerra contra los pueblos zapatistas","link":"https:\/\/www.grieta.org.mx\/index.php\/category\/redes-de-resistencia-y-rebeldia\/contra-la-guerra-al-ezln\/"},"img":{"alt_text":"","src":"https:\/\/i0.wp.com\/www.grieta.org.mx\/wp-content\/uploads\/2024\/11\/11.jpg?resize=350%2C200&ssl=1","width":350,"height":200,"srcset":"https:\/\/i0.wp.com\/www.grieta.org.mx\/wp-content\/uploads\/2024\/11\/11.jpg?resize=350%2C200&ssl=1 1x, https:\/\/i0.wp.com\/www.grieta.org.mx\/wp-content\/uploads\/2024\/11\/11.jpg?resize=525%2C300&ssl=1 1.5x, https:\/\/i0.wp.com\/www.grieta.org.mx\/wp-content\/uploads\/2024\/11\/11.jpg?resize=700%2C400&ssl=1 2x"},"classes":[]},{"id":70329,"url":"https:\/\/www.grieta.org.mx\/index.php\/2024\/10\/30\/alto-a-las-agresiones-contra-las-comunidades-zapatistas-reclaman-miles-en-manifestacion-en-la-ciudad-de-mexico\/","url_meta":{"origin":66967,"position":1},"title":"\u00a1Alto a las agresiones contra las comunidades zapatistas! reclaman miles en manifestaci\u00f3n en la Ciudad de M\u00e9xico [AUDIOS]","author":"grieta","date":"30 octubre, 2024","format":false,"excerpt":"Colectivo Grieta 24 de octubre de 2024 Ciudad de M\u00e9xico.- Al grito de \u00a1Alto a las agresiones contra las comunidades zapatistas! y exigiendo el cese a los hostigamientos orquestados por los tres niveles de gobierno y grupos narcoparamilitares contra las bases de apoyo del EZLN, este jueves 24 de octubre\u2026","rel":"","context":"En &quot;Alto a la Guerra contra los pueblos zapatistas&quot;","block_context":{"text":"Alto a la Guerra contra los pueblos zapatistas","link":"https:\/\/www.grieta.org.mx\/index.php\/category\/redes-de-resistencia-y-rebeldia\/contra-la-guerra-al-ezln\/"},"img":{"alt_text":"","src":"https:\/\/i0.wp.com\/www.grieta.org.mx\/wp-content\/uploads\/2024\/10\/Diapositiva2-1.jpeg?resize=350%2C200&ssl=1","width":350,"height":200,"srcset":"https:\/\/i0.wp.com\/www.grieta.org.mx\/wp-content\/uploads\/2024\/10\/Diapositiva2-1.jpeg?resize=350%2C200&ssl=1 1x, https:\/\/i0.wp.com\/www.grieta.org.mx\/wp-content\/uploads\/2024\/10\/Diapositiva2-1.jpeg?resize=525%2C300&ssl=1 1.5x, https:\/\/i0.wp.com\/www.grieta.org.mx\/wp-content\/uploads\/2024\/10\/Diapositiva2-1.jpeg?resize=700%2C400&ssl=1 2x"},"classes":[]},{"id":61865,"url":"https:\/\/www.grieta.org.mx\/index.php\/2021\/09\/25\/manifestantes-en-europa-exigen-al-gobierno-mexicano-acabar-con-los-ataques-a-las-comunidades-zapatistas-galeria-de-fotos\/","url_meta":{"origin":66967,"position":2},"title":"Manifestantes en decenas de ciudades de Europa exigen al gobierno mexicano acabar con los ataques a las comunidades zapatistas (galer\u00eda de fotos y videos)","author":"grieta","date":"25 septiembre, 2021","format":false,"excerpt":"COLECTIVO GRIETA FOTOS Y VIDEOS: colectivos y medios libres \u00a0 El 24 de septiembre, d\u00eda de acci\u00f3n global contra la guerra en Chiapas, m\u00e1s de 61 ciudades europeas fueron el escenario de m\u00faltiples movilizaciones en apoyo al Ej\u00e9rcito Zapatista de Liberaci\u00f3n Nacional (EZLN) en el que colectivos y organizaciones de\u2026","rel":"","context":"En &quot;CINTILLO&quot;","block_context":{"text":"CINTILLO","link":"https:\/\/www.grieta.org.mx\/index.php\/category\/cintillo\/"},"img":{"alt_text":"","src":"https:\/\/i0.wp.com\/www.grieta.org.mx\/wp-content\/uploads\/2021\/09\/photo_2021-09-24_14-22-15.jpg?resize=350%2C200&ssl=1","width":350,"height":200,"srcset":"https:\/\/i0.wp.com\/www.grieta.org.mx\/wp-content\/uploads\/2021\/09\/photo_2021-09-24_14-22-15.jpg?resize=350%2C200&ssl=1 1x, https:\/\/i0.wp.com\/www.grieta.org.mx\/wp-content\/uploads\/2021\/09\/photo_2021-09-24_14-22-15.jpg?resize=525%2C300&ssl=1 1.5x, https:\/\/i0.wp.com\/www.grieta.org.mx\/wp-content\/uploads\/2021\/09\/photo_2021-09-24_14-22-15.jpg?resize=700%2C400&ssl=1 2x, https:\/\/i0.wp.com\/www.grieta.org.mx\/wp-content\/uploads\/2021\/09\/photo_2021-09-24_14-22-15.jpg?resize=1050%2C600&ssl=1 3x"},"classes":[]},{"id":55120,"url":"https:\/\/www.grieta.org.mx\/index.php\/2020\/11\/14\/accion-en-san-luis-potosi-en-repudio-a-los-ataques-paramilitares-de-la-orcao-en-contra-de-comunidades-zapatistas\/","url_meta":{"origin":66967,"position":3},"title":"Acci\u00f3n en San Luis Potos\u00ed en repudio a los ataques paramilitares de la ORCAO en contra de comunidades zapatistas","author":"grieta","date":"14 noviembre, 2020","format":false,"excerpt":"Colectivo Grieta Colectivos de la Red de Resistencia y Rebeld\u00eda de San Luis Potos\u00ed, realizaron un tendedero de denuncias para manifestar el rechazo a los recientes ataques del grupo paramilitar ORCAO a las comunidades de zapatistas y bases de apoyo en el Municipio Aut\u00f3nomo en Rebeld\u00eda Mois\u00e9s Gandhi. La ORCAO\u2026","rel":"","context":"En &quot;Alto a la Guerra contra los pueblos zapatistas&quot;","block_context":{"text":"Alto a la Guerra contra los pueblos zapatistas","link":"https:\/\/www.grieta.org.mx\/index.php\/category\/redes-de-resistencia-y-rebeldia\/contra-la-guerra-al-ezln\/"},"img":{"alt_text":"","src":"https:\/\/i0.wp.com\/www.grieta.org.mx\/wp-content\/uploads\/2020\/11\/photo_2020-11-14_23-24-54.jpg?resize=350%2C200&ssl=1","width":350,"height":200,"srcset":"https:\/\/i0.wp.com\/www.grieta.org.mx\/wp-content\/uploads\/2020\/11\/photo_2020-11-14_23-24-54.jpg?resize=350%2C200&ssl=1 1x, https:\/\/i0.wp.com\/www.grieta.org.mx\/wp-content\/uploads\/2020\/11\/photo_2020-11-14_23-24-54.jpg?resize=525%2C300&ssl=1 1.5x"},"classes":[]},{"id":67038,"url":"https:\/\/www.grieta.org.mx\/index.php\/2023\/06\/08\/si-tocan-a-uno-nos-tocan-a-todos-exigen-en-jalisco-un-alto-a-la-violencia-contra-las-comunidades-zapatistas-fotogaleria\/","url_meta":{"origin":66967,"position":4},"title":"\u201cSi tocan a uno nos tocan a todos\u201d: Exigen en Jalisco un alto a la violencia contra las comunidades zapatistas (fotogaler\u00eda)","author":"grieta","date":"8 junio, 2023","format":false,"excerpt":"Imagen: Mario Marlo Leslie Zepeda \/ Zona Docs El pasado 23 de mayo fue v\u00edctima de un intento de homicidio Jorge L\u00f3pez S\u00e1ntiz, un hombre ind\u00edgena perteneciente a las Bases de Apoyo del Ej\u00e9rcito Zapatista de Liberaci\u00f3n Nacional (BAEZLN). Denuncian que los responsables pertenecen a la Organizaci\u00f3n Regional de Cafeticultores\u2026","rel":"","context":"En &quot;Alto a la Guerra contra los pueblos zapatistas&quot;","block_context":{"text":"Alto a la Guerra contra los pueblos zapatistas","link":"https:\/\/www.grieta.org.mx\/index.php\/category\/redes-de-resistencia-y-rebeldia\/contra-la-guerra-al-ezln\/"},"img":{"alt_text":"","src":"https:\/\/i0.wp.com\/www.grieta.org.mx\/wp-content\/uploads\/2023\/06\/Captura-de-Pantalla-2023-06-08-a-las-22.32.12-768x510-1.png?resize=350%2C200&ssl=1","width":350,"height":200,"srcset":"https:\/\/i0.wp.com\/www.grieta.org.mx\/wp-content\/uploads\/2023\/06\/Captura-de-Pantalla-2023-06-08-a-las-22.32.12-768x510-1.png?resize=350%2C200&ssl=1 1x, https:\/\/i0.wp.com\/www.grieta.org.mx\/wp-content\/uploads\/2023\/06\/Captura-de-Pantalla-2023-06-08-a-las-22.32.12-768x510-1.png?resize=525%2C300&ssl=1 1.5x, https:\/\/i0.wp.com\/www.grieta.org.mx\/wp-content\/uploads\/2023\/06\/Captura-de-Pantalla-2023-06-08-a-las-22.32.12-768x510-1.png?resize=700%2C400&ssl=1 2x"},"classes":[]},{"id":55180,"url":"https:\/\/www.grieta.org.mx\/index.php\/2020\/11\/16\/accion-en-mazatlan-sinaloa-en-repudio-a-los-ataques-paramilitares-en-contra-de-comunidades-zapatistas\/","url_meta":{"origin":66967,"position":5},"title":"Acci\u00f3n en Mazatl\u00e1n, Sinaloa en repudio a los ataques paramilitares en contra de comunidades zapatistas","author":"grieta","date":"16 noviembre, 2020","format":false,"excerpt":"Colectivo Grieta El jueves 12 de noviembre se organizaron y desarrollaron actividades en la Plazuela Rep\u00fablica de Mazatl\u00e1n, Sinaloa, con el objetivo de denunciar las agresiones del grupo paramilitar ORCAO contra las Comunidades Ind\u00edgenas Zapatistas. Participaron compa\u00f1eros y compa\u00f1eras de la Red de Resistencia y Rebeld\u00eda-MZT. Como parte de las\u2026","rel":"","context":"En &quot;Alto a la Guerra contra los pueblos zapatistas&quot;","block_context":{"text":"Alto a la Guerra contra los pueblos zapatistas","link":"https:\/\/www.grieta.org.mx\/index.php\/category\/redes-de-resistencia-y-rebeldia\/contra-la-guerra-al-ezln\/"},"img":{"alt_text":"","src":"https:\/\/i0.wp.com\/www.grieta.org.mx\/wp-content\/uploads\/2020\/11\/photo_2020-11-16_22-22-24-1.jpg?resize=350%2C200","width":350,"height":200},"classes":[]}],"_links":{"self":[{"href":"https:\/\/www.grieta.org.mx\/index.php\/wp-json\/wp\/v2\/posts\/66967","targetHints":{"allow":["GET"]}}],"collection":[{"href":"https:\/\/www.grieta.org.mx\/index.php\/wp-json\/wp\/v2\/posts"}],"about":[{"href":"https:\/\/www.grieta.org.mx\/index.php\/wp-json\/wp\/v2\/types\/post"}],"author":[{"embeddable":true,"href":"https:\/\/www.grieta.org.mx\/index.php\/wp-json\/wp\/v2\/users\/2"}],"replies":[{"embeddable":true,"href":"https:\/\/www.grieta.org.mx\/index.php\/wp-json\/wp\/v2\/comments?post=66967"}],"version-history":[{"count":1,"href":"https:\/\/www.grieta.org.mx\/index.php\/wp-json\/wp\/v2\/posts\/66967\/revisions"}],"predecessor-version":[{"id":66988,"href":"https:\/\/www.grieta.org.mx\/index.php\/wp-json\/wp\/v2\/posts\/66967\/revisions\/66988"}],"wp:featuredmedia":[{"embeddable":true,"href":"https:\/\/www.grieta.org.mx\/index.php\/wp-json\/wp\/v2\/media\/66983"}],"wp:attachment":[{"href":"https:\/\/www.grieta.org.mx\/index.php\/wp-json\/wp\/v2\/media?parent=66967"}],"wp:term":[{"taxonomy":"category","embeddable":true,"href":"https:\/\/www.grieta.org.mx\/index.php\/wp-json\/wp\/v2\/categories?post=66967"},{"taxonomy":"post_tag","embeddable":true,"href":"https:\/\/www.grieta.org.mx\/index.php\/wp-json\/wp\/v2\/tags?post=66967"}],"curies":[{"name":"wp","href":"https:\/\/api.w.org\/{rel}","templated":true}]}}