{"id":66955,"date":"2023-05-24T23:10:18","date_gmt":"2023-05-25T05:10:18","guid":{"rendered":"https:\/\/www.grieta.org.mx\/?p=66955"},"modified":"2023-05-27T11:15:22","modified_gmt":"2023-05-27T17:15:22","slug":"cni-no-estan-solos-nuestrs-hermans-de-la-comunidad-autonoma-moises-gandhi","status":"publish","type":"post","link":"https:\/\/www.grieta.org.mx\/index.php\/2023\/05\/24\/cni-no-estan-solos-nuestrs-hermans-de-la-comunidad-autonoma-moises-gandhi\/","title":{"rendered":"CNI: NO EST\u00c1N SOLOS NUESTR@S HERMAN@S DE LA COMUNIDAD AUT\u00d3NOMA MOIS\u00c9S GANDHI"},"content":{"rendered":"<div class=\"post-content entry-content cf\">\n<ul>\n<li aria-level=\"1\"><b><i>La guerra que han declarado a los pueblos originarios, guardianes de la madre tierra, nos obliga a actuar organizadamente en defensa de la vida<\/i><\/b><\/li>\n<\/ul>\n<p>&nbsp;<\/p>\n<p><b>A los pueblos y gobiernos del mundo<\/b><\/p>\n<p><b>A los medios de comunicaci\u00f3n<\/b><\/p>\n<p><b>A la Sexta Nacional e Internacional<\/b><\/p>\n<p><b>A las organizaciones de derechos humanos<\/b><\/p>\n<p>&nbsp;<\/p>\n<p>Los pueblos originarios que somos el Congreso Nacional Ind\u00edgena, repudiamos el cobarde ataque que la Organizaci\u00f3n Regional de Cafeticultores de Ocosingo (ORCAO) realiz\u00f3 contra bases de apoyo del Ej\u00e9rcito Zapatista de Liberaci\u00f3n Nacional, de la comunidad aut\u00f3noma Mois\u00e9s Gandhi, en Ocosingo, Chiapas, en la cual result\u00f3 gravemente herido el compa\u00f1ero Gilberto L\u00f3pez S\u00e1ntiz.<\/p>\n<p>&nbsp;<\/p>\n<p>El ataque con armas de grueso calibre provoc\u00f3 una herida que\u00a0 perfor\u00f3 el diafragma, hizo tres orificios en el intestino grueso, despu\u00e9s en el est\u00f3mago y finalmente en el bazo, lo que hace que el compa\u00f1ero se encuentre en estado grave; situaci\u00f3n que se complica por la atenci\u00f3n m\u00e9dica insuficiente que ha recibido, pues requiere urgentemente de cuidados intensivos sin que haya sido ingresado o trasladado a donde pueda recibir la atenci\u00f3n debida.<\/p>\n<p>&nbsp;<\/p>\n<p>En tanto, al momento de emitir este comunicado, los ataques armados en contra de la comunidad de Mois\u00e9s Gandhi, contin\u00faan con completa impunidad e indiferencia de los malos gobiernos.<\/p>\n<p>&nbsp;<\/p>\n<p>A la comunidad aut\u00f3noma Moises Gandh\u00ed y Bases de Apoyo del EZLN externamos nuestro completo respaldo y hacemos propia la indignaci\u00f3n y rabia.<\/p>\n<p>&nbsp;<\/p>\n<p>A los gobiernos de los tres niveles los hacemos responsables de la escalada de violencia en contra de las comunidades bases de apoyo zapatistas, as\u00ed como de la integridad y vida de nuestro compa\u00f1ero Gilberto L\u00f3pez S\u00e1ntiz,<\/p>\n<p>&nbsp;<\/p>\n<p>Por lo anterior exigimos:<\/p>\n<p>1. Se brinde inmediata atenci\u00f3n m\u00e9dica adecuada al compa\u00f1ero Gilberto L\u00f3pez S\u00e1ntiz<\/p>\n<p>&nbsp;<\/p>\n<p>2. Que se detenga el ataque armado contra la comunidad Mois\u00e9s Gandhi y sea respetado su territorio aut\u00f3nomo.<\/p>\n<p>&nbsp;<\/p>\n<p>3. Que sean castigados los autores materiales e intelectuales de estos ataques paramilitares.<\/p>\n<p>&nbsp;<\/p>\n<p>4. Sean desmantelados los grupos armados mediante los cuales se mantiene activa y creciente la guerra contra las comunidades zapatistas.<\/p>\n<p>Advertimos nuevamente de la guerra que han declarado a los pueblos originarios, guardianes de la madre tierra y que nos obliga a actuar organizadamente en defensa de la vida, por lo que nuestr@s herman@s de las comunidades ind\u00edgenas zapatistas no est\u00e1n solas ni solos.<\/p>\n<p>&nbsp;<\/p>\n<p><b>Atentamente<\/b><\/p>\n<p><b>Por la Reconstituci\u00f3n Integral de Nuestros Pueblos<\/b><\/p>\n<p><b>Nunca Mas Un M\u00e9xico Sin Nosotros<\/b><\/p>\n<p><b>Congreso Nacional Ind\u00edgena\u00a0<\/b><\/p>\n<p><b>24 de mayo de 2023<\/b><\/p>\n<p>&nbsp;<\/p>\n<\/div>\n<p><a href=\"https:\/\/www.congresonacionalindigena.org\/2023\/05\/24\/cni-no-estan-solos-nuestrs-hermans-de-la-comunidad-autonoma-moises-gandhi\/\" rel=\"noopener\" target=\"_blank\">https:\/\/www.congresonacionalindigena.org\/2023\/05\/24\/cni-no-estan-solos-nuestrs-hermans-de-la-comunidad-autonoma-moises-gandhi\/<\/a><\/p>\n","protected":false},"excerpt":{"rendered":"<p>La guerra que han declarado a los pueblos originarios, guardianes de la madre tierra, nos obliga a actuar organizadamente en defensa de la vida &nbsp; A los pueblos y gobiernos &hellip; <a href=\"https:\/\/www.grieta.org.mx\/index.php\/2023\/05\/24\/cni-no-estan-solos-nuestrs-hermans-de-la-comunidad-autonoma-moises-gandhi\/\" class=\"more-link\">Leer m\u00e1s<\/a><\/p>\n","protected":false},"author":2,"featured_media":37689,"comment_status":"closed","ping_status":"closed","sticky":false,"template":"","format":"standard","meta":{"ngg_post_thumbnail":0,"_jetpack_newsletter_access":"","_jetpack_dont_email_post_to_subs":false,"_jetpack_newsletter_tier_id":0,"_jetpack_memberships_contains_paywalled_content":false,"_jetpack_memberships_contains_paid_content":false,"footnotes":""},"categories":[80,79,921,1707,2],"tags":[95,3237,2085,466],"class_list":["post-66955","post","type-post","status-publish","format-standard","has-post-thumbnail","hentry","category-cintillo","category-cni","category-comunicados","category-denuncias","category-noticias-nacionales","tag-cni","tag-cni-cig","tag-congreso-nacional-indigena-concejo-indigena-de-gobierno","tag-ezln","entry"],"jetpack_featured_media_url":"https:\/\/www.grieta.org.mx\/wp-content\/uploads\/2019\/08\/cni.png","jetpack_sharing_enabled":true,"jetpack_shortlink":"https:\/\/wp.me\/p7ZJR4-hpV","jetpack_likes_enabled":false,"jetpack-related-posts":[{"id":61821,"url":"https:\/\/www.grieta.org.mx\/index.php\/2021\/09\/20\/comunidad-nahua-de-santa-maria-ostula-integrante-del-congreso-nacional-indigena-se-solidariza-con-las-comunidades-zapatistas\/","url_meta":{"origin":66955,"position":0},"title":"Comunidad nahua de Santa Mar\u00eda Ostula, integrante del Congreso Nacional Ind\u00edgena, se solidariza con las comunidades Zapatistas","author":"grieta","date":"20 septiembre, 2021","format":false,"excerpt":"COMUNIDAD NAHUA DE SANTA MAR\u00cdA OSTULA, MICHOAC\u00c1N\/RADIO ZAPATISTA #AltoALaGuerraContraLasComunidadesZapatistas #RutilioEscand\u00f3n #RutilioRepresor #AltoALaGuerraEnChiapas #OstulaVive A todos los medios de comunicaci\u00f3n, Al Ej\u00e9rcito Zapatista de Liberaci\u00f3n Nacional, Al Congreso Nacional Ind\u00edgena, Al Concejo Ind\u00edgena de Gobierno, A las organizaciones sociales, A la poblaci\u00f3n en general, Por medio de este comunicado, la comunidad\u2026","rel":"","context":"En &quot;CINTILLO&quot;","block_context":{"text":"CINTILLO","link":"https:\/\/www.grieta.org.mx\/index.php\/category\/cintillo\/"},"img":{"alt_text":"","src":"https:\/\/i0.wp.com\/www.grieta.org.mx\/wp-content\/uploads\/2021\/09\/Zap-Nahuas.jpg?resize=350%2C200&ssl=1","width":350,"height":200,"srcset":"https:\/\/i0.wp.com\/www.grieta.org.mx\/wp-content\/uploads\/2021\/09\/Zap-Nahuas.jpg?resize=350%2C200&ssl=1 1x, https:\/\/i0.wp.com\/www.grieta.org.mx\/wp-content\/uploads\/2021\/09\/Zap-Nahuas.jpg?resize=525%2C300&ssl=1 1.5x"},"classes":[]},{"id":43140,"url":"https:\/\/www.grieta.org.mx\/index.php\/2019\/12\/19\/consejo-supremo-indigena-se-une-al-congreso-nacional-indigena-michoacan\/","url_meta":{"origin":66955,"position":1},"title":"Consejo Supremo Ind\u00edgena se une al Congreso Nacional Ind\u00edgena (Michoac\u00e1n)","author":"grieta","date":"19 diciembre, 2019","format":false,"excerpt":"Por: Redacci\u00f3n Monitor Expreso. 19 de diciembre de 2019 M\u00e9xico.- El Consejo Supremo Ind\u00edgena de Michoac\u00e1n (CSIM), solicit\u00f3 su incorporaci\u00f3n formal al Congreso Nacional Ind\u00edgena (CNI). Manifestando en su misiva que fue una decisi\u00f3n de la Asamblea General de Autoridades de comunidades originarias entre las que se encuentran, Jefes de\u2026","rel":"","context":"En &quot;CINTILLO&quot;","block_context":{"text":"CINTILLO","link":"https:\/\/www.grieta.org.mx\/index.php\/category\/cintillo\/"},"img":{"alt_text":"","src":"https:\/\/i0.wp.com\/www.grieta.org.mx\/wp-content\/uploads\/2020\/01\/consejo-supremo-indigena.png?resize=350%2C200&ssl=1","width":350,"height":200,"srcset":"https:\/\/i0.wp.com\/www.grieta.org.mx\/wp-content\/uploads\/2020\/01\/consejo-supremo-indigena.png?resize=350%2C200&ssl=1 1x, https:\/\/i0.wp.com\/www.grieta.org.mx\/wp-content\/uploads\/2020\/01\/consejo-supremo-indigena.png?resize=525%2C300&ssl=1 1.5x, https:\/\/i0.wp.com\/www.grieta.org.mx\/wp-content\/uploads\/2020\/01\/consejo-supremo-indigena.png?resize=700%2C400&ssl=1 2x"},"classes":[]},{"id":67944,"url":"https:\/\/www.grieta.org.mx\/index.php\/2023\/10\/16\/denuncia-del-congreso-nacional-indigena-concejo-indigena-de-gobierno-por-el-intento-de-desalojo-de-la-casa-de-los-pueblos\/","url_meta":{"origin":66955,"position":2},"title":"Denuncia del Congreso Nacional Ind\u00edgena \u2013 Concejo Ind\u00edgena de Gobierno por el Intento de Desalojo de la Casa de los Pueblos","author":"grieta","date":"16 octubre, 2023","format":false,"excerpt":"A los pueblos y gobiernos de M\u00e9xico y del mundo. A los organismos de derechos humanos. A los medios de comunicaci\u00f3n. Denunciamos que desde hace algunas horas un numeroso contingente de granaderos del gobierno de la Ciudad de M\u00e9xico est\u00e1 tratando de desalojar con violencia a la Comunidad Ind\u00edgena Otom\u00ed\u2026","rel":"","context":"En &quot;CIG&quot;","block_context":{"text":"CIG","link":"https:\/\/www.grieta.org.mx\/index.php\/category\/cig\/"},"img":{"alt_text":"","src":"https:\/\/i0.wp.com\/www.grieta.org.mx\/wp-content\/uploads\/2023\/10\/logo-CNI-T.png?resize=350%2C200&ssl=1","width":350,"height":200,"srcset":"https:\/\/i0.wp.com\/www.grieta.org.mx\/wp-content\/uploads\/2023\/10\/logo-CNI-T.png?resize=350%2C200&ssl=1 1x, https:\/\/i0.wp.com\/www.grieta.org.mx\/wp-content\/uploads\/2023\/10\/logo-CNI-T.png?resize=525%2C300&ssl=1 1.5x"},"classes":[]},{"id":27703,"url":"https:\/\/www.grieta.org.mx\/index.php\/2018\/11\/24\/comunicado-del-cni-cig-y-ezln-al-pueblo-mapuche\/","url_meta":{"origin":66955,"position":3},"title":"Comunicado [conjunto del CNI, CIG y EZLN] al pueblo Mapuche","author":"grieta","date":"24 noviembre, 2018","format":false,"excerpt":"Comunicado: Al pueblo mapuche Al pueblo chileno A los pueblos originarios de Am\u00e9rica A la Sexta Internacional Hermanos y hermanas del digno pueblo mapuche, Los pueblos, naciones, tribus y barrios que conformamos el Congreso Nacional Ind\u00edgena, el Concejo Ind\u00edgena de Gobierno y el EZLN abrazamos solidariamente la familia del compa\u00f1ero\u2026","rel":"","context":"En &quot;CINTILLO&quot;","block_context":{"text":"CINTILLO","link":"https:\/\/www.grieta.org.mx\/index.php\/category\/cintillo\/"},"img":{"alt_text":"","src":"","width":0,"height":0},"classes":[]},{"id":34271,"url":"https:\/\/www.grieta.org.mx\/index.php\/2019\/06\/05\/comunicado-del-cni-cig-y-el-ezln-ante-la-violencia-desatada-contra-los-pueblos-originarios\/","url_meta":{"origin":66955,"position":4},"title":"COMUNICADO DEL CNI-CIG Y EL EZLN ANTE LA VIOLENCIA DESATADA CONTRA LOS PUEBLOS ORIGINARIOS","author":"grieta","date":"5 junio, 2019","format":false,"excerpt":"A los pueblos del mundo A las redes de apoyo al CIG A la sexta nacional e internacional A los medios de comunicaci\u00f3n El paso del capitalismo neoliberal est\u00e1 marcando sus pasos con la sangre de nuestros pueblos, donde la guerra arrecia porque no cedemos nuestra tierra, cultura, nuestra paz\u2026","rel":"","context":"En &quot;CIG&quot;","block_context":{"text":"CIG","link":"https:\/\/www.grieta.org.mx\/index.php\/category\/cig\/"},"img":{"alt_text":"","src":"https:\/\/i0.wp.com\/www.grieta.org.mx\/wp-content\/uploads\/2018\/03\/14524434_1106112876131411_958039263622046936_o.jpg?resize=350%2C200&ssl=1","width":350,"height":200,"srcset":"https:\/\/i0.wp.com\/www.grieta.org.mx\/wp-content\/uploads\/2018\/03\/14524434_1106112876131411_958039263622046936_o.jpg?resize=350%2C200&ssl=1 1x, https:\/\/i0.wp.com\/www.grieta.org.mx\/wp-content\/uploads\/2018\/03\/14524434_1106112876131411_958039263622046936_o.jpg?resize=525%2C300&ssl=1 1.5x, https:\/\/i0.wp.com\/www.grieta.org.mx\/wp-content\/uploads\/2018\/03\/14524434_1106112876131411_958039263622046936_o.jpg?resize=700%2C400&ssl=1 2x"},"classes":[]},{"id":20650,"url":"https:\/\/www.grieta.org.mx\/index.php\/2016\/08\/31\/convocatoria-al-quinto-congreso-nacional-indigena\/","url_meta":{"origin":66955,"position":5},"title":"CONVOCATORIA AL QUINTO CONGRESO NACIONAL IND\u00cdGENA","author":"grieta","date":"31 agosto, 2016","format":false,"excerpt":"CONVOCATORIA AL QUINTO CONGRESO NACIONAL IND\u00cdGENA Considerando que: En este mes de octubre del presente a\u00f1o el Congreso Nacional Ind\u00edgena, espacio de unidad, reflexi\u00f3n y organizaci\u00f3n de los pueblos ind\u00edgenas de M\u00e9xico, cumple 20 a\u00f1os de trabajo ininterrumpido, impulsando la reconstituci\u00f3n integral de nuestros pueblos y la construcci\u00f3n de una\u2026","rel":"","context":"En &quot;CNI&quot;","block_context":{"text":"CNI","link":"https:\/\/www.grieta.org.mx\/index.php\/category\/cni\/"},"img":{"alt_text":"","src":"https:\/\/i0.wp.com\/www.grieta.org.mx\/wp-content\/uploads\/2018\/03\/14524434_1106112876131411_958039263622046936_o.jpg?resize=350%2C200&ssl=1","width":350,"height":200,"srcset":"https:\/\/i0.wp.com\/www.grieta.org.mx\/wp-content\/uploads\/2018\/03\/14524434_1106112876131411_958039263622046936_o.jpg?resize=350%2C200&ssl=1 1x, https:\/\/i0.wp.com\/www.grieta.org.mx\/wp-content\/uploads\/2018\/03\/14524434_1106112876131411_958039263622046936_o.jpg?resize=525%2C300&ssl=1 1.5x, https:\/\/i0.wp.com\/www.grieta.org.mx\/wp-content\/uploads\/2018\/03\/14524434_1106112876131411_958039263622046936_o.jpg?resize=700%2C400&ssl=1 2x"},"classes":[]}],"_links":{"self":[{"href":"https:\/\/www.grieta.org.mx\/index.php\/wp-json\/wp\/v2\/posts\/66955","targetHints":{"allow":["GET"]}}],"collection":[{"href":"https:\/\/www.grieta.org.mx\/index.php\/wp-json\/wp\/v2\/posts"}],"about":[{"href":"https:\/\/www.grieta.org.mx\/index.php\/wp-json\/wp\/v2\/types\/post"}],"author":[{"embeddable":true,"href":"https:\/\/www.grieta.org.mx\/index.php\/wp-json\/wp\/v2\/users\/2"}],"replies":[{"embeddable":true,"href":"https:\/\/www.grieta.org.mx\/index.php\/wp-json\/wp\/v2\/comments?post=66955"}],"version-history":[{"count":1,"href":"https:\/\/www.grieta.org.mx\/index.php\/wp-json\/wp\/v2\/posts\/66955\/revisions"}],"predecessor-version":[{"id":66958,"href":"https:\/\/www.grieta.org.mx\/index.php\/wp-json\/wp\/v2\/posts\/66955\/revisions\/66958"}],"wp:featuredmedia":[{"embeddable":true,"href":"https:\/\/www.grieta.org.mx\/index.php\/wp-json\/wp\/v2\/media\/37689"}],"wp:attachment":[{"href":"https:\/\/www.grieta.org.mx\/index.php\/wp-json\/wp\/v2\/media?parent=66955"}],"wp:term":[{"taxonomy":"category","embeddable":true,"href":"https:\/\/www.grieta.org.mx\/index.php\/wp-json\/wp\/v2\/categories?post=66955"},{"taxonomy":"post_tag","embeddable":true,"href":"https:\/\/www.grieta.org.mx\/index.php\/wp-json\/wp\/v2\/tags?post=66955"}],"curies":[{"name":"wp","href":"https:\/\/api.w.org\/{rel}","templated":true}]}}