{"id":66947,"date":"2023-05-18T13:04:33","date_gmt":"2023-05-18T19:04:33","guid":{"rendered":"https:\/\/www.grieta.org.mx\/?p=66947"},"modified":"2023-05-21T13:13:38","modified_gmt":"2023-05-21T19:13:38","slug":"amenazan-de-muerte-a-dos-defensores-en-oaxaca-por-denunciar-al-cartel-del-despojo","status":"publish","type":"post","link":"https:\/\/www.grieta.org.mx\/index.php\/2023\/05\/18\/amenazan-de-muerte-a-dos-defensores-en-oaxaca-por-denunciar-al-cartel-del-despojo\/","title":{"rendered":"Amenazan de muerte a dos defensores en Oaxaca por denunciar al cartel del despojo"},"content":{"rendered":"<p>Imagen: Diana Manzo<\/p>\n<p><strong>Dos defensores del territorio en el Istmo de Tehuantepec recibieron amenaza por \u00abel c\u00e1rtel del despojo\u00bb, un grupo que arrebata tierras de uso com\u00fan para, presuntamente, entregarlas a las obras del Corredor Interoce\u00e1nico<\/strong><\/p>\n<p>Diana Manzo \u00cftsmo Express \/ Pie de P\u00e1gina<\/p>\n<p>OAXACA. \u2013 Elliot Escobar G\u00f3mez y Javier Aluz Mancera, ambos defensores de la tierra y el territorio que luchan contra el cartel del despojo en el Istmo de Tehuantepec denunciaron amenazas de muerte, que han recibido en las ultimas semanas incluyendo a sus familiares.<\/p>\n<p>Se\u00f1alaron que las amenazas han ido creciendo en los \u00faltimos d\u00edas, por lo que alertaron a las instancias de protecci\u00f3n para que les brinden mayor seguridad.<\/p>\n<p>Ambos defensores han denunciado p\u00fablicamente a los hermanos Sergio y Anastasio Guti\u00e9rrez Garc\u00eda por despojar tierras de uso com\u00fan de la comunidad agraria de Santa Mar\u00eda Tagolaba para destinarlo a las obras del Corredor Interoce\u00e1nico del Istmo de Tehuantepec como lo es una estaci\u00f3n de tren y un patio de maniobras del tren que circular\u00e1 de Salina cruz al puerto de Coatzacoalcos.<\/p>\n<p>Elliot Escobar, representante a nivel estatal de la agrupaci\u00f3n \u201cSol Rojo\u201d est\u00e1 integrado dentro del Mecanismo de Protecci\u00f3n para personas defensoras y periodistas adscrito a la Secretaria de Gobernaci\u00f3n (Segob), sin embargo recalc\u00f3 que su vida corre peligro.<\/p>\n<p>\u201cYo solo tengo un bot\u00f3n de protecci\u00f3n para alertar en caso de estar inseguro, pero no tengo protecci\u00f3n de elementos de seguridad, y eso me pone vulnerable, las amenazas creemos vienen de parte de estos dos se\u00f1ores, quienes gozan de impunidad y de libertad a pesar de que son los que violentan\u201d, inform\u00f3.<\/p>\n<p>Dijo que las amenazas han crecido tanto a trav\u00e9s de llamadas y mensajes telef\u00f3nicos, pero tambi\u00e9n se ha visto personas rondando su vivienda, por lo que los responsabilizaron de lo que les ocurra.<\/p>\n<p>\u201cEllos nos quieren intimidar para que dejemos de exigir las tierras de nuestros compa\u00f1eros, ellos han despojado mucho territorio, son integrantes del c\u00e1rtel del despojo, pero lo peor es qu\u00e9 hay impunidad\u201d.<\/p>\n<p>Se\u00f1alaron que a ra\u00edz del conflicto agrario, un comunero fue asesinado por defender sus tierras, otro m\u00e1s herido y otro encarcelado por exigir lo justo.<\/p>\n<p>Elliot Escobar dijo que ya inform\u00f3 al mecanismo de protecci\u00f3n y supuestamente ya el gobierno estatal est\u00e1 informado, pero hasta el momento no hay seguridad que garantice su vida.<\/p>\n<p>\u201cEstamos esperando respuesta del Mecanismo, porque como defensores nuestra lucha no termina, y este megaproyecto del Corredor Interoce\u00e1nico sabemos que genera violencia, conflictos y asesinatos, porque es la lucha por el poder, sin embargo no vamos a permitir que pase el c\u00e1rtel del despojo y le quiten a los comuneros, quienes son due\u00f1os de las tierras, sus propiedades\u201d dijeron.<\/p>\n<p>Finalmente recalcaron que seguir\u00e1n en su lucha y que esta alerta es para informar a los organismos civiles que los persiguen por defender la verdad, la justicia y la defensa siempre de los derechos humanos.<\/p>\n<p><a href=\"https:\/\/piedepagina.mx\/amenazan-de-muerte-a-dos-defensores-en-oaxaca-por-denunciar-al-cartel-del-despojo\/\">https:\/\/piedepagina.mx\/amenazan-de-muerte-a-dos-defensores-en-oaxaca-por-denunciar-al-cartel-del-despojo\/<\/a><\/p>\n","protected":false},"excerpt":{"rendered":"<p>Imagen: Diana Manzo Dos defensores del territorio en el Istmo de Tehuantepec recibieron amenaza por \u00abel c\u00e1rtel del despojo\u00bb, un grupo que arrebata tierras de uso com\u00fan para, presuntamente, entregarlas &hellip; <a href=\"https:\/\/www.grieta.org.mx\/index.php\/2023\/05\/18\/amenazan-de-muerte-a-dos-defensores-en-oaxaca-por-denunciar-al-cartel-del-despojo\/\" class=\"more-link\">Leer m\u00e1s<\/a><\/p>\n","protected":false},"author":2,"featured_media":66948,"comment_status":"closed","ping_status":"closed","sticky":false,"template":"","format":"standard","meta":{"ngg_post_thumbnail":0,"_jetpack_newsletter_access":"","_jetpack_dont_email_post_to_subs":false,"_jetpack_newsletter_tier_id":0,"_jetpack_memberships_contains_paywalled_content":false,"_jetpack_memberships_contains_paid_content":false,"footnotes":""},"categories":[80,1358,1708,1948,1278,3,922,941,2,25,83],"tags":[2860,3614,628,2793,2311,4135,3703,2528,3056],"class_list":["post-66947","post","type-post","status-publish","format-standard","has-post-thumbnail","hentry","category-cintillo","category-conflictos-por-megaproyectos-en-oaxaca","category-corredor-del-istmo-de-tehuantepec","category-corredor-transistmico","category-despojo-de-tierras-y-territorios","category-megaproyectos","category-megaproyectos-estados","category-mp-oaxaca","category-noticias-nacionales","category-oaxaca","category-temas-nacionales","tag-amenazas-contra-activistas","tag-corredor-interoceanico","tag-defensa-del-territorio","tag-defensores-territorio","tag-despojo-de-tierras","tag-itsmo","tag-lucha-contra-megapoyectos","tag-resistencia-contra-megaproyectos","tag-transistmico","entry"],"jetpack_featured_media_url":"https:\/\/www.grieta.org.mx\/wp-content\/uploads\/2023\/05\/defensor_oaxaca_amenazas_Diana_manzo.jpg","jetpack_sharing_enabled":true,"jetpack_shortlink":"https:\/\/wp.me\/p7ZJR4-hpN","jetpack_likes_enabled":false,"jetpack-related-posts":[{"id":65676,"url":"https:\/\/www.grieta.org.mx\/index.php\/2022\/10\/28\/matan-a-comunero-y-atentan-contra-dirigente-del-colectivo-sol-rojo-en-el-istmo-oaxaqueno-ambos-opositores-del-corredor-interoceanico-oaxaca\/","url_meta":{"origin":66947,"position":0},"title":"Matan a comunero y atentan contra dirigente del colectivo \u201cSol Rojo\u201d en el Istmo oaxaque\u00f1o ; ambos opositores del corredor interoce\u00e1nico (Oaxaca)","author":"grieta","date":"28 octubre, 2022","format":false,"excerpt":"Imagen: Especial Diana Manzo \/ Agencia de Noticias IstmoPress #Tehuantepec 28 Oct (#Istmopress) \u2013 Ayer por la noche, Jes\u00fas Manuel Garc\u00eda Mart\u00ednez, comunero zapoteca de la comunidad agraria de Santa Cruz Tagolaba conocido tambi\u00e9n como \u201cChu Pau\u201d, fue asesinado por un grupo de personas armadas, quienes interrumpieron su domicilio en\u2026","rel":"","context":"En &quot;CINTILLO&quot;","block_context":{"text":"CINTILLO","link":"https:\/\/www.grieta.org.mx\/index.php\/category\/cintillo\/"},"img":{"alt_text":"","src":"https:\/\/i0.wp.com\/www.grieta.org.mx\/wp-content\/uploads\/2022\/11\/BSZASRZZ5NG2DO2KEHU5OFYRNI.webp?resize=350%2C200&ssl=1","width":350,"height":200,"srcset":"https:\/\/i0.wp.com\/www.grieta.org.mx\/wp-content\/uploads\/2022\/11\/BSZASRZZ5NG2DO2KEHU5OFYRNI.webp?resize=350%2C200&ssl=1 1x, https:\/\/i0.wp.com\/www.grieta.org.mx\/wp-content\/uploads\/2022\/11\/BSZASRZZ5NG2DO2KEHU5OFYRNI.webp?resize=525%2C300&ssl=1 1.5x, https:\/\/i0.wp.com\/www.grieta.org.mx\/wp-content\/uploads\/2022\/11\/BSZASRZZ5NG2DO2KEHU5OFYRNI.webp?resize=700%2C400&ssl=1 2x"},"classes":[]},{"id":65997,"url":"https:\/\/www.grieta.org.mx\/index.php\/2022\/12\/14\/ven-en-el-interoceanico-proyecto-de-saqueo-y-despojo-apiidtt-15-anos-de-lucha-y-resistencia-por-la-vida-oaxaca\/","url_meta":{"origin":66947,"position":1},"title":"Ven en el Interoce\u00e1nico proyecto de saqueo y despojo, APIIDTT 15 a\u00f1os de lucha y resistencia por la vida (Oaxaca)","author":"grieta","date":"14 diciembre, 2022","format":false,"excerpt":"Imagen: Cortes\u00eda Gerardo Valdivieso Parada \/ NVINoticias SAN BLAS ATEMPA, Oaxaca.- Integrantes de la Asamblea de los Pueblos Ind\u00edgenas del Istmo en Defensa de la Tierra y el Territorio (APIIDTT) conmemoraron 15 a\u00f1os \u201cen este caminar de lucha y resistencia por la defensa de la vida, tierra y territorio\u201d. En\u2026","rel":"","context":"En &quot;5. Istmo&quot;","block_context":{"text":"5. Istmo","link":"https:\/\/www.grieta.org.mx\/index.php\/category\/espejos-de-la-resistencia\/5-istmo\/"},"img":{"alt_text":"","src":"https:\/\/i0.wp.com\/www.grieta.org.mx\/wp-content\/uploads\/2022\/12\/proyecto_interoceanico.webp?resize=350%2C200&ssl=1","width":350,"height":200,"srcset":"https:\/\/i0.wp.com\/www.grieta.org.mx\/wp-content\/uploads\/2022\/12\/proyecto_interoceanico.webp?resize=350%2C200&ssl=1 1x, https:\/\/i0.wp.com\/www.grieta.org.mx\/wp-content\/uploads\/2022\/12\/proyecto_interoceanico.webp?resize=525%2C300&ssl=1 1.5x, https:\/\/i0.wp.com\/www.grieta.org.mx\/wp-content\/uploads\/2022\/12\/proyecto_interoceanico.webp?resize=700%2C400&ssl=1 2x"},"classes":[]},{"id":67028,"url":"https:\/\/www.grieta.org.mx\/index.php\/2023\/06\/15\/comunidad-indigena-binniza-de-puente-madera-detiene-polo-de-desarrollo-del-corredor-interoceanico-del-istmo-de-tehuantepec\/","url_meta":{"origin":66947,"position":2},"title":"Comunidad ind\u00edgena Binniza de Puente Madera detiene Polo de Desarrollo del Corredor Interoce\u00e1nico del Istmo de Tehuantepec (Oaxaca)","author":"grieta","date":"15 junio, 2023","format":false,"excerpt":"Imagen: P\u00e1gina 3 Pedro Mat\u00edas \/ P\u00e1gina 3 OAXACA, Oax. (pagina3.mx).- La comunidad ind\u00edgena Binniza de Puente Madera logr\u00f3 detener mediante un juicio de amparo el Polo de Desarrollo para el Bienestar en San Blas Atempa que pretende imponer el presidente Andr\u00e9s Manuel L\u00f3pez Obrador como parte del Corredor Interoce\u00e1nico\u2026","rel":"","context":"En &quot;5. Istmo&quot;","block_context":{"text":"5. Istmo","link":"https:\/\/www.grieta.org.mx\/index.php\/category\/espejos-de-la-resistencia\/5-istmo\/"},"img":{"alt_text":"","src":"https:\/\/i0.wp.com\/www.grieta.org.mx\/wp-content\/uploads\/2023\/06\/IMG_4332.webp?resize=350%2C200&ssl=1","width":350,"height":200,"srcset":"https:\/\/i0.wp.com\/www.grieta.org.mx\/wp-content\/uploads\/2023\/06\/IMG_4332.webp?resize=350%2C200&ssl=1 1x, https:\/\/i0.wp.com\/www.grieta.org.mx\/wp-content\/uploads\/2023\/06\/IMG_4332.webp?resize=525%2C300&ssl=1 1.5x"},"classes":[]},{"id":68485,"url":"https:\/\/www.grieta.org.mx\/index.php\/2024\/02\/12\/dan-46-anos-de-carcel-a-activista-comunitario-que-se-opuso-al-corredor-interoceanico-oaxaca\/","url_meta":{"origin":66947,"position":3},"title":"Dan 46 a\u00f1os de c\u00e1rcel a activista comunitario que se opuso al Corredor Interoce\u00e1nico (Oaxaca)","author":"grieta","date":"12 febrero, 2024","format":false,"excerpt":"Imagen: Diana Manzo Diana Manzo \/Istmo Press OAXACA. -Un juez de Oaxaca dict\u00f3 sentencia por 46 a\u00f1os y seis meses de prisi\u00f3n a David Hern\u00e1ndez Salazar, defensor comunitario binniz\u00e1 (zapoteco), que se opuso al Polo de Desarrollo industrial del Corredor Interoce\u00e1nico del Istmo de Tehuantepec en su comunidad, Puente Madera,\u2026","rel":"","context":"En &quot;5. Istmo&quot;","block_context":{"text":"5. Istmo","link":"https:\/\/www.grieta.org.mx\/index.php\/category\/espejos-de-la-resistencia\/5-istmo\/"},"img":{"alt_text":"","src":"https:\/\/i0.wp.com\/www.grieta.org.mx\/wp-content\/uploads\/2024\/02\/activista_agua_David_Hernandez_Diana_Manzo.jpg?resize=350%2C200&ssl=1","width":350,"height":200,"srcset":"https:\/\/i0.wp.com\/www.grieta.org.mx\/wp-content\/uploads\/2024\/02\/activista_agua_David_Hernandez_Diana_Manzo.jpg?resize=350%2C200&ssl=1 1x, https:\/\/i0.wp.com\/www.grieta.org.mx\/wp-content\/uploads\/2024\/02\/activista_agua_David_Hernandez_Diana_Manzo.jpg?resize=525%2C300&ssl=1 1.5x, https:\/\/i0.wp.com\/www.grieta.org.mx\/wp-content\/uploads\/2024\/02\/activista_agua_David_Hernandez_Diana_Manzo.jpg?resize=700%2C400&ssl=1 2x"},"classes":[]},{"id":67357,"url":"https:\/\/www.grieta.org.mx\/index.php\/2023\/07\/23\/derribaran-200-arboles-para-construir-obra-de-corredor-interoceanico-oaxaca\/","url_meta":{"origin":66947,"position":4},"title":"Derribar\u00e1n 200 \u00e1rboles para construir obra de Corredor Interoce\u00e1nico (Oaxaca)","author":"grieta","date":"23 julio, 2023","format":false,"excerpt":"Imagen: cortes\u00eda de Edwin Meneses Sin un anuncio oficial, trabajadores de la empresa que construyen en un tramo del Corredor Interoc\u00e9anico anunciaron a habitantes del Istmo de Tehuantepec que derribar\u00e1n 200 \u00e1rboles, a cambio prometen construir un parque Diana Manzo \/ Istmo Press \/ P\u00ede de P\u00e1gina OAXACA. \u2013 Sin\u2026","rel":"","context":"En &quot;CINTILLO&quot;","block_context":{"text":"CINTILLO","link":"https:\/\/www.grieta.org.mx\/index.php\/category\/cintillo\/"},"img":{"alt_text":"","src":"https:\/\/i0.wp.com\/www.grieta.org.mx\/wp-content\/uploads\/2023\/08\/IstmoPressarboles_Istmo_Edwin_Meneses.jpg?resize=350%2C200&ssl=1","width":350,"height":200,"srcset":"https:\/\/i0.wp.com\/www.grieta.org.mx\/wp-content\/uploads\/2023\/08\/IstmoPressarboles_Istmo_Edwin_Meneses.jpg?resize=350%2C200&ssl=1 1x, https:\/\/i0.wp.com\/www.grieta.org.mx\/wp-content\/uploads\/2023\/08\/IstmoPressarboles_Istmo_Edwin_Meneses.jpg?resize=525%2C300&ssl=1 1.5x, https:\/\/i0.wp.com\/www.grieta.org.mx\/wp-content\/uploads\/2023\/08\/IstmoPressarboles_Istmo_Edwin_Meneses.jpg?resize=700%2C400&ssl=1 2x"},"classes":[]},{"id":69275,"url":"https:\/\/www.grieta.org.mx\/index.php\/2024\/06\/17\/despoja-marina-cerro-a-juchitan-oaxaca-para-beneficiar-obra-de-linea-k-del-interoceanico\/","url_meta":{"origin":66947,"position":5},"title":"Despoja Marina cerro a Juchit\u00e1n, Oaxaca para beneficiar obra de L\u00ednea K del Interoce\u00e1nico","author":"grieta","date":"17 junio, 2024","format":false,"excerpt":"Imagen: Edgar Mar\u00edn Diana Manzo \/ Agencia de Noticias IstmoPress #Juchit\u00e1n 17 Jun (#Istmopress) \u2013 Sin importar que exista un amparo federal que ordena la no extracci\u00f3n de roca del cerro del Estero Gui\u00e9 \u2013 hogar de aves y donde existe una amplia biodiversidad- en el municipio de Juchit\u00e1n, Oaxaca,\u2026","rel":"","context":"En &quot;5. Istmo&quot;","block_context":{"text":"5. Istmo","link":"https:\/\/www.grieta.org.mx\/index.php\/category\/espejos-de-la-resistencia\/5-istmo\/"},"img":{"alt_text":"","src":"https:\/\/i0.wp.com\/www.grieta.org.mx\/wp-content\/uploads\/2024\/07\/1718682209188-800x445-1.jpg?resize=350%2C200&ssl=1","width":350,"height":200,"srcset":"https:\/\/i0.wp.com\/www.grieta.org.mx\/wp-content\/uploads\/2024\/07\/1718682209188-800x445-1.jpg?resize=350%2C200&ssl=1 1x, https:\/\/i0.wp.com\/www.grieta.org.mx\/wp-content\/uploads\/2024\/07\/1718682209188-800x445-1.jpg?resize=525%2C300&ssl=1 1.5x, https:\/\/i0.wp.com\/www.grieta.org.mx\/wp-content\/uploads\/2024\/07\/1718682209188-800x445-1.jpg?resize=700%2C400&ssl=1 2x"},"classes":[]}],"_links":{"self":[{"href":"https:\/\/www.grieta.org.mx\/index.php\/wp-json\/wp\/v2\/posts\/66947","targetHints":{"allow":["GET"]}}],"collection":[{"href":"https:\/\/www.grieta.org.mx\/index.php\/wp-json\/wp\/v2\/posts"}],"about":[{"href":"https:\/\/www.grieta.org.mx\/index.php\/wp-json\/wp\/v2\/types\/post"}],"author":[{"embeddable":true,"href":"https:\/\/www.grieta.org.mx\/index.php\/wp-json\/wp\/v2\/users\/2"}],"replies":[{"embeddable":true,"href":"https:\/\/www.grieta.org.mx\/index.php\/wp-json\/wp\/v2\/comments?post=66947"}],"version-history":[{"count":1,"href":"https:\/\/www.grieta.org.mx\/index.php\/wp-json\/wp\/v2\/posts\/66947\/revisions"}],"predecessor-version":[{"id":66949,"href":"https:\/\/www.grieta.org.mx\/index.php\/wp-json\/wp\/v2\/posts\/66947\/revisions\/66949"}],"wp:featuredmedia":[{"embeddable":true,"href":"https:\/\/www.grieta.org.mx\/index.php\/wp-json\/wp\/v2\/media\/66948"}],"wp:attachment":[{"href":"https:\/\/www.grieta.org.mx\/index.php\/wp-json\/wp\/v2\/media?parent=66947"}],"wp:term":[{"taxonomy":"category","embeddable":true,"href":"https:\/\/www.grieta.org.mx\/index.php\/wp-json\/wp\/v2\/categories?post=66947"},{"taxonomy":"post_tag","embeddable":true,"href":"https:\/\/www.grieta.org.mx\/index.php\/wp-json\/wp\/v2\/tags?post=66947"}],"curies":[{"name":"wp","href":"https:\/\/api.w.org\/{rel}","templated":true}]}}