{"id":66941,"date":"2023-05-18T12:18:00","date_gmt":"2023-05-18T18:18:00","guid":{"rendered":"https:\/\/www.grieta.org.mx\/?p=66941"},"modified":"2023-05-21T12:31:42","modified_gmt":"2023-05-21T18:31:42","slug":"incrementa-a-45-los-cadaveres-exhumados-de-fosas-clandestinas-en-cerro-de-ortega","status":"publish","type":"post","link":"https:\/\/www.grieta.org.mx\/index.php\/2023\/05\/18\/incrementa-a-45-los-cadaveres-exhumados-de-fosas-clandestinas-en-cerro-de-ortega\/","title":{"rendered":"Incrementa a 45, los cad\u00e1veres exhumados de fosas clandestinas en Cerro de Ortega (Colima)"},"content":{"rendered":"<p>Imagen: Diario avanzada<\/p>\n<p>Redacci\u00f3n\u00a0 \/ Diario Avanzada<\/p>\n<p>Colima, M\u00e9xico, Comunicado (18\/05\/2023).- La Fiscal\u00eda General del Estado (FGE), a trav\u00e9s de la Fiscal\u00eda Especializada en Desaparici\u00f3n de Personas y en coordinaci\u00f3n con la Comisi\u00f3n Estatal de B\u00fasqueda de Personas, como es del conocimiento de la poblaci\u00f3n, intervino una zona para b\u00fasqueda y localizaci\u00f3n de fosas clandestinas en la comunidad de Cerro de Ortega del municipio de Tecom\u00e1n, cuyos primeros resultados se informaron el pasado 27 de abril del a\u00f1o en curso donde se contin\u00faa con este operativo de b\u00fasqueda.<\/p>\n<p>Derivado del trabajo de investigaci\u00f3n, b\u00fasqueda y trabajo de inteligencia, hasta el momento se informa la localizaci\u00f3n de 25 fosas clandestinas y la recuperaci\u00f3n de 45 restos humanos y\/o restos \u00f3seos en la zona; la exhumaci\u00f3n de los cuerpos se realiza por personal especializado de la Direcci\u00f3n de Servicios Periciales en colaboraci\u00f3n con personal interdisciplinario de la Comisi\u00f3n Nacional de B\u00fasqueda de Personas para llevar a cabo los procesos cient\u00edficos y legales de verificaci\u00f3n y confronta, con el objetivo de dar certeza a las familias e identidad a las personas fallecidas no identificadas, garantizando con ello sus derechos a la verdad y de dignidad p\u00f3stuma.<\/p>\n<p><a href=\"https:\/\/www.diarioavanzada.com.mx\/?p=43001\">https:\/\/www.diarioavanzada.com.mx\/?p=43001<\/a><\/p>\n","protected":false},"excerpt":{"rendered":"<p>Imagen: Diario avanzada Redacci\u00f3n\u00a0 \/ Diario Avanzada Colima, M\u00e9xico, Comunicado (18\/05\/2023).- La Fiscal\u00eda General del Estado (FGE), a trav\u00e9s de la Fiscal\u00eda Especializada en Desaparici\u00f3n de Personas y en coordinaci\u00f3n &hellip; <a href=\"https:\/\/www.grieta.org.mx\/index.php\/2023\/05\/18\/incrementa-a-45-los-cadaveres-exhumados-de-fosas-clandestinas-en-cerro-de-ortega\/\" class=\"more-link\">Leer m\u00e1s<\/a><\/p>\n","protected":false},"author":2,"featured_media":66942,"comment_status":"closed","ping_status":"closed","sticky":false,"template":"","format":"standard","meta":{"ngg_post_thumbnail":0,"_jetpack_newsletter_access":"","_jetpack_dont_email_post_to_subs":false,"_jetpack_newsletter_tier_id":0,"_jetpack_memberships_contains_paywalled_content":false,"_jetpack_memberships_contains_paid_content":false,"footnotes":""},"categories":[80,13,87,1829,2,83],"tags":[3700,1828,121,3775,856],"class_list":["post-66941","post","type-post","status-publish","format-standard","has-post-thumbnail","hentry","category-cintillo","category-colima","category-desaparecidos","category-desaparecidos-en-colima","category-noticias-nacionales","category-temas-nacionales","tag-aumento-desaparecidos","tag-busqueda-de-desaparecidos","tag-desaparecidos","tag-estadisticas-de-desaparecidos","tag-fosas-clandestinas","entry"],"jetpack_featured_media_url":"https:\/\/www.grieta.org.mx\/wp-content\/uploads\/2023\/05\/image-237.png","jetpack_sharing_enabled":true,"jetpack_shortlink":"https:\/\/wp.me\/p7ZJR4-hpH","jetpack_likes_enabled":false,"jetpack-related-posts":[{"id":52730,"url":"https:\/\/www.grieta.org.mx\/index.php\/2020\/08\/15\/otra-masacre-suman-31-cadaveres-encontrados-en-una-limonera-en-tecoman-colima\/","url_meta":{"origin":66941,"position":0},"title":"Otra masacre, suman 31 cad\u00e1veres encontrados en una limonera en Tecom\u00e1n (Colima)","author":"grieta","date":"15 agosto, 2020","format":false,"excerpt":"Foto: Diario Avanzada Redacci\u00f3n \/ Diario Avanzada TLANESI, Col.- Con un total de 31 cad\u00e1veres exhumados, concluy\u00f3 la b\u00fasqueda en fosas clandestinas localizadas en el municipio de Tecom\u00e1n, inform\u00f3 el portal de noticias de la revista Proceso. Aunque el pasado martes 11 la Fiscal\u00eda General del Estado (FGE) dio a\u2026","rel":"","context":"En &quot;CINTILLO&quot;","block_context":{"text":"CINTILLO","link":"https:\/\/www.grieta.org.mx\/index.php\/category\/cintillo\/"},"img":{"alt_text":"","src":"https:\/\/i0.wp.com\/www.grieta.org.mx\/wp-content\/uploads\/2020\/08\/Fosas-Clandestinas-1.jpg?resize=350%2C200&ssl=1","width":350,"height":200,"srcset":"https:\/\/i0.wp.com\/www.grieta.org.mx\/wp-content\/uploads\/2020\/08\/Fosas-Clandestinas-1.jpg?resize=350%2C200&ssl=1 1x, https:\/\/i0.wp.com\/www.grieta.org.mx\/wp-content\/uploads\/2020\/08\/Fosas-Clandestinas-1.jpg?resize=525%2C300&ssl=1 1.5x, https:\/\/i0.wp.com\/www.grieta.org.mx\/wp-content\/uploads\/2020\/08\/Fosas-Clandestinas-1.jpg?resize=700%2C400&ssl=1 2x"},"classes":[]},{"id":68482,"url":"https:\/\/www.grieta.org.mx\/index.php\/2024\/02\/08\/colectivos-de-busqueda-de-personas-mencionan-que-autoridades-no-han-dado-informacion-sobre-fosas-clandestinas-en-ixtlahuacan-colima\/","url_meta":{"origin":66941,"position":1},"title":"Colectivos de b\u00fasqueda de personas mencionan que autoridades no han dado informaci\u00f3n sobre fosas clandestinas en Ixtlahuac\u00e1n (Colima)","author":"grieta","date":"8 febrero, 2024","format":false,"excerpt":"Imagen: Diario Avanzada Heidi de Le\u00f3n Guti\u00e9rrez \/ Diario Avanzada Compartir: FacebookTwitterMessengerWhatsAppTelegramCompartir Colima, M\u00e9xico, Avanzada (08\/02\/2024).- Las autoridades federales y locales no han emitido ninguna informaci\u00f3n sobre el operativo que se llev\u00f3 a cabo en la poblaci\u00f3n de Agua de la Virgen en Ixtlahuac\u00e1n a pesar de que ya transcurrieron\u2026","rel":"","context":"En &quot;CINTILLO&quot;","block_context":{"text":"CINTILLO","link":"https:\/\/www.grieta.org.mx\/index.php\/category\/cintillo\/"},"img":{"alt_text":"","src":"https:\/\/i0.wp.com\/www.grieta.org.mx\/wp-content\/uploads\/2024\/02\/fosas-clandestinas.jpeg?resize=350%2C200&ssl=1","width":350,"height":200,"srcset":"https:\/\/i0.wp.com\/www.grieta.org.mx\/wp-content\/uploads\/2024\/02\/fosas-clandestinas.jpeg?resize=350%2C200&ssl=1 1x, https:\/\/i0.wp.com\/www.grieta.org.mx\/wp-content\/uploads\/2024\/02\/fosas-clandestinas.jpeg?resize=525%2C300&ssl=1 1.5x"},"classes":[]},{"id":65142,"url":"https:\/\/www.grieta.org.mx\/index.php\/2022\/09\/05\/tecoman-el-municipio-con-mas-fosas-clandestinas-en-el-pais-colima\/","url_meta":{"origin":66941,"position":2},"title":"Tecom\u00e1n, el municipio con m\u00e1s fosas clandestinas en el pa\u00eds (Colima)","author":"grieta","date":"5 septiembre, 2022","format":false,"excerpt":"Imagen: Diario Avanzada Redacci\u00f3n \/ Diario Avanzada Colima, M\u00e9xico, Avanzada (05\/09\/2022).- Este fin de semana, la Fiscal\u00eda General del Estado reconoci\u00f3 la localizaci\u00f3n de seis cuerpos sin vida y restos humanos en fosas clandestinas en la comunidad de Caleras,\u00a0en el municipio de Tecom\u00e1n. Unos meses antes,\u00a0en Tecolapa, en el mismo\u2026","rel":"","context":"En &quot;CINTILLO&quot;","block_context":{"text":"CINTILLO","link":"https:\/\/www.grieta.org.mx\/index.php\/category\/cintillo\/"},"img":{"alt_text":"","src":"https:\/\/i0.wp.com\/www.grieta.org.mx\/wp-content\/uploads\/2022\/09\/Fosas-Clandestinas.jpg?resize=350%2C200&ssl=1","width":350,"height":200,"srcset":"https:\/\/i0.wp.com\/www.grieta.org.mx\/wp-content\/uploads\/2022\/09\/Fosas-Clandestinas.jpg?resize=350%2C200&ssl=1 1x, https:\/\/i0.wp.com\/www.grieta.org.mx\/wp-content\/uploads\/2022\/09\/Fosas-Clandestinas.jpg?resize=525%2C300&ssl=1 1.5x, https:\/\/i0.wp.com\/www.grieta.org.mx\/wp-content\/uploads\/2022\/09\/Fosas-Clandestinas.jpg?resize=700%2C400&ssl=1 2x"},"classes":[]},{"id":68098,"url":"https:\/\/www.grieta.org.mx\/index.php\/2023\/10\/30\/colima-el-estado-de-las-fosas-clandestinas\/","url_meta":{"origin":66941,"position":3},"title":"Colima, el estado de las fosas clandestinas","author":"grieta","date":"30 octubre, 2023","format":false,"excerpt":"Imagen: Diario Avanzada Heidi de Le\u00f3n Guti\u00e9rrez \/ Diario Avanzada Colima, M\u00e9xico, Avanzada (30\/10\/2023).-\u00a0Una llamada an\u00f3nima, o el cateo de un predio ha sido el inicio de una de las tantas tragedias que se cuentan en Colima: la localizaci\u00f3n de cad\u00e1veres\u00a0enterrados de manera ilegal y cuya identificaci\u00f3n, en la mayor\u00eda\u2026","rel":"","context":"En &quot;CINTILLO&quot;","block_context":{"text":"CINTILLO","link":"https:\/\/www.grieta.org.mx\/index.php\/category\/cintillo\/"},"img":{"alt_text":"","src":"https:\/\/i0.wp.com\/www.grieta.org.mx\/wp-content\/uploads\/2023\/11\/Fosas-Clandestinas.jpg?resize=350%2C200&ssl=1","width":350,"height":200,"srcset":"https:\/\/i0.wp.com\/www.grieta.org.mx\/wp-content\/uploads\/2023\/11\/Fosas-Clandestinas.jpg?resize=350%2C200&ssl=1 1x, https:\/\/i0.wp.com\/www.grieta.org.mx\/wp-content\/uploads\/2023\/11\/Fosas-Clandestinas.jpg?resize=525%2C300&ssl=1 1.5x, https:\/\/i0.wp.com\/www.grieta.org.mx\/wp-content\/uploads\/2023\/11\/Fosas-Clandestinas.jpg?resize=700%2C400&ssl=1 2x"},"classes":[]},{"id":57269,"url":"https:\/\/www.grieta.org.mx\/index.php\/2021\/02\/23\/crece-el-panteon-clandestino-mas-hallazgos-de-fosas-en-colima\/","url_meta":{"origin":66941,"position":4},"title":"Crece el pante\u00f3n clandestino: m\u00e1s hallazgos de fosas en Colima","author":"grieta","date":"23 febrero, 2021","format":false,"excerpt":"Imagen: Diario Avanzada Redacci\u00f3n \/ Diario Avanzada Colima, M\u00e9xico, Avanzada (23\/02\/2021).- Convertido en un creciente pante\u00f3n clandestino, Colima suma cada vez m\u00e1s fosas en su territorio con cuerpos de personas sepultados de manera irregular, todos ellos desaparecidos. El m\u00e1s reciente hallazgo fue el realizado la tarde de este domingo 21\u2026","rel":"","context":"En &quot;CINTILLO&quot;","block_context":{"text":"CINTILLO","link":"https:\/\/www.grieta.org.mx\/index.php\/category\/cintillo\/"},"img":{"alt_text":"","src":"https:\/\/i0.wp.com\/www.grieta.org.mx\/wp-content\/uploads\/2021\/03\/c-m.png?resize=350%2C200&ssl=1","width":350,"height":200,"srcset":"https:\/\/i0.wp.com\/www.grieta.org.mx\/wp-content\/uploads\/2021\/03\/c-m.png?resize=350%2C200&ssl=1 1x, https:\/\/i0.wp.com\/www.grieta.org.mx\/wp-content\/uploads\/2021\/03\/c-m.png?resize=525%2C300&ssl=1 1.5x, https:\/\/i0.wp.com\/www.grieta.org.mx\/wp-content\/uploads\/2021\/03\/c-m.png?resize=700%2C400&ssl=1 2x"},"classes":[]},{"id":66880,"url":"https:\/\/www.grieta.org.mx\/index.php\/2023\/04\/29\/tecoman-el-municipio-con-mas-fosas-clandestinas-colima\/","url_meta":{"origin":66941,"position":5},"title":"Tecom\u00e1n, el municipio con m\u00e1s fosas clandestinas (Colima)","author":"grieta","date":"29 abril, 2023","format":false,"excerpt":"Imagen: El Comentario de Colima Con el reciente hallazgo anunciado por la Fiscal\u00eda General del Estado (FGE), de\u00a010 fosas clandestinas\u00a0encontradas en la comunidad de Cerro de Ortega en el municipio de Tecom\u00e1n, donde fueron exhumados 26 restos \u00f3seos y la entidad suma 29\u00a0fosas clandestinas\u00a0encontradas y 44 cad\u00e1veres y un resto\u2026","rel":"","context":"En &quot;CINTILLO&quot;","block_context":{"text":"CINTILLO","link":"https:\/\/www.grieta.org.mx\/index.php\/category\/cintillo\/"},"img":{"alt_text":"","src":"https:\/\/i0.wp.com\/www.grieta.org.mx\/wp-content\/uploads\/2023\/04\/LOCAL-6-3-780x470-1.jpg?resize=350%2C200&ssl=1","width":350,"height":200,"srcset":"https:\/\/i0.wp.com\/www.grieta.org.mx\/wp-content\/uploads\/2023\/04\/LOCAL-6-3-780x470-1.jpg?resize=350%2C200&ssl=1 1x, https:\/\/i0.wp.com\/www.grieta.org.mx\/wp-content\/uploads\/2023\/04\/LOCAL-6-3-780x470-1.jpg?resize=525%2C300&ssl=1 1.5x, https:\/\/i0.wp.com\/www.grieta.org.mx\/wp-content\/uploads\/2023\/04\/LOCAL-6-3-780x470-1.jpg?resize=700%2C400&ssl=1 2x"},"classes":[]}],"_links":{"self":[{"href":"https:\/\/www.grieta.org.mx\/index.php\/wp-json\/wp\/v2\/posts\/66941","targetHints":{"allow":["GET"]}}],"collection":[{"href":"https:\/\/www.grieta.org.mx\/index.php\/wp-json\/wp\/v2\/posts"}],"about":[{"href":"https:\/\/www.grieta.org.mx\/index.php\/wp-json\/wp\/v2\/types\/post"}],"author":[{"embeddable":true,"href":"https:\/\/www.grieta.org.mx\/index.php\/wp-json\/wp\/v2\/users\/2"}],"replies":[{"embeddable":true,"href":"https:\/\/www.grieta.org.mx\/index.php\/wp-json\/wp\/v2\/comments?post=66941"}],"version-history":[{"count":1,"href":"https:\/\/www.grieta.org.mx\/index.php\/wp-json\/wp\/v2\/posts\/66941\/revisions"}],"predecessor-version":[{"id":66943,"href":"https:\/\/www.grieta.org.mx\/index.php\/wp-json\/wp\/v2\/posts\/66941\/revisions\/66943"}],"wp:featuredmedia":[{"embeddable":true,"href":"https:\/\/www.grieta.org.mx\/index.php\/wp-json\/wp\/v2\/media\/66942"}],"wp:attachment":[{"href":"https:\/\/www.grieta.org.mx\/index.php\/wp-json\/wp\/v2\/media?parent=66941"}],"wp:term":[{"taxonomy":"category","embeddable":true,"href":"https:\/\/www.grieta.org.mx\/index.php\/wp-json\/wp\/v2\/categories?post=66941"},{"taxonomy":"post_tag","embeddable":true,"href":"https:\/\/www.grieta.org.mx\/index.php\/wp-json\/wp\/v2\/tags?post=66941"}],"curies":[{"name":"wp","href":"https:\/\/api.w.org\/{rel}","templated":true}]}}