{"id":66922,"date":"2023-05-07T12:00:16","date_gmt":"2023-05-07T18:00:16","guid":{"rendered":"https:\/\/www.grieta.org.mx\/?p=66922"},"modified":"2023-05-13T12:15:26","modified_gmt":"2023-05-13T18:15:26","slug":"migrantes-perseguidos-en-yucatan-la-nueva-ruta-racista","status":"publish","type":"post","link":"https:\/\/www.grieta.org.mx\/index.php\/2023\/05\/07\/migrantes-perseguidos-en-yucatan-la-nueva-ruta-racista\/","title":{"rendered":"Migrantes perseguidos en Yucat\u00e1n, la nueva ruta racista"},"content":{"rendered":"<p>Texto: Herbeth Escalante \/ Fotos: Especial \/ Pie de P\u00e1gina<\/p>\n<blockquote><p>La dureza y militarizaci\u00f3n de las pol\u00edticas migratorias en M\u00e9xico ha orillado a que los migrantes busquen nuevas rutas para llegar a su destino. Ahora, pasan por Yucat\u00e1n, donde el gobierno les recibe con fuerza y criminalizaci\u00f3n<\/p><\/blockquote>\n<p>M\u00c9RIDA, YUCAT\u00c1N. \u2013 En los \u00faltimos dos meses, al menos 396 personas migrantes de pa\u00edses como la India, Brasil, Vietnam, Guatemala, Hait\u00ed, Rep\u00fablica Dominicana, Cuba y El Salvador, han sido aseguradas y criminalizadas en Yucat\u00e1n. En su b\u00fasqueda de nuevas rutas para llegar al Norte global, se encontraron con autoridades locales que los persiguen, que colocan retenes policiacos para impedir su ingreso y que usan drones para \u201ccazarlos\u201d en el monte.<\/p>\n<p>Como si se tratar\u00e1n de delincuentes, la Secretar\u00eda de Seguridad P\u00fablica (SSP) y corporaciones municipales intensifican operativos para detenerlos y, en cuesti\u00f3n de horas, ponerlos a disposici\u00f3n de las autoridades migratorias para expulsarlos del territorio yucateco.<\/p>\n<p>La narrativa del Estado, que se repite en la mayor\u00eda de los medios de comunicaci\u00f3n locales,  es que son \u201cindocumentados\u201d e \u201cilegales\u201d. Precisan que los retienen \u201cpor probables irregularidades en su ingreso al pa\u00eds\u201d. Argumentan que los aseguran como parte de las \u201crevisiones preventivas\u201d que realizan en las entradas y salidas de Yucat\u00e1n. Con esto, replican el discurso oficial de mantener los altos niveles de seguridad en la entidad.<\/p>\n<p>La SSP suele publicar en las cuentas oficiales de sus redes sociales fotograf\u00edas de las personas extranjeras detenidas, como si se trataran de actos heroicos para impedir la llegada de \u201cilegales\u201d. <\/p>\n<p>Las personas migrantes han sido aseguradas principalmente en M\u00e9rida, en la carretera federal que conecta a Campeche, as\u00ed como en los municipios de Um\u00e1n y Sey\u00e9. La gran mayor\u00eda son hombres, pero tambi\u00e9n viajan mujeres con ni\u00f1as y ni\u00f1os.<\/p>\n<p>Dichas personas extranjeras fueron localizadas cuando viajaban en autobuses de turismo, camionetas tipo Van o unidades colectivas de transporte. En al menos dos casos, los choferes que fung\u00edan de \u201ccoyotes\u201d los dejaron abandonados a su suerte en el camino.<\/p>\n<p>De acuerdo con autoridades estatales y federales, las personas migrantes provienen de los estados de Tabasco y Campeche y tienen como como destino Canc\u00fan, Quintana Roo, al parecer la \u00faltima \u201cparada\u201d rumbo a los pa\u00edses del Norte. Nunca antes se hab\u00eda visto una \u201cola migratoria\u201d como esta en Yucat\u00e1n, quiz\u00e1s por eso la polic\u00eda ha reforzado sus operativos, como para bloquear esta nueva ruta.<\/p>\n<p><img loading=\"lazy\" decoding=\"async\" data-attachment-id=\"66924\" data-permalink=\"https:\/\/www.grieta.org.mx\/index.php\/2023\/05\/07\/migrantes-perseguidos-en-yucatan-la-nueva-ruta-racista\/migrantes2-3\/\" data-orig-file=\"https:\/\/www.grieta.org.mx\/wp-content\/uploads\/2023\/05\/Migrantes2-e1684001289270.jpg\" data-orig-size=\"800,572\" data-comments-opened=\"0\" data-image-meta=\"{&quot;aperture&quot;:&quot;0&quot;,&quot;credit&quot;:&quot;&quot;,&quot;camera&quot;:&quot;&quot;,&quot;caption&quot;:&quot;&quot;,&quot;created_timestamp&quot;:&quot;0&quot;,&quot;copyright&quot;:&quot;&quot;,&quot;focal_length&quot;:&quot;0&quot;,&quot;iso&quot;:&quot;0&quot;,&quot;shutter_speed&quot;:&quot;0&quot;,&quot;title&quot;:&quot;&quot;,&quot;orientation&quot;:&quot;1&quot;}\" data-image-title=\"Migrantes2\" data-image-description=\"\" data-image-caption=\"\" data-medium-file=\"https:\/\/www.grieta.org.mx\/wp-content\/uploads\/2023\/05\/Migrantes2-e1684001289270-300x215.jpg\" data-large-file=\"https:\/\/www.grieta.org.mx\/wp-content\/uploads\/2023\/05\/Migrantes2-1024x732.jpg\" src=\"http:\/\/www.grieta.org.mx\/wp-content\/uploads\/2023\/05\/Migrantes2-e1684001289270.jpg\" alt=\"\" width=\"800\" height=\"572\" class=\"alignnone size-full wp-image-66924\" srcset=\"https:\/\/www.grieta.org.mx\/wp-content\/uploads\/2023\/05\/Migrantes2-e1684001289270.jpg 800w, https:\/\/www.grieta.org.mx\/wp-content\/uploads\/2023\/05\/Migrantes2-e1684001289270-300x215.jpg 300w, https:\/\/www.grieta.org.mx\/wp-content\/uploads\/2023\/05\/Migrantes2-e1684001289270-768x549.jpg 768w\" sizes=\"auto, (max-width: 800px) 100vw, 800px\" \/><\/p>\n<p>Yucat\u00e1n ahora es paso obligado<\/p>\n<p>Tras los  aseguramientos masivos, la delegada del Instituto Nacional de Migraci\u00f3n (INM), Carmen Yadira de los Santos Robledo, declar\u00f3 que no se trata de un flujo normal para Yucat\u00e1n y que todo parece indicar que dichos extranjeros est\u00e1n buscando nuevas rutas para llegar a su destino.<\/p>\n<p>Indic\u00f3 que probablemente pretenden dirigirse a Canc\u00fan para continuar con su camino migratorio, y que la entidad quiz\u00e1s se est\u00e1 convirtiendo en \u201cun paso obligado\u201d para ellos.<\/p>\n<p>\u201cToda la din\u00e1mica que est\u00e1 sucediendo con los flujos migratorios (en el mundo), est\u00e1n coincidiendo con algunas nacionalidades en espec\u00edfico, y est\u00e1n buscando nuevas rutas para cumplir su cometido\u201d, se\u00f1al\u00f3, refiri\u00e9ndose a que un alto porcentaje de las personas aseguradas provienen de la India y Brasil.<\/p>\n<p>En el caso de las y los menores de edad, explic\u00f3 que son canalizados a la Procuradur\u00eda de Protecci\u00f3n de Ni\u00f1as, Ni\u00f1os y Adolescentes de Yucat\u00e1n (Prodennay) para brindarles atenci\u00f3n especial, como marca la Ley de Migraci\u00f3n, y posteriormente son entregados a sus familiares.<\/p>\n<p>\u201cEse \u00e9xodo est\u00e1 siendo com\u00fan en otros estados, pero en Yucat\u00e1n no es com\u00fan, es la primera vez que se detecta un flujo tan grande de migrantes aqu\u00ed\u201d, apunt\u00f3 Carmen Yadira de los Santos.<\/p>\n<p>La funcionaria dio a conocer que ante esta movilizaci\u00f3n tan grande de personas migrantes, se tuvo que acondicionar la estaci\u00f3n migratoria ubicada en la colonia M\u00e9xico de M\u00e9rida, ya que el espacio estaba muy reducido. <\/p>\n<p>De hecho, cada vez es m\u00e1s com\u00fan ver que llegan los autobuses negros con los logos de la SSP a ese edificio, para \u201centregar\u201d a las decenas de personas migrantes que detienen en los operativos que implementan todos los d\u00edas.<\/p>\n<p>Ante este aumento del flujo migratorio, el propio gobernador Mauricio Vila Dosal hizo un llamado a los taxistas de Yucat\u00e1n a que \u201cno caigan en la tentaci\u00f3n\u201d de transportar a dichas personas, porque se podr\u00edan meter en problemas con la delincuencia organizada.<\/p>\n<p>\u201cYo  s\u00e9 que hay muchas tentaciones, porque a veces el dinero f\u00e1cil llama la atenci\u00f3n y les pueden venir a ofrecer dinero s\u00f3lo para llevar a pobres extranjeros (sic.) que perdieron su pasaporte, que s\u00f3lo es ir a buscarlos a Campeche y llevarlos a Canc\u00fan, con un viaje bien pagado\u2026 Ojo, el dinero f\u00e1cil lleva problemas\u201d, les advirti\u00f3 en un evento de renovaci\u00f3n de concesiones de taxis.<\/p>\n<p><img loading=\"lazy\" decoding=\"async\" data-attachment-id=\"66925\" data-permalink=\"https:\/\/www.grieta.org.mx\/index.php\/2023\/05\/07\/migrantes-perseguidos-en-yucatan-la-nueva-ruta-racista\/migrantes3-3\/\" data-orig-file=\"https:\/\/www.grieta.org.mx\/wp-content\/uploads\/2023\/05\/Migrantes3-e1684001387184.jpg\" data-orig-size=\"800,583\" data-comments-opened=\"0\" data-image-meta=\"{&quot;aperture&quot;:&quot;0&quot;,&quot;credit&quot;:&quot;&quot;,&quot;camera&quot;:&quot;&quot;,&quot;caption&quot;:&quot;&quot;,&quot;created_timestamp&quot;:&quot;0&quot;,&quot;copyright&quot;:&quot;&quot;,&quot;focal_length&quot;:&quot;0&quot;,&quot;iso&quot;:&quot;0&quot;,&quot;shutter_speed&quot;:&quot;0&quot;,&quot;title&quot;:&quot;&quot;,&quot;orientation&quot;:&quot;1&quot;}\" data-image-title=\"Migrantes3\" data-image-description=\"\" data-image-caption=\"\" data-medium-file=\"https:\/\/www.grieta.org.mx\/wp-content\/uploads\/2023\/05\/Migrantes3-e1684001387184-300x219.jpg\" data-large-file=\"https:\/\/www.grieta.org.mx\/wp-content\/uploads\/2023\/05\/Migrantes3-1024x747.jpg\" src=\"http:\/\/www.grieta.org.mx\/wp-content\/uploads\/2023\/05\/Migrantes3-e1684001387184.jpg\" alt=\"\" width=\"800\" height=\"583\" class=\"alignnone size-full wp-image-66925\" srcset=\"https:\/\/www.grieta.org.mx\/wp-content\/uploads\/2023\/05\/Migrantes3-e1684001387184.jpg 800w, https:\/\/www.grieta.org.mx\/wp-content\/uploads\/2023\/05\/Migrantes3-e1684001387184-300x219.jpg 300w, https:\/\/www.grieta.org.mx\/wp-content\/uploads\/2023\/05\/Migrantes3-e1684001387184-768x560.jpg 768w\" sizes=\"auto, (max-width: 800px) 100vw, 800px\" \/><\/p>\n<p>El enemigo es el negro, el prieto, el pobre<\/p>\n<p>El fundador y director de la asociaci\u00f3n Racismo MX, Jos\u00e9 Antonio Aguilar, sostuvo que debido a las pol\u00edticas migratorias tan duras y militarizadas que se implementan en nuestro pa\u00eds, las personas en situaci\u00f3n de migraci\u00f3n se ven obligadas a buscar nuevas rutas, por eso este fen\u00f3meno ha llegado a Yucat\u00e1n. <\/p>\n<p>Aunado a esto, el  flujo natural migratorio ha aumentado y va a seguir aumentando, porque el orden social y econ\u00f3mico de los pa\u00edses no ha cambiado, por el contrario,  la desigualdad y la pobreza se ha agudizado mucho m\u00e1s. <\/p>\n<p>    \u201cNo s\u00f3lo buscan llegar a Estados Unidos, tambi\u00e9n buscan opciones (de trabajo) en nuestro pa\u00eds y eso no hace que dejen su estatus irregular, pero s\u00ed hace que busquen otros lugares, como la Pen\u00ednsula de Yucat\u00e1n\u201d, se\u00f1al\u00f3.<\/p>\n<p>El activista dijo que, luego de varias investigaciones que realiz\u00f3 la asociaci\u00f3n que dirige, se han dado cuenta que el muro que pretend\u00eda construir el expresidente norteamericano Donald Trump en realidad es M\u00e9xico. Es decir, se convirti\u00f3 en ese muro, entonces muchas personas en movilidad que llegan a nuestro pa\u00eds ya no pueden pasar y tampoco pueden regresar. Las pol\u00edticas migratorias se endurecieron.<\/p>\n<p>\u201cNo por nada se llenan las estancias migratorias, que no son albergues, son como c\u00e1rceles y adem\u00e1s se les persigue en un contexto donde hay una Guardia Nacional militarizada y, por lo tanto, las violaciones a derechos que de por s\u00ed ya exist\u00edan por parte de los cuerpos de seguridad, ahora se hacen extensivas a las personas migrantes\u201d, recalc\u00f3 Jos\u00e9 Aguilar.<\/p>\n<p>Declar\u00f3 que se tratan de pol\u00edticas restrictivas que M\u00e9xico sigue al pie de la letra para convertirse en el muro y, por supuesto, est\u00e1n ligadas al racismo. Eso se est\u00e1 reflejando en Yucat\u00e1n, cuya sociedad hist\u00f3ricamente se ha caracterizado por ser racista y xen\u00f3foba, como se ha documentado desde los tiempos de las haciendas henequeneras y de la Casta Divina que oprim\u00eda y explotaba a las personas ind\u00edgenas mayas. <\/p>\n<p>\u201cToda esa persecuci\u00f3n que estamos viendo tiene que ver con lo que dicen varios intelectuales decoloniales: en los Nortes hay Sures y en los Sures hay Nortes. La elites meridanas son como un Norte dentro del Sur global\u201d, apunt\u00f3.<\/p>\n<p>Abund\u00f3 que la narrativa de criminalizar a los migrantes impulsada y heredada por Trump, se replica en otras \u00e9lites y en la de M\u00e9rida no es la excepci\u00f3n. Por eso persiguen y discriminan a  personas que desde su punto de vista no pertenecen a la naci\u00f3n, porque no comparten los mismos ideales y no se ven igual a ellos,  como seguramente sucedi\u00f3 con las personas de la India y Brasil, quienes en su mayor\u00eda eran negras.<\/p>\n<p>\u201cY encima de su estatus de pobres y de racializadas, son personas extranjeras, entonces son el enemigo natural. Esas narrativas se adaptan en todas las \u00e9lites y, en el caso de M\u00e9rida, por su historia, no ha sido dif\u00edcil de adaptarlo, es decir, pensar que el enemigo es el negro, el prieto, el racializado, el pobre\u201d, insisti\u00f3. <\/p>\n<p>En ese sentido, recalc\u00f3 que en los operativos que lleva a cabo la Polic\u00eda de Yucat\u00e1n seguramente se replican las pol\u00edticas migratorias plagadas de racismo,  como las revisiones aleatorias en donde el marcador racial es determinante: el fenotipo y el color de piel. <\/p>\n<p>\u201cNo olvidemos que las \u00e9lites pol\u00edticas coinciden con las \u00e9lites econ\u00f3micas, y en todos lados tienen un pie en el poder pol\u00edtico, entonces la criminalizaci\u00f3n de las personas migrantes se convierte en una pol\u00edtica p\u00fablica.\u201d, advirti\u00f3.<\/p>\n<p>Sobrevuelo de drones <\/p>\n<p><img loading=\"lazy\" decoding=\"async\" data-attachment-id=\"66926\" data-permalink=\"https:\/\/www.grieta.org.mx\/index.php\/2023\/05\/07\/migrantes-perseguidos-en-yucatan-la-nueva-ruta-racista\/migrantes4\/\" data-orig-file=\"https:\/\/www.grieta.org.mx\/wp-content\/uploads\/2023\/05\/Migrantes4-e1684001467401.jpg\" data-orig-size=\"800,640\" data-comments-opened=\"0\" data-image-meta=\"{&quot;aperture&quot;:&quot;0&quot;,&quot;credit&quot;:&quot;&quot;,&quot;camera&quot;:&quot;&quot;,&quot;caption&quot;:&quot;&quot;,&quot;created_timestamp&quot;:&quot;0&quot;,&quot;copyright&quot;:&quot;&quot;,&quot;focal_length&quot;:&quot;0&quot;,&quot;iso&quot;:&quot;0&quot;,&quot;shutter_speed&quot;:&quot;0&quot;,&quot;title&quot;:&quot;&quot;,&quot;orientation&quot;:&quot;1&quot;}\" data-image-title=\"Migrantes4\" data-image-description=\"\" data-image-caption=\"\" data-medium-file=\"https:\/\/www.grieta.org.mx\/wp-content\/uploads\/2023\/05\/Migrantes4-e1684001467401-300x240.jpg\" data-large-file=\"https:\/\/www.grieta.org.mx\/wp-content\/uploads\/2023\/05\/Migrantes4-1024x819.jpg\" src=\"http:\/\/www.grieta.org.mx\/wp-content\/uploads\/2023\/05\/Migrantes4-e1684001467401.jpg\" alt=\"\" width=\"800\" height=\"640\" class=\"alignnone size-full wp-image-66926\" srcset=\"https:\/\/www.grieta.org.mx\/wp-content\/uploads\/2023\/05\/Migrantes4-e1684001467401.jpg 800w, https:\/\/www.grieta.org.mx\/wp-content\/uploads\/2023\/05\/Migrantes4-e1684001467401-300x240.jpg 300w, https:\/\/www.grieta.org.mx\/wp-content\/uploads\/2023\/05\/Migrantes4-e1684001467401-768x614.jpg 768w\" sizes=\"auto, (max-width: 800px) 100vw, 800px\" \/><\/p>\n<p>En uno de los m\u00e1s recientes operativos anti-migrantes, ocurrido entre el 14 y el 15 de abril en el municipio de Sey\u00e9, la SSP asegur\u00f3 a 82 personas extranjeras que fueron abandonadas en un basurero. Ante la presencia policial, algunos de los hombres intentaron seguir su camino en el monte.<\/p>\n<p>A trav\u00e9s de un comunicado, la corporaci\u00f3n policiaca detall\u00f3 que al detectar que algunas de estas personas se internaron en el monte, realizaron sobrevuelos de drones para ubicarlas y retenerlas.<\/p>\n<p>La SSP circul\u00f3 fotograf\u00edas tomadas con las c\u00e1maras termogr\u00e1ficas de esos artefactos en los que se observan los cuerpos de dichos hombres en la oscuridad. Parec\u00edan im\u00e1genes de una \u201ccacer\u00eda\u201d de las pel\u00edculas de guerra. <\/p>\n<p>Seg\u00fan el Gobierno del Estado los seis drones que compraron a trav\u00e9s de Yucat\u00e1n Seguro, un programa que parti\u00f3 de un empr\u00e9stito de 2 mil 600 millones de pesos para infraestructura y equipo policiaco,  servir\u00edan para  misiones de vuelo para labores de reconocimiento a\u00e9reo en lugares y situaciones de alto riesgo o dif\u00edcil acceso. \u00bfLa presencia de personas migrantes representa una situaci\u00f3n de alto riesgo para la sociedad yucateca?<\/p>\n<p>\u201cEso de los drones fue muy desafortunado, como si hubiera una situaci\u00f3n de guerra interna. No siempre vemos que los usen cuando hay pobladores (de comunidades yucatecas) desaparecidos en el monte o de  personas que se encuentran actualmente en situaci\u00f3n de desaparici\u00f3n, no vemos esa b\u00fasqueda. Aqu\u00ed lo que sucedi\u00f3 fue una persecuci\u00f3n e incluso es bien visto por la gente, porque piensan que est\u00e1n localizando criminales\u201d, sostuvo Rosa Elena Cruz Pech, historiadora y activista del Centro por la Justicia, Democracia e Igualdad (CEJUDI).<\/p>\n<p>Critic\u00f3 que prevalece la narrativa de que esas personas ponen en riesgo a la poblaci\u00f3n y que por eso hay que accionar la tecnolog\u00eda de seguridad para capturarlas. El hecho de difundir las im\u00e1genes de los aseguramientos, dijo, es como si fueran un acto heroico en el que la polic\u00eda contuvo una amenaza. <\/p>\n<p>La activista se\u00f1al\u00f3 que en gran medida la narrativa de criminalizaci\u00f3n viene de la xenofobia que impera en Yucat\u00e1n, en ese miedo hac\u00eda las personas extranjeras que las consideran delincuentes. El problema radica en que desde el Estado surge este discurso que alimenta el odio hacia las personas migrantes. <\/p>\n<p><img loading=\"lazy\" decoding=\"async\" data-attachment-id=\"66927\" data-permalink=\"https:\/\/www.grieta.org.mx\/index.php\/2023\/05\/07\/migrantes-perseguidos-en-yucatan-la-nueva-ruta-racista\/migrantes5\/\" data-orig-file=\"https:\/\/www.grieta.org.mx\/wp-content\/uploads\/2023\/05\/Migrantes5-e1684001550587.jpg\" data-orig-size=\"800,444\" data-comments-opened=\"0\" data-image-meta=\"{&quot;aperture&quot;:&quot;0&quot;,&quot;credit&quot;:&quot;&quot;,&quot;camera&quot;:&quot;&quot;,&quot;caption&quot;:&quot;&quot;,&quot;created_timestamp&quot;:&quot;0&quot;,&quot;copyright&quot;:&quot;&quot;,&quot;focal_length&quot;:&quot;0&quot;,&quot;iso&quot;:&quot;0&quot;,&quot;shutter_speed&quot;:&quot;0&quot;,&quot;title&quot;:&quot;&quot;,&quot;orientation&quot;:&quot;1&quot;}\" data-image-title=\"Migrantes5\" data-image-description=\"\" data-image-caption=\"\" data-medium-file=\"https:\/\/www.grieta.org.mx\/wp-content\/uploads\/2023\/05\/Migrantes5-e1684001550587-300x167.jpg\" data-large-file=\"https:\/\/www.grieta.org.mx\/wp-content\/uploads\/2023\/05\/Migrantes5-1024x569.jpg\" src=\"http:\/\/www.grieta.org.mx\/wp-content\/uploads\/2023\/05\/Migrantes5-e1684001550587.jpg\" alt=\"\" width=\"800\" height=\"444\" class=\"alignnone size-full wp-image-66927\" srcset=\"https:\/\/www.grieta.org.mx\/wp-content\/uploads\/2023\/05\/Migrantes5-e1684001550587.jpg 800w, https:\/\/www.grieta.org.mx\/wp-content\/uploads\/2023\/05\/Migrantes5-e1684001550587-300x167.jpg 300w, https:\/\/www.grieta.org.mx\/wp-content\/uploads\/2023\/05\/Migrantes5-e1684001550587-768x426.jpg 768w\" sizes=\"auto, (max-width: 800px) 100vw, 800px\" \/><\/p>\n<p>\u201cDesafortunadamente la xenofobia no es algo nuevo, no es algo que se deton\u00f3 por esta situaci\u00f3n y la migraci\u00f3n tampoco es algo nuevo, es algo que ha existido en toda la construcci\u00f3n de la historia de nuestra naci\u00f3n. En el momento en que nos volvimos mexicanos y arropamos esa identidad, empezamos a negar lo que no viene de ac\u00e1, nos dan miedo las personas que vienen desde otro lugar y eso nos impide empatizar y preguntarnos cu\u00e1l es el verdadero problema, qu\u00e9 est\u00e1 detr\u00e1s de esta migraci\u00f3n forzada\u201d, puntualiz\u00f3.<\/p>\n<p>Rosa Elena Cruz indic\u00f3 que hace falta cuestionarnos por qu\u00e9 las personas de pa\u00edses tan lejanos pasan por Yucat\u00e1n, por qu\u00e9 salieron de sus casas, cu\u00e1les son los conflictos sociales que enfrentan, qu\u00e9 est\u00e1 pasando con la hambruna, con la pobreza extrema y los conflictos de guerra. Se necesita empatizar con las razones por las cuales est\u00e1n buscando otras oportunidades.<\/p>\n<p>\u201cHay que preguntarnos por qu\u00e9 migran, pero por el contrario, surge el racismo y la xenofobia, porque se les est\u00e1 se\u00f1alando como criminales y como personas que que nos dan miedo, s\u00f3lo porque tiene tonalidad morena y vienen del Sur global, Porque bueno, si fueras extranjeros de Canad\u00e1 o de otros pa\u00edses de Europa, no los ver\u00edan  como migrantes, sino como turistas\u201d, finaliz\u00f3.<\/p>\n<p><a href=\"https:\/\/piedepagina.mx\/migrantes-perseguidos-en-yucatan-la-nueva-ruta-racista\/\" rel=\"noopener\" target=\"_blank\">https:\/\/piedepagina.mx\/migrantes-perseguidos-en-yucatan-la-nueva-ruta-racista\/<\/a><\/p>\n","protected":false},"excerpt":{"rendered":"<p>Texto: Herbeth Escalante \/ Fotos: Especial \/ Pie de P\u00e1gina La dureza y militarizaci\u00f3n de las pol\u00edticas migratorias en M\u00e9xico ha orillado a que los migrantes busquen nuevas rutas para &hellip; <a href=\"https:\/\/www.grieta.org.mx\/index.php\/2023\/05\/07\/migrantes-perseguidos-en-yucatan-la-nueva-ruta-racista\/\" class=\"more-link\">Leer m\u00e1s<\/a><\/p>\n","protected":false},"author":2,"featured_media":66923,"comment_status":"closed","ping_status":"closed","sticky":false,"template":"","format":"standard","meta":{"ngg_post_thumbnail":0,"_jetpack_newsletter_access":"","_jetpack_dont_email_post_to_subs":false,"_jetpack_newsletter_tier_id":0,"_jetpack_memberships_contains_paywalled_content":false,"_jetpack_memberships_contains_paid_content":false,"footnotes":""},"categories":[80,86,4162,2,83,36],"tags":[1194,158,2805],"class_list":["post-66922","post","type-post","status-publish","format-standard","has-post-thumbnail","hentry","category-cintillo","category-migrantes","category-migrantes-en-yucatan","category-noticias-nacionales","category-temas-nacionales","category-yucatan","tag-criminalizacion-de-migrantes","tag-migrantes","tag-racismo-contra-migrantes-en-mexico","entry"],"jetpack_featured_media_url":"https:\/\/www.grieta.org.mx\/wp-content\/uploads\/2023\/05\/Migrantes-e1684001215979.jpg","jetpack_sharing_enabled":true,"jetpack_shortlink":"https:\/\/wp.me\/p7ZJR4-hpo","jetpack_likes_enabled":false,"jetpack-related-posts":[{"id":70519,"url":"https:\/\/www.grieta.org.mx\/index.php\/2024\/11\/22\/el-laberinto-de-los-migrantes-venezolanos-en-merida-yucatan\/","url_meta":{"origin":66922,"position":0},"title":"El laberinto de los migrantes venezolanos en M\u00e9rida (Yucat\u00e1n)","author":"grieta","date":"22 noviembre, 2024","format":false,"excerpt":"Fabio Fuentes \/ Sol Yucat\u00e1n En las calles de M\u00e9rida, tres familias venezolanas enfrentan una crisis humanitaria que parece no tener fin. Huyendo del departamento de Zulia, Venezuela, estas familias dejaron atr\u00e1s un pa\u00eds devastado por la hiperinflaci\u00f3n, el desempleo y la inestabilidad pol\u00edtica. Sin embargo, tras un largo y\u2026","rel":"","context":"En &quot;CINTILLO&quot;","block_context":{"text":"CINTILLO","link":"https:\/\/www.grieta.org.mx\/index.php\/category\/cintillo\/"},"img":{"alt_text":"","src":"https:\/\/i0.wp.com\/www.grieta.org.mx\/wp-content\/uploads\/2024\/11\/Migrantes-e1732407771575.jpg?resize=350%2C200&ssl=1","width":350,"height":200,"srcset":"https:\/\/i0.wp.com\/www.grieta.org.mx\/wp-content\/uploads\/2024\/11\/Migrantes-e1732407771575.jpg?resize=350%2C200&ssl=1 1x, https:\/\/i0.wp.com\/www.grieta.org.mx\/wp-content\/uploads\/2024\/11\/Migrantes-e1732407771575.jpg?resize=525%2C300&ssl=1 1.5x, https:\/\/i0.wp.com\/www.grieta.org.mx\/wp-content\/uploads\/2024\/11\/Migrantes-e1732407771575.jpg?resize=700%2C400&ssl=1 2x"},"classes":[]},{"id":29462,"url":"https:\/\/www.grieta.org.mx\/index.php\/2019\/02\/18\/migrantes-construirian-tren-maya-y-refineria-en-tabasco\/","url_meta":{"origin":66922,"position":1},"title":"Migrantes \u2018construir\u00edan\u2019 Tren Maya y refiner\u00eda en Tabasco","author":"grieta","date":"18 febrero, 2019","format":false,"excerpt":"Redacci\u00f3n \/ XEVA Noticias Ra\u00fal Bonifaz Mohedano, diputado federal de Morena y presidente de la Comisi\u00f3n de la Frontera Sur en el Congreso de la Uni\u00f3n, adelant\u00f3 que hay un proyecto que podr\u00eda contemplar la contrataci\u00f3n de migrantes en obras federales en el sur del pa\u00eds. El legislador federal expuso\u2026","rel":"","context":"En &quot;16. Pueblo Maya&quot;","block_context":{"text":"16. Pueblo Maya","link":"https:\/\/www.grieta.org.mx\/index.php\/category\/espejos-de-la-resistencia\/16-pueblo-maya\/"},"img":{"alt_text":"","src":"https:\/\/i0.wp.com\/www.grieta.org.mx\/wp-content\/uploads\/2019\/02\/tren-1550524057-621x354.jpg?resize=350%2C200&ssl=1","width":350,"height":200,"srcset":"https:\/\/i0.wp.com\/www.grieta.org.mx\/wp-content\/uploads\/2019\/02\/tren-1550524057-621x354.jpg?resize=350%2C200&ssl=1 1x, https:\/\/i0.wp.com\/www.grieta.org.mx\/wp-content\/uploads\/2019\/02\/tren-1550524057-621x354.jpg?resize=525%2C300&ssl=1 1.5x"},"classes":[]},{"id":34572,"url":"https:\/\/www.grieta.org.mx\/index.php\/2019\/05\/11\/109-migrantes-son-deportados-a-honduras-desde-minatitlan-veracruz\/","url_meta":{"origin":66922,"position":2},"title":"109 migrantes son deportados a Honduras desde Minatitl\u00e1n, Veracruz","author":"grieta","date":"11 mayo, 2019","format":false,"excerpt":"Redacci\u00f3n \/ Heraldo de M\u00e9xico De acuerdo con el Instituto Nacional de Migraci\u00f3n, los hondure\u00f1os contaban con una condici\u00f3n migratoria irregular en M\u00e9xico Este s\u00e1bado 11 de mayo, el Instituto Nacional de Migraci\u00f3n (INM) inform\u00f3 que se deportaron 109 migrantes de Honduras a su pa\u00eds de origen. A trav\u00e9s de\u2026","rel":"","context":"En &quot;CINTILLO&quot;","block_context":{"text":"CINTILLO","link":"https:\/\/www.grieta.org.mx\/index.php\/category\/cintillo\/"},"img":{"alt_text":"","src":"https:\/\/i0.wp.com\/www.grieta.org.mx\/wp-content\/uploads\/2019\/06\/deportan_109_migrantes_a_honduras.jpg?resize=350%2C200&ssl=1","width":350,"height":200,"srcset":"https:\/\/i0.wp.com\/www.grieta.org.mx\/wp-content\/uploads\/2019\/06\/deportan_109_migrantes_a_honduras.jpg?resize=350%2C200&ssl=1 1x, https:\/\/i0.wp.com\/www.grieta.org.mx\/wp-content\/uploads\/2019\/06\/deportan_109_migrantes_a_honduras.jpg?resize=525%2C300&ssl=1 1.5x"},"classes":[]},{"id":34295,"url":"https:\/\/www.grieta.org.mx\/index.php\/2019\/05\/20\/detienen-a-8-migrantes-cubanos-hospedados-en-un-hotel-en-veracruz-mexico\/","url_meta":{"origin":66922,"position":3},"title":"Detienen a 8 migrantes cubanos hospedados en un hotel en Veracruz, M\u00e9xico","author":"grieta","date":"20 mayo, 2019","format":false,"excerpt":"Redacci\u00f3n \/ Cibercuba Las autoridades mexicanas detuvieron este lunes a 8 migrantes cubanos que se encontraban hospedados en un hotel en el estado de Veracruz. La prensa local inform\u00f3 que agentes de la Secretar\u00eda de Seguridad P\u00fablica del Estado (SSP) y la Polic\u00eda Naval encontraron a los ciudadanos de la\u2026","rel":"","context":"En &quot;CINTILLO&quot;","block_context":{"text":"CINTILLO","link":"https:\/\/www.grieta.org.mx\/index.php\/category\/cintillo\/"},"img":{"alt_text":"","src":"https:\/\/i0.wp.com\/www.grieta.org.mx\/wp-content\/uploads\/2019\/06\/1558383164-policia-mexico-detiene-8-migrantes-cubanos-hospedados-hotel-veracruz.jpg?resize=350%2C200&ssl=1","width":350,"height":200,"srcset":"https:\/\/i0.wp.com\/www.grieta.org.mx\/wp-content\/uploads\/2019\/06\/1558383164-policia-mexico-detiene-8-migrantes-cubanos-hospedados-hotel-veracruz.jpg?resize=350%2C200&ssl=1 1x, https:\/\/i0.wp.com\/www.grieta.org.mx\/wp-content\/uploads\/2019\/06\/1558383164-policia-mexico-detiene-8-migrantes-cubanos-hospedados-hotel-veracruz.jpg?resize=525%2C300&ssl=1 1.5x, https:\/\/i0.wp.com\/www.grieta.org.mx\/wp-content\/uploads\/2019\/06\/1558383164-policia-mexico-detiene-8-migrantes-cubanos-hospedados-hotel-veracruz.jpg?resize=700%2C400&ssl=1 2x, https:\/\/i0.wp.com\/www.grieta.org.mx\/wp-content\/uploads\/2019\/06\/1558383164-policia-mexico-detiene-8-migrantes-cubanos-hospedados-hotel-veracruz.jpg?resize=1050%2C600&ssl=1 3x"},"classes":[]},{"id":36040,"url":"https:\/\/www.grieta.org.mx\/index.php\/2019\/06\/30\/puebla-alista-operativos-en-hoteles-y-moteles-contra-migrantes-pies-secos\/","url_meta":{"origin":66922,"position":4},"title":"Puebla alista operativos en hoteles y moteles contra migrantes: Pies Secos","author":"Admin","date":"30 junio, 2019","format":false,"excerpt":"Marisol C\u00f3rdoba \/ MUNICIPIOS PUEBLA Puebla, Pue.- Como parte del endurecimiento de las pol\u00edticas de migraci\u00f3n en el pa\u00eds por el gobierno federal, en los pr\u00f3ximos d\u00edas iniciar\u00e1n operativos en hoteles y moteles del estado para buscar migrantes, adelant\u00f3 el presidente de la fundaci\u00f3n Pies Secos, Ricardo Andrade, luego que\u2026","rel":"","context":"En &quot;CINTILLO&quot;","block_context":{"text":"CINTILLO","link":"https:\/\/www.grieta.org.mx\/index.php\/category\/cintillo\/"},"img":{"alt_text":"","src":"https:\/\/i0.wp.com\/www.grieta.org.mx\/wp-content\/uploads\/2019\/07\/migrantes1_5_2.jpg?resize=350%2C200&ssl=1","width":350,"height":200,"srcset":"https:\/\/i0.wp.com\/www.grieta.org.mx\/wp-content\/uploads\/2019\/07\/migrantes1_5_2.jpg?resize=350%2C200&ssl=1 1x, https:\/\/i0.wp.com\/www.grieta.org.mx\/wp-content\/uploads\/2019\/07\/migrantes1_5_2.jpg?resize=525%2C300&ssl=1 1.5x"},"classes":[]},{"id":39378,"url":"https:\/\/www.grieta.org.mx\/index.php\/2019\/08\/28\/denuncian-discriminacion-por-caceria-contra-migrantes-en-los-hoteles-del-centro-chihuahua\/","url_meta":{"origin":66922,"position":5},"title":"Denuncian discriminaci\u00f3n por \u00abcacer\u00eda\u00bb contra migrantes en los hoteles del centro (Chihuahua)","author":"grieta","date":"28 agosto, 2019","format":false,"excerpt":"RA\u00cdCHALI Chihuahua.- Los operativos de revisi\u00f3n y detenci\u00f3n a migrantes en por lo menos cuatro hoteles y moteles del centro de la ciudad, incumplieron con los est\u00e1ndares m\u00ednimos que marca la Ley de Migraci\u00f3n, denunci\u00f3 la organizaci\u00f3n Uno de Siete Migrando. Durante la ma\u00f1ana de este mi\u00e9rcoles, decenas de efectivos\u2026","rel":"","context":"En &quot;Chihuahua&quot;","block_context":{"text":"Chihuahua","link":"https:\/\/www.grieta.org.mx\/index.php\/category\/noticias-nacionales\/chihuahua\/"},"img":{"alt_text":"","src":"https:\/\/i0.wp.com\/www.grieta.org.mx\/wp-content\/uploads\/2019\/09\/Sin-t%C3%ADtulo.jpg?resize=350%2C200&ssl=1","width":350,"height":200,"srcset":"https:\/\/i0.wp.com\/www.grieta.org.mx\/wp-content\/uploads\/2019\/09\/Sin-t%C3%ADtulo.jpg?resize=350%2C200&ssl=1 1x, https:\/\/i0.wp.com\/www.grieta.org.mx\/wp-content\/uploads\/2019\/09\/Sin-t%C3%ADtulo.jpg?resize=525%2C300&ssl=1 1.5x, https:\/\/i0.wp.com\/www.grieta.org.mx\/wp-content\/uploads\/2019\/09\/Sin-t%C3%ADtulo.jpg?resize=700%2C400&ssl=1 2x"},"classes":[]}],"_links":{"self":[{"href":"https:\/\/www.grieta.org.mx\/index.php\/wp-json\/wp\/v2\/posts\/66922","targetHints":{"allow":["GET"]}}],"collection":[{"href":"https:\/\/www.grieta.org.mx\/index.php\/wp-json\/wp\/v2\/posts"}],"about":[{"href":"https:\/\/www.grieta.org.mx\/index.php\/wp-json\/wp\/v2\/types\/post"}],"author":[{"embeddable":true,"href":"https:\/\/www.grieta.org.mx\/index.php\/wp-json\/wp\/v2\/users\/2"}],"replies":[{"embeddable":true,"href":"https:\/\/www.grieta.org.mx\/index.php\/wp-json\/wp\/v2\/comments?post=66922"}],"version-history":[{"count":1,"href":"https:\/\/www.grieta.org.mx\/index.php\/wp-json\/wp\/v2\/posts\/66922\/revisions"}],"predecessor-version":[{"id":66928,"href":"https:\/\/www.grieta.org.mx\/index.php\/wp-json\/wp\/v2\/posts\/66922\/revisions\/66928"}],"wp:featuredmedia":[{"embeddable":true,"href":"https:\/\/www.grieta.org.mx\/index.php\/wp-json\/wp\/v2\/media\/66923"}],"wp:attachment":[{"href":"https:\/\/www.grieta.org.mx\/index.php\/wp-json\/wp\/v2\/media?parent=66922"}],"wp:term":[{"taxonomy":"category","embeddable":true,"href":"https:\/\/www.grieta.org.mx\/index.php\/wp-json\/wp\/v2\/categories?post=66922"},{"taxonomy":"post_tag","embeddable":true,"href":"https:\/\/www.grieta.org.mx\/index.php\/wp-json\/wp\/v2\/tags?post=66922"}],"curies":[{"name":"wp","href":"https:\/\/api.w.org\/{rel}","templated":true}]}}