{"id":66899,"date":"2023-05-03T20:41:18","date_gmt":"2023-05-04T02:41:18","guid":{"rendered":"https:\/\/www.grieta.org.mx\/?p=66899"},"modified":"2023-05-05T20:49:01","modified_gmt":"2023-05-06T02:49:01","slug":"vecinos-de-hunucma-se-organizan-para-defenderse-de-bachoco-los-respaldan-organizaciones-yucatan","status":"publish","type":"post","link":"https:\/\/www.grieta.org.mx\/index.php\/2023\/05\/03\/vecinos-de-hunucma-se-organizan-para-defenderse-de-bachoco-los-respaldan-organizaciones-yucatan\/","title":{"rendered":"Vecinos de Hunucm\u00e1 se organizan para defenderse de Bachoco; los respaldan organizaciones (Yucat\u00e1n)"},"content":{"rendered":"<p>Jos\u00e9 Luis L\u00f3pez Quintal \/ Por Esto!<\/p>\n<p>Ante los continuos cierres de calles e invasi\u00f3n de terrenos por parte de Bachoco en horas de la noche o la madrugada y la desidia de las autoridades municipales encabezadas por la alcaldesa Edna Marisa Franco Ceballos, vecinos de la colonia San Eduardo, al Norte de la poblaci\u00f3n, conformaron un grupo denominado \u201cDefensa de Hunucm\u00e1\u201d, al cual cada d\u00eda se le integran m\u00e1s hombres y mujeres. \u201cNuestro objetivo es defender las tierras que pertenecen a la comunidad, ya sean particulares o de fundo legal\u201d, apuntaron.<\/p>\n<p>Los vecinos no est\u00e1n solos, ya que ma\u00f1ana jueves se unir\u00e1n con otras dos organizaciones de Hunumc\u00e1, la de los ejidatarios y de los defensores del agua. Los integrantes del grupo se\u00f1alaron que decidieron integrarse porque se sienten desprotegidos por parte de las autoridades municipales, por el hecho de que ni la alcaldesa Edna Marisa Franco Ceballos ni el comisario ejidal Fasto Novelo Montalvo han dado la cara ante las constantes invasiones de terrenos y cierre de calles por parte del personal de Bachoco.<\/p>\n<p>Los habitantes de Hunucm\u00e1 se\u00f1alan que la Edil, a pesar de emanar de Morena, est\u00e1 a favor de los potentados, como muestra que no ha hecho algo ante los constantes atropellos del personal de la empresa av\u00edcola, ni contra los propietarios de Para\u00edso Sisal, que a pesar de estar en los l\u00edmites de una reserva ecol\u00f3gica, no les ha pedido sus papeles correspondientes de construcci\u00f3n, como el Manifiesto de Impacto Ambiental. Incluso, los integrantes del grupo se\u00f1alan que el esposo de la Alcaldesa fue empleado de Bachoco, por lo que suponen una relaci\u00f3n de la Primer Edil con la empresa.<\/p>\n<p>Por lo pronto, el colectivo se ha organizado para montar guardia en estos montes, en particular en los puntos donde los empleados de la empresa pretenden cerrar calles que son del paso p\u00fablico.<\/p>\n<p>Como public\u00f3 POR ESTO!, el \u00faltimo intento del personal de Bachoco fue el pasado domingo, cuando una cuadrilla de ocho trabajadores perforaron con taladros en el interior de un terreno que por a\u00f1os ha sido trabajado por los hijos del ejidatario, y no conformes tambi\u00e9n cavaron en la calle de paso p\u00fablico, con visibles intenciones de cerrar con alambre; sin embargo, antes de que montaran los tubos fueron impedidos por un grupo de habitantes de Hunucm\u00e1.<\/p>\n<p>Ante ello, ayer martes, un nutrido grupo de hombres decidieron montar guardia ante el modus operandi de los trabajadores de Bachoco, que aprovechan la obscuridad de la noche o cuando est\u00e1 sin vigilancia el lugar para colocar los enrejados. Aproximadamente a las 11:00 horas, lleg\u00f3 un grupo de mujeres, esposas e hijas, que les dieron comida y agua a los guardianes, quienes dijeron que permanecer\u00e1n en el lugar hasta que tengan la certeza de que se est\u00e1n respetando las propiedades y las calles de la comunidad.<\/p>\n<p>\u201cHemos buscado siempre el di\u00e1logo\u201d, se\u00f1al\u00f3 Valerio Canul, \u201cy tambi\u00e9n hemos pedido la intervenci\u00f3n de las autoridades, pero ni Edna Franco ni Fasto Novelo han dado la cara, lo que nos hace pensar que estamos solos\u201d.<\/p>\n<p>Los integrantes de la \u201cDefensa de Hunucm\u00e1\u201d dijeron que el pr\u00f3ximo jueves se reunir\u00e1n con integrantes de dos agrupaciones que se sumar\u00e1n a esta lucha: la de ejidatarios de la comunidad y la protectora de agua, \u201clo que significa que nuestro movimiento por la defensa de Hunucm\u00e1 comienza a ser escuchado y apoyado\u201d.<\/p>\n<p><a href=\"https:\/\/www.poresto.net\/yucatan\/2023\/5\/3\/vecinos-de-hunucma-se-organizan-para-defenderse-de-bachoco-los-respaldan-organizaciones-382151.html\" rel=\"noopener\" target=\"_blank\">https:\/\/www.poresto.net\/yucatan\/2023\/5\/3\/vecinos-de-hunucma-se-organizan-para-defenderse-de-bachoco-los-respaldan-organizaciones-382151.html<\/a><\/p>\n","protected":false},"excerpt":{"rendered":"<p>Jos\u00e9 Luis L\u00f3pez Quintal \/ Por Esto! Ante los continuos cierres de calles e invasi\u00f3n de terrenos por parte de Bachoco en horas de la noche o la madrugada y &hellip; <a href=\"https:\/\/www.grieta.org.mx\/index.php\/2023\/05\/03\/vecinos-de-hunucma-se-organizan-para-defenderse-de-bachoco-los-respaldan-organizaciones-yucatan\/\" class=\"more-link\">Leer m\u00e1s<\/a><\/p>\n","protected":false},"author":2,"featured_media":66900,"comment_status":"closed","ping_status":"closed","sticky":false,"template":"","format":"standard","meta":{"ngg_post_thumbnail":0,"_jetpack_newsletter_access":"","_jetpack_dont_email_post_to_subs":false,"_jetpack_newsletter_tier_id":0,"_jetpack_memberships_contains_paywalled_content":false,"_jetpack_memberships_contains_paid_content":false,"footnotes":""},"categories":[42,80,2943,1020,1023,3,922,952,2,1071,36],"tags":[281,4161,4143,2311,175],"class_list":["post-66899","post","type-post","status-publish","format-standard","has-post-thumbnail","hentry","category-agroindustria","category-cintillo","category-destruccion-y-contaminacion-ambiental-en-yucatan","category-granja-porcicola","category-lucha-contra-granja-porcicola","category-megaproyectos","category-megaproyectos-estados","category-mp-yucatan","category-noticias-nacionales","category-resistencia-al-despojo-de-tierras-ejidales-en-yucatan","category-yucatan","tag-agroindustria","tag-baachoco","tag-complicidad-autoridades","tag-despojo-de-tierras","tag-ejidatarios","entry"],"jetpack_featured_media_url":"https:\/\/www.grieta.org.mx\/wp-content\/uploads\/2023\/05\/Hunucma-e1683341213286.jpg","jetpack_sharing_enabled":true,"jetpack_shortlink":"https:\/\/wp.me\/p7ZJR4-hp1","jetpack_likes_enabled":false,"jetpack-related-posts":[{"id":68296,"url":"https:\/\/www.grieta.org.mx\/index.php\/2024\/01\/08\/bachoco-continua-bloqueo-contra-campesinos-a-tierras-ejidales-en-hunucma-yucatan\/","url_meta":{"origin":66899,"position":0},"title":"Bachoco contin\u00faa bloqueo contra campesinos a tierras ejidales en Hunucm\u00e1 (Yucat\u00e1n)","author":"grieta","date":"8 enero, 2024","format":false,"excerpt":"Armando P\u00e9rez \/ Por Esto! Luego de fallar en su intento de cercar un camino en San Eduardo, Bachoco no parece dispuesto cesar en su intento de limitar el acceso a tierras ejidales en Hunucm\u00e1, cuyos propietarios habitan y trabajan ah\u00ed todos los d\u00edas. Como POR ESTO!, inform\u00f3, la productora\u2026","rel":"","context":"En &quot;Agroindustria&quot;","block_context":{"text":"Agroindustria","link":"https:\/\/www.grieta.org.mx\/index.php\/category\/megaproyectos\/agroindustria\/"},"img":{"alt_text":"","src":"https:\/\/i0.wp.com\/www.grieta.org.mx\/wp-content\/uploads\/2024\/01\/Bachoco-e1704992026145.jpg?resize=350%2C200&ssl=1","width":350,"height":200,"srcset":"https:\/\/i0.wp.com\/www.grieta.org.mx\/wp-content\/uploads\/2024\/01\/Bachoco-e1704992026145.jpg?resize=350%2C200&ssl=1 1x, https:\/\/i0.wp.com\/www.grieta.org.mx\/wp-content\/uploads\/2024\/01\/Bachoco-e1704992026145.jpg?resize=525%2C300&ssl=1 1.5x, https:\/\/i0.wp.com\/www.grieta.org.mx\/wp-content\/uploads\/2024\/01\/Bachoco-e1704992026145.jpg?resize=700%2C400&ssl=1 2x"},"classes":[]},{"id":66831,"url":"https:\/\/www.grieta.org.mx\/index.php\/2023\/04\/17\/vecinos-de-hunucma-acusan-a-la-alcaldesa-de-vender-sus-tierras-a-bachoco-yucatan\/","url_meta":{"origin":66899,"position":1},"title":"Vecinos de Hunucm\u00e1 acusan a la Alcaldesa de vender sus tierras a Bachoco (Yucat\u00e1n)","author":"grieta","date":"17 abril, 2023","format":false,"excerpt":"Jos\u00e9 Luis L\u00f3pez Quintal \/ Por Esto! Hace apenas unos meses, poco antes de que finalizara el a\u00f1o 2022, pobladores realizaron manifestaciones para solicitar la intervenci\u00f3n de las autoridades municipales y que se otorgaran terrenos de \u201cSan Eduardo\u201d sin ocupar a los vecinos de la comunidad que no cuentan con\u2026","rel":"","context":"En &quot;Agroindustria&quot;","block_context":{"text":"Agroindustria","link":"https:\/\/www.grieta.org.mx\/index.php\/category\/megaproyectos\/agroindustria\/"},"img":{"alt_text":"","src":"https:\/\/i0.wp.com\/www.grieta.org.mx\/wp-content\/uploads\/2023\/04\/Hunucma-e1681850851873.jpg?resize=350%2C200&ssl=1","width":350,"height":200,"srcset":"https:\/\/i0.wp.com\/www.grieta.org.mx\/wp-content\/uploads\/2023\/04\/Hunucma-e1681850851873.jpg?resize=350%2C200&ssl=1 1x, https:\/\/i0.wp.com\/www.grieta.org.mx\/wp-content\/uploads\/2023\/04\/Hunucma-e1681850851873.jpg?resize=525%2C300&ssl=1 1.5x, https:\/\/i0.wp.com\/www.grieta.org.mx\/wp-content\/uploads\/2023\/04\/Hunucma-e1681850851873.jpg?resize=700%2C400&ssl=1 2x"},"classes":[]},{"id":68379,"url":"https:\/\/www.grieta.org.mx\/index.php\/2024\/01\/17\/hunucma-el-pueblo-indigena-en-guerra-contra-empresa-avicola-en-yucatan-reporta-agresiones\/","url_meta":{"origin":66899,"position":2},"title":"Hunucm\u00e1, el pueblo ind\u00edgena en guerra contra empresa av\u00edcola en Yucat\u00e1n; reporta agresiones","author":"grieta","date":"17 enero, 2024","format":false,"excerpt":"CLAUDIA ARRIAGA \/ CORRESPONSAL \/ La Silla Rota Hunucm\u00e1.- Hace 40 a\u00f1os que el pueblo de Hunucm\u00e1, en Yucat\u00e1n, lucha contra el despojo de sus tierras y la contaminaci\u00f3n de las industrias que se instalan en sus periferias. Un ejemplo son las agresiones de la empresa av\u00edcola Bachoco en contra\u2026","rel":"","context":"En &quot;Agroindustria&quot;","block_context":{"text":"Agroindustria","link":"https:\/\/www.grieta.org.mx\/index.php\/category\/megaproyectos\/agroindustria\/"},"img":{"alt_text":"","src":"https:\/\/i0.wp.com\/www.grieta.org.mx\/wp-content\/uploads\/2024\/01\/Hunucma-e1706290453524.jpg?resize=350%2C200&ssl=1","width":350,"height":200,"srcset":"https:\/\/i0.wp.com\/www.grieta.org.mx\/wp-content\/uploads\/2024\/01\/Hunucma-e1706290453524.jpg?resize=350%2C200&ssl=1 1x, https:\/\/i0.wp.com\/www.grieta.org.mx\/wp-content\/uploads\/2024\/01\/Hunucma-e1706290453524.jpg?resize=525%2C300&ssl=1 1.5x, https:\/\/i0.wp.com\/www.grieta.org.mx\/wp-content\/uploads\/2024\/01\/Hunucma-e1706290453524.jpg?resize=700%2C400&ssl=1 2x"},"classes":[]},{"id":68457,"url":"https:\/\/www.grieta.org.mx\/index.php\/2024\/02\/04\/bachoco-amenaza-con-desaparecer-a-ejidatario-de-yucatan-para-despojarlo-de-sus-tierras\/","url_meta":{"origin":66899,"position":3},"title":"Bachoco amenaza con desaparecer a ejidatario de Yucat\u00e1n para despojarlo de sus tierras","author":"grieta","date":"4 febrero, 2024","format":false,"excerpt":"Texto: Claudia V. Arriaga Dur\u00e1n \/ Fotos: Miguel \u00c1ngel Ceh Pacheco \/ Pie de P\u00e1gina Ocho empleados de la av\u00edcola Bachoco ingresaron a la tierra de Miguel \u00c1ngel para golpearlo e intentar secuestrarlo. Miguel vive en Hunucm\u00e1, y tambi\u00e9n es defensor del territorio y los recursos naturales de estos ejidos\u2026","rel":"","context":"En &quot;Agresiones y amenazas a defensor@s de derechos humanos y activistas en Yucat\u00e1n&quot;","block_context":{"text":"Agresiones y amenazas a defensor@s de derechos humanos y activistas en Yucat\u00e1n","link":"https:\/\/www.grieta.org.mx\/index.php\/category\/noticias-nacionales\/yucatan\/ataques-a-defensors-de-derechos-humanos-en-yucatan\/"},"img":{"alt_text":"","src":"https:\/\/i0.wp.com\/www.grieta.org.mx\/wp-content\/uploads\/2024\/02\/Bachoco-e1707159604274.jpg?resize=350%2C200&ssl=1","width":350,"height":200,"srcset":"https:\/\/i0.wp.com\/www.grieta.org.mx\/wp-content\/uploads\/2024\/02\/Bachoco-e1707159604274.jpg?resize=350%2C200&ssl=1 1x, https:\/\/i0.wp.com\/www.grieta.org.mx\/wp-content\/uploads\/2024\/02\/Bachoco-e1707159604274.jpg?resize=525%2C300&ssl=1 1.5x, https:\/\/i0.wp.com\/www.grieta.org.mx\/wp-content\/uploads\/2024\/02\/Bachoco-e1707159604274.jpg?resize=700%2C400&ssl=1 2x"},"classes":[]},{"id":65875,"url":"https:\/\/www.grieta.org.mx\/index.php\/2022\/12\/05\/ejidatarios-de-hunucma-le-declaran-la-guerra-a-bachoco-la-tierra-es-de-quien-la-trabaja-dicen-yucatan\/","url_meta":{"origin":66899,"position":4},"title":"Ejidatarios de Hunucm\u00e1 le declaran la &#8220;guerra&#8221; a Bachoco: La tierra es de quien la trabaja, dicen (Yucat\u00e1n)","author":"grieta","date":"5 diciembre, 2022","format":false,"excerpt":"Didier Madera \/ Por Esto! Ejidatarios de Hunucm\u00e1 advirtieron a la empresa Bachoco que permanecer\u00e1n en la Estancia K para defender los cultivos que tienen desde hace m\u00e1s de una d\u00e9cada, incluso ya empezaron a cosechar c\u00edtricos y pl\u00e1tanos, y que \u201cla tierra es de quien la trabaja\u201d. Incluso, desconocieron\u2026","rel":"","context":"En &quot;Agroindustria&quot;","block_context":{"text":"Agroindustria","link":"https:\/\/www.grieta.org.mx\/index.php\/category\/megaproyectos\/agroindustria\/"},"img":{"alt_text":"","src":"https:\/\/i0.wp.com\/www.grieta.org.mx\/wp-content\/uploads\/2022\/12\/Hunucma-e1670418009641.jpg?resize=350%2C200&ssl=1","width":350,"height":200,"srcset":"https:\/\/i0.wp.com\/www.grieta.org.mx\/wp-content\/uploads\/2022\/12\/Hunucma-e1670418009641.jpg?resize=350%2C200&ssl=1 1x, https:\/\/i0.wp.com\/www.grieta.org.mx\/wp-content\/uploads\/2022\/12\/Hunucma-e1670418009641.jpg?resize=525%2C300&ssl=1 1.5x, https:\/\/i0.wp.com\/www.grieta.org.mx\/wp-content\/uploads\/2022\/12\/Hunucma-e1670418009641.jpg?resize=700%2C400&ssl=1 2x"},"classes":[]},{"id":56312,"url":"https:\/\/www.grieta.org.mx\/index.php\/2021\/01\/13\/empresa-avicola-cierra-ilegalmente-camino-rural-en-hunucma-yucatan\/","url_meta":{"origin":66899,"position":5},"title":"Empresa av\u00edcola cierra ilegalmente camino rural en Hunucm\u00e1 (Yucat\u00e1n)","author":"grieta","date":"13 enero, 2021","format":false,"excerpt":"Ram\u00f3n Reyna Fern\u00e1ndez \/ PorEsto! A pesar de la molestia e indignaci\u00f3n de algunos vecinos de esta comunidad, principalmente de la colonia San Vicente, y sin importar el feo aspecto que ocasiona el levantamiento de muros cerrando calles, la empresa Bachoco contin\u00faa con los trabajos de delimitaci\u00f3n de las tierras\u2026","rel":"","context":"En &quot;Agroindustria&quot;","block_context":{"text":"Agroindustria","link":"https:\/\/www.grieta.org.mx\/index.php\/category\/megaproyectos\/agroindustria\/"},"img":{"alt_text":"","src":"https:\/\/i0.wp.com\/www.grieta.org.mx\/wp-content\/uploads\/2021\/01\/HunucmaBachoco.png?resize=350%2C200&ssl=1","width":350,"height":200,"srcset":"https:\/\/i0.wp.com\/www.grieta.org.mx\/wp-content\/uploads\/2021\/01\/HunucmaBachoco.png?resize=350%2C200&ssl=1 1x, https:\/\/i0.wp.com\/www.grieta.org.mx\/wp-content\/uploads\/2021\/01\/HunucmaBachoco.png?resize=525%2C300&ssl=1 1.5x"},"classes":[]}],"_links":{"self":[{"href":"https:\/\/www.grieta.org.mx\/index.php\/wp-json\/wp\/v2\/posts\/66899","targetHints":{"allow":["GET"]}}],"collection":[{"href":"https:\/\/www.grieta.org.mx\/index.php\/wp-json\/wp\/v2\/posts"}],"about":[{"href":"https:\/\/www.grieta.org.mx\/index.php\/wp-json\/wp\/v2\/types\/post"}],"author":[{"embeddable":true,"href":"https:\/\/www.grieta.org.mx\/index.php\/wp-json\/wp\/v2\/users\/2"}],"replies":[{"embeddable":true,"href":"https:\/\/www.grieta.org.mx\/index.php\/wp-json\/wp\/v2\/comments?post=66899"}],"version-history":[{"count":1,"href":"https:\/\/www.grieta.org.mx\/index.php\/wp-json\/wp\/v2\/posts\/66899\/revisions"}],"predecessor-version":[{"id":66901,"href":"https:\/\/www.grieta.org.mx\/index.php\/wp-json\/wp\/v2\/posts\/66899\/revisions\/66901"}],"wp:featuredmedia":[{"embeddable":true,"href":"https:\/\/www.grieta.org.mx\/index.php\/wp-json\/wp\/v2\/media\/66900"}],"wp:attachment":[{"href":"https:\/\/www.grieta.org.mx\/index.php\/wp-json\/wp\/v2\/media?parent=66899"}],"wp:term":[{"taxonomy":"category","embeddable":true,"href":"https:\/\/www.grieta.org.mx\/index.php\/wp-json\/wp\/v2\/categories?post=66899"},{"taxonomy":"post_tag","embeddable":true,"href":"https:\/\/www.grieta.org.mx\/index.php\/wp-json\/wp\/v2\/tags?post=66899"}],"curies":[{"name":"wp","href":"https:\/\/api.w.org\/{rel}","templated":true}]}}