{"id":66896,"date":"2023-05-04T19:56:50","date_gmt":"2023-05-05T01:56:50","guid":{"rendered":"https:\/\/www.grieta.org.mx\/?p=66896"},"modified":"2023-05-05T20:15:03","modified_gmt":"2023-05-06T02:15:03","slug":"ejidatarios-de-la-pantera-mantienen-bloqueo-en-la-via-chetumal-merida-seria-permanente","status":"publish","type":"post","link":"https:\/\/www.grieta.org.mx\/index.php\/2023\/05\/04\/ejidatarios-de-la-pantera-mantienen-bloqueo-en-la-via-chetumal-merida-seria-permanente\/","title":{"rendered":"Ejidatarios de &#8220;La Pantera&#8221; mantienen bloqueo en la v\u00eda Chetumal-M\u00e9rida; ser\u00eda permanente"},"content":{"rendered":"<p>Abraham Cohu\u00f3 \/ Por Esto!<\/p>\n<p>Hasta la tarde de ayer no hab\u00eda un acuerdo entre habitantes de la localidad de Graciano S\u00e1nchez, comunidad tambi\u00e9n conocida como &#8220;La Pantera&#8221;, y autoridades federales para retirar el bloqueo carretero de la v\u00eda corta a M\u00e9rida, el cual inici\u00f3 desde las 05:00 horas del mi\u00e9rcoles para exigir a la Secretar\u00eda de Infraestructura, Comunicaciones y Transportes (SICT) el pago de una indemnizaci\u00f3n por m\u00e1s de 100 millones de pesos por la expropiaci\u00f3n, desde hace m\u00e1s de 60 a\u00f1os, de 22 hect\u00e1reas que fueron utilizadas para la construcci\u00f3n de esa carretera.<\/p>\n<p>Debido al bloqueo arribaron al sitio elementos de la Polic\u00eda Quintana Roo y de la Guardia Nacional de Carreteras, quienes dialogaron con los inconformes para que desbloqueen la v\u00eda, aunque los ejidatarios pidieron que se respete su derecho a la libre manifestaci\u00f3n y se\u00f1alaron que su reclamo es v\u00e1lido; m\u00e1s cuando desde hace dos a\u00f1os, el 3 de mayo del 2021, recibieron el compromiso que se les pagar\u00eda.<\/p>\n<p>Los agentes advirtieron en caso de ver alteraci\u00f3n del orden p\u00fablico y agresiones hacia los automovilistas realizar\u00edan la detenci\u00f3n de los ejidatarios, por lo que no se hab\u00eda reportado ni un altercado por parte de los presentes.<\/p>\n<p>El Presidente municipal de Bacalar, Jos\u00e9 Alfredo Contreras M\u00e9ndez, acudi\u00f3 al sitio para intentar llegar a un acuerdo con los ejidatarios, pero no hubo respuesta y por el contrario pidieron que se sume a su movimiento que ellos consideran justo, pues desde hace m\u00e1s de 60 a\u00f1os no se les paga la indemnizaci\u00f3n, por lo que pidieron que los apoye con agua y alimentos.<\/p>\n<p>Los ejidatarios abrieron el paso cada hora, pero los automovilistas tuvieron que pagar una cuota de 100 pesos y advirtieron que permanecer\u00e1n en el sitio hasta las 22:00 horas, aunque anticiparon que, en caso de no tener respuesta positiva de las autoridades federales, cerrar\u00e1n por completo el paso a la circulaci\u00f3n.<\/p>\n<p>Ayer mi\u00e9rcoles se cumplieron dos a\u00f1os desde que el Presidente se comprometi\u00f3 con los ejidos de Graciano S\u00e1nchez, Tihosuco y Tepich a pagar la indemnizaci\u00f3n por la expropiaci\u00f3n de sus tierras para la construcci\u00f3n de la carretera v\u00eda corta a M\u00e9rida y la carretera que comunica a la Zona Maya con Valladolid, Yucat\u00e1n.<\/p>\n<p>El compromiso se cumpli\u00f3 con Tihosuco y Tepich, no as\u00ed con Graciano S\u00e1nchez, por lo que la manifestaci\u00f3n est\u00e1 en marcha y se anticipa que podr\u00eda ser de forma permanente.<\/p>\n<p>Representantes del Gobierno Estatal ya han realizado un acercamiento con los manifestantes, pero han se\u00f1alado que no tienen las facultades para poder solventar el pago, y se ofrecieron a ser mediadores con el Gobierno Federal.<\/p>\n<p>De no destrabarse el bloqueo, se anunci\u00f3 que para el d\u00eda hoy, los inconformes cerrar\u00edan el paso en la carretera de manera permanente, hasta que no se les entregue el pago de su indemnizaci\u00f3n.<\/p>\n<p>La v\u00eda corta a M\u00e9rida, como su nombre lo dice, es la forma m\u00e1s directa para llegar hacia el vecino estado de Yucat\u00e1n, a trav\u00e9s de varias comunidades de los municipios de Bacalar, Felipe Carrillo Puerto y Jos\u00e9 Mar\u00eda Morelos, se construy\u00f3 hace 60 a\u00f1os y desde ese entonces no se les ha indemnizado a los ejidatarios.<\/p>\n<p>Actualmente, piden un pago de 120 millones de pesos, es decir, un mill\u00f3n para cada uno de los ejidatarios, por una superficie de 22 hect\u00e1reas que se utilizaron para la construcci\u00f3n de esta carretera.<\/p>\n<p>Cabe se\u00f1alar que ayer por la tarde la SICT ofreci\u00f3, a trav\u00e9s de su Direcci\u00f3n Jur\u00eddica, seis millones 516 mil 632 pesos para finiquitar la expropiaci\u00f3n, mediante un desglose de  563 mil 313 pesos por las 24 hect\u00e1reas de terreno, de acuerdo al \u00cdndice Nacional de Precios del Consumidor (INPC) del presente a\u00f1o y los cinco millones 953 mil 319 pesos adicionales son por el rendimiento de la siembra y cosecha de frijol desde la fecha de expropiaci\u00f3n de hace 60 a\u00f1os, hasta este 2023, es decir, lo que se dej\u00f3 de producir en grano.<\/p>\n<p>Sin embargo, los ejidatarios pidieron ahora un mill\u00f3n de pesos por hect\u00e1rea, pues en m\u00e1s de 50 a\u00f1os la SICT ha usufructuado la v\u00eda corta a M\u00e9rida, sin que ellos tengan alguna clase de beneficio, adem\u00e1s, rechazaron la propuesta de la subsecretaria t\u00e9cnica de la Secretar\u00eda de Gobierno (SG), Esther Burgos Jim\u00e9nez, de conformar una mesa de di\u00e1logo y la instituci\u00f3n que representa ser\u00eda mediadora.<\/p>\n<p>Por lo que de nuevo amenazaron con que el bloqueo continuar\u00e1 mientras las autoridades no cedan a las exigencias de los inconformes. <\/p>\n<p><a href=\"https:\/\/www.poresto.net\/quintana-roo\/2023\/5\/4\/ejidatarios-de-la-pantera-mantienen-bloqueo-en-la-via-chetumal-merida-seria-permanente-382307.html\" rel=\"noopener\" target=\"_blank\">https:\/\/www.poresto.net\/quintana-roo\/2023\/5\/4\/ejidatarios-de-la-pantera-mantienen-bloqueo-en-la-via-chetumal-merida-seria-permanente-382307.html<\/a><\/p>\n","protected":false},"excerpt":{"rendered":"<p>Abraham Cohu\u00f3 \/ Por Esto! Hasta la tarde de ayer no hab\u00eda un acuerdo entre habitantes de la localidad de Graciano S\u00e1nchez, comunidad tambi\u00e9n conocida como &#8220;La Pantera&#8221;, y autoridades &hellip; <a href=\"https:\/\/www.grieta.org.mx\/index.php\/2023\/05\/04\/ejidatarios-de-la-pantera-mantienen-bloqueo-en-la-via-chetumal-merida-seria-permanente\/\" class=\"more-link\">Leer m\u00e1s<\/a><\/p>\n","protected":false},"author":2,"featured_media":66897,"comment_status":"closed","ping_status":"closed","sticky":false,"template":"","format":"standard","meta":{"ngg_post_thumbnail":0,"_jetpack_newsletter_access":"","_jetpack_dont_email_post_to_subs":false,"_jetpack_newsletter_tier_id":0,"_jetpack_memberships_contains_paywalled_content":false,"_jetpack_memberships_contains_paid_content":false,"footnotes":""},"categories":[80,2949,2,3722,28],"tags":[137,2311,175,1124],"class_list":["post-66896","post","type-post","status-publish","format-standard","has-post-thumbnail","hentry","category-cintillo","category-despojo-de-tierras-en-quintana-roo","category-noticias-nacionales","category-protestas-por-incumplimiento-de-las-autoridades-en-quintana-roo","category-quintana-roo","tag-bloqueo-carretero","tag-despojo-de-tierras","tag-ejidatarios","tag-expropiacion-de-tierras","entry"],"jetpack_featured_media_url":"https:\/\/www.grieta.org.mx\/wp-content\/uploads\/2023\/05\/Bloqueo-e1683338844178.jpg","jetpack_sharing_enabled":true,"jetpack_shortlink":"https:\/\/wp.me\/p7ZJR4-hoY","jetpack_likes_enabled":false,"jetpack-related-posts":[{"id":69174,"url":"https:\/\/www.grieta.org.mx\/index.php\/2024\/05\/31\/otro-bloqueo-mas-en-felipe-carrillo-puerto-ejidatarios-de-presidente-juarez-bloquean-la-carretera-merida-via-corta-para-exigir-pago-por-tierras-expropiadas-en-1968-y-por-afectaciones-del-tren-may\/","url_meta":{"origin":66896,"position":0},"title":"Otro bloqueo m\u00e1s en Felipe Carrillo Puerto: Ejidatarios de &#8216;Presidente Ju\u00e1rez&#8217; bloquean la carretera M\u00e9rida v\u00eda corta para exigir pago por tierras expropiadas en 1968 y por afectaciones del Tren Maya  (Quintana Roo)","author":"grieta","date":"31 mayo, 2024","format":false,"excerpt":"Rafael Brice\u00f1o \/ Noticaribe FELIPE CARRILLO PUERTO, MX. \u2013 Habitantes de la comunidad de \u2018Presidente Ju\u00e1rez\u2019 bloquearon la carretera a M\u00e9rida v\u00eda corta como medida de presi\u00f3n para que el gobierno federal pague tierras expropiadas hace 50 a\u00f1os, pero tambi\u00e9n las que son afectadas por la construcci\u00f3n del Tren Maya.\u2026","rel":"","context":"En &quot;CINTILLO&quot;","block_context":{"text":"CINTILLO","link":"https:\/\/www.grieta.org.mx\/index.php\/category\/cintillo\/"},"img":{"alt_text":"","src":"https:\/\/i0.wp.com\/www.grieta.org.mx\/wp-content\/uploads\/2024\/06\/Bloqueo-e1718672597744.jpg?resize=350%2C200&ssl=1","width":350,"height":200,"srcset":"https:\/\/i0.wp.com\/www.grieta.org.mx\/wp-content\/uploads\/2024\/06\/Bloqueo-e1718672597744.jpg?resize=350%2C200&ssl=1 1x, https:\/\/i0.wp.com\/www.grieta.org.mx\/wp-content\/uploads\/2024\/06\/Bloqueo-e1718672597744.jpg?resize=525%2C300&ssl=1 1.5x, https:\/\/i0.wp.com\/www.grieta.org.mx\/wp-content\/uploads\/2024\/06\/Bloqueo-e1718672597744.jpg?resize=700%2C400&ssl=1 2x"},"classes":[]},{"id":65914,"url":"https:\/\/www.grieta.org.mx\/index.php\/2022\/11\/22\/ejidatarios-de-tihosuco-amenazan-con-bloqueo-carretero-quintana-roo\/","url_meta":{"origin":66896,"position":1},"title":"Ejidatarios de Tihosuco amenazan con bloqueo carretero (Quintana Roo)","author":"grieta","date":"22 noviembre, 2022","format":false,"excerpt":"Jes\u00fas Caamal \/ Sipse El Ejido de Tihosuco amenaz\u00f3 con bloquear hoy la carretera federal 295 Carrillo-Valladolid por la falta de indemnizaci\u00f3n de sus tierras por la SCT, pese a que existe una sentencia a su favor. Manuel Poot Moo, presidente del comisariado ejidal de Tihosuco, a\u00f1adi\u00f3 que este martes\u2026","rel":"","context":"En &quot;CINTILLO&quot;","block_context":{"text":"CINTILLO","link":"https:\/\/www.grieta.org.mx\/index.php\/category\/cintillo\/"},"img":{"alt_text":"","src":"https:\/\/i0.wp.com\/www.grieta.org.mx\/wp-content\/uploads\/2022\/12\/Tihosuco-e1671032944211.jpg?resize=350%2C200&ssl=1","width":350,"height":200,"srcset":"https:\/\/i0.wp.com\/www.grieta.org.mx\/wp-content\/uploads\/2022\/12\/Tihosuco-e1671032944211.jpg?resize=350%2C200&ssl=1 1x, https:\/\/i0.wp.com\/www.grieta.org.mx\/wp-content\/uploads\/2022\/12\/Tihosuco-e1671032944211.jpg?resize=525%2C300&ssl=1 1.5x, https:\/\/i0.wp.com\/www.grieta.org.mx\/wp-content\/uploads\/2022\/12\/Tihosuco-e1671032944211.jpg?resize=700%2C400&ssl=1 2x"},"classes":[]},{"id":66068,"url":"https:\/\/www.grieta.org.mx\/index.php\/2023\/01\/13\/nuevamente-amanece-bloqueada-la-carretera-a-merida-via-corta-incumplimiento-de-la-sict-obliga-a-ejidatarios-de-tihosuco-a-protestar-e-instalar-caseta-de-peaje-con-cobro-de-50-pesos-por-automovil-qu\/","url_meta":{"origin":66896,"position":2},"title":"Nuevamente amanece bloqueada la carretera a M\u00e9rida v\u00eda corta: Incumplimiento de la SICT obliga a ejidatarios de Tihosuco a protestar e instalar caseta de peaje con cobro de 50 pesos por autom\u00f3vil  (Quintana Roo)","author":"grieta","date":"13 enero, 2023","format":false,"excerpt":"Rafael Brice\u00f1o \/ Noticaribe FELIPE CARRILLO PUERTO, MX. \u2013 Ante el incumplimiento de los compromisos adquiridos en noviembre por parte de la Secretar\u00eda de Infraestructura, Comunicaciones y Transportes (SICT), ejidatarios de Tihosuco bloquearon la carretera hacia M\u00e9rida para reiterar su exigencia de pago por la expropiaci\u00f3n de tierras para la\u2026","rel":"","context":"En &quot;CINTILLO&quot;","block_context":{"text":"CINTILLO","link":"https:\/\/www.grieta.org.mx\/index.php\/category\/cintillo\/"},"img":{"alt_text":"","src":"https:\/\/i0.wp.com\/www.grieta.org.mx\/wp-content\/uploads\/2023\/01\/TihosucoCarretera-e1673732324270.jpg?resize=350%2C200&ssl=1","width":350,"height":200,"srcset":"https:\/\/i0.wp.com\/www.grieta.org.mx\/wp-content\/uploads\/2023\/01\/TihosucoCarretera-e1673732324270.jpg?resize=350%2C200&ssl=1 1x, https:\/\/i0.wp.com\/www.grieta.org.mx\/wp-content\/uploads\/2023\/01\/TihosucoCarretera-e1673732324270.jpg?resize=525%2C300&ssl=1 1.5x, https:\/\/i0.wp.com\/www.grieta.org.mx\/wp-content\/uploads\/2023\/01\/TihosucoCarretera-e1673732324270.jpg?resize=700%2C400&ssl=1 2x"},"classes":[]},{"id":69020,"url":"https:\/\/www.grieta.org.mx\/index.php\/2024\/05\/20\/ejidatarios-vuelven-a-bloquear-la-carretera-chetumal-via-corta-a-merida-quintana-roo\/","url_meta":{"origin":66896,"position":3},"title":"Ejidatarios Vuelven a Bloquear la Carretera Chetumal-V\u00eda Corta a M\u00e9rida (Quintana Roo)","author":"grieta","date":"20 mayo, 2024","format":false,"excerpt":"Ricardo Jes\u00fas Rivas\/CAMBIO 22 Pobladores de \u00c1vila Camacho protestan por incumplimiento del gobierno federal en el pago de indemnizaci\u00f3n de sus tierras Los manifestantes reclaman la cantidad de 5 millones de pesos que la SICT acord\u00f3 pagar a principios de este a\u00f1o CHETUMAL, 20 de mayo.- La carretera federal v\u00eda\u2026","rel":"","context":"En &quot;CINTILLO&quot;","block_context":{"text":"CINTILLO","link":"https:\/\/www.grieta.org.mx\/index.php\/category\/cintillo\/"},"img":{"alt_text":"","src":"https:\/\/i0.wp.com\/www.grieta.org.mx\/wp-content\/uploads\/2024\/05\/bloqueo-e1716854360868.jpg?resize=350%2C200&ssl=1","width":350,"height":200,"srcset":"https:\/\/i0.wp.com\/www.grieta.org.mx\/wp-content\/uploads\/2024\/05\/bloqueo-e1716854360868.jpg?resize=350%2C200&ssl=1 1x, https:\/\/i0.wp.com\/www.grieta.org.mx\/wp-content\/uploads\/2024\/05\/bloqueo-e1716854360868.jpg?resize=525%2C300&ssl=1 1.5x, https:\/\/i0.wp.com\/www.grieta.org.mx\/wp-content\/uploads\/2024\/05\/bloqueo-e1716854360868.jpg?resize=700%2C400&ssl=1 2x"},"classes":[]},{"id":68645,"url":"https:\/\/www.grieta.org.mx\/index.php\/2024\/03\/18\/basta-de-mentiras-bloquean-ejidatarios-de-chunyaxche-obras-del-tren-maya-acusan-al-gobierno-federal-de-incumplir-acuerdos-quintana-roo\/","url_meta":{"origin":66896,"position":4},"title":"&#8220;\u00a1Basta de mentiras!&#8221;: Bloquean ejidatarios de Chunyaxch\u00e9 obras del Tren Maya; acusan al gobierno federal de incumplir acuerdos (Quintana Roo)","author":"grieta","date":"18 marzo, 2024","format":false,"excerpt":"Noticaribe FELIPE CARRILLO PUERTO, MX.- Alrededor de 800 ejidatarios de Chunyaxch\u00e9 y anexos iniciaron esta ma\u00f1ana un bloqueo en las obras del Tren Maya en la zona, para exigir, entre otras cosas, que el gobierno federal cumpla regulando 5 mil 900 hect\u00e1reas de tierra que fueron parte del compromiso que\u2026","rel":"","context":"En &quot;CINTILLO&quot;","block_context":{"text":"CINTILLO","link":"https:\/\/www.grieta.org.mx\/index.php\/category\/cintillo\/"},"img":{"alt_text":"","src":"https:\/\/i0.wp.com\/www.grieta.org.mx\/wp-content\/uploads\/2024\/03\/Bloqueo-e1711308726930.jpg?resize=350%2C200&ssl=1","width":350,"height":200,"srcset":"https:\/\/i0.wp.com\/www.grieta.org.mx\/wp-content\/uploads\/2024\/03\/Bloqueo-e1711308726930.jpg?resize=350%2C200&ssl=1 1x, https:\/\/i0.wp.com\/www.grieta.org.mx\/wp-content\/uploads\/2024\/03\/Bloqueo-e1711308726930.jpg?resize=525%2C300&ssl=1 1.5x, https:\/\/i0.wp.com\/www.grieta.org.mx\/wp-content\/uploads\/2024\/03\/Bloqueo-e1711308726930.jpg?resize=700%2C400&ssl=1 2x"},"classes":[]},{"id":68153,"url":"https:\/\/www.grieta.org.mx\/index.php\/2023\/11\/06\/bloquean-ejidatarios-de-felipe-carrillo-puerto-carretera-a-merida-en-reclamo-de-indemnizacion-por-tierras-expropiadas-quintana-roo\/","url_meta":{"origin":66896,"position":5},"title":"Bloquean ejidatarios de Felipe Carrillo Puerto carretera a M\u00e9rida en reclamo de indemnizaci\u00f3n por tierras expropiadas (Quintana Roo)","author":"grieta","date":"6 noviembre, 2023","format":false,"excerpt":"Noticaribe FELIPE CARRILLO PUERTO, MX.- Alrededor de 100 ejidatarios de la comunidad de \u201cNuevo Israel\u201d, situada en la v\u00eda corta a M\u00e9rida, iniciaron esta ma\u00f1ana un bloqueo en esta carretera, en demanda de un pago justo de sus propiedades que fueron expropiadas para construcci\u00f3n de dicha vialidad. Fue a eso\u2026","rel":"","context":"En &quot;CINTILLO&quot;","block_context":{"text":"CINTILLO","link":"https:\/\/www.grieta.org.mx\/index.php\/category\/cintillo\/"},"img":{"alt_text":"","src":"https:\/\/i0.wp.com\/www.grieta.org.mx\/wp-content\/uploads\/2023\/11\/BloqueoEjidatarios-e1700525957879.jpg?resize=350%2C200&ssl=1","width":350,"height":200,"srcset":"https:\/\/i0.wp.com\/www.grieta.org.mx\/wp-content\/uploads\/2023\/11\/BloqueoEjidatarios-e1700525957879.jpg?resize=350%2C200&ssl=1 1x, https:\/\/i0.wp.com\/www.grieta.org.mx\/wp-content\/uploads\/2023\/11\/BloqueoEjidatarios-e1700525957879.jpg?resize=525%2C300&ssl=1 1.5x, https:\/\/i0.wp.com\/www.grieta.org.mx\/wp-content\/uploads\/2023\/11\/BloqueoEjidatarios-e1700525957879.jpg?resize=700%2C400&ssl=1 2x"},"classes":[]}],"_links":{"self":[{"href":"https:\/\/www.grieta.org.mx\/index.php\/wp-json\/wp\/v2\/posts\/66896","targetHints":{"allow":["GET"]}}],"collection":[{"href":"https:\/\/www.grieta.org.mx\/index.php\/wp-json\/wp\/v2\/posts"}],"about":[{"href":"https:\/\/www.grieta.org.mx\/index.php\/wp-json\/wp\/v2\/types\/post"}],"author":[{"embeddable":true,"href":"https:\/\/www.grieta.org.mx\/index.php\/wp-json\/wp\/v2\/users\/2"}],"replies":[{"embeddable":true,"href":"https:\/\/www.grieta.org.mx\/index.php\/wp-json\/wp\/v2\/comments?post=66896"}],"version-history":[{"count":1,"href":"https:\/\/www.grieta.org.mx\/index.php\/wp-json\/wp\/v2\/posts\/66896\/revisions"}],"predecessor-version":[{"id":66898,"href":"https:\/\/www.grieta.org.mx\/index.php\/wp-json\/wp\/v2\/posts\/66896\/revisions\/66898"}],"wp:featuredmedia":[{"embeddable":true,"href":"https:\/\/www.grieta.org.mx\/index.php\/wp-json\/wp\/v2\/media\/66897"}],"wp:attachment":[{"href":"https:\/\/www.grieta.org.mx\/index.php\/wp-json\/wp\/v2\/media?parent=66896"}],"wp:term":[{"taxonomy":"category","embeddable":true,"href":"https:\/\/www.grieta.org.mx\/index.php\/wp-json\/wp\/v2\/categories?post=66896"},{"taxonomy":"post_tag","embeddable":true,"href":"https:\/\/www.grieta.org.mx\/index.php\/wp-json\/wp\/v2\/tags?post=66896"}],"curies":[{"name":"wp","href":"https:\/\/api.w.org\/{rel}","templated":true}]}}