{"id":66892,"date":"2023-05-04T09:41:18","date_gmt":"2023-05-04T15:41:18","guid":{"rendered":"https:\/\/www.grieta.org.mx\/?p=66892"},"modified":"2023-05-05T09:56:20","modified_gmt":"2023-05-05T15:56:20","slug":"no-a-la-incorporacion-de-la-educacion-indigena-al-inpi-realizan-maestros-marcha-de-rechazo-y-exigencia-d-permanecer-dentro-de-la-atencion-de-la-sep-quintana-roo","status":"publish","type":"post","link":"https:\/\/www.grieta.org.mx\/index.php\/2023\/05\/04\/no-a-la-incorporacion-de-la-educacion-indigena-al-inpi-realizan-maestros-marcha-de-rechazo-y-exigencia-d-permanecer-dentro-de-la-atencion-de-la-sep-quintana-roo\/","title":{"rendered":"No a la incorporaci\u00f3n de la educaci\u00f3n ind\u00edgena al  INPI: Realizan maestros marcha de rechazo y exigencia d permanecer dentro de la atenci\u00f3n de la SEP (Quintana Roo)"},"content":{"rendered":"<p>Rafael Brice\u00f1o \/ Noticaribe<\/p>\n<p>FELIPE CARRILLO PUERTO, MX. \u2013 Tras la propuesta federal de incorporar la educaci\u00f3n ind\u00edgena al Instituto Nacional de Pueblos Ind\u00edgenas (INPI), maestros realizaron una marcha de protesta para manifestar su rechazo al considerarlo un retroceso y exigir permanecer dentro de la Secretar\u00eda de Educaci\u00f3n P\u00fablica (SEP).<\/p>\n<p>Aproximadamente 100 maestros de Educaci\u00f3n Ind\u00edgena marcharon desde el parque \u201cFelipe Carrillo Puerto\u201d hasta la Concha Ac\u00fastica de la Colonia Santiago Pacheco Cruz, donde realizaron mitin.<\/p>\n<p>Los maestros explicaron qu\u00e9 la propuesta del gobierno federal ocasionar\u00e1 que pierdan derechos as\u00ed como reconocimientos y est\u00edmulos de profesionalizaci\u00f3n, que afectar\u00eda sus percepciones y retiro.<\/p>\n<p>Si la educaci\u00f3n ind\u00edgena pasa al INPI aquellos maestros que est\u00e1n a la espera de una base ser\u00e1n perjudicados ya que ser\u00e1 pr\u00e1cticamente imposible adem\u00e1s que el proceso de ense\u00f1anza aprendizaje se ver\u00eda interrumpido, enfatizaron.<\/p>\n<p>Consideraron que est\u00e1 propuesta busca \u00fanicamente justificar recursos reportados pero que no han sido invertidos durante a\u00f1os en educaci\u00f3n ind\u00edgena.<\/p>\n<p>Los inconformes, representantes de unos 400 maestros de Educaci\u00f3n Ind\u00edgena, anticiparon que buscar\u00e1n asesor\u00eda para interponer un amparo colectivo contra la propuesta del gobierno federal.<\/p>\n<p>Mientras anticiparon qu\u00e9 las manifestaciones continuaran en el Estado y el congreso local. <\/p>\n<p><a href=\"https:\/\/noticaribe.com.mx\/2023\/05\/04\/no-a-la-incorporacion-de-la-educacion-indigena-al-inpi-realizan-maestros-marcha-de-rechazo-y-exigencia-d-permanecer-dentro-de-la-atencion-de-la-sep\/\" rel=\"noopener\" target=\"_blank\">https:\/\/noticaribe.com.mx\/2023\/05\/04\/no-a-la-incorporacion-de-la-educacion-indigena-al-inpi-realizan-maestros-marcha-de-rechazo-y-exigencia-d-permanecer-dentro-de-la-atencion-de-la-sep\/<\/a><\/p>\n","protected":false},"excerpt":{"rendered":"<p>Rafael Brice\u00f1o \/ Noticaribe FELIPE CARRILLO PUERTO, MX. \u2013 Tras la propuesta federal de incorporar la educaci\u00f3n ind\u00edgena al Instituto Nacional de Pueblos Ind\u00edgenas (INPI), maestros realizaron una marcha de &hellip; <a href=\"https:\/\/www.grieta.org.mx\/index.php\/2023\/05\/04\/no-a-la-incorporacion-de-la-educacion-indigena-al-inpi-realizan-maestros-marcha-de-rechazo-y-exigencia-d-permanecer-dentro-de-la-atencion-de-la-sep-quintana-roo\/\" class=\"more-link\">Leer m\u00e1s<\/a><\/p>\n","protected":false},"author":2,"featured_media":66893,"comment_status":"closed","ping_status":"closed","sticky":false,"template":"","format":"standard","meta":{"ngg_post_thumbnail":0,"_jetpack_newsletter_access":"","_jetpack_dont_email_post_to_subs":false,"_jetpack_newsletter_tier_id":0,"_jetpack_memberships_contains_paywalled_content":false,"_jetpack_memberships_contains_paid_content":false,"footnotes":""},"categories":[80,1084,910,2,28,83],"tags":[113,105,4160,3108],"class_list":["post-66892","post","type-post","status-publish","format-standard","has-post-thumbnail","hentry","category-cintillo","category-conflictos-laborales-en-quintana-roo","category-explotacion-y-precariedad-laboral","category-noticias-nacionales","category-quintana-roo","category-temas-nacionales","tag-conflictos-laborales","tag-derechos-laborales","tag-educacion-indigena","tag-inpi","entry"],"jetpack_featured_media_url":"https:\/\/www.grieta.org.mx\/wp-content\/uploads\/2023\/05\/EducacionIndigena-e1683302013245.jpg","jetpack_sharing_enabled":true,"jetpack_shortlink":"https:\/\/wp.me\/p7ZJR4-hoU","jetpack_likes_enabled":false,"jetpack-related-posts":[{"id":48835,"url":"https:\/\/www.grieta.org.mx\/index.php\/2020\/05\/01\/yo-no-queria-salir-pero-la-seq-me-obligo-a-venir-en-plena-contingencia-protestan-maestros-en-fcp-contra-proceso-de-la-secretaria-de-educacion-de-cambio-de-centros-de-trabajo-quin\/","url_meta":{"origin":66892,"position":0},"title":"\u201cYo no quer\u00eda salir, pero la SEQ me oblig\u00f3 a venir\u201d: En plena contingencia, protestan maestros en FCP contra proceso de la Secretar\u00eda de Educaci\u00f3n de cambio de centros de trabajo (Quintana Roo)","author":"grieta","date":"1 mayo, 2020","format":false,"excerpt":"Rafael Brice\u00f1o \/ Noticaribe FELIPE CARRILLO PUERTO, MX. \u2013 \u201cYo no quer\u00eda salir pero la SEQ me oblig\u00f3 a venir, por m\u00e1s derechos laborales\u201d, afirmaron maestros afiliados al sindicato Independiente de Trabajadores de la Educaci\u00f3n (Siteqroo) al realizar una manifestaci\u00f3n pac\u00edfica para ratificar su inconformidad contra la Secretar\u00eda de Educaci\u00f3n\u2026","rel":"","context":"En &quot;CINTILLO&quot;","block_context":{"text":"CINTILLO","link":"https:\/\/www.grieta.org.mx\/index.php\/category\/cintillo\/"},"img":{"alt_text":"","src":"https:\/\/i0.wp.com\/www.grieta.org.mx\/wp-content\/uploads\/2020\/05\/MaestrosQRoo.png?resize=350%2C200","width":350,"height":200},"classes":[]},{"id":71732,"url":"https:\/\/www.grieta.org.mx\/index.php\/2025\/05\/15\/daran-inicio-a-planton-frente-al-palacio-municipal-se-suman-docentes-de-otros-municipios-a-la-megamarcha-en-felipe-carrillo-puerto-quintana-roo\/","url_meta":{"origin":66892,"position":1},"title":"Dar\u00e1n inicio a plant\u00f3n frente al Palacio Municipal: Se suman docentes de otros municipios a la megamarcha en Felipe Carrillo Puerto (Quintana Roo)","author":"grieta","date":"15 mayo, 2025","format":false,"excerpt":"Noticaribe FELIPE CARRILLO PUERTO, MX.- Alrededor de mil docentes, provenientes de diversos municipios del estado, se concentraron esta ma\u00f1ana en los accesos de esta ciudad, para sumarse a la megamarcha convocada por el Comit\u00e9 Estatal de Lucha en contra de la Ley del Instituto de Seguridad y Servicios Sociales de\u2026","rel":"","context":"En &quot;CINTILLO&quot;","block_context":{"text":"CINTILLO","link":"https:\/\/www.grieta.org.mx\/index.php\/category\/cintillo\/"},"img":{"alt_text":"","src":"https:\/\/i0.wp.com\/www.grieta.org.mx\/wp-content\/uploads\/2025\/05\/MaestrosQR-e1747659303124.jpg?resize=350%2C200&ssl=1","width":350,"height":200,"srcset":"https:\/\/i0.wp.com\/www.grieta.org.mx\/wp-content\/uploads\/2025\/05\/MaestrosQR-e1747659303124.jpg?resize=350%2C200&ssl=1 1x, https:\/\/i0.wp.com\/www.grieta.org.mx\/wp-content\/uploads\/2025\/05\/MaestrosQR-e1747659303124.jpg?resize=525%2C300&ssl=1 1.5x, https:\/\/i0.wp.com\/www.grieta.org.mx\/wp-content\/uploads\/2025\/05\/MaestrosQR-e1747659303124.jpg?resize=700%2C400&ssl=1 2x"},"classes":[]},{"id":66918,"url":"https:\/\/www.grieta.org.mx\/index.php\/2023\/05\/12\/maestros-de-educacion-indigena-de-yucatan-protestan-contra-ley-de-amlo\/","url_meta":{"origin":66892,"position":2},"title":"Maestros de educaci\u00f3n ind\u00edgena de Yucat\u00e1n protestan contra ley de AMLO","author":"grieta","date":"12 mayo, 2023","format":false,"excerpt":"Redacci\u00f3n Haz Ruido En la manifestaci\u00f3n en el Congreso del Estado exigen que no desaparezca la educaci\u00f3n ind\u00edgena de la SEP, porque se tratar\u00eda de un retroceso y afectar\u00eda sus derechos laborales. M\u00e9rida, Yucat\u00e1n, 12 de mayo de 2023.- Aproximadamente 300 maestras y maestros de zonas rurales de Yucat\u00e1n protestan\u2026","rel":"","context":"En &quot;CINTILLO&quot;","block_context":{"text":"CINTILLO","link":"https:\/\/www.grieta.org.mx\/index.php\/category\/cintillo\/"},"img":{"alt_text":"","src":"https:\/\/i0.wp.com\/www.grieta.org.mx\/wp-content\/uploads\/2023\/05\/EducacionIndigenaYuc-e1684000284172.jpg?resize=350%2C200&ssl=1","width":350,"height":200,"srcset":"https:\/\/i0.wp.com\/www.grieta.org.mx\/wp-content\/uploads\/2023\/05\/EducacionIndigenaYuc-e1684000284172.jpg?resize=350%2C200&ssl=1 1x, https:\/\/i0.wp.com\/www.grieta.org.mx\/wp-content\/uploads\/2023\/05\/EducacionIndigenaYuc-e1684000284172.jpg?resize=525%2C300&ssl=1 1.5x, https:\/\/i0.wp.com\/www.grieta.org.mx\/wp-content\/uploads\/2023\/05\/EducacionIndigenaYuc-e1684000284172.jpg?resize=700%2C400&ssl=1 2x"},"classes":[]},{"id":64825,"url":"https:\/\/www.grieta.org.mx\/index.php\/2022\/08\/16\/amagan-maestros-del-tecnologico-de-carrillo-puerto-con-paro-laboral-denuncian-caso-de-acoso-sexual-plazas-sin-asignar-y-falta-de-pago-de-bono-quintana-roo\/","url_meta":{"origin":66892,"position":3},"title":"Amagan maestros del Tecnol\u00f3gico de Carrillo Puerto con paro laboral: Denuncian caso de acoso sexual, plazas sin asignar y falta de pago de bono (Quintana Roo)","author":"grieta","date":"16 agosto, 2022","format":false,"excerpt":"Noticaribe FELIPE CARRILLO PUERTO, MX.- Cerca de 30 maestros del Instituto de Tecnol\u00f3gico de Felipe Carrillo Puerto se manifestaron este mediod\u00eda a las afueras de este plantel para exigirle a la Secretar\u00eda de Educaci\u00f3n de Quintana Roo (SEQ) que cumpla con los acuerdos pactados desde mayo pasado, o de lo\u2026","rel":"","context":"En &quot;CINTILLO&quot;","block_context":{"text":"CINTILLO","link":"https:\/\/www.grieta.org.mx\/index.php\/category\/cintillo\/"},"img":{"alt_text":"","src":"https:\/\/i0.wp.com\/www.grieta.org.mx\/wp-content\/uploads\/2022\/08\/CarrillolPuerto-e1661042787762.png?resize=350%2C200&ssl=1","width":350,"height":200,"srcset":"https:\/\/i0.wp.com\/www.grieta.org.mx\/wp-content\/uploads\/2022\/08\/CarrillolPuerto-e1661042787762.png?resize=350%2C200&ssl=1 1x, https:\/\/i0.wp.com\/www.grieta.org.mx\/wp-content\/uploads\/2022\/08\/CarrillolPuerto-e1661042787762.png?resize=525%2C300&ssl=1 1.5x, https:\/\/i0.wp.com\/www.grieta.org.mx\/wp-content\/uploads\/2022\/08\/CarrillolPuerto-e1661042787762.png?resize=700%2C400&ssl=1 2x"},"classes":[]},{"id":57289,"url":"https:\/\/www.grieta.org.mx\/index.php\/2021\/03\/01\/maestros-de-chetumal-denuncian-incumplimiento-en-proceso-de-asignacion-de-plazas-quintana-roo\/","url_meta":{"origin":66892,"position":4},"title":"Maestros de Chetumal denuncian incumplimiento en proceso de asignaci\u00f3n de plazas (Quintana Roo)","author":"grieta","date":"1 marzo, 2021","format":false,"excerpt":"Jos\u00e9 Ramos \/ PorEsto! La SEP no ha dado a conocer los criterios de este proceso a los docentes que presentaron examen de asignaci\u00f3n para nivel b\u00e1sico Maestros integrantes del Frente de Admisi\u00f3n Magisterial Definitiva (FAMD) en Chetumal manifestaron su inconformidad ante el incumplimiento en el proceso de asignaci\u00f3n de\u2026","rel":"","context":"En &quot;CINTILLO&quot;","block_context":{"text":"CINTILLO","link":"https:\/\/www.grieta.org.mx\/index.php\/category\/cintillo\/"},"img":{"alt_text":"","src":"https:\/\/i0.wp.com\/www.grieta.org.mx\/wp-content\/uploads\/2021\/03\/MaestrosChetumal-e1614803617703.png?resize=350%2C200&ssl=1","width":350,"height":200,"srcset":"https:\/\/i0.wp.com\/www.grieta.org.mx\/wp-content\/uploads\/2021\/03\/MaestrosChetumal-e1614803617703.png?resize=350%2C200&ssl=1 1x, https:\/\/i0.wp.com\/www.grieta.org.mx\/wp-content\/uploads\/2021\/03\/MaestrosChetumal-e1614803617703.png?resize=525%2C300&ssl=1 1.5x, https:\/\/i0.wp.com\/www.grieta.org.mx\/wp-content\/uploads\/2021\/03\/MaestrosChetumal-e1614803617703.png?resize=700%2C400&ssl=1 2x"},"classes":[]},{"id":56131,"url":"https:\/\/www.grieta.org.mx\/index.php\/2021\/01\/05\/denuncian-maestros-a-la-secretaria-de-educacion-de-quintana-roo\/","url_meta":{"origin":66892,"position":5},"title":"Denuncian maestros a la Secretar\u00eda de educaci\u00f3n de Quintana Roo","author":"grieta","date":"5 enero, 2021","format":false,"excerpt":"Rafael Brise\u00f1o\/Quadrat\u00edn Quintana Roo OTH\u00d3N POMPEYO BLANCO, QRoo, 5 de enero de 2021.- Ante el incumplimiento de la Secretar\u00eda de educaci\u00f3n en Quintana Roo (SEQ) para cubrir el pago correspondiente al segundo semestre del 2020 del programa de escuelas de tiempo completo, la entrega irregular de plazas y despidos injustificados,\u2026","rel":"","context":"En &quot;CINTILLO&quot;","block_context":{"text":"CINTILLO","link":"https:\/\/www.grieta.org.mx\/index.php\/category\/cintillo\/"},"img":{"alt_text":"","src":"https:\/\/i0.wp.com\/www.grieta.org.mx\/wp-content\/uploads\/2021\/01\/MaestrosQroo-e1609956170934.jpg?resize=350%2C200&ssl=1","width":350,"height":200,"srcset":"https:\/\/i0.wp.com\/www.grieta.org.mx\/wp-content\/uploads\/2021\/01\/MaestrosQroo-e1609956170934.jpg?resize=350%2C200&ssl=1 1x, https:\/\/i0.wp.com\/www.grieta.org.mx\/wp-content\/uploads\/2021\/01\/MaestrosQroo-e1609956170934.jpg?resize=525%2C300&ssl=1 1.5x, https:\/\/i0.wp.com\/www.grieta.org.mx\/wp-content\/uploads\/2021\/01\/MaestrosQroo-e1609956170934.jpg?resize=700%2C400&ssl=1 2x"},"classes":[]}],"_links":{"self":[{"href":"https:\/\/www.grieta.org.mx\/index.php\/wp-json\/wp\/v2\/posts\/66892","targetHints":{"allow":["GET"]}}],"collection":[{"href":"https:\/\/www.grieta.org.mx\/index.php\/wp-json\/wp\/v2\/posts"}],"about":[{"href":"https:\/\/www.grieta.org.mx\/index.php\/wp-json\/wp\/v2\/types\/post"}],"author":[{"embeddable":true,"href":"https:\/\/www.grieta.org.mx\/index.php\/wp-json\/wp\/v2\/users\/2"}],"replies":[{"embeddable":true,"href":"https:\/\/www.grieta.org.mx\/index.php\/wp-json\/wp\/v2\/comments?post=66892"}],"version-history":[{"count":1,"href":"https:\/\/www.grieta.org.mx\/index.php\/wp-json\/wp\/v2\/posts\/66892\/revisions"}],"predecessor-version":[{"id":66894,"href":"https:\/\/www.grieta.org.mx\/index.php\/wp-json\/wp\/v2\/posts\/66892\/revisions\/66894"}],"wp:featuredmedia":[{"embeddable":true,"href":"https:\/\/www.grieta.org.mx\/index.php\/wp-json\/wp\/v2\/media\/66893"}],"wp:attachment":[{"href":"https:\/\/www.grieta.org.mx\/index.php\/wp-json\/wp\/v2\/media?parent=66892"}],"wp:term":[{"taxonomy":"category","embeddable":true,"href":"https:\/\/www.grieta.org.mx\/index.php\/wp-json\/wp\/v2\/categories?post=66892"},{"taxonomy":"post_tag","embeddable":true,"href":"https:\/\/www.grieta.org.mx\/index.php\/wp-json\/wp\/v2\/tags?post=66892"}],"curies":[{"name":"wp","href":"https:\/\/api.w.org\/{rel}","templated":true}]}}