{"id":66866,"date":"2023-04-28T12:53:59","date_gmt":"2023-04-28T18:53:59","guid":{"rendered":"https:\/\/www.grieta.org.mx\/?p=66866"},"modified":"2023-04-28T12:53:59","modified_gmt":"2023-04-28T18:53:59","slug":"en-michoacan-comunidades-se-movilizan-por-asesinato-de-defensor-de-los-bosques","status":"publish","type":"post","link":"https:\/\/www.grieta.org.mx\/index.php\/2023\/04\/28\/en-michoacan-comunidades-se-movilizan-por-asesinato-de-defensor-de-los-bosques\/","title":{"rendered":"En Michoac\u00e1n, comunidades se movilizan por asesinato de defensor de los bosques"},"content":{"rendered":"<p>Alfredo Cisneros Madrigal, ind\u00edgena pur\u00e9pecha y miembro activo en la defensa de los bosques de la comunidad de Sicuicho, municipio de Los Reyes, Michoac\u00e1n, fue asesinado a balazos la noche del pasado martes (21).<\/p>\n<p>As\u00ed lo denunciaron el Consejo Supremo Ind\u00edgena de Michoac\u00e1n (CSIM) y el Concejo Comunal Ind\u00edgena de Sicuicho. Acorde al CSIM, Cisneros Madrigal, de 60 a\u00f1os, fung\u00eda como presidente del Comisariado de Bienes Comunales de Sicuicho y destac\u00f3 por ser \u201cun defensor incansable de los bosques, del territorio y de los derechos colectivos\u201d.<\/p>\n<p>Ante el crimen, testimonios de los concejeros comunales detallan que solicitaron apoyo de elementos de seguridad, entre ellos, polic\u00eda estatal y Guardia Nacional, pero no obtuvieron respuesta alguna. Por ello, y ante el temor de otro ataque armado, bloquearon tres puntos de la carretera entre Los Reyes y Uruapan. En el acto, exigieron a la Fiscal\u00eda General del Estado de Michoac\u00e1n el esclarecimiento del crimen, pues los agresores se dieron a la fuga.<\/p>\n<figure id=\"attachment_66867\" aria-describedby=\"caption-attachment-66867\" style=\"width: 680px\" class=\"wp-caption alignnone\"><img loading=\"lazy\" decoding=\"async\" data-attachment-id=\"66867\" data-permalink=\"https:\/\/www.grieta.org.mx\/index.php\/2023\/04\/28\/en-michoacan-comunidades-se-movilizan-por-asesinato-de-defensor-de-los-bosques\/bloqueos-del-consejo-supremo-indigena-de-michoacan\/\" data-orig-file=\"https:\/\/www.grieta.org.mx\/wp-content\/uploads\/2023\/04\/Bloqueos-del-Consejo-Supremo-Indigena-de-Michoacan.jpeg\" data-orig-size=\"680,374\" data-comments-opened=\"0\" data-image-meta=\"{&quot;aperture&quot;:&quot;0&quot;,&quot;credit&quot;:&quot;&quot;,&quot;camera&quot;:&quot;&quot;,&quot;caption&quot;:&quot;&quot;,&quot;created_timestamp&quot;:&quot;0&quot;,&quot;copyright&quot;:&quot;&quot;,&quot;focal_length&quot;:&quot;0&quot;,&quot;iso&quot;:&quot;0&quot;,&quot;shutter_speed&quot;:&quot;0&quot;,&quot;title&quot;:&quot;&quot;,&quot;orientation&quot;:&quot;0&quot;}\" data-image-title=\"Bloqueos-del-Consejo-Supremo-Indigena-de-Michoacan\" data-image-description=\"\" data-image-caption=\"&lt;p&gt;El pasado martes (21), comunidades integrantes del Consejo Supremo Ind\u00edgena de Michoac\u00e1n tomaron seis carreteras federales para exigir justicia para los defensores de los bosques, de los derechos colectivos y de las comunidades ind\u00edgenas desaparecidos y asesinados&lt;\/p&gt;\n\" data-medium-file=\"https:\/\/www.grieta.org.mx\/wp-content\/uploads\/2023\/04\/Bloqueos-del-Consejo-Supremo-Indigena-de-Michoacan-300x165.jpeg\" data-large-file=\"https:\/\/www.grieta.org.mx\/wp-content\/uploads\/2023\/04\/Bloqueos-del-Consejo-Supremo-Indigena-de-Michoacan.jpeg\" src=\"http:\/\/www.grieta.org.mx\/wp-content\/uploads\/2023\/04\/Bloqueos-del-Consejo-Supremo-Indigena-de-Michoacan.jpeg\" alt=\"\" width=\"680\" height=\"374\" class=\"size-full wp-image-66867\" srcset=\"https:\/\/www.grieta.org.mx\/wp-content\/uploads\/2023\/04\/Bloqueos-del-Consejo-Supremo-Indigena-de-Michoacan.jpeg 680w, https:\/\/www.grieta.org.mx\/wp-content\/uploads\/2023\/04\/Bloqueos-del-Consejo-Supremo-Indigena-de-Michoacan-300x165.jpeg 300w\" sizes=\"auto, (max-width: 680px) 100vw, 680px\" \/><figcaption id=\"caption-attachment-66867\" class=\"wp-caption-text\">El pasado martes (21), comunidades integrantes del Consejo Supremo Ind\u00edgena de Michoac\u00e1n tomaron seis carreteras federales para exigir justicia para los defensores de los bosques, de los derechos colectivos y de las comunidades ind\u00edgenas desaparecidos y asesinados<\/figcaption><\/figure>\n<p>Seg\u00fan el Concejo Comunal Ind\u00edgena de Sicuicho, desde antes de que Cisneros ocupara la presidencia del Comisariado, \u201cabraz\u00f3 las causas de la defensa de las tierras y bosques comunales como el de Surhumchani para beneficio de los habitantes de la comunidad y no de gentes externas. Se metieron denuncias concretas ante la Secretar\u00eda del Medio Ambiente y Recursos Naturales y gobierno del Estado por la tala clandestina del pino en el bosque\u201d.<\/p>\n<p>Acorde al CSIM, Cisneros combati\u00f3 el cambio de uso de suelo que se promueve en la regi\u00f3n para la siembra inmoderada de aguacate. El Concejo tambi\u00e9n denuncia que, en Michoac\u00e1n, m\u00e1s de 60 activistas sociales, defensores de los bosques, autoridades comunales y ambientalistas, \u201chan sido asesinados o desaparecidos por defender la vida, los recursos naturales y luchar en contra de las injusticias sociales, sin que, hasta la fecha, se haya resuelto un solo caso, esto a pesar de que se presentaron las denuncias correspondientes\u201d.<\/p>\n<p>El CSIM es una organizaci\u00f3n que integra a m\u00e1s de 65 comunidades originarias, entre pur\u00e9pechas, nahuas, otom\u00eds y mazahuas de la regi\u00f3n. En noviembre de 2022, la comunidad pur\u00e9pecha de Sicuicho, de m\u00e1s de 2 mil habitantes, aprob\u00f3, mediante asamblea general, regirse por el principio de usos y costumbres por medio de un consejo comunal y formar parte del CSIM.<\/p>\n<p>Ante el homicidio, el CSIM exigi\u00f3 \u201cen\u00e9rgica y colectivamente al Estado mexicano justicia para el compa\u00f1ero Alfredo Cisneros Madrigal y seguridad para la comunidad de Sicuicho\u201d.<\/p>\n<p><a href=\"https:\/\/avispa.org\/en-michoacan-comunidades-se-movilizan-por-asesinato-de-defensor-de-los-bosques\/?utm_source=pocket_saves\">https:\/\/avispa.org\/en-michoacan-comunidades-se-movilizan-por-asesinato-de-defensor-de-los-bosques\/?utm_source=pocket_saves<\/a><\/p>\n","protected":false},"excerpt":{"rendered":"<p>Alfredo Cisneros Madrigal, ind\u00edgena pur\u00e9pecha y miembro activo en la defensa de los bosques de la comunidad de Sicuicho, municipio de Los Reyes, Michoac\u00e1n, fue asesinado a balazos la noche &hellip; <a href=\"https:\/\/www.grieta.org.mx\/index.php\/2023\/04\/28\/en-michoacan-comunidades-se-movilizan-por-asesinato-de-defensor-de-los-bosques\/\" class=\"more-link\">Leer m\u00e1s<\/a><\/p>\n","protected":false},"author":2,"featured_media":66869,"comment_status":"closed","ping_status":"closed","sticky":false,"template":"","format":"standard","meta":{"ngg_post_thumbnail":0,"_jetpack_newsletter_access":"","_jetpack_dont_email_post_to_subs":false,"_jetpack_newsletter_tier_id":0,"_jetpack_memberships_contains_paywalled_content":false,"_jetpack_memberships_contains_paid_content":false,"footnotes":""},"categories":[80,21,2,1169,995,998,3051],"tags":[4005,3918,1412,2562,2338],"class_list":["post-66866","post","type-post","status-publish","format-standard","has-post-thumbnail","hentry","category-cintillo","category-michoacan","category-noticias-nacionales","category-organizacion-autonoma-del-consejo-supremos-indigena-de-michoacan","category-resistencia-y-construccion-de-autonomia-de-las-comunidades-rurales-en-michoacan","category-tala-ilegal-de-bosques-y-robo-de-maderas-preciosas-en-michoacan","category-violencia-contra-luchadores-ambientales-en-michoacan","tag-agresiones-a-defensores-y-activistas","tag-defensa-de-la-naturaleza","tag-defensa-de-los-bosques","tag-destruccion-ambiental","tag-violencia-de-las-fuerzas-represivas","entry"],"jetpack_featured_media_url":"https:\/\/www.grieta.org.mx\/wp-content\/uploads\/2023\/04\/Captura-de-Pantalla-2023-04-28-a-las-11.57.10.jpg","jetpack_sharing_enabled":true,"jetpack_shortlink":"https:\/\/wp.me\/p7ZJR4-hou","jetpack_likes_enabled":false,"jetpack-related-posts":[{"id":65289,"url":"https:\/\/www.grieta.org.mx\/index.php\/2022\/09\/20\/mexico-exigen-comunidades-de-michoacan-respeto-a-las-autonomias-indigenas\/","url_meta":{"origin":66866,"position":0},"title":"M\u00e9xico. Exigen comunidades de Michoac\u00e1n respeto a las autonom\u00edas ind\u00edgenas","author":"grieta","date":"20 septiembre, 2022","format":false,"excerpt":"Resumen Latinoamericano 20 de septiembre, 2022 Fotos: CSIM. Con una movilizaci\u00f3n frente a la Suprema Corte de Justicia de la Naci\u00f3n (SCJN) y el Z\u00f3calo de la Ciudad de M\u00e9xico, las 65 comunidades del Consejo Supremo Ind\u00edgena de Michoac\u00e1n (CSIM) se manifestaron en defensa de las autonom\u00edas ind\u00edgenas y contra\u2026","rel":"","context":"En &quot;CINTILLO&quot;","block_context":{"text":"CINTILLO","link":"https:\/\/www.grieta.org.mx\/index.php\/category\/cintillo\/"},"img":{"alt_text":"","src":"https:\/\/i0.wp.com\/www.grieta.org.mx\/wp-content\/uploads\/2022\/09\/307373624_2776409432493419_4105204052003520459_n-1-e1663722880746.jpeg?resize=350%2C200&ssl=1","width":350,"height":200},"classes":[]},{"id":64291,"url":"https:\/\/www.grieta.org.mx\/index.php\/2022\/05\/19\/consejo-supremo-indigena-de-michoacan-recibe-a-caravana-wixarika\/","url_meta":{"origin":66866,"position":1},"title":"Consejo Supremo Ind\u00edgena de Michoac\u00e1n recibe a caravana Wix\u00e1rika","author":"grieta","date":"19 mayo, 2022","format":false,"excerpt":"Informativo La Regi\u00f3n, jueves, 19 mayo 2022 Estaci\u00f3n Quer\u00e9ndaro a 19 de mayo del 2022.- El Consejo Supremo Ind\u00edgena de Michoac\u00e1n #CSIM consejo aut\u00f3nomo conformado por autoridades tradiciones de 65 comunidades originarias recibi\u00f3 a la Caravana de la Dignidad y la Conciencia Wix\u00e1rika en el poblado de Estaci\u00f3n de Quer\u00e9ndaro\u2026","rel":"","context":"En &quot;CINTILLO&quot;","block_context":{"text":"CINTILLO","link":"https:\/\/www.grieta.org.mx\/index.php\/category\/cintillo\/"},"img":{"alt_text":"","src":"https:\/\/i0.wp.com\/www.grieta.org.mx\/wp-content\/uploads\/2022\/05\/282247347_2671207033013660_6376625324115801356_n.jpg?resize=350%2C200&ssl=1","width":350,"height":200,"srcset":"https:\/\/i0.wp.com\/www.grieta.org.mx\/wp-content\/uploads\/2022\/05\/282247347_2671207033013660_6376625324115801356_n.jpg?resize=350%2C200&ssl=1 1x, https:\/\/i0.wp.com\/www.grieta.org.mx\/wp-content\/uploads\/2022\/05\/282247347_2671207033013660_6376625324115801356_n.jpg?resize=525%2C300&ssl=1 1.5x, https:\/\/i0.wp.com\/www.grieta.org.mx\/wp-content\/uploads\/2022\/05\/282247347_2671207033013660_6376625324115801356_n.jpg?resize=700%2C400&ssl=1 2x, https:\/\/i0.wp.com\/www.grieta.org.mx\/wp-content\/uploads\/2022\/05\/282247347_2671207033013660_6376625324115801356_n.jpg?resize=1050%2C600&ssl=1 3x, https:\/\/i0.wp.com\/www.grieta.org.mx\/wp-content\/uploads\/2022\/05\/282247347_2671207033013660_6376625324115801356_n.jpg?resize=1400%2C800&ssl=1 4x"},"classes":[]},{"id":64747,"url":"https:\/\/www.grieta.org.mx\/index.php\/2022\/08\/12\/csim-realizara-encuentro-para-analizar-la-conquista-michoacan\/","url_meta":{"origin":66866,"position":2},"title":"CSIM realizar\u00e1 encuentro para analizar la Conquista  (Michoac\u00e1n)","author":"grieta","date":"12 agosto, 2022","format":false,"excerpt":"El evento se realizar\u00e1 en la comunidad ind\u00edgena de Santa Fe de la Laguna Laura \u00c1valos | El Sol de Morelia, 12 de agosto de 2022 Morelia, Michoac\u00e1n (OEM-Infomex).- El pr\u00f3ximo mi\u00e9rcoles 17 de agosto de 2022, se llevar\u00e1 a cabo el primer encuentro de resistencia y lucha ind\u00edgena de\u2026","rel":"","context":"En &quot;CINTILLO&quot;","block_context":{"text":"CINTILLO","link":"https:\/\/www.grieta.org.mx\/index.php\/category\/cintillo\/"},"img":{"alt_text":"","src":"https:\/\/i0.wp.com\/www.grieta.org.mx\/wp-content\/uploads\/2022\/08\/Presos-indi%CC%81genas.jpg?resize=350%2C200&ssl=1","width":350,"height":200,"srcset":"https:\/\/i0.wp.com\/www.grieta.org.mx\/wp-content\/uploads\/2022\/08\/Presos-indi%CC%81genas.jpg?resize=350%2C200&ssl=1 1x, https:\/\/i0.wp.com\/www.grieta.org.mx\/wp-content\/uploads\/2022\/08\/Presos-indi%CC%81genas.jpg?resize=525%2C300&ssl=1 1.5x, https:\/\/i0.wp.com\/www.grieta.org.mx\/wp-content\/uploads\/2022\/08\/Presos-indi%CC%81genas.jpg?resize=700%2C400&ssl=1 2x"},"classes":[]},{"id":43140,"url":"https:\/\/www.grieta.org.mx\/index.php\/2019\/12\/19\/consejo-supremo-indigena-se-une-al-congreso-nacional-indigena-michoacan\/","url_meta":{"origin":66866,"position":3},"title":"Consejo Supremo Ind\u00edgena se une al Congreso Nacional Ind\u00edgena (Michoac\u00e1n)","author":"grieta","date":"19 diciembre, 2019","format":false,"excerpt":"Por: Redacci\u00f3n Monitor Expreso. 19 de diciembre de 2019 M\u00e9xico.- El Consejo Supremo Ind\u00edgena de Michoac\u00e1n (CSIM), solicit\u00f3 su incorporaci\u00f3n formal al Congreso Nacional Ind\u00edgena (CNI). Manifestando en su misiva que fue una decisi\u00f3n de la Asamblea General de Autoridades de comunidades originarias entre las que se encuentran, Jefes de\u2026","rel":"","context":"En &quot;CINTILLO&quot;","block_context":{"text":"CINTILLO","link":"https:\/\/www.grieta.org.mx\/index.php\/category\/cintillo\/"},"img":{"alt_text":"","src":"https:\/\/i0.wp.com\/www.grieta.org.mx\/wp-content\/uploads\/2020\/01\/consejo-supremo-indigena.png?resize=350%2C200&ssl=1","width":350,"height":200,"srcset":"https:\/\/i0.wp.com\/www.grieta.org.mx\/wp-content\/uploads\/2020\/01\/consejo-supremo-indigena.png?resize=350%2C200&ssl=1 1x, https:\/\/i0.wp.com\/www.grieta.org.mx\/wp-content\/uploads\/2020\/01\/consejo-supremo-indigena.png?resize=525%2C300&ssl=1 1.5x, https:\/\/i0.wp.com\/www.grieta.org.mx\/wp-content\/uploads\/2020\/01\/consejo-supremo-indigena.png?resize=700%2C400&ssl=1 2x"},"classes":[]},{"id":32933,"url":"https:\/\/www.grieta.org.mx\/index.php\/2019\/05\/05\/el-consejo-supremo-indigena-de-michoacan-exige-la-presentacion-con-vida-de-la-estudiante-nilda-rosario-francisco-de-la-cruz\/","url_meta":{"origin":66866,"position":4},"title":"El Consejo Supremo Ind\u00edgena de Michoac\u00e1n exige la presentaci\u00f3n con vida de la estudiante Nilda Rosario Francisco de la Cruz","author":"grieta","date":"5 mayo, 2019","format":false,"excerpt":"Colectivo Grieta, 05 de mayo de 2019 Morelia, Michoac\u00e1n.- Ante la desaparici\u00f3n desde el pasado 25 de marzo de Nilda Rosario Francisco dela Cruz, estudiante de 9\u00ba semestre de Veterinaria en la Universidad Michoacana de San Nicol\u00e1s de Hidalgo, el 30 de abril de 2019 el Consejo Supremo Ind\u00edgena de\u2026","rel":"","context":"En &quot;CINTILLO&quot;","block_context":{"text":"CINTILLO","link":"https:\/\/www.grieta.org.mx\/index.php\/category\/cintillo\/"},"img":{"alt_text":"","src":"https:\/\/i0.wp.com\/www.grieta.org.mx\/wp-content\/uploads\/2018\/03\/14524434_1106112876131411_958039263622046936_o.jpg?resize=350%2C200&ssl=1","width":350,"height":200,"srcset":"https:\/\/i0.wp.com\/www.grieta.org.mx\/wp-content\/uploads\/2018\/03\/14524434_1106112876131411_958039263622046936_o.jpg?resize=350%2C200&ssl=1 1x, https:\/\/i0.wp.com\/www.grieta.org.mx\/wp-content\/uploads\/2018\/03\/14524434_1106112876131411_958039263622046936_o.jpg?resize=525%2C300&ssl=1 1.5x, https:\/\/i0.wp.com\/www.grieta.org.mx\/wp-content\/uploads\/2018\/03\/14524434_1106112876131411_958039263622046936_o.jpg?resize=700%2C400&ssl=1 2x"},"classes":[]},{"id":24029,"url":"https:\/\/www.grieta.org.mx\/index.php\/2018\/06\/28\/anuncia-csi-de-michoacan-toma-de-carreteras\/","url_meta":{"origin":66866,"position":5},"title":"Anuncia CSI de Michoac\u00e1n toma de carreteras","author":"grieta","date":"28 junio, 2018","format":false,"excerpt":"Ireri Pi\u00f1a\/ Contramuro Exigen un alto a la criminalizaci\u00f3n de las comunidades originarias Morelia, Michoac\u00e1n.- En defensa de la libre autodeterminaci\u00f3n de las comunidades originarias, as\u00ed como de sus derechos colectivos, el Consejo Supremo Ind\u00edgena de Michoac\u00e1n (CSIM), anuncia a trav\u00e9s de un comunicado, la toma de 5 carreteras federales\u2026","rel":"","context":"En &quot;CINTILLO&quot;","block_context":{"text":"CINTILLO","link":"https:\/\/www.grieta.org.mx\/index.php\/category\/cintillo\/"},"img":{"alt_text":"","src":"https:\/\/i0.wp.com\/www.grieta.org.mx\/wp-content\/uploads\/2018\/06\/CSIM.jpg?resize=350%2C200&ssl=1","width":350,"height":200,"srcset":"https:\/\/i0.wp.com\/www.grieta.org.mx\/wp-content\/uploads\/2018\/06\/CSIM.jpg?resize=350%2C200&ssl=1 1x, https:\/\/i0.wp.com\/www.grieta.org.mx\/wp-content\/uploads\/2018\/06\/CSIM.jpg?resize=525%2C300&ssl=1 1.5x"},"classes":[]}],"_links":{"self":[{"href":"https:\/\/www.grieta.org.mx\/index.php\/wp-json\/wp\/v2\/posts\/66866","targetHints":{"allow":["GET"]}}],"collection":[{"href":"https:\/\/www.grieta.org.mx\/index.php\/wp-json\/wp\/v2\/posts"}],"about":[{"href":"https:\/\/www.grieta.org.mx\/index.php\/wp-json\/wp\/v2\/types\/post"}],"author":[{"embeddable":true,"href":"https:\/\/www.grieta.org.mx\/index.php\/wp-json\/wp\/v2\/users\/2"}],"replies":[{"embeddable":true,"href":"https:\/\/www.grieta.org.mx\/index.php\/wp-json\/wp\/v2\/comments?post=66866"}],"version-history":[{"count":1,"href":"https:\/\/www.grieta.org.mx\/index.php\/wp-json\/wp\/v2\/posts\/66866\/revisions"}],"predecessor-version":[{"id":66870,"href":"https:\/\/www.grieta.org.mx\/index.php\/wp-json\/wp\/v2\/posts\/66866\/revisions\/66870"}],"wp:featuredmedia":[{"embeddable":true,"href":"https:\/\/www.grieta.org.mx\/index.php\/wp-json\/wp\/v2\/media\/66869"}],"wp:attachment":[{"href":"https:\/\/www.grieta.org.mx\/index.php\/wp-json\/wp\/v2\/media?parent=66866"}],"wp:term":[{"taxonomy":"category","embeddable":true,"href":"https:\/\/www.grieta.org.mx\/index.php\/wp-json\/wp\/v2\/categories?post=66866"},{"taxonomy":"post_tag","embeddable":true,"href":"https:\/\/www.grieta.org.mx\/index.php\/wp-json\/wp\/v2\/tags?post=66866"}],"curies":[{"name":"wp","href":"https:\/\/api.w.org\/{rel}","templated":true}]}}