{"id":66838,"date":"2023-04-20T11:35:48","date_gmt":"2023-04-20T17:35:48","guid":{"rendered":"https:\/\/www.grieta.org.mx\/?p=66838"},"modified":"2023-04-23T11:57:28","modified_gmt":"2023-04-23T17:57:28","slug":"asesinaron-a-5493-personas-en-colima-equivale-a-exterminar-la-poblacion-de-ixtlahuacan-uno-de-sus-municipios-colima","status":"publish","type":"post","link":"https:\/\/www.grieta.org.mx\/index.php\/2023\/04\/20\/asesinaron-a-5493-personas-en-colima-equivale-a-exterminar-la-poblacion-de-ixtlahuacan-uno-de-sus-municipios-colima\/","title":{"rendered":"Asesinaron a 5,493 personas en Colima, equivale a exterminar la poblaci\u00f3n de Ixtlahuac\u00e1n, uno de sus municipios (Colima)"},"content":{"rendered":"<p>Imagen: Diario Avanzada<\/p>\n<p>Colima, M\u00e9xico, Avanzada (20\/04\/2023).- Contrastar las cifras nos permite dimensionar la tragedia que se vive en Colima, por este motivo, Avanzada realiz\u00f3 un ejercicio para analizar de qu\u00e9 tama\u00f1o es la problem\u00e1tica. El resultado fue que el n\u00famero de personas asesinadas en ocho a\u00f1os en Colima, equivale a exterminar a la poblaci\u00f3n de uno de sus municipios: Ixtlahuac\u00e1n.<\/p>\n<p>\u00bfC\u00f3mo lo hicimos?<\/p>\n<p>Recabamos las cifras oficiales de los homicidios que se cometieron en Colima y que registra el Secretariado Ejecutivo del Sistema Nacional de Seguridad P\u00fablica, desde 2015 a marzo de 2023. Adem\u00e1s, obtuvimos informaci\u00f3n sobre el n\u00famero de habitantes en el municipio de Ixtlahuac\u00e1n hasta 2020, que corresponde al CENSO m\u00e1s reciente que registra el Instituto Nacional de Estad\u00edstica y Geograf\u00eda\u00a0(INEGI).<\/p>\n<p>El resultado fue que de 2015 a la fecha, se cometieron 5,493 homicidios en el estado de Colima, mientras que la poblaci\u00f3n en el municipio de Ixtlahuac\u00e1n hasta 2020, eran 5,623 habitantes.<\/p>\n<p>Las cifras del Secretariado Ejecutivo diseccionan los homicidios en dolosos y culposos.<\/p>\n<p>Y pese a que eventualmente las autoridades en Colima han declarado que la cantidad de homicidios disminuyen, a la magnitud de la tragedia, se deber\u00e1 sumar el drama de los familiares de las v\u00edctimas de desaparici\u00f3n y los cuerpos encontrados en fosas clandestinas.<\/p>\n<p><a href=\"https:\/\/www.diarioavanzada.com.mx\/?p=41807\">https:\/\/www.diarioavanzada.com.mx\/?p=41807<\/a><\/p>\n","protected":false},"excerpt":{"rendered":"<p>Imagen: Diario Avanzada Colima, M\u00e9xico, Avanzada (20\/04\/2023).- Contrastar las cifras nos permite dimensionar la tragedia que se vive en Colima, por este motivo, Avanzada realiz\u00f3 un ejercicio para analizar de &hellip; <a href=\"https:\/\/www.grieta.org.mx\/index.php\/2023\/04\/20\/asesinaron-a-5493-personas-en-colima-equivale-a-exterminar-la-poblacion-de-ixtlahuacan-uno-de-sus-municipios-colima\/\" class=\"more-link\">Leer m\u00e1s<\/a><\/p>\n","protected":false},"author":2,"featured_media":66840,"comment_status":"closed","ping_status":"closed","sticky":false,"template":"","format":"standard","meta":{"ngg_post_thumbnail":0,"_jetpack_newsletter_access":"","_jetpack_dont_email_post_to_subs":false,"_jetpack_newsletter_tier_id":0,"_jetpack_memberships_contains_paywalled_content":false,"_jetpack_memberships_contains_paid_content":false,"footnotes":""},"categories":[80,13,87,1829,84,1016,1126,2,83],"tags":[2274,3024,121,81,856,2357,1133],"class_list":["post-66838","post","type-post","status-publish","format-standard","has-post-thumbnail","hentry","category-cintillo","category-colima","category-desaparecidos","category-desaparecidos-en-colima","category-feminicidios","category-feminicidios-en-colima","category-incremento-en-la-violencia-en-colima","category-noticias-nacionales","category-temas-nacionales","tag-asesinatos","tag-aumento-de-la-violencia","tag-desaparecidos","tag-feminicidios","tag-fosas-clandestinas","tag-homicidios","tag-incremento-en-la-violencia","entry"],"jetpack_featured_media_url":"https:\/\/www.grieta.org.mx\/wp-content\/uploads\/2023\/04\/tr.png","jetpack_sharing_enabled":true,"jetpack_shortlink":"https:\/\/wp.me\/p7ZJR4-ho2","jetpack_likes_enabled":false,"jetpack-related-posts":[{"id":67829,"url":"https:\/\/www.grieta.org.mx\/index.php\/2023\/09\/25\/colima-primero-en-homicidios-de-mujeres-y-violencia-familiar-segundo-en-feminicidios\/","url_meta":{"origin":66838,"position":0},"title":"Colima, primero en homicidios de mujeres y violencia familiar; segundo en feminicidios","author":"grieta","date":"25 septiembre, 2023","format":false,"excerpt":"Imagen: Tomada de la Red Heidi de Le\u00f3n Guti\u00e9rrez \/ Diario Avanzada Colima, M\u00e9xico, Avanzada (25\/09\/2023).- A pesar de haber sido declarado con Alerta de Violencia de G\u00e9nero desde 2017, el estado de Colima contin\u00faa padeciendo la ola de violencia familiar y de g\u00e9nero. Las cifras son alarmantes: seg\u00fan el\u2026","rel":"","context":"En &quot;CINTILLO&quot;","block_context":{"text":"CINTILLO","link":"https:\/\/www.grieta.org.mx\/index.php\/category\/cintillo\/"},"img":{"alt_text":"","src":"https:\/\/i0.wp.com\/www.grieta.org.mx\/wp-content\/uploads\/2023\/10\/Imagen-de-WhatsApp-2023-09-25-a-las-08.16.28-840x1024-1.webp?resize=350%2C200&ssl=1","width":350,"height":200,"srcset":"https:\/\/i0.wp.com\/www.grieta.org.mx\/wp-content\/uploads\/2023\/10\/Imagen-de-WhatsApp-2023-09-25-a-las-08.16.28-840x1024-1.webp?resize=350%2C200&ssl=1 1x, https:\/\/i0.wp.com\/www.grieta.org.mx\/wp-content\/uploads\/2023\/10\/Imagen-de-WhatsApp-2023-09-25-a-las-08.16.28-840x1024-1.webp?resize=525%2C300&ssl=1 1.5x, https:\/\/i0.wp.com\/www.grieta.org.mx\/wp-content\/uploads\/2023\/10\/Imagen-de-WhatsApp-2023-09-25-a-las-08.16.28-840x1024-1.webp?resize=700%2C400&ssl=1 2x"},"classes":[]},{"id":55722,"url":"https:\/\/www.grieta.org.mx\/index.php\/2020\/12\/11\/pese-a-discurso-oficial-homicidios-aumentaron-35-en-colima\/","url_meta":{"origin":66838,"position":1},"title":"Pese a discurso oficial homicidios aumentaron 35% en Colima","author":"grieta","date":"11 diciembre, 2020","format":false,"excerpt":"Imagen: Diario Avanzada Heidi de Le\u00f3n Guti\u00e9rrez \/ Diario Avanzada Colima, M\u00e9xico, Avanzada (11\/12\/2020).- Por una parte, el discurso desde el Gobierno del estado expone que se trabaja por la seguridad de los colimenses, por otra, las cifras muestran que la violencia homicida va en aumento en el territorio estatal.\u2026","rel":"","context":"En &quot;CINTILLO&quot;","block_context":{"text":"CINTILLO","link":"https:\/\/www.grieta.org.mx\/index.php\/category\/cintillo\/"},"img":{"alt_text":"","src":"https:\/\/i0.wp.com\/www.grieta.org.mx\/wp-content\/uploads\/2020\/12\/Homicidios-julio-faltan.png?resize=350%2C200&ssl=1","width":350,"height":200,"srcset":"https:\/\/i0.wp.com\/www.grieta.org.mx\/wp-content\/uploads\/2020\/12\/Homicidios-julio-faltan.png?resize=350%2C200&ssl=1 1x, https:\/\/i0.wp.com\/www.grieta.org.mx\/wp-content\/uploads\/2020\/12\/Homicidios-julio-faltan.png?resize=525%2C300&ssl=1 1.5x"},"classes":[]},{"id":68482,"url":"https:\/\/www.grieta.org.mx\/index.php\/2024\/02\/08\/colectivos-de-busqueda-de-personas-mencionan-que-autoridades-no-han-dado-informacion-sobre-fosas-clandestinas-en-ixtlahuacan-colima\/","url_meta":{"origin":66838,"position":2},"title":"Colectivos de b\u00fasqueda de personas mencionan que autoridades no han dado informaci\u00f3n sobre fosas clandestinas en Ixtlahuac\u00e1n (Colima)","author":"grieta","date":"8 febrero, 2024","format":false,"excerpt":"Imagen: Diario Avanzada Heidi de Le\u00f3n Guti\u00e9rrez \/ Diario Avanzada Compartir: FacebookTwitterMessengerWhatsAppTelegramCompartir Colima, M\u00e9xico, Avanzada (08\/02\/2024).- Las autoridades federales y locales no han emitido ninguna informaci\u00f3n sobre el operativo que se llev\u00f3 a cabo en la poblaci\u00f3n de Agua de la Virgen en Ixtlahuac\u00e1n a pesar de que ya transcurrieron\u2026","rel":"","context":"En &quot;CINTILLO&quot;","block_context":{"text":"CINTILLO","link":"https:\/\/www.grieta.org.mx\/index.php\/category\/cintillo\/"},"img":{"alt_text":"","src":"https:\/\/i0.wp.com\/www.grieta.org.mx\/wp-content\/uploads\/2024\/02\/fosas-clandestinas.jpeg?resize=350%2C200&ssl=1","width":350,"height":200,"srcset":"https:\/\/i0.wp.com\/www.grieta.org.mx\/wp-content\/uploads\/2024\/02\/fosas-clandestinas.jpeg?resize=350%2C200&ssl=1 1x, https:\/\/i0.wp.com\/www.grieta.org.mx\/wp-content\/uploads\/2024\/02\/fosas-clandestinas.jpeg?resize=525%2C300&ssl=1 1.5x"},"classes":[]},{"id":43795,"url":"https:\/\/www.grieta.org.mx\/index.php\/2020\/01\/30\/homicidio-de-mujeres-en-colima-alcanza-el-nivel-de-epidemia-segun-oms\/","url_meta":{"origin":66838,"position":3},"title":"Homicidio de mujeres en Colima alcanza el nivel de epidemia, seg\u00fan OMS","author":"grieta","date":"30 enero, 2020","format":false,"excerpt":"Foto. Diario Avanzada Heidi de Le\u00f3n Guti\u00e9rrez \/ Diario Avanzada Colima, M\u00e9xico, Avanzada (30\/01\/2020).- Colima es el estado donde m\u00e1s asesinan mujeres por cada 100 mil habitantes en el pa\u00eds, seguido de Baja California, Chihuahua y Quintana Roo. Las cifras de homicidios contra mujeres, permiten deducir que la entidad padece\u2026","rel":"","context":"En &quot;CINTILLO&quot;","block_context":{"text":"CINTILLO","link":"https:\/\/www.grieta.org.mx\/index.php\/category\/cintillo\/"},"img":{"alt_text":"","src":"https:\/\/i0.wp.com\/www.grieta.org.mx\/wp-content\/uploads\/2020\/02\/Feminicidios.jpg?resize=350%2C200&ssl=1","width":350,"height":200,"srcset":"https:\/\/i0.wp.com\/www.grieta.org.mx\/wp-content\/uploads\/2020\/02\/Feminicidios.jpg?resize=350%2C200&ssl=1 1x, https:\/\/i0.wp.com\/www.grieta.org.mx\/wp-content\/uploads\/2020\/02\/Feminicidios.jpg?resize=525%2C300&ssl=1 1.5x, https:\/\/i0.wp.com\/www.grieta.org.mx\/wp-content\/uploads\/2020\/02\/Feminicidios.jpg?resize=700%2C400&ssl=1 2x"},"classes":[]},{"id":42859,"url":"https:\/\/www.grieta.org.mx\/index.php\/2020\/01\/06\/colima-aparece-en-rojo-en-siete-de-once-delitos-que-se-monitorean\/","url_meta":{"origin":66838,"position":4},"title":"Colima aparece en rojo en siete de once delitos que se monitorean","author":"grieta","date":"6 enero, 2020","format":false,"excerpt":"Imagen: Diario Avanzada Heidi de Le\u00f3n Guti\u00e9rrez \/ Diario Avanzada Colima, M\u00e9xico, Avanzada (06\/01\/2020).- Los homicidios, la extorsi\u00f3n, los robos a negocio, el narcomenudeo, las lesiones, la violaci\u00f3n sexual y la violencia familiar son los delitos en los que el estado de Colima se encuentra por arriba de la media\u2026","rel":"","context":"En &quot;CINTILLO&quot;","block_context":{"text":"CINTILLO","link":"https:\/\/www.grieta.org.mx\/index.php\/category\/cintillo\/"},"img":{"alt_text":"","src":"https:\/\/i0.wp.com\/www.grieta.org.mx\/wp-content\/uploads\/2020\/01\/Colima-con-olor-a-muerte-1005x500-1.jpg?resize=350%2C200&ssl=1","width":350,"height":200,"srcset":"https:\/\/i0.wp.com\/www.grieta.org.mx\/wp-content\/uploads\/2020\/01\/Colima-con-olor-a-muerte-1005x500-1.jpg?resize=350%2C200&ssl=1 1x, https:\/\/i0.wp.com\/www.grieta.org.mx\/wp-content\/uploads\/2020\/01\/Colima-con-olor-a-muerte-1005x500-1.jpg?resize=525%2C300&ssl=1 1.5x, https:\/\/i0.wp.com\/www.grieta.org.mx\/wp-content\/uploads\/2020\/01\/Colima-con-olor-a-muerte-1005x500-1.jpg?resize=700%2C400&ssl=1 2x"},"classes":[]},{"id":59711,"url":"https:\/\/www.grieta.org.mx\/index.php\/2021\/06\/03\/encuentran-cadaveres-en-lagunas-mares-casas-y-canales-asesinaron-a-47-personas-en-mayo-colima\/","url_meta":{"origin":66838,"position":5},"title":"Encuentran cad\u00e1veres en lagunas, mares, casas y canales; asesinaron a 47 personas en mayo (Colima)","author":"grieta","date":"3 junio, 2021","format":false,"excerpt":"Imagen: Diario Avanzada Redacci\u00f3n Colima, M\u00e9xico, Avanzada (03\/06\/2021).- Colima est\u00e1 sumido en una espiral de violencia que se acentu\u00f3 desde que el gobernador Jos\u00e9 Ignacio Peralta S\u00e1nchez inici\u00f3 su mandato. El reporte que aqu\u00ed compartimos corresponde a la informaci\u00f3n que se publica en medios de comunicaci\u00f3n electr\u00f3nicos. En el caso\u2026","rel":"","context":"En &quot;CINTILLO&quot;","block_context":{"text":"CINTILLO","link":"https:\/\/www.grieta.org.mx\/index.php\/category\/cintillo\/"},"img":{"alt_text":"","src":"https:\/\/i0.wp.com\/www.grieta.org.mx\/wp-content\/uploads\/2021\/06\/Homicidio-Mayo.png?resize=350%2C200&ssl=1","width":350,"height":200,"srcset":"https:\/\/i0.wp.com\/www.grieta.org.mx\/wp-content\/uploads\/2021\/06\/Homicidio-Mayo.png?resize=350%2C200&ssl=1 1x, https:\/\/i0.wp.com\/www.grieta.org.mx\/wp-content\/uploads\/2021\/06\/Homicidio-Mayo.png?resize=525%2C300&ssl=1 1.5x"},"classes":[]}],"_links":{"self":[{"href":"https:\/\/www.grieta.org.mx\/index.php\/wp-json\/wp\/v2\/posts\/66838","targetHints":{"allow":["GET"]}}],"collection":[{"href":"https:\/\/www.grieta.org.mx\/index.php\/wp-json\/wp\/v2\/posts"}],"about":[{"href":"https:\/\/www.grieta.org.mx\/index.php\/wp-json\/wp\/v2\/types\/post"}],"author":[{"embeddable":true,"href":"https:\/\/www.grieta.org.mx\/index.php\/wp-json\/wp\/v2\/users\/2"}],"replies":[{"embeddable":true,"href":"https:\/\/www.grieta.org.mx\/index.php\/wp-json\/wp\/v2\/comments?post=66838"}],"version-history":[{"count":1,"href":"https:\/\/www.grieta.org.mx\/index.php\/wp-json\/wp\/v2\/posts\/66838\/revisions"}],"predecessor-version":[{"id":66841,"href":"https:\/\/www.grieta.org.mx\/index.php\/wp-json\/wp\/v2\/posts\/66838\/revisions\/66841"}],"wp:featuredmedia":[{"embeddable":true,"href":"https:\/\/www.grieta.org.mx\/index.php\/wp-json\/wp\/v2\/media\/66840"}],"wp:attachment":[{"href":"https:\/\/www.grieta.org.mx\/index.php\/wp-json\/wp\/v2\/media?parent=66838"}],"wp:term":[{"taxonomy":"category","embeddable":true,"href":"https:\/\/www.grieta.org.mx\/index.php\/wp-json\/wp\/v2\/categories?post=66838"},{"taxonomy":"post_tag","embeddable":true,"href":"https:\/\/www.grieta.org.mx\/index.php\/wp-json\/wp\/v2\/tags?post=66838"}],"curies":[{"name":"wp","href":"https:\/\/api.w.org\/{rel}","templated":true}]}}