{"id":66707,"date":"2023-03-26T22:15:33","date_gmt":"2023-03-27T04:15:33","guid":{"rendered":"https:\/\/www.grieta.org.mx\/?p=66707"},"modified":"2023-03-28T22:20:22","modified_gmt":"2023-03-29T04:20:22","slug":"colectivo-de-busqueda-tapiza-el-centro-de-culiacan-con-fichas-de-desaparecidos","status":"publish","type":"post","link":"https:\/\/www.grieta.org.mx\/index.php\/2023\/03\/26\/colectivo-de-busqueda-tapiza-el-centro-de-culiacan-con-fichas-de-desaparecidos\/","title":{"rendered":"Colectivo de b\u00fasqueda tapiza el centro de Culiac\u00e1n con fichas de desaparecidos"},"content":{"rendered":"<h3 class=\"subtitle\">Miembros del colectivo de b\u00fasqueda Sabuesos Guerreras en compa\u00f1\u00eda de la Comisi\u00f3n Estatal de B\u00fasqueda y la Polic\u00eda Municipal realizaron la pega de fichas<\/h3>\n<div class=\"lead-gallery \">\n<div class=\"teaser  owl-carousel owl-theme\">\n<div class=\"owl-wrapper-outer\">\n<div class=\"owl-wrapper\">\n<div class=\"owl-item\">\n<div class=\"img-container picture\">\n<div id=\"standard_1\" class=\"st-placement standard_1 inImage\">\n<div class=\"st-adunit st-adunit-tagged st-reset st-show\"><\/div>\n<\/div>\n<p><img decoding=\"async\" class=\"media-object adaptive lazy\" title=\"madres-buscadoras-culiacan\" src=\"https:\/\/www.elsoldesinaloa.com.mx\/local\/91p477-madres-buscadoras-culiacan\/alternates\/LANDSCAPE_768\/madres-buscadoras-culiacan\" alt=\"\" data-variant=\"LANDSCAPE\" data-src-template=\"https:\/\/www.elsoldesinaloa.com.mx\/local\/91p477-madres-buscadoras-culiacan\/BINARY\/thumbnail\/madres-buscadoras-culiacan\" data-proxy-image=\"\" data-proxy-width=\"\" data-original=\"https:\/\/www.elsoldesinaloa.com.mx\/local\/91p477-madres-buscadoras-culiacan\/alternates\/LANDSCAPE_768\/madres-buscadoras-culiacan\" data-selected-width=\"768\" \/><\/p>\n<div class=\"picture-caption\n\"><\/p>\n<h4>El colectivo Sabuesos Guerreras peg\u00f3 las fichas de sus familiares desaparecidos en el centro de la ciudad. Foto: Manuela Bustamante | El Sol de Sinaloa<\/h4>\n<\/div>\n<\/div>\n<\/div>\n<\/div>\n<\/div>\n<\/div>\n<\/div>\n<div id=\"affix-share\" class=\"sharing-menu affix\">\n<ul>\n<li><\/li>\n<\/ul>\n<\/div>\n<div class=\"affix-start \">\n<p class=\"byline\">Manuela Bustamante | El Sol de Sinaloa<\/p>\n<\/div>\n<div class=\"content-body clearfix \">\n<div id=\"content-body-225-9812651\">\n<p>A fin de encontrar a sus familiares y visibilizar la crisis de personas desaparicidas, miembros del colectivo de b\u00fasqueda Sabuesos Guerreras realiz\u00f3 una pega de fichas con los datos general de los desaparecidos en el primer cuadro de Culiac\u00e1n.<\/p>\n<p>Patricia Elizabet es una de las madres que busca a su hijo Frausto Benjamin Sobampo Rosado de 25 a\u00f1os desaparecido desde septiembre del 2019 en el primer cuadro de la ciudad.<\/p>\n<div class=\"teads-adCall\">\u201cPedimos visibilizacion, soy la mam\u00e1 de Fausto Benjamin Sobampo Rosado, desapareci\u00f3 el 20 de septiembre del 2019 y como desapareci\u00f3 en esta zona, aqu\u00ed fue el \u00faltimo lugar donde \u00e9l estuvo, aqu\u00ed en la plazuela\u201d, expres\u00f3 la madre buscadora.<\/div>\n<\/div>\n<\/div>\n<article class=\"content-continued-body clearfix \">\n<div id=\"content-body-5851641-9812651\">\n<div class=\"local\nmedia \"><\/p>\n<div class=\"teaser \">\n<div class=\"img-container picture\">\n<div id=\"standard_4\" class=\"st-placement standard_4 inImageRestricted\">\n<div class=\"st-adunit st-adunit-tagged st-reset st-show\"><\/div>\n<\/div>\n<p><img decoding=\"async\" class=\"media-object adaptive lazy\" title=\"fichas-de-busqueda-culiacan\" src=\"https:\/\/www.elsoldesinaloa.com.mx\/local\/bk6ltq-fichas-de-busqueda-culiacan\/alternates\/FREE_720\/fichas-de-busqueda-culiacan\" alt=\"\" data-variant=\"FREE\" data-src-template=\"https:\/\/www.elsoldesinaloa.com.mx\/local\/bk6ltq-fichas-de-busqueda-culiacan\/BINARY\/thumbnail\/fichas-de-busqueda-culiacan\" data-proxy-image=\"\" data-proxy-width=\"\" data-original=\"https:\/\/www.elsoldesinaloa.com.mx\/local\/bk6ltq-fichas-de-busqueda-culiacan\/alternates\/FREE_720\/fichas-de-busqueda-culiacan\" data-selected-width=\"720\" \/><\/p>\n<div class=\"picture-caption\n\"><\/p>\n<h4>En Sinaloa hay m\u00e1s de 5 mil 760 fichas activas de personas desaparecidas desde 1964. Foto: Manuela Bustamante | El Sol de Sinaloa<\/h4>\n<\/div>\n<\/div>\n<\/div>\n<\/div>\n<p>\u201cSomos el colectivo Sabuesos Guerreras, estamos madres, hermanas, esposas de personas desaparecidas\u201d.<\/p>\n<p>Seg\u00fan datos del Registro Nacional de Personas Extraviadas y Desaparecidas, en Sinaloa hay m\u00e1s de 5 mil 760 fichas activas de personas desaparecidas desde 1964.<\/p>\n<p>En esta jornada de trabajo personal de la Comisi\u00f3n de B\u00fasqueda y Polic\u00edas Municipales acompa\u00f1aron a las familias del colectivo de b\u00fasqueda en la pega de fichas de desaparecidos.<\/p>\n<p><a href=\"https:\/\/www.elsoldesinaloa.com.mx\/local\/colectivo-de-busqueda-tapiza-el-centro-de-culiacan-con-fichas-de-desaparecidos-9812651.html#:~:text=A%20fin%20de%20encontrar%20a,el%20primer%20cuadro%20de%20Culiac%C3%A1n.\">https:\/\/www.elsoldesinaloa.com.mx\/local\/colectivo-de-busqueda-tapiza-el-centro-de-culiacan-con-fichas-de-desaparecidos-9812651.html#:~:text=A%20fin%20de%20encontrar%20a,el%20primer%20cuadro%20de%20Culiac%C3%A1n.<\/a><\/p>\n<\/div>\n<\/article>\n","protected":false},"excerpt":{"rendered":"<p>Miembros del colectivo de b\u00fasqueda Sabuesos Guerreras en compa\u00f1\u00eda de la Comisi\u00f3n Estatal de B\u00fasqueda y la Polic\u00eda Municipal realizaron la pega de fichas El colectivo Sabuesos Guerreras peg\u00f3 las &hellip; <a href=\"https:\/\/www.grieta.org.mx\/index.php\/2023\/03\/26\/colectivo-de-busqueda-tapiza-el-centro-de-culiacan-con-fichas-de-desaparecidos\/\" class=\"more-link\">Leer m\u00e1s<\/a><\/p>\n","protected":false},"author":2,"featured_media":66709,"comment_status":"closed","ping_status":"closed","sticky":false,"template":"","format":"standard","meta":{"ngg_post_thumbnail":0,"_jetpack_newsletter_access":"","_jetpack_dont_email_post_to_subs":false,"_jetpack_newsletter_tier_id":0,"_jetpack_memberships_contains_paywalled_content":false,"_jetpack_memberships_contains_paid_content":false,"footnotes":""},"categories":[1203,2,30],"tags":[3791,2484,1828,1668],"class_list":["post-66707","post","type-post","status-publish","format-standard","has-post-thumbnail","hentry","category-desaparecidos-en-sinaloa","category-noticias-nacionales","category-sinaloa","tag-acciones-por-desaparecidos","tag-buscadoras","tag-busqueda-de-desaparecidos","tag-familiares-de-desaparecidos","entry"],"jetpack_featured_media_url":"https:\/\/www.grieta.org.mx\/wp-content\/uploads\/2023\/03\/crearan-registro-de-desaparecidos-en-sonora-sinaloa-y-durango-172202-1.jpeg","jetpack_sharing_enabled":true,"jetpack_shortlink":"https:\/\/wp.me\/p7ZJR4-hlV","jetpack_likes_enabled":false,"jetpack-related-posts":[{"id":65751,"url":"https:\/\/www.grieta.org.mx\/index.php\/2022\/11\/16\/gobierno-de-jalisco-de-nueva-cuenta-borra-cedulas-de-busqueda-de-desaparecidos\/","url_meta":{"origin":66707,"position":0},"title":"Gobierno de Jalisco de nueva cuenta borra c\u00e9dulas de b\u00fasqueda de desaparecidos","author":"grieta","date":"16 noviembre, 2022","format":false,"excerpt":"Imagen: Especial Lauro Rodr\u00edguez \/ El Diario NTR El Colectivo Luz de Esperanza document\u00f3 que, de nueva cuenta, presuntos trabajadores del gobierno municipal de Guadalajara borraron las c\u00e9dulas de b\u00fasqueda que el domingo colocaron en el centro de la ciudad. Esta no es la primera ocasi\u00f3n que esto ocurre. El\u2026","rel":"","context":"En &quot;CINTILLO&quot;","block_context":{"text":"CINTILLO","link":"https:\/\/www.grieta.org.mx\/index.php\/category\/cintillo\/"},"img":{"alt_text":"","src":"https:\/\/i0.wp.com\/www.grieta.org.mx\/wp-content\/uploads\/2022\/11\/2022-11-16_12-11-55___2034.png?resize=350%2C200&ssl=1","width":350,"height":200,"srcset":"https:\/\/i0.wp.com\/www.grieta.org.mx\/wp-content\/uploads\/2022\/11\/2022-11-16_12-11-55___2034.png?resize=350%2C200&ssl=1 1x, https:\/\/i0.wp.com\/www.grieta.org.mx\/wp-content\/uploads\/2022\/11\/2022-11-16_12-11-55___2034.png?resize=525%2C300&ssl=1 1.5x, https:\/\/i0.wp.com\/www.grieta.org.mx\/wp-content\/uploads\/2022\/11\/2022-11-16_12-11-55___2034.png?resize=700%2C400&ssl=1 2x"},"classes":[]},{"id":64694,"url":"https:\/\/www.grieta.org.mx\/index.php\/2022\/08\/06\/acusan-intimidacion-de-autoridades-durante-pega-de-fichas-de-busqueda-jalisco\/","url_meta":{"origin":66707,"position":1},"title":"Acusan intimidaci\u00f3n de autoridades durante pega de fichas de b\u00fasqueda (Jalisco)","author":"grieta","date":"6 agosto, 2022","format":false,"excerpt":"Foto:\u00a0 Especial Lauro Rodr\u00edguez \/ El Diario NTR El colectivo Luz de Esperanza acudi\u00f3 hoy al centro de Guadalajara a realizar pega de fichas de b\u00fasqueda en Plaza Liberaci\u00f3n y otros puntos de alta visibilizaci\u00f3n. Sin embargo, acusaron que fueron intimidados por las autoridades del gobierno del estado y por\u2026","rel":"","context":"En &quot;CINTILLO&quot;","block_context":{"text":"CINTILLO","link":"https:\/\/www.grieta.org.mx\/index.php\/category\/cintillo\/"},"img":{"alt_text":"","src":"https:\/\/i0.wp.com\/www.grieta.org.mx\/wp-content\/uploads\/2022\/08\/2022-08-06_11-08-44___6922.jpg?resize=350%2C200&ssl=1","width":350,"height":200,"srcset":"https:\/\/i0.wp.com\/www.grieta.org.mx\/wp-content\/uploads\/2022\/08\/2022-08-06_11-08-44___6922.jpg?resize=350%2C200&ssl=1 1x, https:\/\/i0.wp.com\/www.grieta.org.mx\/wp-content\/uploads\/2022\/08\/2022-08-06_11-08-44___6922.jpg?resize=525%2C300&ssl=1 1.5x, https:\/\/i0.wp.com\/www.grieta.org.mx\/wp-content\/uploads\/2022\/08\/2022-08-06_11-08-44___6922.jpg?resize=700%2C400&ssl=1 2x"},"classes":[]},{"id":36991,"url":"https:\/\/www.grieta.org.mx\/index.php\/2019\/07\/23\/que-deje-la-pala-sabuesos-guerreras-exigen-plan-de-trabajo-a-comisionado-estatal-de-busqueda-sinaloa\/","url_meta":{"origin":66707,"position":2},"title":"\u201cQue deje la pala\u201d Sabuesos Guerreras exigen plan de trabajo a Comisionado Estatal de B\u00fasqueda (Sinaloa)","author":"grieta","date":"23 julio, 2019","format":false,"excerpt":"Jorge Cuen \/ Espejo La presidenta del colectivo Sabuesos Guerreras pidi\u00f3 al Comisionado Estatal de B\u00fasqueda que \u2018deje la pala\u2019 y \u2018se ponga las pilas\u2019. Que\u00a0\u2018suelte la pala\u2019 y presente un plan de trabajo exigi\u00f3 el colectivo de b\u00fasqueda de desaparecidos, Sabuesos Guerreras A.C., al Comisionado Estatal de B\u00fasqueda, Juan\u2026","rel":"","context":"En &quot;CINTILLO&quot;","block_context":{"text":"CINTILLO","link":"https:\/\/www.grieta.org.mx\/index.php\/category\/cintillo\/"},"img":{"alt_text":"","src":"https:\/\/i0.wp.com\/www.grieta.org.mx\/wp-content\/uploads\/2019\/07\/sabuesos-1.jpg?resize=350%2C200&ssl=1","width":350,"height":200,"srcset":"https:\/\/i0.wp.com\/www.grieta.org.mx\/wp-content\/uploads\/2019\/07\/sabuesos-1.jpg?resize=350%2C200&ssl=1 1x, https:\/\/i0.wp.com\/www.grieta.org.mx\/wp-content\/uploads\/2019\/07\/sabuesos-1.jpg?resize=525%2C300&ssl=1 1.5x, https:\/\/i0.wp.com\/www.grieta.org.mx\/wp-content\/uploads\/2019\/07\/sabuesos-1.jpg?resize=700%2C400&ssl=1 2x, https:\/\/i0.wp.com\/www.grieta.org.mx\/wp-content\/uploads\/2019\/07\/sabuesos-1.jpg?resize=1050%2C600&ssl=1 3x"},"classes":[]},{"id":65524,"url":"https:\/\/www.grieta.org.mx\/index.php\/2022\/10\/09\/a-pesar-de-hostigamiento-policial-colectivo-pega-fichas-de-busqueda-en-el-centro-de-tonala-jalisco\/","url_meta":{"origin":66707,"position":3},"title":"A pesar de hostigamiento policial, Colectivo pega fichas de b\u00fasqueda en el centro de Tonal\u00e1 (Jalisco)","author":"grieta","date":"9 octubre, 2022","format":false,"excerpt":"Imagen: Especial Jos\u00e9 Toral \/ El Diario NTR A pesar de que elementos de la polic\u00eda de Tonal\u00e1 intentaron obstaculizar la tarea, familiares de personas desaparecidas pegaron la ma\u00f1ana de este domingo fichas de b\u00fasqueda de sus seres queridos en el centro del municipio. El colectivo Luz de Esperanza difundi\u00f3\u2026","rel":"","context":"En &quot;CINTILLO&quot;","block_context":{"text":"CINTILLO","link":"https:\/\/www.grieta.org.mx\/index.php\/category\/cintillo\/"},"img":{"alt_text":"","src":"https:\/\/i0.wp.com\/www.grieta.org.mx\/wp-content\/uploads\/2022\/10\/2022-10-09_03-10-23___1464.jpg?resize=350%2C200&ssl=1","width":350,"height":200,"srcset":"https:\/\/i0.wp.com\/www.grieta.org.mx\/wp-content\/uploads\/2022\/10\/2022-10-09_03-10-23___1464.jpg?resize=350%2C200&ssl=1 1x, https:\/\/i0.wp.com\/www.grieta.org.mx\/wp-content\/uploads\/2022\/10\/2022-10-09_03-10-23___1464.jpg?resize=525%2C300&ssl=1 1.5x, https:\/\/i0.wp.com\/www.grieta.org.mx\/wp-content\/uploads\/2022\/10\/2022-10-09_03-10-23___1464.jpg?resize=700%2C400&ssl=1 2x"},"classes":[]},{"id":64099,"url":"https:\/\/www.grieta.org.mx\/index.php\/2022\/04\/28\/invita-colectivo-de-busqueda-de-desaparecidos-a-kermes-en-tecoman-este-1-de-mayo-colima\/","url_meta":{"origin":66707,"position":4},"title":"Invita colectivo de b\u00fasqueda de desaparecidos a kerm\u00e9s en Tecom\u00e1n este 1 de mayo (Colima)","author":"grieta","date":"28 abril, 2022","format":false,"excerpt":"Foto: El Comentario Yensuni L\u00f3pez Aldape \/ El Comentario El\u00a0colectivo\u00a0solidario de\u00a0b\u00fasqueda\u00a0de personas desaparecidas realizar\u00e1 una\u00a0kerm\u00e9s\u00a0en\u00a0Tecom\u00e1n\u00a0para hacerse de recursos y continuar con sus actividades, recorriendo municipios, comunidades y elaborando las fichas de las personas desaparecidas para dar con su paradero, inform\u00f3\u00a0Candelaria Huerta Pizano, dirigente de este colectivo. El objetivo, dijo, es\u2026","rel":"","context":"En &quot;CINTILLO&quot;","block_context":{"text":"CINTILLO","link":"https:\/\/www.grieta.org.mx\/index.php\/category\/cintillo\/"},"img":{"alt_text":"","src":"https:\/\/i0.wp.com\/www.grieta.org.mx\/wp-content\/uploads\/2022\/05\/4b6722e29bd4cdb63f0adc282727795c.jpg?resize=350%2C200&ssl=1","width":350,"height":200,"srcset":"https:\/\/i0.wp.com\/www.grieta.org.mx\/wp-content\/uploads\/2022\/05\/4b6722e29bd4cdb63f0adc282727795c.jpg?resize=350%2C200&ssl=1 1x, https:\/\/i0.wp.com\/www.grieta.org.mx\/wp-content\/uploads\/2022\/05\/4b6722e29bd4cdb63f0adc282727795c.jpg?resize=525%2C300&ssl=1 1.5x, https:\/\/i0.wp.com\/www.grieta.org.mx\/wp-content\/uploads\/2022\/05\/4b6722e29bd4cdb63f0adc282727795c.jpg?resize=700%2C400&ssl=1 2x"},"classes":[]},{"id":68870,"url":"https:\/\/www.grieta.org.mx\/index.php\/2024\/04\/20\/madres-buscadoras-de-colima-se-unen-a-la-jornada-nacional-de-busqueda-humanitaria\/","url_meta":{"origin":66707,"position":5},"title":"Madres buscadoras de Colima se unen a la Jornada Nacional de B\u00fasqueda Humanitaria","author":"grieta","date":"20 abril, 2024","format":false,"excerpt":"Imagen: Somos el Medio En las calles de Colima, Imelda Velasco y otras madres desplegaron una b\u00fasqueda desgarradora pero esperanzadora, pegando fichas con los rostros de sus hijos desaparecidos. Esta iniciativa, enmarcada en la Jornada Nacional de B\u00fasqueda Humanitaria, refleja el esfuerzo colectivo por encontrar a m\u00e1s de mil 293\u2026","rel":"","context":"En &quot;CINTILLO&quot;","block_context":{"text":"CINTILLO","link":"https:\/\/www.grieta.org.mx\/index.php\/category\/cintillo\/"},"img":{"alt_text":"","src":"https:\/\/i0.wp.com\/www.grieta.org.mx\/wp-content\/uploads\/2024\/05\/MG_0882-2048x1365-1.jpg?resize=350%2C200&ssl=1","width":350,"height":200,"srcset":"https:\/\/i0.wp.com\/www.grieta.org.mx\/wp-content\/uploads\/2024\/05\/MG_0882-2048x1365-1.jpg?resize=350%2C200&ssl=1 1x, https:\/\/i0.wp.com\/www.grieta.org.mx\/wp-content\/uploads\/2024\/05\/MG_0882-2048x1365-1.jpg?resize=525%2C300&ssl=1 1.5x, https:\/\/i0.wp.com\/www.grieta.org.mx\/wp-content\/uploads\/2024\/05\/MG_0882-2048x1365-1.jpg?resize=700%2C400&ssl=1 2x, https:\/\/i0.wp.com\/www.grieta.org.mx\/wp-content\/uploads\/2024\/05\/MG_0882-2048x1365-1.jpg?resize=1050%2C600&ssl=1 3x, https:\/\/i0.wp.com\/www.grieta.org.mx\/wp-content\/uploads\/2024\/05\/MG_0882-2048x1365-1.jpg?resize=1400%2C800&ssl=1 4x"},"classes":[]}],"_links":{"self":[{"href":"https:\/\/www.grieta.org.mx\/index.php\/wp-json\/wp\/v2\/posts\/66707","targetHints":{"allow":["GET"]}}],"collection":[{"href":"https:\/\/www.grieta.org.mx\/index.php\/wp-json\/wp\/v2\/posts"}],"about":[{"href":"https:\/\/www.grieta.org.mx\/index.php\/wp-json\/wp\/v2\/types\/post"}],"author":[{"embeddable":true,"href":"https:\/\/www.grieta.org.mx\/index.php\/wp-json\/wp\/v2\/users\/2"}],"replies":[{"embeddable":true,"href":"https:\/\/www.grieta.org.mx\/index.php\/wp-json\/wp\/v2\/comments?post=66707"}],"version-history":[{"count":1,"href":"https:\/\/www.grieta.org.mx\/index.php\/wp-json\/wp\/v2\/posts\/66707\/revisions"}],"predecessor-version":[{"id":66710,"href":"https:\/\/www.grieta.org.mx\/index.php\/wp-json\/wp\/v2\/posts\/66707\/revisions\/66710"}],"wp:featuredmedia":[{"embeddable":true,"href":"https:\/\/www.grieta.org.mx\/index.php\/wp-json\/wp\/v2\/media\/66709"}],"wp:attachment":[{"href":"https:\/\/www.grieta.org.mx\/index.php\/wp-json\/wp\/v2\/media?parent=66707"}],"wp:term":[{"taxonomy":"category","embeddable":true,"href":"https:\/\/www.grieta.org.mx\/index.php\/wp-json\/wp\/v2\/categories?post=66707"},{"taxonomy":"post_tag","embeddable":true,"href":"https:\/\/www.grieta.org.mx\/index.php\/wp-json\/wp\/v2\/tags?post=66707"}],"curies":[{"name":"wp","href":"https:\/\/api.w.org\/{rel}","templated":true}]}}