{"id":6669,"date":"2016-04-16T10:18:16","date_gmt":"2016-04-16T10:18:16","guid":{"rendered":"http:\/\/50.22.11.12\/~grietaor\/?p=6669"},"modified":"2016-04-16T15:34:10","modified_gmt":"2016-04-16T15:34:10","slug":"en-coahuila-proyectan-seis-parques-eolicos","status":"publish","type":"post","link":"https:\/\/www.grieta.org.mx\/index.php\/2016\/04\/16\/en-coahuila-proyectan-seis-parques-eolicos\/","title":{"rendered":"En Coahuila proyectan seis parques e\u00f3licos"},"content":{"rendered":"<p><strong>14\/04\/16. <\/strong><a href=\"http:\/\/www.grieta.org.mx\/index.php\/2016\/04\/14\/coahuila-con-tres-proyectos-para-generar-energia-eolica-dos-estan-avanzados\">Coahuila con tres proyectos para generar energ\u00eda E\u00f3lica; dos est\u00e1n avanzados<\/a><br \/>\n<em>Vanguardia<\/em><\/p>\n<p><strong>02\/02\/16. <\/strong><a href=\"http:\/\/www.grieta.org.mx\/index.php\/2016\/02\/02\/gamesa-instalara-aerogeneradores-en-coahuila\">Gamesa instalar\u00e1 aerogeneradores en Coahuila<\/a><br \/>\n<em>Milenio<\/em><\/p>\n<p><strong>19\/11\/15. <\/strong><a href=\"http:\/\/www.grieta.org.mx\/index.php\/2015\/11\/19\/mexico-posee-condiciones-para-las-energias-renovables\">M\u00e9xico posee condiciones para las energ\u00edas renovables<\/a><br \/>\n<em>REVE<\/em><\/p>\n<p><strong>19\/11\/15. <\/strong><a href=\"http:\/\/www.grieta.org.mx\/index.php\/2015\/11\/19\/ademas-de-extraer-petroleo-ahora-bailleres-producira-electricidad-con-energia-eolica\">Adem\u00e1s de extraer petr\u00f3leo, ahora Bailleres producir\u00e1 electricidad con energ\u00eda e\u00f3lica<\/a><br \/>\n<em>La Jornada<\/em><\/p>\n","protected":false},"excerpt":{"rendered":"<p>14\/04\/16. Coahuila con tres proyectos para generar energ\u00eda E\u00f3lica; dos est\u00e1n avanzados Vanguardia 02\/02\/16. Gamesa instalar\u00e1 aerogeneradores en Coahuila Milenio 19\/11\/15. M\u00e9xico posee condiciones para las energ\u00edas renovables REVE 19\/11\/15. &hellip; <a href=\"https:\/\/www.grieta.org.mx\/index.php\/2016\/04\/16\/en-coahuila-proyectan-seis-parques-eolicos\/\" class=\"more-link\">Leer m\u00e1s<\/a><\/p>\n","protected":false},"author":2,"featured_media":21928,"comment_status":"closed","ping_status":"open","sticky":false,"template":"","format":"standard","meta":{"ngg_post_thumbnail":0,"_jetpack_newsletter_access":"","_jetpack_dont_email_post_to_subs":false,"_jetpack_newsletter_tier_id":0,"_jetpack_memberships_contains_paywalled_content":false,"_jetpack_memberships_contains_paid_content":false,"footnotes":""},"categories":[419,3,37],"tags":[],"class_list":["post-6669","post","type-post","status-publish","format-standard","has-post-thumbnail","hentry","category-coahuila","category-megaproyectos","category-parques-eolicos","entry"],"jetpack_featured_media_url":"https:\/\/www.grieta.org.mx\/wp-content\/uploads\/2018\/03\/14524434_1106112876131411_958039263622046936_o.jpg","jetpack_sharing_enabled":true,"jetpack_shortlink":"https:\/\/wp.me\/p7ZJR4-1Jz","jetpack_likes_enabled":false,"jetpack-related-posts":[{"id":10459,"url":"https:\/\/www.grieta.org.mx\/index.php\/2016\/04\/14\/coahuila-con-tres-proyectos-para-generar-energia-eolica-dos-estan-avanzados\/","url_meta":{"origin":6669,"position":0},"title":"Coahuila con tres proyectos para generar energ\u00eda E\u00f3lica; dos est\u00e1n avanzados","author":"grieta","date":"14 abril, 2016","format":false,"excerpt":"El proyecto tiene una inversi\u00f3n de alrededor de 350 millones de d\u00f3lares, en este proyecto que se espera tener a finales de a\u00f1o. Piedras Negras.- Coahuila es de los estados donde los inversionistas le est\u00e1n apostando a la energ\u00eda renovable como es la E\u00f3lica, y en ello destacan tres proyectos;\u2026","rel":"","context":"En &quot;CINTILLO&quot;","block_context":{"text":"CINTILLO","link":"https:\/\/www.grieta.org.mx\/index.php\/category\/cintillo\/"},"img":{"alt_text":"","src":"https:\/\/i0.wp.com\/www.grieta.org.mx\/wp-content\/uploads\/2018\/03\/14524434_1106112876131411_958039263622046936_o.jpg?resize=350%2C200&ssl=1","width":350,"height":200,"srcset":"https:\/\/i0.wp.com\/www.grieta.org.mx\/wp-content\/uploads\/2018\/03\/14524434_1106112876131411_958039263622046936_o.jpg?resize=350%2C200&ssl=1 1x, https:\/\/i0.wp.com\/www.grieta.org.mx\/wp-content\/uploads\/2018\/03\/14524434_1106112876131411_958039263622046936_o.jpg?resize=525%2C300&ssl=1 1.5x, https:\/\/i0.wp.com\/www.grieta.org.mx\/wp-content\/uploads\/2018\/03\/14524434_1106112876131411_958039263622046936_o.jpg?resize=700%2C400&ssl=1 2x"},"classes":[]},{"id":4298,"url":"https:\/\/www.grieta.org.mx\/index.php\/2016\/03\/28\/parques-eolicos-en-tamaulipas-2\/","url_meta":{"origin":6669,"position":1},"title":"Parques e\u00f3licos en Tamaulipas","author":"grieta","date":"28 marzo, 2016","format":false,"excerpt":"27\/04\/16. Registra 60% de avance construcci\u00f3n de parques e\u00f3licos en TamaulipasPosta 28\/02\/16. Parque e\u00f3lico electrificar\u00e1 a supermercados Expreso.press 22\/02\/16. En Tamaulipas funcionar\u00e1n 4 desarrollos e\u00f3licos este a\u00f1o La Regi\u00f3n Tamaulipas 09\/12\/15. Suma Tamaulipas 8 proyectos e\u00f3licos m\u00e1s La verdad Tamaulipas 29\/10\/15. Tamaulipas prepara nueve proyectos e\u00f3licos en el estado Z\u00f3calo\u2026","rel":"","context":"En &quot;Parques E\u00f3licos en Tamaulipas&quot;","block_context":{"text":"Parques E\u00f3licos en Tamaulipas","link":"https:\/\/www.grieta.org.mx\/index.php\/category\/megaproyectos\/parques-eolicos\/parques-eolicos-en-tamaulipas\/"},"img":{"alt_text":"","src":"https:\/\/i0.wp.com\/www.grieta.org.mx\/wp-content\/uploads\/2018\/03\/14524434_1106112876131411_958039263622046936_o.jpg?resize=350%2C200&ssl=1","width":350,"height":200,"srcset":"https:\/\/i0.wp.com\/www.grieta.org.mx\/wp-content\/uploads\/2018\/03\/14524434_1106112876131411_958039263622046936_o.jpg?resize=350%2C200&ssl=1 1x, https:\/\/i0.wp.com\/www.grieta.org.mx\/wp-content\/uploads\/2018\/03\/14524434_1106112876131411_958039263622046936_o.jpg?resize=525%2C300&ssl=1 1.5x, https:\/\/i0.wp.com\/www.grieta.org.mx\/wp-content\/uploads\/2018\/03\/14524434_1106112876131411_958039263622046936_o.jpg?resize=700%2C400&ssl=1 2x"},"classes":[]},{"id":2824,"url":"https:\/\/www.grieta.org.mx\/index.php\/2016\/02\/02\/gamesa-instalara-aerogeneradores-en-coahuila\/","url_meta":{"origin":6669,"position":2},"title":"Gamesa instalar\u00e1 aerogeneradores en Coahuila","author":"grieta","date":"2 febrero, 2016","format":false,"excerpt":"De acuerdo al contrato la firma espa\u00f1ola instalar\u00e1 y pondr\u00e1 en marcha 95 aerogeneradores G114-2.1 megavatios en este proyecto. Los trabajos de construcci\u00f3n se prev\u00e9 comiencen en diciembre. Saltillo, Coahuila La espa\u00f1ola Gamesa, especializada en tecnolog\u00eda e\u00f3lica, anunci\u00f3 el cierre de un contrato en M\u00e9xico para el suministro de 200\u2026","rel":"","context":"En &quot;CINTILLO&quot;","block_context":{"text":"CINTILLO","link":"https:\/\/www.grieta.org.mx\/index.php\/category\/cintillo\/"},"img":{"alt_text":"","src":"https:\/\/i0.wp.com\/www.grieta.org.mx\/wp-content\/uploads\/2018\/03\/14524434_1106112876131411_958039263622046936_o.jpg?resize=350%2C200&ssl=1","width":350,"height":200,"srcset":"https:\/\/i0.wp.com\/www.grieta.org.mx\/wp-content\/uploads\/2018\/03\/14524434_1106112876131411_958039263622046936_o.jpg?resize=350%2C200&ssl=1 1x, https:\/\/i0.wp.com\/www.grieta.org.mx\/wp-content\/uploads\/2018\/03\/14524434_1106112876131411_958039263622046936_o.jpg?resize=525%2C300&ssl=1 1.5x, https:\/\/i0.wp.com\/www.grieta.org.mx\/wp-content\/uploads\/2018\/03\/14524434_1106112876131411_958039263622046936_o.jpg?resize=700%2C400&ssl=1 2x"},"classes":[]},{"id":6189,"url":"https:\/\/www.grieta.org.mx\/index.php\/2016\/08\/29\/avanzan-proyectos-de-parques-eolicos-en-yucatan\/","url_meta":{"origin":6669,"position":3},"title":"Avanzan proyectos de parques e\u00f3licos en Yucat\u00e1n","author":"grieta","date":"29 agosto, 2016","format":false,"excerpt":"29\/08\/16. Sorpresa en obra e\u00f3lica (Yucat\u00e1n) Diario de Yucat\u00e1n 11\/06\/16. En Yucat\u00e1n, empresas de energ\u00eda e\u00f3lica obtendr\u00e1n cr\u00e9ditos hipotecando tierras mayas Mayapolitikon 31\/03\/16. Motul y Ticul \u201cacaparan\u201d parques e\u00f3licos y solares en Yucat\u00e1n Mayapolitikon 03\/12\/15. Pronto nuevo parque e\u00f3lico Diario de Yucat\u00e1n 23\/10\/15. Primer parque e\u00f3lico de Yucat\u00e1n 'alimentar\u00e1' todos\u2026","rel":"","context":"En &quot;16. Pueblo Maya&quot;","block_context":{"text":"16. Pueblo Maya","link":"https:\/\/www.grieta.org.mx\/index.php\/category\/espejos-de-la-resistencia\/16-pueblo-maya\/"},"img":{"alt_text":"","src":"https:\/\/i0.wp.com\/www.grieta.org.mx\/wp-content\/uploads\/2018\/03\/14524434_1106112876131411_958039263622046936_o.jpg?resize=350%2C200&ssl=1","width":350,"height":200,"srcset":"https:\/\/i0.wp.com\/www.grieta.org.mx\/wp-content\/uploads\/2018\/03\/14524434_1106112876131411_958039263622046936_o.jpg?resize=350%2C200&ssl=1 1x, https:\/\/i0.wp.com\/www.grieta.org.mx\/wp-content\/uploads\/2018\/03\/14524434_1106112876131411_958039263622046936_o.jpg?resize=525%2C300&ssl=1 1.5x, https:\/\/i0.wp.com\/www.grieta.org.mx\/wp-content\/uploads\/2018\/03\/14524434_1106112876131411_958039263622046936_o.jpg?resize=700%2C400&ssl=1 2x"},"classes":[]},{"id":4332,"url":"https:\/\/www.grieta.org.mx\/index.php\/2015\/10\/08\/preven-mas-inversion-en-energia-eolica-en-tamaulipas\/","url_meta":{"origin":6669,"position":4},"title":"Preven m\u00e1s inversi\u00f3n en energ\u00eda e\u00f3lica en Tamaulipas","author":"grieta","date":"8 octubre, 2015","format":false,"excerpt":"Expreso.press Teresa Mac\u00edas TAMPICO, Tamaulipas.- Empresas de capitales espa\u00f1oles y americanos est\u00e1n invirtiendo en Tamaulipas en parques e\u00f3licos, tan s\u00f3lo en Llera arranc\u00f3 hace 6 d\u00edas el parque e\u00f3lico Tres Mesas, por parte de la compa\u00f1\u00eda Abengoa. Este a\u00f1o han visitado el estado empresas espa\u00f1olas, y americanas para estudiar la\u2026","rel":"","context":"En &quot;CINTILLO&quot;","block_context":{"text":"CINTILLO","link":"https:\/\/www.grieta.org.mx\/index.php\/category\/cintillo\/"},"img":{"alt_text":"","src":"https:\/\/i0.wp.com\/www.grieta.org.mx\/wp-content\/uploads\/2018\/03\/14524434_1106112876131411_958039263622046936_o.jpg?resize=350%2C200&ssl=1","width":350,"height":200,"srcset":"https:\/\/i0.wp.com\/www.grieta.org.mx\/wp-content\/uploads\/2018\/03\/14524434_1106112876131411_958039263622046936_o.jpg?resize=350%2C200&ssl=1 1x, https:\/\/i0.wp.com\/www.grieta.org.mx\/wp-content\/uploads\/2018\/03\/14524434_1106112876131411_958039263622046936_o.jpg?resize=525%2C300&ssl=1 1.5x, https:\/\/i0.wp.com\/www.grieta.org.mx\/wp-content\/uploads\/2018\/03\/14524434_1106112876131411_958039263622046936_o.jpg?resize=700%2C400&ssl=1 2x"},"classes":[]},{"id":6590,"url":"https:\/\/www.grieta.org.mx\/index.php\/2016\/07\/04\/construccion-de-parques-solares-en-coahuila\/","url_meta":{"origin":6669,"position":5},"title":"Construcci\u00f3n de parques solares en Coahuila","author":"grieta","date":"4 julio, 2016","format":false,"excerpt":"01\/07\/16. Coahuila, con el parque solar m\u00e1s grande de AL El Economista 18\/03\/16. Instalar\u00e1n en Frontera campo de energ\u00eda solar La Prensa de Monclova 16\/11\/15. Construcci\u00f3n del Parque Solar Coahuila empieza en enero Milenio","rel":"","context":"En &quot;Coahuila&quot;","block_context":{"text":"Coahuila","link":"https:\/\/www.grieta.org.mx\/index.php\/category\/noticias-nacionales\/coahuila\/"},"img":{"alt_text":"","src":"https:\/\/i0.wp.com\/www.grieta.org.mx\/wp-content\/uploads\/2018\/03\/14524434_1106112876131411_958039263622046936_o.jpg?resize=350%2C200&ssl=1","width":350,"height":200,"srcset":"https:\/\/i0.wp.com\/www.grieta.org.mx\/wp-content\/uploads\/2018\/03\/14524434_1106112876131411_958039263622046936_o.jpg?resize=350%2C200&ssl=1 1x, https:\/\/i0.wp.com\/www.grieta.org.mx\/wp-content\/uploads\/2018\/03\/14524434_1106112876131411_958039263622046936_o.jpg?resize=525%2C300&ssl=1 1.5x, https:\/\/i0.wp.com\/www.grieta.org.mx\/wp-content\/uploads\/2018\/03\/14524434_1106112876131411_958039263622046936_o.jpg?resize=700%2C400&ssl=1 2x"},"classes":[]}],"_links":{"self":[{"href":"https:\/\/www.grieta.org.mx\/index.php\/wp-json\/wp\/v2\/posts\/6669","targetHints":{"allow":["GET"]}}],"collection":[{"href":"https:\/\/www.grieta.org.mx\/index.php\/wp-json\/wp\/v2\/posts"}],"about":[{"href":"https:\/\/www.grieta.org.mx\/index.php\/wp-json\/wp\/v2\/types\/post"}],"author":[{"embeddable":true,"href":"https:\/\/www.grieta.org.mx\/index.php\/wp-json\/wp\/v2\/users\/2"}],"replies":[{"embeddable":true,"href":"https:\/\/www.grieta.org.mx\/index.php\/wp-json\/wp\/v2\/comments?post=6669"}],"version-history":[{"count":1,"href":"https:\/\/www.grieta.org.mx\/index.php\/wp-json\/wp\/v2\/posts\/6669\/revisions"}],"predecessor-version":[{"id":10465,"href":"https:\/\/www.grieta.org.mx\/index.php\/wp-json\/wp\/v2\/posts\/6669\/revisions\/10465"}],"wp:featuredmedia":[{"embeddable":true,"href":"https:\/\/www.grieta.org.mx\/index.php\/wp-json\/wp\/v2\/media\/21928"}],"wp:attachment":[{"href":"https:\/\/www.grieta.org.mx\/index.php\/wp-json\/wp\/v2\/media?parent=6669"}],"wp:term":[{"taxonomy":"category","embeddable":true,"href":"https:\/\/www.grieta.org.mx\/index.php\/wp-json\/wp\/v2\/categories?post=6669"},{"taxonomy":"post_tag","embeddable":true,"href":"https:\/\/www.grieta.org.mx\/index.php\/wp-json\/wp\/v2\/tags?post=6669"}],"curies":[{"name":"wp","href":"https:\/\/api.w.org\/{rel}","templated":true}]}}