{"id":66671,"date":"2023-03-17T11:47:26","date_gmt":"2023-03-17T17:47:26","guid":{"rendered":"https:\/\/www.grieta.org.mx\/?p=66671"},"modified":"2023-03-27T11:56:32","modified_gmt":"2023-03-27T17:56:32","slug":"veracruz-entre-los-10-estados-con-mas-desaparecidas","status":"publish","type":"post","link":"https:\/\/www.grieta.org.mx\/index.php\/2023\/03\/17\/veracruz-entre-los-10-estados-con-mas-desaparecidas\/","title":{"rendered":"Veracruz, entre los 10 estados con m\u00e1s desaparecidas"},"content":{"rendered":"<p><strong>El 63.9 % de las mujeres son desaparecidas entre los 12 y los 24 a\u00f1os de edad, entre 2020 y 2022<\/strong><\/p>\n<p>Fabiola Gonz\u00e1lez | Diario de Xalapa<\/p>\n<p>Al cierre de 2022 Veracruz se ubic\u00f3 como una de las diez entidades con mayor poblaci\u00f3n de mujeres desaparecidas o no localizadas, de acuerdo con el reciente diagn\u00f3stico de la Comisi\u00f3n Nacional de B\u00fasqueda de Personas (CNB).<\/p>\n<p>El Programa Nacional de B\u00fasqueda de Personas Desaparecidas y No Localizadas (PNBP), publicado por la CNB, detalla que las diez entidades con mayor poblaci\u00f3n de mujeres desaparecidas o no localizadas son M\u00e9xico, Guanajuato, Nuevo Le\u00f3n, Puebla, Tamaulipas, Ciudad de M\u00e9xico, Jalisco, Chihuahua, Yucat\u00e1n y Veracruz.<\/p>\n<p>\u00bfQu\u00e9 causas provocan desigualdad y violencia?<\/p>\n<p>El an\u00e1lisis refiere que las condiciones de desigualdad en la que viven las mujeres por motivos de violencias o discriminaci\u00f3n en raz\u00f3n de su g\u00e9nero se agudizan en estas entidades. En tanto que la desaparici\u00f3n puede ocurrir como una consecuencia de estas condiciones o con motivo de ellas. Adem\u00e1s, apunta, debido al triple rol que asumen las mujeres, al ser v\u00edctimas de desaparici\u00f3n suelen dejar en condiciones de orfandad o abandono a sus dependientes econ\u00f3micos o de cuidado.<\/p>\n<p>Dentro de los impactos diferenciados, el programa nacional destaca que el sufrimiento de las mujeres afectadas por desapariciones forzadas puede agravarse como consecuencia de actos de violencia sexual, embarazos no deseados, los efectos destructivos de la desaparici\u00f3n forzada en las familias, traumas psicol\u00f3gicos, dificultades econ\u00f3micas y obst\u00e1culos jur\u00eddicos que afectan en particular a las mujeres.<\/p>\n<p>Tambi\u00e9n, la CNB alerta que las mujeres cuyos familiares son objeto de una desaparici\u00f3n forzada pueden encontrarse en una posici\u00f3n vulnerable.<\/p>\n<p>En el periodo de 2020 a 2022, la CNB observa que el 63.9 por ciento de las mujeres son desaparecidas entre los 12 y los 24 a\u00f1os de edad, mientras que para ese mismo rango de edad son desaparecidos el 29.4 por ciento de los hombres.<\/p>\n<p>Bajo este contexto, se encuentran tambi\u00e9n en particular vulnerabilidad las personas LGBTTTIQA+ (Lesbiana, Gay, Bisexual, Transg\u00e9nero, Transexual, Travesti, Intersexual, Queer, Asexual y +), \u201cde tal suerte que las acciones de b\u00fasqueda y localizaci\u00f3n de este grupo de poblaci\u00f3n pueden verse influenciada por sesgos y estereotipos de g\u00e9nero que les resten efectividad o sentido de urgencia\u201d.<\/p>\n<p>Otro grupo en situaci\u00f3n de particular vulnerabilidad ante la problem\u00e1tica de desaparici\u00f3n son las personas migrantes, debido a las condiciones de violencia, inseguridad y precarizaci\u00f3n a las que est\u00e1n expuestas en su tr\u00e1nsito por M\u00e9xico.<\/p>\n<p>\u201cLos grupos del crimen organizado se han convertido en actores clave detr\u00e1s del fen\u00f3meno espec\u00edfico de las personas migrantes desaparecidas\u201d, reconoce el informe nacional.<\/p>\n<p>\u00bfCu\u00e1l es la crisis forense?<\/p>\n<p>El programa nacional afirma que desde el Estado mexicano se ha reconocido la crisis en materia de desaparici\u00f3n y en materia forense. Menciona que, seg\u00fan el informe del Laboratorio de Investigaci\u00f3n e Innovaci\u00f3n Period\u00edstica AC, se considera que existen 38 mil 891 cuerpos y un n\u00famero desconocido de fragmentos \u00f3seos sin identificar en el pa\u00eds.<\/p>\n<p>Esta investigaci\u00f3n \u2013que comprende el periodo de 2006 a 2019\u2013 refleja que la mayor cantidad de cuerpos sin identificar se encuentran en el Estado de M\u00e9xico, la Ciudad de M\u00e9xico y Baja California, seguido de Jalisco, Chihuahua, Nuevo Le\u00f3n, Sonora, Tamaulipas, Veracruz y Puebla.<\/p>\n<p>En el caso de Veracruz, se documenta un total de mil 144 cuerpos sin identificar: 339 corresponden a hombres, 41 mujeres y 764 fueron clasificados \u201csin dato\u201d.<\/p>\n<p>La CNB precisa que no existe una cifra cierta del n\u00famero de personas fallecidas sin identificar en el pa\u00eds, aunque se estima que son m\u00e1s de 52 mil, en fosas comunes, instalaciones de los Servicios M\u00e9dico Forenses (SMF), universidades y centros de resguardo forense.<\/p>\n<p>Para febrero de 2023, exist\u00edan reportadas como desaparecidas y no localizadas m\u00e1s de 111 mil personas por diversos delitos y se estimaba para fines de 2021 que, al menos 52 mil cuerpos no identificados se encuentran en instalaciones forenses o en fosas comunes, dentro de los que pudieran encontrarse personas reportadas como desaparecidas.<\/p>\n<p>El Programa Nacional concluye que la falta de infraestructura, la escasez de personal especializado, los recursos limitados, as\u00ed como la falta de criterios homologados para la conservaci\u00f3n de cuerpos y restos, aunado a la insuficiencia de cementerios forenses, ha resultado en una sobrecarga de los servicios m\u00e9dicos forenses y periciales del pa\u00eds.<\/p>\n<p>Tambi\u00e9n subraya la falta de coordinaci\u00f3n interinstitucional efectiva para garantizar la respuesta inmediata de las autoridades frente a la solicitud de b\u00fasqueda de personas desaparecidas y no localizadas.<\/p>\n<p>\u201cLa persecuci\u00f3n penal no atiende el fen\u00f3meno delictivo como elemento clave para garantizar la no repetici\u00f3n\u201d, afirma.<\/p>\n<p>Otros problemas adyacentes a la problem\u00e1tica de desaparici\u00f3n son la violencia contra personas defensoras de derechos humanos y periodistas, la inseguridad, advierten.<\/p>\n<p><a href=\"https:\/\/www.diariodexalapa.com.mx\/local\/cifras-de-mujeres-desaparecidas-en-veracruz-y-causas-segun-la-cnb-9777027.html\" rel=\"noopener\" target=\"_blank\">https:\/\/www.diariodexalapa.com.mx\/local\/cifras-de-mujeres-desaparecidas-en-veracruz-y-causas-segun-la-cnb-9777027.html<\/a><\/p>\n","protected":false},"excerpt":{"rendered":"<p>El 63.9 % de las mujeres son desaparecidas entre los 12 y los 24 a\u00f1os de edad, entre 2020 y 2022 Fabiola Gonz\u00e1lez | Diario de Xalapa Al cierre de &hellip; <a href=\"https:\/\/www.grieta.org.mx\/index.php\/2023\/03\/17\/veracruz-entre-los-10-estados-con-mas-desaparecidas\/\" class=\"more-link\">Leer m\u00e1s<\/a><\/p>\n","protected":false},"author":2,"featured_media":66672,"comment_status":"closed","ping_status":"closed","sticky":false,"template":"","format":"standard","meta":{"ngg_post_thumbnail":0,"_jetpack_newsletter_access":"","_jetpack_dont_email_post_to_subs":false,"_jetpack_newsletter_tier_id":0,"_jetpack_memberships_contains_paywalled_content":false,"_jetpack_memberships_contains_paid_content":false,"footnotes":""},"categories":[80,368,1012,2,83,35],"tags":[631,121],"class_list":["post-66671","post","type-post","status-publish","format-standard","has-post-thumbnail","hentry","category-cintillo","category-desaparecidos-analisis","category-desaparecidos-en-veracruz","category-noticias-nacionales","category-temas-nacionales","category-veracruz","tag-desaparecidas","tag-desaparecidos","entry"],"jetpack_featured_media_url":"https:\/\/www.grieta.org.mx\/wp-content\/uploads\/2023\/03\/FEMINICIDIOS.jpg","jetpack_sharing_enabled":true,"jetpack_shortlink":"https:\/\/wp.me\/p7ZJR4-hll","jetpack_likes_enabled":false,"jetpack-related-posts":[{"id":58970,"url":"https:\/\/www.grieta.org.mx\/index.php\/2021\/04\/25\/slp-registra-355-desaparecidos-comision-nacional-de-busqueda\/","url_meta":{"origin":66671,"position":0},"title":"SLP registra 355 desaparecidos: Comisi\u00f3n Nacional de B\u00fasqueda","author":"grieta","date":"25 abril, 2021","format":false,"excerpt":"Juan Hern\u00e1ndez\/Quadrat\u00edn SLP 25 abril 2021 SAN LUIS POTOS\u00cd, SLP., 25 de abril 2021.- En el pa\u00eds hay un total de 87 mil 36 personas desaparecidas o no localizadas, esto desde el 15 de marzo de 1964 hasta abril de 2021, de acuerdo con informaci\u00f3n de la Comisi\u00f3n Nacional de\u2026","rel":"","context":"En &quot;CINTILLO&quot;","block_context":{"text":"CINTILLO","link":"https:\/\/www.grieta.org.mx\/index.php\/category\/cintillo\/"},"img":{"alt_text":"","src":"https:\/\/i0.wp.com\/www.grieta.org.mx\/wp-content\/uploads\/2021\/04\/PRIMERA-QT-245-1160x700-1.jpeg?resize=350%2C200&ssl=1","width":350,"height":200,"srcset":"https:\/\/i0.wp.com\/www.grieta.org.mx\/wp-content\/uploads\/2021\/04\/PRIMERA-QT-245-1160x700-1.jpeg?resize=350%2C200&ssl=1 1x, https:\/\/i0.wp.com\/www.grieta.org.mx\/wp-content\/uploads\/2021\/04\/PRIMERA-QT-245-1160x700-1.jpeg?resize=525%2C300&ssl=1 1.5x, https:\/\/i0.wp.com\/www.grieta.org.mx\/wp-content\/uploads\/2021\/04\/PRIMERA-QT-245-1160x700-1.jpeg?resize=700%2C400&ssl=1 2x, https:\/\/i0.wp.com\/www.grieta.org.mx\/wp-content\/uploads\/2021\/04\/PRIMERA-QT-245-1160x700-1.jpeg?resize=1050%2C600&ssl=1 3x"},"classes":[]},{"id":65527,"url":"https:\/\/www.grieta.org.mx\/index.php\/2022\/10\/09\/en-guadalajara-desaparecen-15-personas-al-mes-4-son-mujeres-jalisco\/","url_meta":{"origin":66671,"position":1},"title":"En Guadalajara desaparecen 15 personas al mes, 4 son mujeres (Jalisco)","author":"grieta","date":"9 octubre, 2022","format":false,"excerpt":"Imagen: Cuartoscuro Isaura L\u00f3pez \/ El Occidental Al mes en Guadalajara se registran 15 desapariciones de personas. En lo que va del a\u00f1o, hay un registro de 157 personas desaparecidas, no localizadas y localizadas: 107 son hombres y 41 son mujeres. Del total de los casos, 52 est\u00e1n bajo el\u2026","rel":"","context":"En &quot;CINTILLO&quot;","block_context":{"text":"CINTILLO","link":"https:\/\/www.grieta.org.mx\/index.php\/category\/cintillo\/"},"img":{"alt_text":"","src":"https:\/\/i0.wp.com\/www.grieta.org.mx\/wp-content\/uploads\/2022\/10\/Desaparecidos-cuartoscuro.jpeg?resize=350%2C200&ssl=1","width":350,"height":200,"srcset":"https:\/\/i0.wp.com\/www.grieta.org.mx\/wp-content\/uploads\/2022\/10\/Desaparecidos-cuartoscuro.jpeg?resize=350%2C200&ssl=1 1x, https:\/\/i0.wp.com\/www.grieta.org.mx\/wp-content\/uploads\/2022\/10\/Desaparecidos-cuartoscuro.jpeg?resize=525%2C300&ssl=1 1.5x, https:\/\/i0.wp.com\/www.grieta.org.mx\/wp-content\/uploads\/2022\/10\/Desaparecidos-cuartoscuro.jpeg?resize=700%2C400&ssl=1 2x"},"classes":[]},{"id":51868,"url":"https:\/\/www.grieta.org.mx\/index.php\/2020\/07\/13\/jalisco-el-segundo-estado-con-mas-desapariciones-en-mexico\/","url_meta":{"origin":66671,"position":2},"title":"Jalisco: el segundo estado con m\u00e1s desapariciones en M\u00e9xico","author":"grieta","date":"13 julio, 2020","format":false,"excerpt":"Foto: Zona Docs Con 10 mil 230 personas desaparecidas y representando el 15% del total de las desapariciones en el pa\u00eds, Jalisco es la segunda entidad con mayor n\u00famero de personas desaparecidas, seg\u00fan lo dio a conocer este lunes 13 de julio la Secretar\u00eda de Gobernaci\u00f3n, a trav\u00e9s del Informe\u2026","rel":"","context":"En &quot;CINTILLO&quot;","block_context":{"text":"CINTILLO","link":"https:\/\/www.grieta.org.mx\/index.php\/category\/cintillo\/"},"img":{"alt_text":"","src":"https:\/\/i0.wp.com\/www.grieta.org.mx\/wp-content\/uploads\/2020\/07\/photo5715283397508704184-1080x640.jpg?resize=350%2C200&ssl=1","width":350,"height":200,"srcset":"https:\/\/i0.wp.com\/www.grieta.org.mx\/wp-content\/uploads\/2020\/07\/photo5715283397508704184-1080x640.jpg?resize=350%2C200&ssl=1 1x, https:\/\/i0.wp.com\/www.grieta.org.mx\/wp-content\/uploads\/2020\/07\/photo5715283397508704184-1080x640.jpg?resize=525%2C300&ssl=1 1.5x, https:\/\/i0.wp.com\/www.grieta.org.mx\/wp-content\/uploads\/2020\/07\/photo5715283397508704184-1080x640.jpg?resize=700%2C400&ssl=1 2x, https:\/\/i0.wp.com\/www.grieta.org.mx\/wp-content\/uploads\/2020\/07\/photo5715283397508704184-1080x640.jpg?resize=1050%2C600&ssl=1 3x"},"classes":[]},{"id":64403,"url":"https:\/\/www.grieta.org.mx\/index.php\/2022\/06\/06\/rebasa-colima-la-cifra-de-cuatro-mil-personas-desaparecidas\/","url_meta":{"origin":66671,"position":3},"title":"Rebasa Colima la cifra de cuatro mil personas desaparecidas","author":"grieta","date":"6 junio, 2022","format":false,"excerpt":"Imagen: Diario Avanzada Redacci\u00f3n \/ Diario Avanzada Colima, M\u00e9xico, Avanzada (06\/06\/2022).- Colima lleg\u00f3 a la cifra de 4 mil 011 personas desaparecidas, de las que 2 mil 562 (63.87 por ciento) han sido localizadas, 2 mil 339 con vida y 223 sin vida, de acuerdo con datos del Registro Nacional\u2026","rel":"","context":"En &quot;CINTILLO&quot;","block_context":{"text":"CINTILLO","link":"https:\/\/www.grieta.org.mx\/index.php\/category\/cintillo\/"},"img":{"alt_text":"","src":"https:\/\/i0.wp.com\/www.grieta.org.mx\/wp-content\/uploads\/2022\/06\/image-7-1024x1024-1.png?resize=350%2C200&ssl=1","width":350,"height":200,"srcset":"https:\/\/i0.wp.com\/www.grieta.org.mx\/wp-content\/uploads\/2022\/06\/image-7-1024x1024-1.png?resize=350%2C200&ssl=1 1x, https:\/\/i0.wp.com\/www.grieta.org.mx\/wp-content\/uploads\/2022\/06\/image-7-1024x1024-1.png?resize=525%2C300&ssl=1 1.5x, https:\/\/i0.wp.com\/www.grieta.org.mx\/wp-content\/uploads\/2022\/06\/image-7-1024x1024-1.png?resize=700%2C400&ssl=1 2x"},"classes":[]},{"id":2442,"url":"https:\/\/www.grieta.org.mx\/index.php\/2015\/09\/03\/25-mil-desaparecidos-en-mexico-reconoce-segob-la-mayoria-en-tamaulipas\/","url_meta":{"origin":66671,"position":4},"title":"25 mil desaparecidos en M\u00e9xico, reconoce Segob; la mayor\u00eda, en Tamaulipas","author":"grieta","date":"3 septiembre, 2015","format":false,"excerpt":"Aristegui noticias Al 31 de diciembre de 2014, el total de personas desaparecidas o no localizadas del fuero com\u00fan fue de 24 mil 812. En tanto, la PGR reporta 418 registros de personas desaparecidas o no localizadas del fuero federal con corte al 31 de diciembre de 2014. El Senado\u2026","rel":"","context":"En &quot;CINTILLO&quot;","block_context":{"text":"CINTILLO","link":"https:\/\/www.grieta.org.mx\/index.php\/category\/cintillo\/"},"img":{"alt_text":"","src":"https:\/\/i0.wp.com\/www.grieta.org.mx\/wp-content\/uploads\/2018\/03\/14524434_1106112876131411_958039263622046936_o.jpg?resize=350%2C200&ssl=1","width":350,"height":200,"srcset":"https:\/\/i0.wp.com\/www.grieta.org.mx\/wp-content\/uploads\/2018\/03\/14524434_1106112876131411_958039263622046936_o.jpg?resize=350%2C200&ssl=1 1x, https:\/\/i0.wp.com\/www.grieta.org.mx\/wp-content\/uploads\/2018\/03\/14524434_1106112876131411_958039263622046936_o.jpg?resize=525%2C300&ssl=1 1.5x, https:\/\/i0.wp.com\/www.grieta.org.mx\/wp-content\/uploads\/2018\/03\/14524434_1106112876131411_958039263622046936_o.jpg?resize=700%2C400&ssl=1 2x"},"classes":[]},{"id":22129,"url":"https:\/\/www.grieta.org.mx\/index.php\/2018\/03\/15\/acumula-puebla-la-septima-mayor-cifra-de-personas-desaparecidas-en-el-pais\/","url_meta":{"origin":66671,"position":5},"title":"Acumula Puebla la s\u00e9ptima mayor cifra de personas desaparecidas en el pa\u00eds","author":"grieta","date":"15 marzo, 2018","format":false,"excerpt":"Al corte del 31 de enero de 2018, el\u00a0estado de Puebla\u00a0tuvo un total de\u00a0mil 852 registros\u00a0de personas relacionadas con averiguaciones previas del fuero com\u00fan que\u00a0permanecen sin localizar, la s\u00e9ptima cifra m\u00e1s alta de las 32 entidades federativas. En el fuero federal las\u00a0averiguaciones previas\u00a0por personas no localizadas en la entidad poblana\u2026","rel":"","context":"En &quot;CINTILLO&quot;","block_context":{"text":"CINTILLO","link":"https:\/\/www.grieta.org.mx\/index.php\/category\/cintillo\/"},"img":{"alt_text":"","src":"https:\/\/i0.wp.com\/www.grieta.org.mx\/wp-content\/uploads\/2018\/03\/desaparecidos-puebla-cifras-nac.jpg?resize=350%2C200&ssl=1","width":350,"height":200,"srcset":"https:\/\/i0.wp.com\/www.grieta.org.mx\/wp-content\/uploads\/2018\/03\/desaparecidos-puebla-cifras-nac.jpg?resize=350%2C200&ssl=1 1x, https:\/\/i0.wp.com\/www.grieta.org.mx\/wp-content\/uploads\/2018\/03\/desaparecidos-puebla-cifras-nac.jpg?resize=525%2C300&ssl=1 1.5x"},"classes":[]}],"_links":{"self":[{"href":"https:\/\/www.grieta.org.mx\/index.php\/wp-json\/wp\/v2\/posts\/66671","targetHints":{"allow":["GET"]}}],"collection":[{"href":"https:\/\/www.grieta.org.mx\/index.php\/wp-json\/wp\/v2\/posts"}],"about":[{"href":"https:\/\/www.grieta.org.mx\/index.php\/wp-json\/wp\/v2\/types\/post"}],"author":[{"embeddable":true,"href":"https:\/\/www.grieta.org.mx\/index.php\/wp-json\/wp\/v2\/users\/2"}],"replies":[{"embeddable":true,"href":"https:\/\/www.grieta.org.mx\/index.php\/wp-json\/wp\/v2\/comments?post=66671"}],"version-history":[{"count":1,"href":"https:\/\/www.grieta.org.mx\/index.php\/wp-json\/wp\/v2\/posts\/66671\/revisions"}],"predecessor-version":[{"id":66673,"href":"https:\/\/www.grieta.org.mx\/index.php\/wp-json\/wp\/v2\/posts\/66671\/revisions\/66673"}],"wp:featuredmedia":[{"embeddable":true,"href":"https:\/\/www.grieta.org.mx\/index.php\/wp-json\/wp\/v2\/media\/66672"}],"wp:attachment":[{"href":"https:\/\/www.grieta.org.mx\/index.php\/wp-json\/wp\/v2\/media?parent=66671"}],"wp:term":[{"taxonomy":"category","embeddable":true,"href":"https:\/\/www.grieta.org.mx\/index.php\/wp-json\/wp\/v2\/categories?post=66671"},{"taxonomy":"post_tag","embeddable":true,"href":"https:\/\/www.grieta.org.mx\/index.php\/wp-json\/wp\/v2\/tags?post=66671"}],"curies":[{"name":"wp","href":"https:\/\/api.w.org\/{rel}","templated":true}]}}