{"id":66642,"date":"2023-03-08T08:29:42","date_gmt":"2023-03-08T14:29:42","guid":{"rendered":"https:\/\/www.grieta.org.mx\/?p=66642"},"modified":"2023-03-26T09:39:35","modified_gmt":"2023-03-26T15:39:35","slug":"marcha-8m-en-campeche-y-los-muros-resonaron-ni-una-menos","status":"publish","type":"post","link":"https:\/\/www.grieta.org.mx\/index.php\/2023\/03\/08\/marcha-8m-en-campeche-y-los-muros-resonaron-ni-una-menos\/","title":{"rendered":"Marcha 8M en Campeche: Y los muros resonaron, \u00a1Ni una menos!"},"content":{"rendered":"<p>Jairo Maga\u00f1a \/ Foto: Fernando Eloy \/ La Jornada Maya<\/p>\n<blockquote><p>Contingentes Feministas marcharon por calles del Centro Hist\u00f3rico ante los ojos de ciudadanos y turistas\n<\/p><\/blockquote>\n<p>Al menos 600 feministas se dieron cita en el atrio de la iglesia de San Juan y participaron en la marcha conmemorativa al 8M, D\u00eda internacional de la Mujer, y levantaron la voz, y se desgarraron la garganta gritando vitoreos de reclamo a gobiernos, a machistas y a quienes siguen oponi\u00e9ndose a la libre manifestaci\u00f3n para pedir por sus derechos, y exigir equidad e igualdad ante la sociedad.<\/p>\n<p>Rayaron muros de las casonas, le recordaron a la iglesia cat\u00f3lica que sus p\u00e1rrocos han violado y agredido sexualmente a ni\u00f1os y mujeres, esto cuando pasaron cerca de la catedral de Campeche. Y hubo tambi\u00e9n respeto, comprensi\u00f3n, algunos establecimientos les ofrecieron botellas de agua, pues cuando pasaron por el Corredor tur\u00edstico de la Calle 59, gerentes comprendieron su sentir y de inmediato levantaron mesas y sillas para liberar la Vialidad.<\/p>\n<p>El reclamo m\u00e1s fuerte fue en la sede del Ejecutivo Estatal, donde consignaron el habitual gobierno machista opresor, pues contin\u00faan en su lucha por mejorar las condiciones de seguridad de las mujeres. Tambi\u00e9n fue aqu\u00ed donde hubo un conato de bronca, pues a pesar de la solicitud y advertencia de reporteros hombres y civiles masculinos fuera de su espacio, hubo alguien que no respet\u00f3.<\/p>\n<p>Mientras hac\u00edan las pintas ante un Palacio de Gobierno que les cerr\u00f3 las puertas, un sujeto desconocido para ellas y para el gremio period\u00edstico, se meti\u00f3 en el contingente a pesar de la advertencia de no acercarse, ocasionando empujones y que lo rayaran con pintura en aerosol hasta sacarlo del grupo de mujeres, quienes nuevamente pidieron a reporteros, no acercarse y de preferencia cuando rayaban.<\/p>\n<p>Tampoco se salv\u00f3 el Palacio Municipal, hubo pintas de \u201cNi una menos\u201d y mientras rayaban gritaban, nunca dej\u00e1ndose solas. La escuela normal del Benem\u00e9rito Instituto Campechano tambi\u00e9n mostr\u00f3 su respaldo, las futuras maestras les reconocieron el movimiento y les dijeron que educando tambi\u00e9n manifiestan su apoyo. <\/p>\n<p>Despu\u00e9s del inmueble del gobierno del estado, se pasaron a la Plaza de la Rep\u00fablica, ah\u00ed hicieron un c\u00edrculo de apoyo y comenzaron a relatar testimonios. Violaciones, agresiones sexuales, tanto de familiares y conocidos, como desconocidos; ese es el sentir de molestia, coraje y hasta culpa por callarlo\u2026 el Centro Hist\u00f3rico y sus muros retumban, \u00a1Ni una menos!<\/p>\n<p><a href=\"https:\/\/www.lajornadamaya.mx\/campeche\/211799\/dia-internacional-de-la-mujer-8-de-marzo-8m-marcha-8m-en-campeche-y-los-muros-resonaron-ni-una-menos\" rel=\"noopener\" target=\"_blank\">https:\/\/www.lajornadamaya.mx\/campeche\/211799\/dia-internacional-de-la-mujer-8-de-marzo-8m-marcha-8m-en-campeche-y-los-muros-resonaron-ni-una-menos<\/a><\/p>\n","protected":false},"excerpt":{"rendered":"<p>Jairo Maga\u00f1a \/ Foto: Fernando Eloy \/ La Jornada Maya Contingentes Feministas marcharon por calles del Centro Hist\u00f3rico ante los ojos de ciudadanos y turistas Al menos 600 feministas se &hellip; <a href=\"https:\/\/www.grieta.org.mx\/index.php\/2023\/03\/08\/marcha-8m-en-campeche-y-los-muros-resonaron-ni-una-menos\/\" class=\"more-link\">Leer m\u00e1s<\/a><\/p>\n","protected":false},"author":2,"featured_media":66643,"comment_status":"closed","ping_status":"closed","sticky":false,"template":"","format":"standard","meta":{"ngg_post_thumbnail":0,"_jetpack_newsletter_access":"","_jetpack_dont_email_post_to_subs":false,"_jetpack_newsletter_tier_id":0,"_jetpack_memberships_contains_paywalled_content":false,"_jetpack_memberships_contains_paid_content":false,"footnotes":""},"categories":[11,80,3214,2],"tags":[2272,2248,2317],"class_list":["post-66642","post","type-post","status-publish","format-standard","has-post-thumbnail","hentry","category-campeche","category-cintillo","category-lucha-de-las-mujeres-en-campeche","category-noticias-nacionales","tag-dia-internacional-de-la-mujer","tag-luchas-de-las-mujeres","tag-manifestaciones-de-mujeres","entry"],"jetpack_featured_media_url":"https:\/\/www.grieta.org.mx\/wp-content\/uploads\/2023\/03\/8MCampeche-e1679844906993.jpg","jetpack_sharing_enabled":true,"jetpack_shortlink":"https:\/\/wp.me\/p7ZJR4-hkS","jetpack_likes_enabled":false,"jetpack-related-posts":[{"id":45553,"url":"https:\/\/www.grieta.org.mx\/index.php\/2020\/02\/27\/colectivas-feministas-convocan-a-la-marcha-8m-en-san-luis-potosi\/","url_meta":{"origin":66642,"position":0},"title":"Colectivas feministas convocan a la Marcha 8M en San Luis Potos\u00ed","author":"grieta","date":"27 febrero, 2020","format":false,"excerpt":"Redacci\u00f3n\/C\u00f3digo San Luis 27 febrero 2020 Se planea una serie de actividades desde el primer d\u00eda de marzo. No se permitir\u00e1 que hombres participen en los eventos, es \u00fanicamente para mujeres. Las colectivas feministas que organizan, no hacen menci\u00f3n del Paro Nacional de Mujeres. Colectivas feministas de la capital potosina,\u2026","rel":"","context":"En &quot;CINTILLO&quot;","block_context":{"text":"CINTILLO","link":"https:\/\/www.grieta.org.mx\/index.php\/category\/cintillo\/"},"img":{"alt_text":"","src":"https:\/\/i0.wp.com\/www.grieta.org.mx\/wp-content\/uploads\/2020\/03\/feministas-23-ago-19-1.jpeg?resize=350%2C200&ssl=1","width":350,"height":200,"srcset":"https:\/\/i0.wp.com\/www.grieta.org.mx\/wp-content\/uploads\/2020\/03\/feministas-23-ago-19-1.jpeg?resize=350%2C200&ssl=1 1x, https:\/\/i0.wp.com\/www.grieta.org.mx\/wp-content\/uploads\/2020\/03\/feministas-23-ago-19-1.jpeg?resize=525%2C300&ssl=1 1.5x, https:\/\/i0.wp.com\/www.grieta.org.mx\/wp-content\/uploads\/2020\/03\/feministas-23-ago-19-1.jpeg?resize=700%2C400&ssl=1 2x"},"classes":[]},{"id":66478,"url":"https:\/\/www.grieta.org.mx\/index.php\/2023\/03\/10\/activistas-acusan-censura-tras-manifestacion-del-8m-oaxaca\/","url_meta":{"origin":66642,"position":1},"title":"Activistas acusan censura tras manifestaci\u00f3n del 8M (Oaxaca)","author":"grieta","date":"10 marzo, 2023","format":false,"excerpt":"Imagen: Cortes\u00eda Citlalli L\u00f3pez Vel\u00e1zquez \/ NVI Noticias Las demandas de justicia lanzadas por las mujeres en el 8M fueron silenciadas en menos de 24 horas. Brigadas del gobierno del estado manchonearon de blanco el paso de la marcha y retiraron de las jardineras del z\u00f3calo los carteles colocados por\u2026","rel":"","context":"En &quot;CINTILLO&quot;","block_context":{"text":"CINTILLO","link":"https:\/\/www.grieta.org.mx\/index.php\/category\/cintillo\/"},"img":{"alt_text":"","src":"https:\/\/i0.wp.com\/www.grieta.org.mx\/wp-content\/uploads\/2023\/03\/muros.webp?resize=350%2C200&ssl=1","width":350,"height":200,"srcset":"https:\/\/i0.wp.com\/www.grieta.org.mx\/wp-content\/uploads\/2023\/03\/muros.webp?resize=350%2C200&ssl=1 1x, https:\/\/i0.wp.com\/www.grieta.org.mx\/wp-content\/uploads\/2023\/03\/muros.webp?resize=525%2C300&ssl=1 1.5x, https:\/\/i0.wp.com\/www.grieta.org.mx\/wp-content\/uploads\/2023\/03\/muros.webp?resize=700%2C400&ssl=1 2x"},"classes":[]},{"id":57372,"url":"https:\/\/www.grieta.org.mx\/index.php\/2021\/03\/07\/marcha-feminista-sale-del-jardin-madero-para-conmemorar-el-8m-oaxaca\/","url_meta":{"origin":66642,"position":2},"title":"Marcha feminista sale del Jard\u00edn Madero para conmemorar el 8M (Oaxaca)","author":"grieta","date":"7 marzo, 2021","format":false,"excerpt":"Noticias \/ Citlalli L\u00f3pez Un contingente de aproximadamente 300 mujeres sali\u00f3 en marcha conmemorativa del 8 de marzo partiendo desde el Jard\u00edn Madero y camina hacia el Z\u00f3calo capitalino. Al frente de la movilizaci\u00f3n encabezan familiares de mujeres v\u00edctimas de violencia, entre ellas Soledad Jarquin Edgar, madre de la fotoperiodista\u2026","rel":"","context":"En &quot;CINTILLO&quot;","block_context":{"text":"CINTILLO","link":"https:\/\/www.grieta.org.mx\/index.php\/category\/cintillo\/"},"img":{"alt_text":"","src":"https:\/\/i0.wp.com\/www.grieta.org.mx\/wp-content\/uploads\/2021\/03\/2.jpeg?resize=350%2C200&ssl=1","width":350,"height":200,"srcset":"https:\/\/i0.wp.com\/www.grieta.org.mx\/wp-content\/uploads\/2021\/03\/2.jpeg?resize=350%2C200&ssl=1 1x, https:\/\/i0.wp.com\/www.grieta.org.mx\/wp-content\/uploads\/2021\/03\/2.jpeg?resize=525%2C300&ssl=1 1.5x, https:\/\/i0.wp.com\/www.grieta.org.mx\/wp-content\/uploads\/2021\/03\/2.jpeg?resize=700%2C400&ssl=1 2x, https:\/\/i0.wp.com\/www.grieta.org.mx\/wp-content\/uploads\/2021\/03\/2.jpeg?resize=1050%2C600&ssl=1 3x"},"classes":[]},{"id":46200,"url":"https:\/\/www.grieta.org.mx\/index.php\/2020\/03\/08\/previo-al-8m-feministas-realizan-cacerolazo-en-aguascalientes\/","url_meta":{"origin":66642,"position":3},"title":"Previo al #8M, feministas realizan \u2018cacerolazo\u2019 en Aguascalientes","author":"grieta","date":"8 marzo, 2020","format":false,"excerpt":"Notimex\/Exclesior 8 marzo 2020 \u2018No estoy aceptando lo que no puedo cambiar...estoy cambiando lo que no puedo aceptar\u2019 se le\u00eda en una pancarta; se prev\u00e9n este domingo marchas en el pa\u00eds Foto:@angieconter AGUASCALIENTES Colectivos de feministas llevaron a cabo la v\u00edspera un \"cacerolazo\" como pre\u00e1mbulo al D\u00eda Internacional de la\u2026","rel":"","context":"En &quot;Aguascalientes&quot;","block_context":{"text":"Aguascalientes","link":"https:\/\/www.grieta.org.mx\/index.php\/category\/noticias-nacionales\/aguascalientes\/"},"img":{"alt_text":"","src":"https:\/\/i0.wp.com\/www.grieta.org.mx\/wp-content\/uploads\/2020\/03\/2320546.jpg?resize=350%2C200&ssl=1","width":350,"height":200,"srcset":"https:\/\/i0.wp.com\/www.grieta.org.mx\/wp-content\/uploads\/2020\/03\/2320546.jpg?resize=350%2C200&ssl=1 1x, https:\/\/i0.wp.com\/www.grieta.org.mx\/wp-content\/uploads\/2020\/03\/2320546.jpg?resize=525%2C300&ssl=1 1.5x"},"classes":[]},{"id":57544,"url":"https:\/\/www.grieta.org.mx\/index.php\/2021\/03\/09\/con-una-marcha-colectivos-exigen-justicia-en-san-luis-potosi\/","url_meta":{"origin":66642,"position":4},"title":"Con una marcha colectivos exigen justicia en San Luis Potos\u00ed","author":"grieta","date":"9 marzo, 2021","format":false,"excerpt":"Recorrieron calles para hacer alto frente a la Fiscal\u00eda y despu\u00e9s a las Plazas del Carmen y de Armas Norma Rivera\/El Sol de San Luis 9 marzo 2021 Alrededor de 200 feministas independientes y de algunos colectivos, marcharon pac\u00edficamente este lunes exigiendo justicia y seguridad para las mujeres v\u00edctimas de\u2026","rel":"","context":"En &quot;CINTILLO&quot;","block_context":{"text":"CINTILLO","link":"https:\/\/www.grieta.org.mx\/index.php\/category\/cintillo\/"},"img":{"alt_text":"","src":"https:\/\/i0.wp.com\/www.grieta.org.mx\/wp-content\/uploads\/2021\/03\/a-todo-pulmon-marcha-feminista-feministas-colectivo-colectivos.jpg?resize=350%2C200&ssl=1","width":350,"height":200,"srcset":"https:\/\/i0.wp.com\/www.grieta.org.mx\/wp-content\/uploads\/2021\/03\/a-todo-pulmon-marcha-feminista-feministas-colectivo-colectivos.jpg?resize=350%2C200&ssl=1 1x, https:\/\/i0.wp.com\/www.grieta.org.mx\/wp-content\/uploads\/2021\/03\/a-todo-pulmon-marcha-feminista-feministas-colectivo-colectivos.jpg?resize=525%2C300&ssl=1 1.5x, https:\/\/i0.wp.com\/www.grieta.org.mx\/wp-content\/uploads\/2021\/03\/a-todo-pulmon-marcha-feminista-feministas-colectivo-colectivos.jpg?resize=700%2C400&ssl=1 2x"},"classes":[]},{"id":30914,"url":"https:\/\/www.grieta.org.mx\/index.php\/2019\/03\/08\/mujeres-de-nl-se-suman-al-8m-y-marchan-por-las-calles-del-centro-nuevo-leon\/","url_meta":{"origin":66642,"position":5},"title":"Mujeres de NL se suman al #8M y marchan por las calles del centro (Nuevo Le\u00f3n)","author":"grieta","date":"8 marzo, 2019","format":false,"excerpt":"Redacci\u00f3n Posta Marcharon y pidieron se respeten sus derechos NUEVO LE\u00d3N.- En punto de las 8 de la noche miles de mujeres marcharon por las calles del centro de Monterrey demandando sus derechos, conmemorando el 8M D\u00eda Internacional de la Mujer. Diferentes colectivos organizaron la marcha por los derechos de\u2026","rel":"","context":"En &quot;CINTILLO&quot;","block_context":{"text":"CINTILLO","link":"https:\/\/www.grieta.org.mx\/index.php\/category\/cintillo\/"},"img":{"alt_text":"","src":"https:\/\/i0.wp.com\/www.grieta.org.mx\/wp-content\/uploads\/2019\/03\/Mujeres-de-NL-se-suman-al-8M-y-marchan-por-las-calles-del-centro-nl-mzo.jpg?resize=350%2C200&ssl=1","width":350,"height":200,"srcset":"https:\/\/i0.wp.com\/www.grieta.org.mx\/wp-content\/uploads\/2019\/03\/Mujeres-de-NL-se-suman-al-8M-y-marchan-por-las-calles-del-centro-nl-mzo.jpg?resize=350%2C200&ssl=1 1x, https:\/\/i0.wp.com\/www.grieta.org.mx\/wp-content\/uploads\/2019\/03\/Mujeres-de-NL-se-suman-al-8M-y-marchan-por-las-calles-del-centro-nl-mzo.jpg?resize=525%2C300&ssl=1 1.5x"},"classes":[]}],"_links":{"self":[{"href":"https:\/\/www.grieta.org.mx\/index.php\/wp-json\/wp\/v2\/posts\/66642","targetHints":{"allow":["GET"]}}],"collection":[{"href":"https:\/\/www.grieta.org.mx\/index.php\/wp-json\/wp\/v2\/posts"}],"about":[{"href":"https:\/\/www.grieta.org.mx\/index.php\/wp-json\/wp\/v2\/types\/post"}],"author":[{"embeddable":true,"href":"https:\/\/www.grieta.org.mx\/index.php\/wp-json\/wp\/v2\/users\/2"}],"replies":[{"embeddable":true,"href":"https:\/\/www.grieta.org.mx\/index.php\/wp-json\/wp\/v2\/comments?post=66642"}],"version-history":[{"count":1,"href":"https:\/\/www.grieta.org.mx\/index.php\/wp-json\/wp\/v2\/posts\/66642\/revisions"}],"predecessor-version":[{"id":66644,"href":"https:\/\/www.grieta.org.mx\/index.php\/wp-json\/wp\/v2\/posts\/66642\/revisions\/66644"}],"wp:featuredmedia":[{"embeddable":true,"href":"https:\/\/www.grieta.org.mx\/index.php\/wp-json\/wp\/v2\/media\/66643"}],"wp:attachment":[{"href":"https:\/\/www.grieta.org.mx\/index.php\/wp-json\/wp\/v2\/media?parent=66642"}],"wp:term":[{"taxonomy":"category","embeddable":true,"href":"https:\/\/www.grieta.org.mx\/index.php\/wp-json\/wp\/v2\/categories?post=66642"},{"taxonomy":"post_tag","embeddable":true,"href":"https:\/\/www.grieta.org.mx\/index.php\/wp-json\/wp\/v2\/tags?post=66642"}],"curies":[{"name":"wp","href":"https:\/\/api.w.org\/{rel}","templated":true}]}}