{"id":66622,"date":"2023-03-19T19:26:32","date_gmt":"2023-03-20T01:26:32","guid":{"rendered":"https:\/\/www.grieta.org.mx\/?p=66622"},"modified":"2023-03-24T19:44:48","modified_gmt":"2023-03-25T01:44:48","slug":"yucatan-acusan-a-empresa-salinera-de-monopolizar-las-coloradas","status":"publish","type":"post","link":"https:\/\/www.grieta.org.mx\/index.php\/2023\/03\/19\/yucatan-acusan-a-empresa-salinera-de-monopolizar-las-coloradas\/","title":{"rendered":"Yucat\u00e1n. Acusan a empresa salinera de monopolizar \u2018Las Coloradas\u2019"},"content":{"rendered":"<p>Itzel Chan \/ Noticaribe<\/p>\n<p>M\u00c9RIDA, MX.- Prestadores de servicios tur\u00edsticos de Las Coloradas, en el municipio de R\u00edo Lagartos, denuncian que la Industria Salinera de Yucat\u00e1n (Isysa) ha querido monopolizar el sector de turismo en la zona, por lo que personas que llevaban m\u00e1s de 11 a\u00f1os como gu\u00edas, vendedores y artesanos han sido sacados del lugar, por lo que se mantienen en manifestaci\u00f3n desde el lunes pasado.<\/p>\n<p>Problem\u00e1ticas que ya se han presentado en otros sitios tur\u00edsticos de Yucat\u00e1n, por la llegada de un turismo extractivista que desplaza a las personas que habitan en el lugar y que desarrollan actividades de turismo a un bajo nivel, ha llegado a Las Coloradas, en donde prestadores de turismo se han visto en la necesidad de realizar un plant\u00f3n desde inicios de esta semana.<\/p>\n<p>En 2019, Eduardo Sansores, director de Isysa, junto con el Gobierno del Estado anunciaron un proyecto tur\u00edstico en la zona, con el cual potenciar\u00edan los atractivos del lugar para atraer m\u00e1s visitantes nacionales y extranjeros principalmente.<\/p>\n<p><img loading=\"lazy\" decoding=\"async\" data-attachment-id=\"66625\" data-permalink=\"https:\/\/www.grieta.org.mx\/index.php\/2023\/03\/19\/yucatan-acusan-a-empresa-salinera-de-monopolizar-las-coloradas\/lascoloradas2\/\" data-orig-file=\"https:\/\/www.grieta.org.mx\/wp-content\/uploads\/2023\/03\/LasColoradas2-e1679708653278.jpg\" data-orig-size=\"800,528\" data-comments-opened=\"0\" data-image-meta=\"{&quot;aperture&quot;:&quot;0&quot;,&quot;credit&quot;:&quot;&quot;,&quot;camera&quot;:&quot;&quot;,&quot;caption&quot;:&quot;&quot;,&quot;created_timestamp&quot;:&quot;0&quot;,&quot;copyright&quot;:&quot;&quot;,&quot;focal_length&quot;:&quot;0&quot;,&quot;iso&quot;:&quot;0&quot;,&quot;shutter_speed&quot;:&quot;0&quot;,&quot;title&quot;:&quot;&quot;,&quot;orientation&quot;:&quot;1&quot;}\" data-image-title=\"LasColoradas2\" data-image-description=\"\" data-image-caption=\"\" data-medium-file=\"https:\/\/www.grieta.org.mx\/wp-content\/uploads\/2023\/03\/LasColoradas2-e1679708653278-300x198.jpg\" data-large-file=\"https:\/\/www.grieta.org.mx\/wp-content\/uploads\/2023\/03\/LasColoradas2-1024x676.jpg\" src=\"http:\/\/www.grieta.org.mx\/wp-content\/uploads\/2023\/03\/LasColoradas2-e1679708653278.jpg\" alt=\"\" width=\"800\" height=\"528\" class=\"alignnone size-full wp-image-66625\" srcset=\"https:\/\/www.grieta.org.mx\/wp-content\/uploads\/2023\/03\/LasColoradas2-e1679708653278.jpg 800w, https:\/\/www.grieta.org.mx\/wp-content\/uploads\/2023\/03\/LasColoradas2-e1679708653278-300x198.jpg 300w, https:\/\/www.grieta.org.mx\/wp-content\/uploads\/2023\/03\/LasColoradas2-e1679708653278-768x507.jpg 768w\" sizes=\"auto, (max-width: 800px) 100vw, 800px\" \/><\/p>\n<p>Con una inversi\u00f3n de 6.8 millones de pesos se construy\u00f3 un parador tur\u00edstico que incluir\u00eda el establecimiento de sanitarios y \u00e1rea de venta de artesan\u00edas y adem\u00e1s, para entonces se especific\u00f3 que se har\u00eda un mejor control de casetas.<\/p>\n<p>Hoy en d\u00eda, los artesanos y gu\u00edas de turistas que por a\u00f1os han desarrollado actividades en la zona mediante cooperativas locales, denuncian que la empresa busca monopolizar el sitio, porque adem\u00e1s fueron echados del lugar en el que han trabajado por poco m\u00e1s de una d\u00e9cada.<\/p>\n<p>A la par, acusan que mientras ellos cobraban recorridos por poco m\u00e1s de 200 pesos aproximadamente, la empresa ha elevando el precio hasta llegar casi a los mil pesos, esto sin dejar una ganancia para las personas locales.<\/p>\n<p>Las personas que han denunciado las irregularidades en el lugar, acusan incluso al Gobierno del Estado porque cuando fue anunciado el proyecto del parador tur\u00edstico les dijeron que los gu\u00edas ser\u00edan capacitados para ser sumados a estas nuevas estrategias, lo cual no ha sucedido hasta ahora.<\/p>\n<p>Igualmente denuncian que la popularidad que se le ha dado a \u2018Las Coloradas\u2019 en redes sociales como Instagram, ha propiciado que Michelle Fridman, secretaria de Fomento de Tur\u00edstico (Sefotur) busque capitalizar las riquezas naturales a trav\u00e9s de proyectos que son poco emp\u00e1ticos con el medio ambiente.<br \/>\nMichelle Fridman, secretaria de Fomento de Tur\u00edstico (Sefotur).<\/p>\n<p>En este sentido, expusieron que Fridman ha celebrado proyectos como el de nuevos vuelos panor\u00e1micos de Vuela Yucat\u00e1n de iFly, el cual cuenta con 6 rutas para visitar diferentes puntos del estado para ver a una baja altura costas, r\u00edas, zonas arqueol\u00f3gicas, haciendas, cenotes y pueblos coloniales, pero consideran que no son nada conscientes ni amigables con el turismo local, porque por ejemplo, en la zona de Las Coloradas, los sobrevuelos espantan a la poblaci\u00f3n de flamencos.<\/p>\n<p>Hasta ahora el bloqueo sigue y los habitantes piden ser escuchados, pues consideran que no es justo ni el precio que se les otorga a los turistas para visitar el lugar y tambi\u00e9n que sean excluidos en los beneficios que se reciben a trav\u00e9s de la explotaci\u00f3n de este recurso natural de las \u2018aguas rosas\u2019. (Noticaribe)<\/p>\n<p><a href=\"https:\/\/noticaribe.com.mx\/2023\/03\/19\/yucatan-acusan-a-empresa-salinera-de-monopolizar-las-coloradas\/\" rel=\"noopener\" target=\"_blank\">https:\/\/noticaribe.com.mx\/2023\/03\/19\/yucatan-acusan-a-empresa-salinera-de-monopolizar-las-coloradas\/<\/a><\/p>\n","protected":false},"excerpt":{"rendered":"<p>Itzel Chan \/ Noticaribe M\u00c9RIDA, MX.- Prestadores de servicios tur\u00edsticos de Las Coloradas, en el municipio de R\u00edo Lagartos, denuncian que la Industria Salinera de Yucat\u00e1n (Isysa) ha querido monopolizar &hellip; <a href=\"https:\/\/www.grieta.org.mx\/index.php\/2023\/03\/19\/yucatan-acusan-a-empresa-salinera-de-monopolizar-las-coloradas\/\" class=\"more-link\">Leer m\u00e1s<\/a><\/p>\n","protected":false},"author":2,"featured_media":66623,"comment_status":"closed","ping_status":"closed","sticky":false,"template":"","format":"standard","meta":{"ngg_post_thumbnail":0,"_jetpack_newsletter_access":"","_jetpack_dont_email_post_to_subs":false,"_jetpack_newsletter_tier_id":0,"_jetpack_memberships_contains_paywalled_content":false,"_jetpack_memberships_contains_paid_content":false,"footnotes":""},"categories":[80,2,3010,36],"tags":[661,354,460,180,3823,4149],"class_list":["post-66622","post","type-post","status-publish","format-standard","has-post-thumbnail","hentry","category-cintillo","category-noticias-nacionales","category-resistencia-y-organizacion-de-artesanas-y-artesanos-en-yucatan","category-yucatan","tag-artesanos","tag-bloqueo","tag-parador-turistico","tag-protesta","tag-turismo-depredador","tag-turismo-extractivista","entry"],"jetpack_featured_media_url":"https:\/\/www.grieta.org.mx\/wp-content\/uploads\/2023\/03\/LasColoradas-e1679707955361.jpg","jetpack_sharing_enabled":true,"jetpack_shortlink":"https:\/\/wp.me\/p7ZJR4-hky","jetpack_likes_enabled":false,"jetpack-related-posts":[{"id":68714,"url":"https:\/\/www.grieta.org.mx\/index.php\/2024\/03\/28\/bloquean-entrada-a-rio-lagartos-en-yucatan-pescadores-denuncian-abusos\/","url_meta":{"origin":66622,"position":0},"title":"Bloquean entrada a R\u00edo Lagartos en Yucat\u00e1n; pescadores denuncian abusos","author":"grieta","date":"28 marzo, 2024","format":false,"excerpt":"Yazm\u00edn Rodr\u00edguez Galaz \/ El Universal R\u00edo Lagartos, Yucat\u00e1n.- En plena temporada vacacional, pescadores de este puerto del oriente del Estado, que se dedican a la prestaci\u00f3n de servicios tur\u00edsticos, cerraron el acceso al puerto como medida de presi\u00f3n, ante los presuntos abusos que comete la Capitan\u00eda del Puerto. Largas\u2026","rel":"","context":"En &quot;Abuso Autoridades en Yucat\u00e1n&quot;","block_context":{"text":"Abuso Autoridades en Yucat\u00e1n","link":"https:\/\/www.grieta.org.mx\/index.php\/category\/noticias-nacionales\/yucatan\/abuso-autoridades-en-yucatan\/"},"img":{"alt_text":"","src":"https:\/\/i0.wp.com\/www.grieta.org.mx\/wp-content\/uploads\/2024\/03\/Pescadores-e1711914173595.jpg?resize=350%2C200&ssl=1","width":350,"height":200,"srcset":"https:\/\/i0.wp.com\/www.grieta.org.mx\/wp-content\/uploads\/2024\/03\/Pescadores-e1711914173595.jpg?resize=350%2C200&ssl=1 1x, https:\/\/i0.wp.com\/www.grieta.org.mx\/wp-content\/uploads\/2024\/03\/Pescadores-e1711914173595.jpg?resize=525%2C300&ssl=1 1.5x, https:\/\/i0.wp.com\/www.grieta.org.mx\/wp-content\/uploads\/2024\/03\/Pescadores-e1711914173595.jpg?resize=700%2C400&ssl=1 2x"},"classes":[]},{"id":42891,"url":"https:\/\/www.grieta.org.mx\/index.php\/2020\/01\/10\/echan-a-xcaret-de-mercado-de-artesanias-de-valladolid-artesanas-se-oponen-al-turismo-secuestrado-por-parte-de-esta-y-otras-empresas-turisticas\/","url_meta":{"origin":66622,"position":1},"title":"Echan a  Xcaret de Mercado de Artesan\u00edas de  Valladolid: Artesanas se oponen al \u2018turismo secuestrado\u2019 por parte de \u00e9sta y otras empresas tur\u00edsticas","author":"grieta","date":"10 enero, 2020","format":false,"excerpt":"Por J\u00e9ssica Garc\u00eda \/ Noticaribe VALLADOLID, MX.- Las m\u00e1s de 300 mujeres artesanas que conforman las 35 agrupaciones que ocupan los locales del Centro Artesanal \u201cZac\u00cd\u201d, se oponen al turismo secuestrado que maneja Xcaret, es por eso desde hoy la empresa anunci\u00f3 su retiro de las instalaciones. \u201cLas ganancias que\u2026","rel":"","context":"En &quot;CINTILLO&quot;","block_context":{"text":"CINTILLO","link":"https:\/\/www.grieta.org.mx\/index.php\/category\/cintillo\/"},"img":{"alt_text":"","src":"https:\/\/i0.wp.com\/www.grieta.org.mx\/wp-content\/uploads\/2020\/01\/XcaretArtesanas.png?resize=350%2C200&ssl=1","width":350,"height":200,"srcset":"https:\/\/i0.wp.com\/www.grieta.org.mx\/wp-content\/uploads\/2020\/01\/XcaretArtesanas.png?resize=350%2C200&ssl=1 1x, https:\/\/i0.wp.com\/www.grieta.org.mx\/wp-content\/uploads\/2020\/01\/XcaretArtesanas.png?resize=525%2C300&ssl=1 1.5x, https:\/\/i0.wp.com\/www.grieta.org.mx\/wp-content\/uploads\/2020\/01\/XcaretArtesanas.png?resize=700%2C400&ssl=1 2x"},"classes":[]},{"id":12347,"url":"https:\/\/www.grieta.org.mx\/index.php\/2016\/05\/15\/pretenden-reubicar-a-la-fuerza-a-artesanos-de-chichen-itza\/","url_meta":{"origin":66622,"position":2},"title":"Pretenden reubicar a la fuerza a artesanos de Chich\u00e9n Itz\u00e1","author":"grieta","date":"15 mayo, 2016","format":false,"excerpt":"015\/05\/16. Artesanos de Chich\u00e9n Itz\u00e1 ampl\u00edan denuncia ante la CODHEY, nos quieren reubicar a la fuerza Infolliteras","rel":"","context":"En &quot;NOTICIAS NACIONALES&quot;","block_context":{"text":"NOTICIAS NACIONALES","link":"https:\/\/www.grieta.org.mx\/index.php\/category\/noticias-nacionales\/"},"img":{"alt_text":"","src":"https:\/\/i0.wp.com\/www.grieta.org.mx\/wp-content\/uploads\/2018\/03\/14524434_1106112876131411_958039263622046936_o.jpg?resize=350%2C200&ssl=1","width":350,"height":200,"srcset":"https:\/\/i0.wp.com\/www.grieta.org.mx\/wp-content\/uploads\/2018\/03\/14524434_1106112876131411_958039263622046936_o.jpg?resize=350%2C200&ssl=1 1x, https:\/\/i0.wp.com\/www.grieta.org.mx\/wp-content\/uploads\/2018\/03\/14524434_1106112876131411_958039263622046936_o.jpg?resize=525%2C300&ssl=1 1.5x, https:\/\/i0.wp.com\/www.grieta.org.mx\/wp-content\/uploads\/2018\/03\/14524434_1106112876131411_958039263622046936_o.jpg?resize=700%2C400&ssl=1 2x"},"classes":[]},{"id":6215,"url":"https:\/\/www.grieta.org.mx\/index.php\/2015\/06\/22\/onu-asesora-a-yucatan-en-la-creacion-de-energia-renovable\/","url_meta":{"origin":66622,"position":3},"title":"ONU asesora a Yucat\u00e1n en la creaci\u00f3n de energ\u00eda renovable","author":"grieta","date":"22 junio, 2015","format":false,"excerpt":"La Organizaci\u00f3n de las Naciones Unidas (ONU), asesorar\u00e1 la puesta en marcha en Yucat\u00e1n de una Comisi\u00f3n Estatal de Energ\u00eda con expertos internacionales para desarrollar desde la pen\u00ednsula la producci\u00f3n de energ\u00eda e\u00f3lica y solar. La representante para M\u00e9xico del Programa de las Naciones Unidas para el Medio Ambiente (PNUMA),\u2026","rel":"","context":"En &quot;CINTILLO&quot;","block_context":{"text":"CINTILLO","link":"https:\/\/www.grieta.org.mx\/index.php\/category\/cintillo\/"},"img":{"alt_text":"","src":"https:\/\/i0.wp.com\/www.grieta.org.mx\/wp-content\/uploads\/2018\/03\/14524434_1106112876131411_958039263622046936_o.jpg?resize=350%2C200&ssl=1","width":350,"height":200,"srcset":"https:\/\/i0.wp.com\/www.grieta.org.mx\/wp-content\/uploads\/2018\/03\/14524434_1106112876131411_958039263622046936_o.jpg?resize=350%2C200&ssl=1 1x, https:\/\/i0.wp.com\/www.grieta.org.mx\/wp-content\/uploads\/2018\/03\/14524434_1106112876131411_958039263622046936_o.jpg?resize=525%2C300&ssl=1 1.5x, https:\/\/i0.wp.com\/www.grieta.org.mx\/wp-content\/uploads\/2018\/03\/14524434_1106112876131411_958039263622046936_o.jpg?resize=700%2C400&ssl=1 2x"},"classes":[]},{"id":3019,"url":"https:\/\/www.grieta.org.mx\/index.php\/2015\/11\/26\/protestan-contra-venta-de-tierras-ejidales-al-turismo\/","url_meta":{"origin":66622,"position":4},"title":"Protestan contra venta de tierras ejidales al turismo","author":"grieta","date":"26 noviembre, 2015","format":false,"excerpt":"26\/11\/15. Intentos de despojo en Punta Laguna Proceso 04\/10\/15. Protestan comuneros por venta de reserva natural en Yucat\u00e1n Proceso 03\/10\/15. Planean megadesarrollo tur\u00edstico en \u00e1rea natural protegida en Yucat\u00e1n Proceso 23\/03\/15. Rechazan venta de tierras ejidales en Punta Laguna presuntamente al Grupo XcaretNoticaribe","rel":"","context":"En &quot;NOTICIAS NACIONALES&quot;","block_context":{"text":"NOTICIAS NACIONALES","link":"https:\/\/www.grieta.org.mx\/index.php\/category\/noticias-nacionales\/"},"img":{"alt_text":"","src":"https:\/\/i0.wp.com\/www.grieta.org.mx\/wp-content\/uploads\/2018\/03\/14524434_1106112876131411_958039263622046936_o.jpg?resize=350%2C200&ssl=1","width":350,"height":200,"srcset":"https:\/\/i0.wp.com\/www.grieta.org.mx\/wp-content\/uploads\/2018\/03\/14524434_1106112876131411_958039263622046936_o.jpg?resize=350%2C200&ssl=1 1x, https:\/\/i0.wp.com\/www.grieta.org.mx\/wp-content\/uploads\/2018\/03\/14524434_1106112876131411_958039263622046936_o.jpg?resize=525%2C300&ssl=1 1.5x, https:\/\/i0.wp.com\/www.grieta.org.mx\/wp-content\/uploads\/2018\/03\/14524434_1106112876131411_958039263622046936_o.jpg?resize=700%2C400&ssl=1 2x"},"classes":[]},{"id":12345,"url":"https:\/\/www.grieta.org.mx\/index.php\/2016\/05\/15\/artesanos-de-chichen-itza-amplian-denuncia-ante-la-codhey-nos-quieren-reubicar-a-la-fuerza\/","url_meta":{"origin":66622,"position":5},"title":"Artesanos de Chich\u00e9n Itz\u00e1 ampl\u00edan denuncia ante la CODHEY, nos quieren reubicar a la fuerza","author":"grieta","date":"15 mayo, 2016","format":false,"excerpt":"Eduardo Lliteras Sent\u00edes.- Artesanos que laboran en la zona arqueol\u00f3gica de Chich\u00e9n Itz\u00e1 rechazan ser reubicados en un nuevo parador tur\u00edstico y aseguran que quieren desalojarlos a la fuerza, por \u00f3rdenes del gobierno del Estado y autoridades federales del INAH seg\u00fan consta en una ampliaci\u00f3n de la denuncia ante la\u2026","rel":"","context":"En &quot;CINTILLO&quot;","block_context":{"text":"CINTILLO","link":"https:\/\/www.grieta.org.mx\/index.php\/category\/cintillo\/"},"img":{"alt_text":"","src":"https:\/\/i0.wp.com\/www.grieta.org.mx\/wp-content\/uploads\/2018\/03\/14524434_1106112876131411_958039263622046936_o.jpg?resize=350%2C200&ssl=1","width":350,"height":200,"srcset":"https:\/\/i0.wp.com\/www.grieta.org.mx\/wp-content\/uploads\/2018\/03\/14524434_1106112876131411_958039263622046936_o.jpg?resize=350%2C200&ssl=1 1x, https:\/\/i0.wp.com\/www.grieta.org.mx\/wp-content\/uploads\/2018\/03\/14524434_1106112876131411_958039263622046936_o.jpg?resize=525%2C300&ssl=1 1.5x, https:\/\/i0.wp.com\/www.grieta.org.mx\/wp-content\/uploads\/2018\/03\/14524434_1106112876131411_958039263622046936_o.jpg?resize=700%2C400&ssl=1 2x"},"classes":[]}],"_links":{"self":[{"href":"https:\/\/www.grieta.org.mx\/index.php\/wp-json\/wp\/v2\/posts\/66622","targetHints":{"allow":["GET"]}}],"collection":[{"href":"https:\/\/www.grieta.org.mx\/index.php\/wp-json\/wp\/v2\/posts"}],"about":[{"href":"https:\/\/www.grieta.org.mx\/index.php\/wp-json\/wp\/v2\/types\/post"}],"author":[{"embeddable":true,"href":"https:\/\/www.grieta.org.mx\/index.php\/wp-json\/wp\/v2\/users\/2"}],"replies":[{"embeddable":true,"href":"https:\/\/www.grieta.org.mx\/index.php\/wp-json\/wp\/v2\/comments?post=66622"}],"version-history":[{"count":1,"href":"https:\/\/www.grieta.org.mx\/index.php\/wp-json\/wp\/v2\/posts\/66622\/revisions"}],"predecessor-version":[{"id":66626,"href":"https:\/\/www.grieta.org.mx\/index.php\/wp-json\/wp\/v2\/posts\/66622\/revisions\/66626"}],"wp:featuredmedia":[{"embeddable":true,"href":"https:\/\/www.grieta.org.mx\/index.php\/wp-json\/wp\/v2\/media\/66623"}],"wp:attachment":[{"href":"https:\/\/www.grieta.org.mx\/index.php\/wp-json\/wp\/v2\/media?parent=66622"}],"wp:term":[{"taxonomy":"category","embeddable":true,"href":"https:\/\/www.grieta.org.mx\/index.php\/wp-json\/wp\/v2\/categories?post=66622"},{"taxonomy":"post_tag","embeddable":true,"href":"https:\/\/www.grieta.org.mx\/index.php\/wp-json\/wp\/v2\/tags?post=66622"}],"curies":[{"name":"wp","href":"https:\/\/api.w.org\/{rel}","templated":true}]}}