{"id":66603,"date":"2023-03-20T11:17:26","date_gmt":"2023-03-20T17:17:26","guid":{"rendered":"https:\/\/www.grieta.org.mx\/?p=66603"},"modified":"2023-03-21T11:26:59","modified_gmt":"2023-03-21T17:26:59","slug":"rancho-cali-el-regreso-de-una-madre-en-busca-de-su-hija-al-infierno-de-los-zetas-en-veracruz","status":"publish","type":"post","link":"https:\/\/www.grieta.org.mx\/index.php\/2023\/03\/20\/rancho-cali-el-regreso-de-una-madre-en-busca-de-su-hija-al-infierno-de-los-zetas-en-veracruz\/","title":{"rendered":"Rancho Cali: el regreso de una madre en busca de su hija al infierno de Los Zetas en Veracruz"},"content":{"rendered":"<p>Manu Ureste \/ Animal Pol\u00edtico<br \/>\n<strong><br \/>\nAraceli Salcedo est\u00e1 por cumplir 11 a\u00f1os de buscar a Fernanda Rub\u00ed, su hija, a quien Los Zetas desaparecieron en 2012. Hoy, sigue una pista de su posible paradero en un rancho que el grupo delictivo controlaba en R\u00edo Blanco, Veracruz.<\/strong><\/p>\n<p>Es un caser\u00f3n grande. Cuatro habitaciones en la planta baja, otras cuatro en la de arriba y un amplio comedor donde antes hab\u00eda puertas y ventanas por las que ahora corre el viento. Los techos son altos, con tragaluces por los que se cuela una luz extra\u00f1a, rojiza. Un patio interior con forma de cuadrado da acceso a la cocina donde solo quedan los restos de unos platos. Y en el ba\u00f1o, donde yacen desperdigados los restos de azulejos hechos pedazos, manchas que parecen impactos de bala se extienden por las paredes carcomidas por el moho.<\/p>\n<p>Afuera, en el suelo de las amplias terrazas cubiertas por un domo, emerge el bracito sucio de un beb\u00e9 de entre la hojarasca y la basura. Es un brazo de pl\u00e1stico, de juguete. Tal vez una broma s\u00e1dica, el macabro pre\u00e1mbulo antes de llegar al sendero que da acceso a la parte de atr\u00e1s del caser\u00f3n. Ah\u00ed, entre una mara\u00f1a de sof\u00e1s abandonados, palmeras y vegetaci\u00f3n que brota salvaje, se abren a plena vista dos fosas clandestinas: dos rect\u00e1ngulos profundos y estrechos del tama\u00f1o de un ata\u00fad que alguien trat\u00f3 de cubrir torpemente con la rama de una palmera.<\/p>\n<p>De vuelta al interior de la casa, nada m\u00e1s cruzar el hueco donde estaba la puerta principal, se observa a la derecha una habitaci\u00f3n oscura sin ventanas. Cuando las autoridades \u2018reventaron\u2019 el caser\u00f3n en 2017, los sicarios de Los Zetas dejaron sobre una mesa de madera machetes, hachas, sierras, cuchillos, vendas, cuerdas y las tablas de castigo con las que torturaban, asesinaban, descuartizaban y desaparec\u00edan a la gente. Y en la otra habitaci\u00f3n contigua, otro cuarto oscuro en el que ahora solo quedan hojas muertas regadas por el suelo y los restos de los conectores que fueron extirpados de las paredes, estaban las cadenas y los ganchos de carnicer\u00eda con los que colgaban a las v\u00edctimas del techo.<\/p>\n<p>\u2014Esa casa es lo m\u00e1s parecido que he visto en la vida real a la pel\u00edcula La masacre de Texas.<\/p>\n<p>Araceli Salcedo, de 50 a\u00f1os, morena, menuda y de pelo recogido en una cola, suelta la frase lapidaria y se ajusta inc\u00f3moda el pesado chaleco blanco antibalas que viste junto a un pantal\u00f3n tejano y unas botas. Es la mam\u00e1 de Fernanda Rub\u00ed Salcedo Jim\u00e9nez, una joven de 21 a\u00f1os de ojos caf\u00e9 claro, tez morena y 1.60 de estatura, que fue v\u00edctima de desaparici\u00f3n en 2012 a manos de Los Zetas en Orizaba, Veracruz. Desde entonces, la mujer se ha convertido en una f\u00e9rrea activista, fundadora del Colectivo Familia Desaparecidos Orizaba-C\u00f3rdoba y en una implacable madre buscadora: lo mismo le reclama de frente al exgobernador Javier Duarte por la inoperancia de su fiscal\u00eda \u2014que criminaliz\u00f3 a Rub\u00ed asegurando que los delincuentes se la llevaron \u201cpor bonita\u201d\u2014, que lo mismo alza la voz por las atrocidades del narco. Por eso el chaleco.<\/p>\n<p>La chihuahuense \u2014aunque afincada en Orizaba desde la infancia\u2014 ya estuvo hace cinco a\u00f1os en este caser\u00f3n localizado en un punto remoto del municipio de R\u00edo Blanco, al cual se lleg\u00f3 por las declaraciones de la pareja sentimental de un integrante de Los Zetas.<\/p>\n<p>En aquel entonces, luego de que los sicarios huyeron por los cerros, en el inmueble llamado \u201cRancho Cali\u201d encontraron varias fosas con ocho cuerpos, todos desmembrados y decapitados. Pero el horror no termin\u00f3 ah\u00ed. Pese al cateo de las autoridades, los delincuentes siguieron utilizando el rancho como un narcocementerio: a unos metros de la casa, por donde se extiende un vasto campo de unas 10 hect\u00e1reas donde antes pastaban caballos y pavorreales, decenas de banderitas rojas y amarillas clavadas en el suelo dibujan el contorno de lo que podr\u00edan ser nuevas fosas. Y en las inmediaciones del caser\u00f3n, frente a la fachada de ladrillo, se encuentran las otras dos fosas que alguien trat\u00f3 de ocultar con una rama de palmera y que las autoridades deber\u00e1n analizar para determinar si son positivas.<\/p>\n<figure id=\"attachment_66605\" aria-describedby=\"caption-attachment-66605\" style=\"width: 1024px\" class=\"wp-caption alignnone\"><img loading=\"lazy\" decoding=\"async\" data-attachment-id=\"66605\" data-permalink=\"https:\/\/www.grieta.org.mx\/index.php\/2023\/03\/20\/rancho-cali-el-regreso-de-una-madre-en-busca-de-su-hija-al-infierno-de-los-zetas-en-veracruz\/zetas-veracruz\/\" data-orig-file=\"https:\/\/www.grieta.org.mx\/wp-content\/uploads\/2023\/03\/zetas-veracruz.jpeg\" data-orig-size=\"1024,768\" data-comments-opened=\"0\" data-image-meta=\"{&quot;aperture&quot;:&quot;0&quot;,&quot;credit&quot;:&quot;&quot;,&quot;camera&quot;:&quot;&quot;,&quot;caption&quot;:&quot;&quot;,&quot;created_timestamp&quot;:&quot;0&quot;,&quot;copyright&quot;:&quot;&quot;,&quot;focal_length&quot;:&quot;0&quot;,&quot;iso&quot;:&quot;0&quot;,&quot;shutter_speed&quot;:&quot;0&quot;,&quot;title&quot;:&quot;&quot;,&quot;orientation&quot;:&quot;0&quot;}\" data-image-title=\"zetas veracruz\" data-image-description=\"\" data-image-caption=\"\" data-medium-file=\"https:\/\/www.grieta.org.mx\/wp-content\/uploads\/2023\/03\/zetas-veracruz-300x225.jpeg\" data-large-file=\"https:\/\/www.grieta.org.mx\/wp-content\/uploads\/2023\/03\/zetas-veracruz.jpeg\" class=\"wp-image-66605 size-full\" src=\"http:\/\/www.grieta.org.mx\/wp-content\/uploads\/2023\/03\/zetas-veracruz.jpeg\" alt=\"\" width=\"1024\" height=\"768\" srcset=\"https:\/\/www.grieta.org.mx\/wp-content\/uploads\/2023\/03\/zetas-veracruz.jpeg 1024w, https:\/\/www.grieta.org.mx\/wp-content\/uploads\/2023\/03\/zetas-veracruz-300x225.jpeg 300w, https:\/\/www.grieta.org.mx\/wp-content\/uploads\/2023\/03\/zetas-veracruz-768x576.jpeg 768w\" sizes=\"auto, (max-width: 1024px) 100vw, 1024px\" \/><figcaption id=\"caption-attachment-66605\" class=\"wp-caption-text\">Vista de la fachada del caser\u00f3n que Los Zetas utilizaban como cementerio clandestino. FOTO: Manu Ureste<\/figcaption><\/figure>\n<p>En los m\u00e1s de 10 a\u00f1os que lleva su hija desaparecida, Araceli ya ha visto de todo. No es alguien que se espante f\u00e1cilmente. En septiembre del a\u00f1o pasado, estuvo haciendo b\u00fasquedas con el colectivo en otra \u201ccasa de los martirios\u201d a no muchos kil\u00f3metros de este rancho de Los Zetas. Ah\u00ed, en un caser\u00f3n igual de t\u00e9trico, donde hab\u00eda una habitaci\u00f3n oscura en la que el C\u00e1rtel Jalisco Nueva Generaci\u00f3n \u2014el grupo que ahora domina la entidad tras la casi desaparici\u00f3n de Los Zetas\u2014 manten\u00eda cautivas a sus v\u00edctimas para luego asesinarlas, desmembrarlas y desaparecerlas en fosas, encontraron los cad\u00e1veres quir\u00fargicamente desmembrados y cubiertos en cal viva de 15 personas. Y en agosto de 2021, luego de un a\u00f1o de b\u00fasqueda, hallaron 53 fosas en otro narcocementerio en la comunidad de Campo Grande, a escasos kil\u00f3metros de Orizaba. Mientras, en Los Arenales, tambi\u00e9n en R\u00edo Blanco, se recuperaron 23 cuerpos m\u00e1s.<\/p>\n<p>Sin embargo, a pesar de su dilatada experiencia, algo tiene especialmente inquieta a Araceli estos d\u00edas. Algo le oprime el pecho, murmura golpeando el chaleco antibalas con el pu\u00f1o cerrado. <\/p>\n<p>\u2014Estoy entre la lloradera, la angustia, el echarle ganas\u2026 Es muy duro volver aqu\u00ed. <\/p>\n<p>La mujer observa de reojo el viejo caser\u00f3n que se levanta frente a ella \u2014donde un soldado pasea aburrido y solitario por las habitaciones\u2014 y exhala un \u201cchingada madre\u201d con los brazos puestos en jarra. <\/p>\n<p>Araceli tiene miedo, confiesa al fin sin dejar de mirar la casa en ruinas de la que, a lo lejos, sale el inquietante ruido de la motosierra con la que un trabajador municipal corta ramas y maleza para facilitar el trabajo de b\u00fasqueda. <\/p>\n<p>Tiene p\u00e1nico de que su hija aparezca en una fosa, de encontrarla en el infierno que Los Zetas dejaron en el \u201cRacho Cali\u201d. <\/p>\n<p>Son las 10:00 de la ma\u00f1ana del lunes 6 de marzo. El sol a\u00fan est\u00e1 lejos de alcanzar el cenit, pero ya quema la piel. La veintena de madres del colectivo que participa en esta b\u00fasqueda, junto con otros ocho hombres, comienza a distribuirse por el predio.<\/p>\n<p>\u201cPorque la lucha por un hijo no termina y una madre nunca olvida\u201d, gritan el lema con el que siempre inician, y de inmediato todos comienzan su trabajo: los soldados y polic\u00edas se distribuyen por los alrededores del rancho para proteger el per\u00edmetro; la fiscal de b\u00fasqueda, el equipo forense y los integrantes de la Comisi\u00f3n Estatal de B\u00fasqueda pasan un aparato por los puntos donde hay indicios de tumbas; las madres rascan la tierra con rastrillos, palas, azadones y machetes para segar la maleza.  <\/p>\n<p>Araceli se queda un poco atr\u00e1s del grupo, a unos discretos metros de distancia, aunque siempre est\u00e1 escoltada por la mirada de polic\u00edas federales ministeriales que portan rifles de asalto. <\/p>\n<p>\u2014Veo este rancho, esa casa abandonada, estas caballerizas, y no puedo evitar que mi mente se eche a volar. <\/p>\n<p>La mujer, a\u00fan brazos en jarra, observa ahora a los dos peritos que excavan la tierra arcillosa. <\/p>\n<p>\u2014Me pregunto\u2026 \u00bfhabr\u00e1n metido por aqu\u00ed a mi hija? \u2014alza el brazo derecho para se\u00f1alar con la mano la puerta herrumbrosa del rancho\u2014. \u00bfLa lastimaron? \u00bfEstuvo en esa casa horrible? \u00bfHab\u00eda alguien m\u00e1s con ella? \u00bfEn qu\u00e9 cuarto la tuvieron esos cabrones? \u00bf\u00a1\u00a1Qu\u00e9 le hicieron!!?<\/p>\n<p>El rostro de Araceli, habitualmente relajado y sonriente, se contrae por el dolor que le generan las im\u00e1genes que proyecta en su mente.<\/p>\n<p>Aqu\u00ed mismo, dice ahora apuntando hacia el suelo que pisa, era donde \u2018el Picoreta\u2019 \u2014que fue detenido y encarcelado a finales de 2015\u2014, \u2018el Duende\u2019 y \u2018el Muerto\u2019, l\u00edderes e integrantes zetas de aquel entonces, ten\u00edan su base y hac\u00edan reuniones y fiestas. Y donde los sicarios les tra\u00edan a las j\u00f3venes que secuestraban. Adem\u00e1s, se sospecha que era el lugar donde los gatilleros \u2018cocinaban\u2019 a las v\u00edctimas para que fuera m\u00e1s f\u00e1cil desaparecerlas en hoyos y no en tumbas, una hip\u00f3tesis que las autoridades ministeriales no descartan, aunque a una semana de que iniciaran los trabajos no hab\u00edan encontrado indicios concluyentes que la confirmen. <\/p>\n<p>\u2014A veces, a pesar de que haya pasado el tiempo, me doy cuenta de que no estoy preparada para encontrar lo que no quiero encontrar, lo que ninguna madre quisiera encontrar jam\u00e1s. Porque\u2026 s\u00ed, una cosa es hacer un trabajo. Buscar. Ayudar a los dem\u00e1s. Que te echen bendiciones cuando regresas una persona desaparecida a su familia. Pero otra muy distinta es estar aqu\u00ed parada. Estar de este lado de la historia. <\/p>\n<p>Araceli traga saliva. Deja correr un silencio. Sus ojos est\u00e1n al borde del colapso, pero no llora. No quiere hacerlo, no puede. Tiene que mantenerse serena y firme, se repite testaruda. <\/p>\n<p>\u2014Es algo que no puedo explicar, un sentimiento muy cabr\u00f3n \u2014recobra el aire\u2014. Llevo d\u00edas con el est\u00f3mago revuelto. Con dolor en el pecho. D\u00edas que llego a casa y me tumbo en la cama como una pesadez muy rara. <\/p>\n<p>Acto seguido, con los ojos negros clavados otra vez en el caser\u00f3n, Araceli musita que cuando volvi\u00f3 a entrar a las habitaciones del rancho no pudo evitar que en su mente retumbara una y otra vez \u201cla voz fea\u201d del \u201chombre alto, gordo, feo y malo\u201d que contest\u00f3 el celular de Fernanda Rub\u00ed al mediod\u00eda del s\u00e1bado 8 de septiembre de 2012, pocas horas despu\u00e9s de que la noche previa Los Zetas se la llevaran cuando sal\u00eda de una discoteca de Orizaba, el bar Bull Dog. <\/p>\n<p>\u2014Durante toda la noche le estuve marcando al celular, pero nadie contestaba. Hasta que al d\u00eda siguiente me respondi\u00f3 ese cabr\u00f3n. <\/p>\n<p>La mujer toma una bocanada de aire. <\/p>\n<p>\u2014Le grit\u00e9: \u201c\u00bf\u00a1Por qu\u00e9 tienes el tel\u00e9fono de mi Rub\u00ed, hijo de la chingada!? \u00a1P\u00e1same ahora mismo a mi hija! \u00a1P\u00e1samela!\u201d \u2014las gruesas venas del cuello se le marcan recordando la escena.  <\/p>\n<p>Pero del otro lado de la llamada, el tipo de voz fea, al que la mujer ya le ha puesto rostro a base de imaginarlo tantas veces en estos 10 a\u00f1os, no le comunic\u00f3 con su hija. <\/p>\n<p>\u2014El maldito solo me contest\u00f3: \u201cYo no tengo a ninguna Rub\u00ed, perra\u201d. <\/p>\n<p>Y luego colg\u00f3. <\/p>\n<p>***<\/p>\n<p>En la zona de las caballerizas, los dos peritos forenses llevan un metro y medio de tierra excavada. Por el momento, no se atisba ning\u00fan resto humano. Aunque tampoco es extra\u00f1o. El colectivo ha llegado a encontrar cuerpos a m\u00e1s de dos metros de profundidad. Por eso, y porque previamente agentes caninos hicieron \u201cun comportamiento\u201d se\u00f1alando una \u201canomal\u00eda\u201d, los peritos contin\u00faan trabajando.<\/p>\n<p>Roxie, una joven de pelo recogido y lentes que se mueve por todo el predio con una libretita en la mano para tomar nota de todo el trabajo y de los hallazgos de los peritos y del equipo de la polic\u00eda ministerial de b\u00fasqueda, explica que tan solo en un primer cuadrante han identificado 19 anomal\u00edas, de las cuales 16 han resultado de \u201cinter\u00e9s\u201d. Esto, luego de que el equipo forense pasara un aparato, una especie de sonar que lleva dentro de una maleta negra que arrastra por el suelo, y detectara remociones sospechosas de tierra.  <\/p>\n<p>\u2014Se me hace muy raro que el agente canino haya podido oler algo \u2014le comenta Araceli a Roxie, que es integrante del colectivo\u2014. Porque este es un rancho que se utiliz\u00f3 a\u00f1os atr\u00e1s y los cuerpos ya no tienen olor, son esqueletos. Adem\u00e1s, aqu\u00ed llueve mucho, y el agua se filtra y lava la tierra, y cuando se seca se hace de nuevo muy compacta. <\/p>\n<p>Que las fosas y los cad\u00e1veres tengan a\u00f1os de antig\u00fcedad complica las cosas. Aunque tampoco es imposible encontrar cuerpos en esas circunstancias, matiza Araceli. As\u00ed les pas\u00f3 en Los Arenales, otro narcocementerio. En ese lugar, el equipo forense hizo un pozo de sondeo sin resultado alguno. \u201cMetieron las varillas y no aparec\u00eda nada\u201d. Sin embargo, a la ma\u00f1ana siguiente se encontraron con una sorpresa.<\/p>\n<p>\u2014Mero arribita del hoyito de sondeo encontramos una v\u00e9rtebra humana. No sabemos c\u00f3mo lleg\u00f3 ah\u00ed, pero nos hizo excavar mucho, como dos metros 25, que es muy profundo. Excavamos, excavamos y, en efecto, al fondo estaba el esqueleto. Lo m\u00e1s maravilloso es que la v\u00e9rtebra coincid\u00eda con el ADN del cuerpo. \u00bfC\u00f3mo sali\u00f3 a flote? No tenemos ni idea. Pero s\u00ed fue lo que nos dio el indicio para buscar. Como que ese cuerpo quer\u00eda ser encontrado. Nos dec\u00eda: \u201cNo me dejen, aqu\u00ed estoy. Quiero tener paz\u201d.<\/p>\n<p>Tras contar la an\u00e9cdota, Araceli sonr\u00ede cansada. En su rostro fatigado hay una mezcla de satisfacci\u00f3n y de frustraci\u00f3n acumulada. No en vano va para 11 a\u00f1os sin respuesta del paradero de su hija, de no saber qu\u00e9 fue lo que le pas\u00f3 a \u201cla huerca\u201d, como la llaman con cari\u00f1o sus tres hermanos cuando sentados a la mesa recuerdan las comidas que le gustaban a Fernanda Rub\u00ed.<\/p>\n<p>Araceli se encuentra ahora en esa terrible encrucijada por la que atraviesan tantas madres y padres que buscan a sus seres queridos en M\u00e9xico, especialmente quienes ya llevan muchos a\u00f1os rastreando respuestas en lugares como el \u201cRancho Cali\u201d: por un lado, no quieren ni imaginar que su hija, hijo, esposo, hermanos puedan estar enterrados en una \u201ccasa del terror\u201d como esta; por otro, la angustia de no saber qu\u00e9 les pas\u00f3 les va carcomiendo el \u00e1nimo y la salud. Y, al mismo tiempo, esa falta de certeza es la que deja abierta una peque\u00f1a rendija para la ilusi\u00f3n, y lo que desata un c\u00edrculo vicioso de dolor y esperanza.<\/p>\n<p>Esta ma\u00f1ana, antes de llegar al rancho, Araceli dice que tom\u00f3 entre sus manos el llaverito rosa de la Virgen de Guadalupe que su hija siempre cargaba en la bolsa. <\/p>\n<p>\u2014Lo agarr\u00e9 y le dije: \u201cRub\u00ed, dame una luz. Si est\u00e1s aqu\u00ed, ya d\u00e9jame encontrarte. Ya quiero tener paz. Voy a hacer 11 a\u00f1os sin ti\u2026\u201d.<\/p>\n<p>En este punto, a la mujer se le resquebraja de nuevo la voz. <\/p>\n<p>\u2014A veces, le digo a Diosito: \u201cT\u00fa sabes c\u00f3mo te he ayudado. T\u00fa me has iluminado para que ayude a mucha gente que lo necesita. Siempre te estar\u00e9 agradecida por eso. Pero ahora solo te pido que me ilumines a m\u00ed para encontrar a mi hija \u2014ruega\u2014. No voy a abandonar a estas madres, pero dame un poco de luz. Un poco de paz\u201d.<\/p>\n<p>Araceli se quita los viejos guantes de gimnasio que utiliza para remover piedras del suelo donde los peritos forenses pasaran el sonar y se restriega los ojos para evitar que las l\u00e1grimas broten delante de sus tres hijos que la acompa\u00f1an esta ma\u00f1ana en la b\u00fasqueda.  <\/p>\n<p>\u2014\u00bfPresientes que Rub\u00ed puede estar en este rancho? \u2014le pregunta el periodista. <\/p>\n<p>Araceli esboza un largo \u201cAhhhh\u201d mientras trata, en vano, de contener las l\u00e1grimas que se le escapan entre los dedos. <\/p>\n<p>Acto seguido, respira profundo y se toma unos cincos segundos.<\/p>\n<p>\u2014Pues al menos lo tengo que descartar \u2014contesta tratando de esbozar una sonrisa\u2014. Porque ni yo ni mis hijos podremos tener paz hasta encontrarla.<\/p>\n<p><a href=\"https:\/\/www.animalpolitico.com\/sociedad\/rancho-cali-madre-buscadora-zetas-veracruz\" rel=\"noopener\" target=\"_blank\">https:\/\/www.animalpolitico.com\/sociedad\/rancho-cali-madre-buscadora-zetas-veracruz<\/a><\/p>\n","protected":false},"excerpt":{"rendered":"<p>Manu Ureste \/ Animal Pol\u00edtico Araceli Salcedo est\u00e1 por cumplir 11 a\u00f1os de buscar a Fernanda Rub\u00ed, su hija, a quien Los Zetas desaparecieron en 2012. Hoy, sigue una pista &hellip; <a href=\"https:\/\/www.grieta.org.mx\/index.php\/2023\/03\/20\/rancho-cali-el-regreso-de-una-madre-en-busca-de-su-hija-al-infierno-de-los-zetas-en-veracruz\/\" class=\"more-link\">Leer m\u00e1s<\/a><\/p>\n","protected":false},"author":2,"featured_media":66607,"comment_status":"closed","ping_status":"closed","sticky":false,"template":"","format":"standard","meta":{"ngg_post_thumbnail":0,"_jetpack_newsletter_access":"","_jetpack_dont_email_post_to_subs":false,"_jetpack_newsletter_tier_id":0,"_jetpack_memberships_contains_paywalled_content":false,"_jetpack_memberships_contains_paid_content":false,"footnotes":""},"categories":[80,87,1012,2,83,35],"tags":[2484,631],"class_list":["post-66603","post","type-post","status-publish","format-standard","has-post-thumbnail","hentry","category-cintillo","category-desaparecidos","category-desaparecidos-en-veracruz","category-noticias-nacionales","category-temas-nacionales","category-veracruz","tag-buscadoras","tag-desaparecidas","entry"],"jetpack_featured_media_url":"https:\/\/www.grieta.org.mx\/wp-content\/uploads\/2023\/03\/WhatsApp-Image-2023-03-19-at-9.webp","jetpack_sharing_enabled":true,"jetpack_shortlink":"https:\/\/wp.me\/p7ZJR4-hkf","jetpack_likes_enabled":false,"jetpack-related-posts":[{"id":45767,"url":"https:\/\/www.grieta.org.mx\/index.php\/2020\/02\/19\/la-gallera-el-rancho-de-los-zetas-donde-brotan-huesos-veracruz\/","url_meta":{"origin":66603,"position":0},"title":"La Gallera: el rancho de Los Zetas donde brotan huesos (Veracruz)","author":"Admin","date":"19 febrero, 2020","format":false,"excerpt":"Texto: Miguel \u00c1ngel Le\u00f3n Carmona \/ Pie de P\u00e1gina Fotograf\u00edas: Heriberto Paredes Por quinta ocasi\u00f3n, en menos de cuatro a\u00f1os, encuentran huesos en este lugar, ubicado a 3 kil\u00f3metros de Poza Rica. Los indicios que en 10 horas recabaron familiares de desaparecidos que integran la Quinta Brigada Nacional de B\u00fasqueda\u2026","rel":"","context":"En &quot;CINTILLO&quot;","block_context":{"text":"CINTILLO","link":"https:\/\/www.grieta.org.mx\/index.php\/category\/cintillo\/"},"img":{"alt_text":"","src":"https:\/\/i0.wp.com\/www.grieta.org.mx\/wp-content\/uploads\/2020\/03\/PDP_Brigada_Linda_Poza_Rica_Heriberto_Paredes.jpg?resize=350%2C200&ssl=1","width":350,"height":200,"srcset":"https:\/\/i0.wp.com\/www.grieta.org.mx\/wp-content\/uploads\/2020\/03\/PDP_Brigada_Linda_Poza_Rica_Heriberto_Paredes.jpg?resize=350%2C200&ssl=1 1x, https:\/\/i0.wp.com\/www.grieta.org.mx\/wp-content\/uploads\/2020\/03\/PDP_Brigada_Linda_Poza_Rica_Heriberto_Paredes.jpg?resize=525%2C300&ssl=1 1.5x, https:\/\/i0.wp.com\/www.grieta.org.mx\/wp-content\/uploads\/2020\/03\/PDP_Brigada_Linda_Poza_Rica_Heriberto_Paredes.jpg?resize=700%2C400&ssl=1 2x, https:\/\/i0.wp.com\/www.grieta.org.mx\/wp-content\/uploads\/2020\/03\/PDP_Brigada_Linda_Poza_Rica_Heriberto_Paredes.jpg?resize=1050%2C600&ssl=1 3x"},"classes":[]},{"id":44218,"url":"https:\/\/www.grieta.org.mx\/index.php\/2020\/02\/09\/inicia-la-mayor-busqueda-de-desaparecidos-en-mexico-veracruz\/","url_meta":{"origin":66603,"position":1},"title":"Inicia la mayor b\u00fasqueda de desaparecidos en M\u00e9xico (Veracruz)","author":"grieta","date":"9 febrero, 2020","format":false,"excerpt":"Texto: Jos\u00e9 Ignacio De Alba \/ Pie de P\u00e1gina Foto: M\u00f3nica Gonz\u00e1lez Unas 350 personas de 21 estados del pa\u00eds inician en Veracruz una extensa jornada de localizaci\u00f3n de cuerpos. Mientras, el gobierno mexicano se mantiene al margen Papantla, Veracruz, es una de las zonas m\u00e1s peligrosas del pa\u00eds. Y\u2026","rel":"","context":"En &quot;CINTILLO&quot;","block_context":{"text":"CINTILLO","link":"https:\/\/www.grieta.org.mx\/index.php\/category\/cintillo\/"},"img":{"alt_text":"","src":"https:\/\/i0.wp.com\/www.grieta.org.mx\/wp-content\/uploads\/2020\/02\/pdp_brigadadebusqueda_monicagonzalez.jpg?resize=350%2C200&ssl=1","width":350,"height":200,"srcset":"https:\/\/i0.wp.com\/www.grieta.org.mx\/wp-content\/uploads\/2020\/02\/pdp_brigadadebusqueda_monicagonzalez.jpg?resize=350%2C200&ssl=1 1x, https:\/\/i0.wp.com\/www.grieta.org.mx\/wp-content\/uploads\/2020\/02\/pdp_brigadadebusqueda_monicagonzalez.jpg?resize=525%2C300&ssl=1 1.5x, https:\/\/i0.wp.com\/www.grieta.org.mx\/wp-content\/uploads\/2020\/02\/pdp_brigadadebusqueda_monicagonzalez.jpg?resize=700%2C400&ssl=1 2x"},"classes":[]},{"id":56677,"url":"https:\/\/www.grieta.org.mx\/index.php\/2021\/01\/15\/memoria-y-verdad-plagian-a-madre-de-desaparecidos-en-tierra-blanca-veracruz\/","url_meta":{"origin":66603,"position":2},"title":"Memoria y verdad Plagian a madre de desaparecidos en Tierra Blanca, Veracruz","author":"grieta","date":"15 enero, 2021","format":false,"excerpt":"Horas antes de ser forzada a subir a una camioneta, Elvira G\u00f3mez, quien desde 2013 buscaba a sus dos hijos desaparecidos, protest\u00f3 junto a madres de distintos colectivos de b\u00fasqueda frente al palacio de gobierno de Veracruz por el retraso en las investigaciones de la Fiscal\u00eda General del Estado Texto:\u2026","rel":"","context":"En &quot;CINTILLO&quot;","block_context":{"text":"CINTILLO","link":"https:\/\/www.grieta.org.mx\/index.php\/category\/cintillo\/"},"img":{"alt_text":"","src":"https:\/\/i0.wp.com\/www.grieta.org.mx\/wp-content\/uploads\/2021\/02\/Elvira_gomez_lopez_especial.jpg?resize=350%2C200&ssl=1","width":350,"height":200,"srcset":"https:\/\/i0.wp.com\/www.grieta.org.mx\/wp-content\/uploads\/2021\/02\/Elvira_gomez_lopez_especial.jpg?resize=350%2C200&ssl=1 1x, https:\/\/i0.wp.com\/www.grieta.org.mx\/wp-content\/uploads\/2021\/02\/Elvira_gomez_lopez_especial.jpg?resize=525%2C300&ssl=1 1.5x, https:\/\/i0.wp.com\/www.grieta.org.mx\/wp-content\/uploads\/2021\/02\/Elvira_gomez_lopez_especial.jpg?resize=700%2C400&ssl=1 2x"},"classes":[]},{"id":10560,"url":"https:\/\/www.grieta.org.mx\/index.php\/2016\/09\/12\/desaparecidos-en-veracruz\/","url_meta":{"origin":66603,"position":3},"title":"Desaparecidos en Veracruz","author":"grieta","date":"12 septiembre, 2016","format":false,"excerpt":"El Colectivo Solecito Veracruzano contin\u00faa labores de b\u00fasqueda de desaparecidos 12\/09\/16. Mujeres que buscan fosas acusan que Fiscal\u00eda de Veracruz entorpece su b\u00fasqueda Animal Pol\u00edtico 29\/08\/16. Un narcocementerio llamado Veracruz Proceso 15\/08\/16. Encuentran 37 fosas clandestinas en ocho d\u00edas en Veracruz El Financiero 15\/08\/16. Encuentran fosas clandestinas en Veracruz, suman\u2026","rel":"","context":"En &quot;Desaparecidos&quot;","block_context":{"text":"Desaparecidos","link":"https:\/\/www.grieta.org.mx\/index.php\/category\/temas-nacionales\/desaparecidos\/"},"img":{"alt_text":"","src":"https:\/\/i0.wp.com\/www.grieta.org.mx\/wp-content\/uploads\/2018\/03\/14524434_1106112876131411_958039263622046936_o.jpg?resize=350%2C200&ssl=1","width":350,"height":200,"srcset":"https:\/\/i0.wp.com\/www.grieta.org.mx\/wp-content\/uploads\/2018\/03\/14524434_1106112876131411_958039263622046936_o.jpg?resize=350%2C200&ssl=1 1x, https:\/\/i0.wp.com\/www.grieta.org.mx\/wp-content\/uploads\/2018\/03\/14524434_1106112876131411_958039263622046936_o.jpg?resize=525%2C300&ssl=1 1.5x, https:\/\/i0.wp.com\/www.grieta.org.mx\/wp-content\/uploads\/2018\/03\/14524434_1106112876131411_958039263622046936_o.jpg?resize=700%2C400&ssl=1 2x"},"classes":[]},{"id":45648,"url":"https:\/\/www.grieta.org.mx\/index.php\/2020\/02\/26\/familias-de-desaparecidos-denuncian-campos-de-exterminio-en-veracruz\/","url_meta":{"origin":66603,"position":4},"title":"Familias de desaparecidos denuncian campos de exterminio en Veracruz","author":"Admin","date":"26 febrero, 2020","format":false,"excerpt":"Eliana Gilet \/ Sputnik News La quinta Brigada Nacional de B\u00fasqueda de personas desaparecidas en M\u00e9xico trabaj\u00f3 durante 15 d\u00edas en la zona norte del estado de Veracruz, particularmente afectado por la reiterada comisi\u00f3n de este delito de lesa humanidad, es decir, que no prescribe y que siempre puede ser\u2026","rel":"","context":"En &quot;CINTILLO&quot;","block_context":{"text":"CINTILLO","link":"https:\/\/www.grieta.org.mx\/index.php\/category\/cintillo\/"},"img":{"alt_text":"","src":"https:\/\/i0.wp.com\/www.grieta.org.mx\/wp-content\/uploads\/2020\/03\/Screenshot_2020-03-06-Familias-de-desaparecidos-denuncian-campos-de-exterminio-en-Veracruz.png?resize=350%2C200&ssl=1","width":350,"height":200,"srcset":"https:\/\/i0.wp.com\/www.grieta.org.mx\/wp-content\/uploads\/2020\/03\/Screenshot_2020-03-06-Familias-de-desaparecidos-denuncian-campos-de-exterminio-en-Veracruz.png?resize=350%2C200&ssl=1 1x, https:\/\/i0.wp.com\/www.grieta.org.mx\/wp-content\/uploads\/2020\/03\/Screenshot_2020-03-06-Familias-de-desaparecidos-denuncian-campos-de-exterminio-en-Veracruz.png?resize=525%2C300&ssl=1 1.5x, https:\/\/i0.wp.com\/www.grieta.org.mx\/wp-content\/uploads\/2020\/03\/Screenshot_2020-03-06-Familias-de-desaparecidos-denuncian-campos-de-exterminio-en-Veracruz.png?resize=700%2C400&ssl=1 2x, https:\/\/i0.wp.com\/www.grieta.org.mx\/wp-content\/uploads\/2020\/03\/Screenshot_2020-03-06-Familias-de-desaparecidos-denuncian-campos-de-exterminio-en-Veracruz.png?resize=1050%2C600&ssl=1 3x"},"classes":[]},{"id":51044,"url":"https:\/\/www.grieta.org.mx\/index.php\/2020\/06\/15\/familiares-de-desaparecidos-reclaman-a-amlo-solo-atiendes-a-la-mama-del-chapo-le-grito-una-mujer-veracruz\/","url_meta":{"origin":66603,"position":5},"title":"Familiares de desaparecidos reclaman a AMLO; &#8216;solo atiendes a la mam\u00e1 del Chapo&#8217;, le grit\u00f3 una mujer (Veracruz)","author":"grieta","date":"15 junio, 2020","format":false,"excerpt":"Redacci\u00f3n \/ Animal Pol\u00edtico Familiares de personas desaparecidas reclamaron este lunes al presidente Andr\u00e9s Manuel L\u00f3pez Obrador en Veracruz que bajara de su veh\u00edculo y que escuchara su caso, y al no obtener respuesta favorable una mujer le reclam\u00f3 que en marzo pasado s\u00ed descendi\u00f3 de su transporte para saludar\u2026","rel":"","context":"En &quot;CINTILLO&quot;","block_context":{"text":"CINTILLO","link":"https:\/\/www.grieta.org.mx\/index.php\/category\/cintillo\/"},"img":{"alt_text":"","src":"https:\/\/i0.wp.com\/www.grieta.org.mx\/wp-content\/uploads\/2020\/06\/Screenshot_2020-06-19-Solo-atiendes-a-la-mam%C3%A1-del-Chapo-v%C3%ADctimas-reclaman-a-AMLO-en-Veracruz.png?resize=350%2C200&ssl=1","width":350,"height":200,"srcset":"https:\/\/i0.wp.com\/www.grieta.org.mx\/wp-content\/uploads\/2020\/06\/Screenshot_2020-06-19-Solo-atiendes-a-la-mam%C3%A1-del-Chapo-v%C3%ADctimas-reclaman-a-AMLO-en-Veracruz.png?resize=350%2C200&ssl=1 1x, https:\/\/i0.wp.com\/www.grieta.org.mx\/wp-content\/uploads\/2020\/06\/Screenshot_2020-06-19-Solo-atiendes-a-la-mam%C3%A1-del-Chapo-v%C3%ADctimas-reclaman-a-AMLO-en-Veracruz.png?resize=525%2C300&ssl=1 1.5x, https:\/\/i0.wp.com\/www.grieta.org.mx\/wp-content\/uploads\/2020\/06\/Screenshot_2020-06-19-Solo-atiendes-a-la-mam%C3%A1-del-Chapo-v%C3%ADctimas-reclaman-a-AMLO-en-Veracruz.png?resize=700%2C400&ssl=1 2x, https:\/\/i0.wp.com\/www.grieta.org.mx\/wp-content\/uploads\/2020\/06\/Screenshot_2020-06-19-Solo-atiendes-a-la-mam%C3%A1-del-Chapo-v%C3%ADctimas-reclaman-a-AMLO-en-Veracruz.png?resize=1050%2C600&ssl=1 3x"},"classes":[]}],"_links":{"self":[{"href":"https:\/\/www.grieta.org.mx\/index.php\/wp-json\/wp\/v2\/posts\/66603","targetHints":{"allow":["GET"]}}],"collection":[{"href":"https:\/\/www.grieta.org.mx\/index.php\/wp-json\/wp\/v2\/posts"}],"about":[{"href":"https:\/\/www.grieta.org.mx\/index.php\/wp-json\/wp\/v2\/types\/post"}],"author":[{"embeddable":true,"href":"https:\/\/www.grieta.org.mx\/index.php\/wp-json\/wp\/v2\/users\/2"}],"replies":[{"embeddable":true,"href":"https:\/\/www.grieta.org.mx\/index.php\/wp-json\/wp\/v2\/comments?post=66603"}],"version-history":[{"count":1,"href":"https:\/\/www.grieta.org.mx\/index.php\/wp-json\/wp\/v2\/posts\/66603\/revisions"}],"predecessor-version":[{"id":66608,"href":"https:\/\/www.grieta.org.mx\/index.php\/wp-json\/wp\/v2\/posts\/66603\/revisions\/66608"}],"wp:featuredmedia":[{"embeddable":true,"href":"https:\/\/www.grieta.org.mx\/index.php\/wp-json\/wp\/v2\/media\/66607"}],"wp:attachment":[{"href":"https:\/\/www.grieta.org.mx\/index.php\/wp-json\/wp\/v2\/media?parent=66603"}],"wp:term":[{"taxonomy":"category","embeddable":true,"href":"https:\/\/www.grieta.org.mx\/index.php\/wp-json\/wp\/v2\/categories?post=66603"},{"taxonomy":"post_tag","embeddable":true,"href":"https:\/\/www.grieta.org.mx\/index.php\/wp-json\/wp\/v2\/tags?post=66603"}],"curies":[{"name":"wp","href":"https:\/\/api.w.org\/{rel}","templated":true}]}}