{"id":66578,"date":"2023-03-14T13:45:01","date_gmt":"2023-03-14T19:45:01","guid":{"rendered":"https:\/\/www.grieta.org.mx\/?p=66578"},"modified":"2023-03-19T14:04:26","modified_gmt":"2023-03-19T20:04:26","slug":"madre-de-victima-de-feminicida-de-oaxaca-acusa-de-corrupcion-a-juzgado-cinco-anos-sin-justicia","status":"publish","type":"post","link":"https:\/\/www.grieta.org.mx\/index.php\/2023\/03\/14\/madre-de-victima-de-feminicida-de-oaxaca-acusa-de-corrupcion-a-juzgado-cinco-anos-sin-justicia\/","title":{"rendered":"Madre de v\u00edctima de feminicida de Oaxaca acusa de corrupci\u00f3n a juzgado, cinco a\u00f1os sin justicia"},"content":{"rendered":"<p>Imagen: Cortes\u00eda<\/p>\n<p>Leslie Aguilar \/ NVI Noticias<\/p>\n<p>HUAJUAPAN DE LE\u00d3N, Oaxaca.- La madre de la joven estudiante <strong>Joselyn Alejandra Vargas Ortiz<\/strong>, Susana Ortiz \u00c1ngeles, refiri\u00f3 que el caso que se lleva ante el <strong>Juzgado de Garant\u00edas<\/strong> ha estado plagado de corrupci\u00f3n, y temen que el <strong>presunto feminicida pueda salir en libertad.<\/strong><\/p>\n<p>La joven universitaria <strong>Joselyn Alejandra Vargas Ortiz desapareci\u00f3 en agosto del 2018<\/strong> y fue localizada sin vida en diciembre del 2020. El 23 de septiembre de 2020, la <strong>Fiscal\u00eda de Oaxaca aprehendi\u00f3 a Daniel T. S.<\/strong>, quien el 29 de septiembre de ese mismo a\u00f1o fue vinculado a proceso.<\/p>\n<p>Ortiz \u00c1ngeles explic\u00f3 que se ampliaron las audiencias debate en varias ocasiones, pero asegur\u00f3 que la <strong>pr\u00f3xima audiencia ser\u00e1 el 14 de marzo<\/strong> y esta podr\u00eda tardar hasta tres d\u00edas.<\/p>\n<p>Declar\u00f3 que est\u00e1n en la etapa final del juicio que se sigue por el feminicidio de Joselyn; sin embargo, este ha estado plagado de corrupci\u00f3n, <strong>ya que le han querido imponer abogados que ella no puede pagar.<\/strong><\/p>\n<p>\u201cNos comentaron los abogados que esta \u00faltima audiencia tendr\u00e1 una duraci\u00f3n de tres a cuatro d\u00edas; una vez que se supera la etapa de debate, sigue el fallo y la sentencia; estamos en lo \u00faltimo, la audiencia de debate es donde vamos los testigos a decir lo que sabemos\u201d, recalc\u00f3.<\/p>\n<p><strong>Cinco a\u00f1os y no llega la justicia<\/strong><\/p>\n<p><strong>Refiri\u00f3 que han sido cinco a\u00f1os de lucha<\/strong>, donde la justicia no llega y cada vez que se busca hacer ver el caso de feminicidio, los jueces se inclinan sobre los derechos del presunto feminicida, <strong>olvid\u00e1ndose de la violencia que sufri\u00f3 su hija.<\/strong><\/p>\n<p>\u201cHemos tenido desde la audiencia de inicio, de proceso, intermedia, la audiencia de debate, la audiencia del mes pasado, hemos visibilizado muchas cosas con los jueces; hemos visto corrupci\u00f3n, s\u00ed as\u00ed se le puede llamar; se est\u00e1n inclinando por los derechos del imputado y por los derechos que tienen mi hija nunca los mencionan\u201d, afirm\u00f3.<\/p>\n<p><a href=\"https:\/\/www.nvinoticias.com\/oaxaca\/general\/madre-de-victima-de-f3minicida-de-oaxaca-acusa-de-corrupcion-juzgado\/144364\">https:\/\/www.nvinoticias.com\/oaxaca\/general\/madre-de-victima-de-f3minicida-de-oaxaca-acusa-de-corrupcion-juzgado\/144364<\/a><\/p>\n","protected":false},"excerpt":{"rendered":"<p>Imagen: Cortes\u00eda Leslie Aguilar \/ NVI Noticias HUAJUAPAN DE LE\u00d3N, Oaxaca.- La madre de la joven estudiante Joselyn Alejandra Vargas Ortiz, Susana Ortiz \u00c1ngeles, refiri\u00f3 que el caso que se &hellip; <a href=\"https:\/\/www.grieta.org.mx\/index.php\/2023\/03\/14\/madre-de-victima-de-feminicida-de-oaxaca-acusa-de-corrupcion-a-juzgado-cinco-anos-sin-justicia\/\" class=\"more-link\">Leer m\u00e1s<\/a><\/p>\n","protected":false},"author":2,"featured_media":66579,"comment_status":"closed","ping_status":"closed","sticky":false,"template":"","format":"standard","meta":{"ngg_post_thumbnail":0,"_jetpack_newsletter_access":"","_jetpack_dont_email_post_to_subs":false,"_jetpack_newsletter_tier_id":0,"_jetpack_memberships_contains_paywalled_content":false,"_jetpack_memberships_contains_paid_content":false,"footnotes":""},"categories":[80,84,1325,2,25,83],"tags":[3069,2999,81,3193,3019],"class_list":["post-66578","post","type-post","status-publish","format-standard","has-post-thumbnail","hentry","category-cintillo","category-feminicidios","category-feminicidios-en-oaxaca-oaxaca","category-noticias-nacionales","category-oaxaca","category-temas-nacionales","tag-familiares-de-mujeres-victimas-de-feminicidio","tag-feminicidio-violencia-contra-las-mujeres","tag-feminicidios","tag-lucha-contra-el-feminicidio","tag-movilizaciones-contra-feminicidios","entry"],"jetpack_featured_media_url":"https:\/\/www.grieta.org.mx\/wp-content\/uploads\/2023\/03\/feminicidio-mixteca.webp","jetpack_sharing_enabled":true,"jetpack_shortlink":"https:\/\/wp.me\/p7ZJR4-hjQ","jetpack_likes_enabled":false,"jetpack-related-posts":[{"id":66408,"url":"https:\/\/www.grieta.org.mx\/index.php\/2023\/03\/01\/mujeres-en-la-mixteca-exigen-justicia-por-la-muerte-de-jenni-flor-oaxaca\/","url_meta":{"origin":66578,"position":0},"title":"Mujeres en la Mixteca exigen justicia por la muerte de Jenni Flor (Oaxaca)","author":"grieta","date":"1 marzo, 2023","format":false,"excerpt":"Imagen: Cortes\u00eda Leslie Aguilar \/\u00a0 NVI Noticias HUAJUAPAN DE LE\u00d3N, Oaxaca.- La colectiva feminista Marea Verde Mixteca pidi\u00f3 justicia por el feminismo de Jenni Flor, de 25 a\u00f1os de edad, quien fue asesinada la tarde del 27 de febrero en la comunidad de Santa Cruz Tacache de Mina por su\u2026","rel":"","context":"En &quot;CINTILLO&quot;","block_context":{"text":"CINTILLO","link":"https:\/\/www.grieta.org.mx\/index.php\/category\/cintillo\/"},"img":{"alt_text":"","src":"https:\/\/i0.wp.com\/www.grieta.org.mx\/wp-content\/uploads\/2023\/03\/protesta_por_jenni.webp?resize=350%2C200&ssl=1","width":350,"height":200,"srcset":"https:\/\/i0.wp.com\/www.grieta.org.mx\/wp-content\/uploads\/2023\/03\/protesta_por_jenni.webp?resize=350%2C200&ssl=1 1x, https:\/\/i0.wp.com\/www.grieta.org.mx\/wp-content\/uploads\/2023\/03\/protesta_por_jenni.webp?resize=525%2C300&ssl=1 1.5x, https:\/\/i0.wp.com\/www.grieta.org.mx\/wp-content\/uploads\/2023\/03\/protesta_por_jenni.webp?resize=700%2C400&ssl=1 2x"},"classes":[]},{"id":53878,"url":"https:\/\/www.grieta.org.mx\/index.php\/2020\/09\/29\/demandan-justicia-para-joselyn-y-castigo-a-feminicidas-oaxaca\/","url_meta":{"origin":66578,"position":1},"title":"Demandan justicia para Joselyn, y castigo a feminicidas (Oaxaca)","author":"grieta","date":"29 septiembre, 2020","format":false,"excerpt":"P\u00e1gina 3 \/ Nathalie G\u00f3mez. Huajuapan de Le\u00f3n, Oax.- Con pancartas, cajas simulando ata\u00fades y vestidas de negro, integrantes de Marea Verde Mixteca se manifestaron en la Vicefiscal\u00eda Regional para demandar justicia para Joselyn Alejandra Vargas Ortiz, quien desapareciera el 28 de agosto de 2018. En un manifiesto, recordaron que\u2026","rel":"","context":"En &quot;CINTILLO&quot;","block_context":{"text":"CINTILLO","link":"https:\/\/www.grieta.org.mx\/index.php\/category\/cintillo\/"},"img":{"alt_text":"","src":"https:\/\/i0.wp.com\/www.grieta.org.mx\/wp-content\/uploads\/2020\/09\/Joselyn2-1.jpg?resize=350%2C200&ssl=1","width":350,"height":200,"srcset":"https:\/\/i0.wp.com\/www.grieta.org.mx\/wp-content\/uploads\/2020\/09\/Joselyn2-1.jpg?resize=350%2C200&ssl=1 1x, https:\/\/i0.wp.com\/www.grieta.org.mx\/wp-content\/uploads\/2020\/09\/Joselyn2-1.jpg?resize=525%2C300&ssl=1 1.5x, https:\/\/i0.wp.com\/www.grieta.org.mx\/wp-content\/uploads\/2020\/09\/Joselyn2-1.jpg?resize=700%2C400&ssl=1 2x"},"classes":[]},{"id":65823,"url":"https:\/\/www.grieta.org.mx\/index.php\/2022\/11\/26\/piden-justicia-por-cuatro-feminicidios-y-tres-desapariciones-en-oaxaca\/","url_meta":{"origin":66578,"position":2},"title":"Piden justicia por cuatro feminicidios y tres desapariciones en Oaxaca","author":"grieta","date":"26 noviembre, 2022","format":false,"excerpt":"Imagen: NVI Noticas Lesle Aguilar \/NVI Noticias HUAJUAPAN DE LE\u00d3N, Oaxaca. - Colectivos feministas pidieron a la Fiscal\u00eda de Oaxaca que se aclaren cuatro casos de feminicidios y tres desapariciones ocurridas en la Mixteca. La colectiva feminista Marea Verde Mixteca dio a conocer en el marco del D\u00eda Internacional para\u2026","rel":"","context":"En &quot;CINTILLO&quot;","block_context":{"text":"CINTILLO","link":"https:\/\/www.grieta.org.mx\/index.php\/category\/cintillo\/"},"img":{"alt_text":"","src":"https:\/\/i0.wp.com\/www.grieta.org.mx\/wp-content\/uploads\/2022\/11\/protesta-dia-naranja.webp?resize=350%2C200&ssl=1","width":350,"height":200,"srcset":"https:\/\/i0.wp.com\/www.grieta.org.mx\/wp-content\/uploads\/2022\/11\/protesta-dia-naranja.webp?resize=350%2C200&ssl=1 1x, https:\/\/i0.wp.com\/www.grieta.org.mx\/wp-content\/uploads\/2022\/11\/protesta-dia-naranja.webp?resize=525%2C300&ssl=1 1.5x, https:\/\/i0.wp.com\/www.grieta.org.mx\/wp-content\/uploads\/2022\/11\/protesta-dia-naranja.webp?resize=700%2C400&ssl=1 2x"},"classes":[]},{"id":65754,"url":"https:\/\/www.grieta.org.mx\/index.php\/2022\/11\/02\/con-ofrenda-piden-justicia-para-victimas-de-feminicidio-en-oaxaca\/","url_meta":{"origin":66578,"position":3},"title":"Con ofrenda piden justicia para v\u00edctimas de feminicidio en Oaxaca","author":"grieta","date":"2 noviembre, 2022","format":false,"excerpt":"Imagen: El Solo de Nayarit Redacci\u00f3n \/ El Sol de Nayarit Integrantes de la colectiva \"las nietas de Lilith Oaxaca\", instalaron un altar en memoria de las mujeres que fueron v\u00edctimas de feminicidio en Oaxaca. El altar est\u00e1 ubicado a un costado del atrio de Santo Domingo de Guzm\u00e1n, en\u2026","rel":"","context":"En &quot;CINTILLO&quot;","block_context":{"text":"CINTILLO","link":"https:\/\/www.grieta.org.mx\/index.php\/category\/cintillo\/"},"img":{"alt_text":"","src":"https:\/\/i0.wp.com\/www.grieta.org.mx\/wp-content\/uploads\/2022\/11\/87688_17_20221102213731_117captura_de_pantalla_2022-11-02_a_la_s__2.47.41_p.m.png?resize=350%2C200&ssl=1","width":350,"height":200,"srcset":"https:\/\/i0.wp.com\/www.grieta.org.mx\/wp-content\/uploads\/2022\/11\/87688_17_20221102213731_117captura_de_pantalla_2022-11-02_a_la_s__2.47.41_p.m.png?resize=350%2C200&ssl=1 1x, https:\/\/i0.wp.com\/www.grieta.org.mx\/wp-content\/uploads\/2022\/11\/87688_17_20221102213731_117captura_de_pantalla_2022-11-02_a_la_s__2.47.41_p.m.png?resize=525%2C300&ssl=1 1.5x"},"classes":[]},{"id":53802,"url":"https:\/\/www.grieta.org.mx\/index.php\/2020\/09\/23\/huajuapan-en-foco-rojo-por-feminicidios-registran-tres-en-lo-que-va-del-ano-oaxaca\/","url_meta":{"origin":66578,"position":4},"title":"Huajuapan en foco rojo por feminicidios; registran tres en lo que va del a\u00f1o (Oaxaca)","author":"grieta","date":"23 septiembre, 2020","format":false,"excerpt":"Noticias \/ Luciana Citlalli. El 27 de junio de 2020, Reyna fue asesinada, calcinada y enterrada en el patio de su domicilio, en una agencia de Huajuapan. Tras el reciente asesinato de Alejandra, de 27 a\u00f1os de edad, cometido en Huajuapan de Le\u00f3n, frente a su hijo, quien fue herido\u2026","rel":"","context":"En &quot;CINTILLO&quot;","block_context":{"text":"CINTILLO","link":"https:\/\/www.grieta.org.mx\/index.php\/category\/cintillo\/"},"img":{"alt_text":"","src":"https:\/\/i0.wp.com\/www.grieta.org.mx\/wp-content\/uploads\/2020\/09\/X-2.jpg?resize=350%2C200&ssl=1","width":350,"height":200,"srcset":"https:\/\/i0.wp.com\/www.grieta.org.mx\/wp-content\/uploads\/2020\/09\/X-2.jpg?resize=350%2C200&ssl=1 1x, https:\/\/i0.wp.com\/www.grieta.org.mx\/wp-content\/uploads\/2020\/09\/X-2.jpg?resize=525%2C300&ssl=1 1.5x, https:\/\/i0.wp.com\/www.grieta.org.mx\/wp-content\/uploads\/2020\/09\/X-2.jpg?resize=700%2C400&ssl=1 2x, https:\/\/i0.wp.com\/www.grieta.org.mx\/wp-content\/uploads\/2020\/09\/X-2.jpg?resize=1050%2C600&ssl=1 3x"},"classes":[]},{"id":42061,"url":"https:\/\/www.grieta.org.mx\/index.php\/2019\/12\/09\/tuxtepec-concentra-el-15-de-los-casos-de-feminicidio-en-oaxaca-gesmujer\/","url_meta":{"origin":66578,"position":5},"title":"Tuxtepec concentra el 15% de los casos de feminicidio en Oaxaca: GESMujer","author":"grieta","date":"9 diciembre, 2019","format":false,"excerpt":"Proceso \/ Pedro Mat\u00edas. OAXACA, Oax. (apro).- Tuxtepec es el lugar 36 de los 100 municipios con m\u00e1s presuntos delitos de feminicidio en el pa\u00eds, seg\u00fan informes del Secretariado Ejecutivo del Sistema Nacional de Seguridad P\u00fablica. Seg\u00fan el informe de enero a octubre de 2019, de la Secretar\u00eda de Seguridad\u2026","rel":"","context":"En &quot;CINTILLO&quot;","block_context":{"text":"CINTILLO","link":"https:\/\/www.grieta.org.mx\/index.php\/category\/cintillo\/"},"img":{"alt_text":"","src":"https:\/\/i0.wp.com\/www.grieta.org.mx\/wp-content\/uploads\/2018\/03\/14524434_1106112876131411_958039263622046936_o.jpg?resize=350%2C200&ssl=1","width":350,"height":200,"srcset":"https:\/\/i0.wp.com\/www.grieta.org.mx\/wp-content\/uploads\/2018\/03\/14524434_1106112876131411_958039263622046936_o.jpg?resize=350%2C200&ssl=1 1x, https:\/\/i0.wp.com\/www.grieta.org.mx\/wp-content\/uploads\/2018\/03\/14524434_1106112876131411_958039263622046936_o.jpg?resize=525%2C300&ssl=1 1.5x, https:\/\/i0.wp.com\/www.grieta.org.mx\/wp-content\/uploads\/2018\/03\/14524434_1106112876131411_958039263622046936_o.jpg?resize=700%2C400&ssl=1 2x"},"classes":[]}],"_links":{"self":[{"href":"https:\/\/www.grieta.org.mx\/index.php\/wp-json\/wp\/v2\/posts\/66578","targetHints":{"allow":["GET"]}}],"collection":[{"href":"https:\/\/www.grieta.org.mx\/index.php\/wp-json\/wp\/v2\/posts"}],"about":[{"href":"https:\/\/www.grieta.org.mx\/index.php\/wp-json\/wp\/v2\/types\/post"}],"author":[{"embeddable":true,"href":"https:\/\/www.grieta.org.mx\/index.php\/wp-json\/wp\/v2\/users\/2"}],"replies":[{"embeddable":true,"href":"https:\/\/www.grieta.org.mx\/index.php\/wp-json\/wp\/v2\/comments?post=66578"}],"version-history":[{"count":1,"href":"https:\/\/www.grieta.org.mx\/index.php\/wp-json\/wp\/v2\/posts\/66578\/revisions"}],"predecessor-version":[{"id":66580,"href":"https:\/\/www.grieta.org.mx\/index.php\/wp-json\/wp\/v2\/posts\/66578\/revisions\/66580"}],"wp:featuredmedia":[{"embeddable":true,"href":"https:\/\/www.grieta.org.mx\/index.php\/wp-json\/wp\/v2\/media\/66579"}],"wp:attachment":[{"href":"https:\/\/www.grieta.org.mx\/index.php\/wp-json\/wp\/v2\/media?parent=66578"}],"wp:term":[{"taxonomy":"category","embeddable":true,"href":"https:\/\/www.grieta.org.mx\/index.php\/wp-json\/wp\/v2\/categories?post=66578"},{"taxonomy":"post_tag","embeddable":true,"href":"https:\/\/www.grieta.org.mx\/index.php\/wp-json\/wp\/v2\/tags?post=66578"}],"curies":[{"name":"wp","href":"https:\/\/api.w.org\/{rel}","templated":true}]}}