{"id":66555,"date":"2023-03-16T07:42:51","date_gmt":"2023-03-16T13:42:51","guid":{"rendered":"https:\/\/www.grieta.org.mx\/?p=66555"},"modified":"2023-03-19T07:55:28","modified_gmt":"2023-03-19T13:55:28","slug":"exigen-respeto-a-los-derechos-humanos-de-los-migrantes-en-torreon-coahuila","status":"publish","type":"post","link":"https:\/\/www.grieta.org.mx\/index.php\/2023\/03\/16\/exigen-respeto-a-los-derechos-humanos-de-los-migrantes-en-torreon-coahuila\/","title":{"rendered":"Exigen respeto a los derechos humanos de los migrantes en Torre\u00f3n (Coahuila)"},"content":{"rendered":"<p>EL SIGLO DE TORRE\u00d3N\/ Guadalupe Miranda<\/p>\n<p>Organismos y universidades exigen a las autoridades de los tres niveles de gobierno, respeto por los derechos humanos de las personas migrantes que est\u00e1n de paso por la Comarca Lagunera y cesen los abusos de autoridad. Esto tras los hechos registrados la noche del lunes en la colonia Eduardo Guerra, en donde seg\u00fan el Instituto Nacional de Migraci\u00f3n fueron asegurados 61 personas.<\/p>\n<p>El comunicado lo firman: El Centro de D\u00eda para Migrantes &#8220;Jes\u00fas Torres&#8221;, la Universidad Iberoamericana Torre\u00f3n, la Escuela Carlos Pereyra, la Casa de Espiritualidad, as\u00ed como la Parroquia de San Judas Tadeo, la Comisi\u00f3n Diocesana de Pastoral Social y la Dimensi\u00f3n Diocesana de Movilidad Humana y Migrantes.<\/p>\n<p>En el documento que se hizo p\u00fablico este mi\u00e9rcoles, se relata que durante el pasado lunes 13 de marzo,<em> &#8220;alrededor de las 20:00 horas, seg\u00fan informaci\u00f3n de testigos, transe\u00fantes y El Siglo de Torre\u00f3n, un grupo de migrantes recibi\u00f3 auxilio por parte de vecinos de la privada Felicidad de la colonia Eduardo Guerra, luego de que fueran interceptados por personal del INMy polic\u00edas municipales los obligaron a bajar<strong>,<\/strong>\u00a0pidi\u00e9ndoles dinero por persona para dejarlos continuar o de lo contrario ser\u00edan retenidos y deportados&#8221;<\/em>.<\/p>\n<p>Tras lo sucedido, piden\u00a0<em>&#8220;que cese por completo el abuso policial a personas migrantes, que bajo el adjetivo de &#8216;rescate&#8217;, violentan, amenazan, extorsionan y roban a personas migrantes. Todas estas detenciones se realizan bajo el clasismo, racismo y xenofobia que lamentablemente, coartan sus derechos m\u00e1s fundamentales,<strong>\u00a0entre ellos, la libertad de tr\u00e1nsito<\/strong>&#8220;<\/em>.<\/p>\n<p>Por lo que exigen: Cesen los abusos y violencia en contra de las personas migrantes; se respete y se proteja el trabajo de los y las voluntarias del Centro de D\u00eda para Migrantes\u00a0<em>&#8220;Jes\u00fas Torres&#8221;<\/em>; se respeten los derechos humanos fundamentales de todas las personas migrantes; se investigue y sancione a los elementos que participaron en este lamentable suceso;\u00a0<strong>y se protejan a los grupos de personas migrantes que transitan por la regi\u00f3n lagunera<\/strong>, para que no sean objeto de abusos por parte del crimen organizado.<\/p>\n<p><a href=\"https:\/\/www.elsiglodetorreon.com.mx\/noticia\/2023\/exigen-respeto-a-ddhh-en-torreon.html\" rel=\"noopener\" target=\"_blank\">https:\/\/www.elsiglodetorreon.com.mx\/noticia\/2023\/exigen-respeto-a-ddhh-en-torreon.html<\/a>&nbsp;<\/p>\n","protected":false},"excerpt":{"rendered":"<p>EL SIGLO DE TORRE\u00d3N\/ Guadalupe Miranda Organismos y universidades exigen a las autoridades de los tres niveles de gobierno, respeto por los derechos humanos de las personas migrantes que est\u00e1n &hellip; <a href=\"https:\/\/www.grieta.org.mx\/index.php\/2023\/03\/16\/exigen-respeto-a-los-derechos-humanos-de-los-migrantes-en-torreon-coahuila\/\" class=\"more-link\">Leer m\u00e1s<\/a><\/p>\n","protected":false},"author":2,"featured_media":66556,"comment_status":"closed","ping_status":"closed","sticky":false,"template":"","format":"standard","meta":{"ngg_post_thumbnail":0,"_jetpack_newsletter_access":"","_jetpack_dont_email_post_to_subs":false,"_jetpack_newsletter_tier_id":0,"_jetpack_memberships_contains_paywalled_content":false,"_jetpack_memberships_contains_paid_content":false,"footnotes":""},"categories":[80,419,1390,2],"tags":[1395,2870,3759,2600,2422],"class_list":["post-66555","post","type-post","status-publish","format-standard","has-post-thumbnail","hentry","category-cintillo","category-coahuila","category-migrantes-en-coahuila","category-noticias-nacionales","tag-abuso-contra-migrantes","tag-abuso-policial","tag-extorsion","tag-inm","tag-policia-municipal","entry"],"jetpack_featured_media_url":"https:\/\/www.grieta.org.mx\/wp-content\/uploads\/2023\/03\/Migrantes-Torreon.jpeg","jetpack_sharing_enabled":true,"jetpack_shortlink":"https:\/\/wp.me\/p7ZJR4-hjt","jetpack_likes_enabled":false,"jetpack-related-posts":[{"id":60757,"url":"https:\/\/www.grieta.org.mx\/index.php\/2021\/07\/23\/voluntarios-y-migrantes-denuncian-agresion-de-policias-de-coahuila\/","url_meta":{"origin":66555,"position":0},"title":"Voluntarios y migrantes denuncian agresi\u00f3n de polic\u00edas de Coahuila","author":"grieta","date":"23 julio, 2021","format":false,"excerpt":"Personal voluntario del Centro de D\u00eda para Migrantes Jes\u00fas Torres y migrantes hondure\u00f1os denunciaron que fueron agredidos por agentes de la Polic\u00eda de Acci\u00f3n y Reacci\u00f3n de Coahuila. Gloria Leticia D\u00edaz\/ PROCESO CIUDAD DE M\u00c9XICO (apro).- Personal voluntario del Centro de D\u00eda para Migrantes Jes\u00fas Torres y personas de nacionalidad\u2026","rel":"","context":"En &quot;CINTILLO&quot;","block_context":{"text":"CINTILLO","link":"https:\/\/www.grieta.org.mx\/index.php\/category\/cintillo\/"},"img":{"alt_text":"","src":"https:\/\/i0.wp.com\/www.grieta.org.mx\/wp-content\/uploads\/2021\/07\/f800x450-139427_190873_5050.jpg?resize=350%2C200&ssl=1","width":350,"height":200,"srcset":"https:\/\/i0.wp.com\/www.grieta.org.mx\/wp-content\/uploads\/2021\/07\/f800x450-139427_190873_5050.jpg?resize=350%2C200&ssl=1 1x, https:\/\/i0.wp.com\/www.grieta.org.mx\/wp-content\/uploads\/2021\/07\/f800x450-139427_190873_5050.jpg?resize=525%2C300&ssl=1 1.5x, https:\/\/i0.wp.com\/www.grieta.org.mx\/wp-content\/uploads\/2021\/07\/f800x450-139427_190873_5050.jpg?resize=700%2C400&ssl=1 2x"},"classes":[]},{"id":24157,"url":"https:\/\/www.grieta.org.mx\/index.php\/2018\/07\/03\/rescatan-a-15-migrantes-chapines-que-viajaban-en-condiciones-de-hacinamiento-en-coahuila\/","url_meta":{"origin":66555,"position":1},"title":"Rescatan a 15 migrantes chapines que viajaban en condiciones de hacinamiento en Coahuila","author":"grieta","date":"3 julio, 2018","format":false,"excerpt":"Redacci\u00f3n\/APRO CIUDAD DE M\u00c9XICO (apro).- Efectivos de la Polic\u00eda Federal (PF) rescataron a 15 migrantes guatemaltecos \u201311 adultos y cuatro menores\u2014 que eran transportados en condiciones deplorables en una camioneta y detuvieron al conductor de esta \u00faltima. Los hechos ocurrieron a la altura del kil\u00f3metro 032+900 del camino nacional 2280\u2026","rel":"","context":"En &quot;Coahuila&quot;","block_context":{"text":"Coahuila","link":"https:\/\/www.grieta.org.mx\/index.php\/category\/noticias-nacionales\/coahuila\/"},"img":{"alt_text":"","src":"https:\/\/i0.wp.com\/www.grieta.org.mx\/wp-content\/uploads\/2018\/03\/14524434_1106112876131411_958039263622046936_o.jpg?resize=350%2C200&ssl=1","width":350,"height":200,"srcset":"https:\/\/i0.wp.com\/www.grieta.org.mx\/wp-content\/uploads\/2018\/03\/14524434_1106112876131411_958039263622046936_o.jpg?resize=350%2C200&ssl=1 1x, https:\/\/i0.wp.com\/www.grieta.org.mx\/wp-content\/uploads\/2018\/03\/14524434_1106112876131411_958039263622046936_o.jpg?resize=525%2C300&ssl=1 1.5x, https:\/\/i0.wp.com\/www.grieta.org.mx\/wp-content\/uploads\/2018\/03\/14524434_1106112876131411_958039263622046936_o.jpg?resize=700%2C400&ssl=1 2x"},"classes":[]},{"id":24152,"url":"https:\/\/www.grieta.org.mx\/index.php\/2018\/04\/11\/detencion-de-migrantes-genera-xenofobia-en-piedras-negras-coahuila\/","url_meta":{"origin":66555,"position":2},"title":"Detenci\u00f3n de migrantes genera xenofobia en Piedras Negras (Coahuila)","author":"grieta","date":"11 abril, 2018","format":false,"excerpt":"Ren\u00e9 Arellano\/EL SIGLO DE TORRE\u00d3N La detenci\u00f3n de tres centroamericanos indocumentados en la zona Centro de Piedras Negras, por elementos de la Polic\u00eda Preventiva municipal, es una acci\u00f3n que violenta los Derechos Humanos de los migrantes y una acci\u00f3n que no le compete a dicha corporaci\u00f3n polic\u00edaca, adem\u00e1s de genera\u2026","rel":"","context":"En &quot;CINTILLO&quot;","block_context":{"text":"CINTILLO","link":"https:\/\/www.grieta.org.mx\/index.php\/category\/cintillo\/"},"img":{"alt_text":"","src":"https:\/\/i0.wp.com\/www.grieta.org.mx\/wp-content\/uploads\/2018\/03\/14524434_1106112876131411_958039263622046936_o.jpg?resize=350%2C200&ssl=1","width":350,"height":200,"srcset":"https:\/\/i0.wp.com\/www.grieta.org.mx\/wp-content\/uploads\/2018\/03\/14524434_1106112876131411_958039263622046936_o.jpg?resize=350%2C200&ssl=1 1x, https:\/\/i0.wp.com\/www.grieta.org.mx\/wp-content\/uploads\/2018\/03\/14524434_1106112876131411_958039263622046936_o.jpg?resize=525%2C300&ssl=1 1.5x, https:\/\/i0.wp.com\/www.grieta.org.mx\/wp-content\/uploads\/2018\/03\/14524434_1106112876131411_958039263622046936_o.jpg?resize=700%2C400&ssl=1 2x"},"classes":[]},{"id":70299,"url":"https:\/\/www.grieta.org.mx\/index.php\/2024\/10\/05\/suman-60-desaparecidos-en-contexto-de-migracion-que-atiende-famun-piedras-negras-coahuila\/","url_meta":{"origin":66555,"position":3},"title":"Suman 60 desaparecidos en contexto de migraci\u00f3n que atiende FAMUN (Piedras Negras, Coahuila)","author":"grieta","date":"5 octubre, 2024","format":false,"excerpt":"Ren\u00e9 Arellano\/El SIglo de Torre\u00f3n \u00a0 Desde el a\u00f1o 2021 y hasta la fecha, suman 60 los casos de personas desaparecidas en condici\u00f3n de migraci\u00f3n y que son atendidos por la asociaci\u00f3n civil Familias Unidas en la B\u00fasqueda y Localizaci\u00f3n de Personas Desaparecidas (FAMUN) de Piedras Negras. Juan Humberto Morales,\u2026","rel":"","context":"En &quot;CINTILLO&quot;","block_context":{"text":"CINTILLO","link":"https:\/\/www.grieta.org.mx\/index.php\/category\/cintillo\/"},"img":{"alt_text":"","src":"https:\/\/i0.wp.com\/www.grieta.org.mx\/wp-content\/uploads\/2018\/03\/14524434_1106112876131411_958039263622046936_o.jpg?resize=350%2C200&ssl=1","width":350,"height":200,"srcset":"https:\/\/i0.wp.com\/www.grieta.org.mx\/wp-content\/uploads\/2018\/03\/14524434_1106112876131411_958039263622046936_o.jpg?resize=350%2C200&ssl=1 1x, https:\/\/i0.wp.com\/www.grieta.org.mx\/wp-content\/uploads\/2018\/03\/14524434_1106112876131411_958039263622046936_o.jpg?resize=525%2C300&ssl=1 1.5x, https:\/\/i0.wp.com\/www.grieta.org.mx\/wp-content\/uploads\/2018\/03\/14524434_1106112876131411_958039263622046936_o.jpg?resize=700%2C400&ssl=1 2x"},"classes":[]},{"id":37477,"url":"https:\/\/www.grieta.org.mx\/index.php\/2019\/08\/04\/demandan-justicia-en-misa-de-migrantes-coahuila\/","url_meta":{"origin":66555,"position":4},"title":"Demandan justicia en misa de migrantes (Coahuila)","author":"grieta","date":"4 agosto, 2019","format":false,"excerpt":"Con pancartas desfilaron hasta el atrio de la Catedral Carolina Viveros\/ VANGUARDIA MX Decenas de migrantes centroamericanos cargando orgullosamente las banderas de sus pa\u00edses de origen y en su mayor\u00eda cubiertos de sus rostros, desfilaron hasta el atrio de la Catedral de Santiago en una misa especial que encabez\u00f3 el\u2026","rel":"","context":"En &quot;CINTILLO&quot;","block_context":{"text":"CINTILLO","link":"https:\/\/www.grieta.org.mx\/index.php\/category\/cintillo\/"},"img":{"alt_text":"","src":"https:\/\/i0.wp.com\/www.grieta.org.mx\/wp-content\/uploads\/2019\/08\/misa_8.jpg?resize=350%2C200&ssl=1","width":350,"height":200,"srcset":"https:\/\/i0.wp.com\/www.grieta.org.mx\/wp-content\/uploads\/2019\/08\/misa_8.jpg?resize=350%2C200&ssl=1 1x, https:\/\/i0.wp.com\/www.grieta.org.mx\/wp-content\/uploads\/2019\/08\/misa_8.jpg?resize=525%2C300&ssl=1 1.5x, https:\/\/i0.wp.com\/www.grieta.org.mx\/wp-content\/uploads\/2019\/08\/misa_8.jpg?resize=700%2C400&ssl=1 2x"},"classes":[]},{"id":47473,"url":"https:\/\/www.grieta.org.mx\/index.php\/2020\/04\/03\/tras-motin-concentran-a-migrantes-en-instalaciones-del-inm-en-el-puente-internacional-ii-coahuila\/","url_meta":{"origin":66555,"position":5},"title":"Tras mot\u00edn, concentran a migrantes en instalaciones del INM en el Puente Internacional II (Coahuila)","author":"grieta","date":"3 abril, 2020","format":false,"excerpt":"El traslado de los migrantes fue escoltado por efectivos de la Guardia Nacional Ren\u00e9 Arellano G\u00f3mez\/ EL SIGLO DE TORRE\u00d3N Luego del amotinamiento registrado en un albergue temporal del Intituto Nacional de Migraci\u00f3n (INM), alrededor de 120 migrantes de origen centroamericano, fueron trasladados y concentrados en las instalaciones del Puente\u2026","rel":"","context":"En &quot;CINTILLO&quot;","block_context":{"text":"CINTILLO","link":"https:\/\/www.grieta.org.mx\/index.php\/category\/cintillo\/"},"img":{"alt_text":"","src":"https:\/\/i0.wp.com\/www.grieta.org.mx\/wp-content\/uploads\/2020\/04\/1296332.jpeg?resize=350%2C200&ssl=1","width":350,"height":200,"srcset":"https:\/\/i0.wp.com\/www.grieta.org.mx\/wp-content\/uploads\/2020\/04\/1296332.jpeg?resize=350%2C200&ssl=1 1x, https:\/\/i0.wp.com\/www.grieta.org.mx\/wp-content\/uploads\/2020\/04\/1296332.jpeg?resize=525%2C300&ssl=1 1.5x, https:\/\/i0.wp.com\/www.grieta.org.mx\/wp-content\/uploads\/2020\/04\/1296332.jpeg?resize=700%2C400&ssl=1 2x"},"classes":[]}],"_links":{"self":[{"href":"https:\/\/www.grieta.org.mx\/index.php\/wp-json\/wp\/v2\/posts\/66555","targetHints":{"allow":["GET"]}}],"collection":[{"href":"https:\/\/www.grieta.org.mx\/index.php\/wp-json\/wp\/v2\/posts"}],"about":[{"href":"https:\/\/www.grieta.org.mx\/index.php\/wp-json\/wp\/v2\/types\/post"}],"author":[{"embeddable":true,"href":"https:\/\/www.grieta.org.mx\/index.php\/wp-json\/wp\/v2\/users\/2"}],"replies":[{"embeddable":true,"href":"https:\/\/www.grieta.org.mx\/index.php\/wp-json\/wp\/v2\/comments?post=66555"}],"version-history":[{"count":1,"href":"https:\/\/www.grieta.org.mx\/index.php\/wp-json\/wp\/v2\/posts\/66555\/revisions"}],"predecessor-version":[{"id":66557,"href":"https:\/\/www.grieta.org.mx\/index.php\/wp-json\/wp\/v2\/posts\/66555\/revisions\/66557"}],"wp:featuredmedia":[{"embeddable":true,"href":"https:\/\/www.grieta.org.mx\/index.php\/wp-json\/wp\/v2\/media\/66556"}],"wp:attachment":[{"href":"https:\/\/www.grieta.org.mx\/index.php\/wp-json\/wp\/v2\/media?parent=66555"}],"wp:term":[{"taxonomy":"category","embeddable":true,"href":"https:\/\/www.grieta.org.mx\/index.php\/wp-json\/wp\/v2\/categories?post=66555"},{"taxonomy":"post_tag","embeddable":true,"href":"https:\/\/www.grieta.org.mx\/index.php\/wp-json\/wp\/v2\/tags?post=66555"}],"curies":[{"name":"wp","href":"https:\/\/api.w.org\/{rel}","templated":true}]}}