{"id":66550,"date":"2023-03-04T07:22:28","date_gmt":"2023-03-04T13:22:28","guid":{"rendered":"https:\/\/www.grieta.org.mx\/?p=66550"},"modified":"2023-03-19T07:42:35","modified_gmt":"2023-03-19T13:42:35","slug":"abusos-agresiones-sexuales-e-insalubridad-asi-explotaban-a-64-mexicanos-en-canada","status":"publish","type":"post","link":"https:\/\/www.grieta.org.mx\/index.php\/2023\/03\/04\/abusos-agresiones-sexuales-e-insalubridad-asi-explotaban-a-64-mexicanos-en-canada\/","title":{"rendered":"Abusos, agresiones sexuales e insalubridad: as\u00ed explotaban a 64 mexicanos en Canad\u00e1"},"content":{"rendered":"<p><strong>Las autoridades canadienses rescataron a 64 mexicanos que eran explotados por una banda de traficantes de personas en Toronto y su zona conurbada, inform\u00f3 este 3 de marzo la polic\u00eda de York.<\/strong><\/p>\n<p>SPUTNIKNEWS<\/p>\n<div class=\"article__block\" data-type=\"text\">\n<div class=\"article__text\">De acuerdo con los reportes, los mexicanos, hombres y mujeres entre los 20 y los 40 a\u00f1os<strong>,\u00a0<\/strong>fueron rescatados de varios inmuebles, donde permanec\u00edan en condiciones insalubres, durmiendo en el piso, entre cucarachas y sin que se les permitiera salir.<\/div>\n<\/div>\n<div class=\"article__block\" data-type=\"text\">\n<div class=\"article__text\">Adem\u00e1s, eran maltratados y obligados a hacer trabajos f\u00edsicos en granjas, f\u00e1bricas y bodegas en la ciudad de\u00a0<strong>Toronto\u00a0<\/strong>y su \u00e1rea conurbada.<\/div>\n<\/div>\n<div class=\"article__block\" data-type=\"text\">\n<div class=\"article__text\">Algunos de ellos sufrieron incluso\u00a0<strong>agresiones sexuales<\/strong>\u00a0por parte de al menos un integrante de la\u00a0<strong>banda de traficantes<\/strong>,\u00a0<a href=\"https:\/\/www.yrp.ca\/en\/Modules\/News\/index.aspx?newsId=2a7a5417-0490-463f-a562-b6d7478eab0e\" target=\"_blank\" rel=\"noopener\">indic\u00f3 <\/a>en un comunicado la Polic\u00eda de York, que realiz\u00f3 un operativo en conjunto con la polic\u00eda de Toronto y la Agencia de Canad\u00e1 de Servicios Fronterizos (CBSA, por sus siglas en ingl\u00e9s).<\/div>\n<\/div>\n<div><\/div>\n<div>\n<div class=\"article__block\" data-type=\"text\">\n<div class=\"article__text\">Cinco sospechosos fueron arrestados bajo los cargos de\u00a0<strong>tr\u00e1fico de personas<\/strong>, de pertenecer a una organizaci\u00f3n criminal y al menos uno de ellos fue acusado de asalto sexual.<\/div>\n<\/div>\n<div class=\"article__block\" data-type=\"text\">\n<div class=\"article__text\">Los detenidos fueron identificados como Tre Trinh, de 45 a\u00f1os; Thi Him Huyen, de 49; Jes\u00fas Navarrete Garc\u00eda, de 51 a\u00f1os y acusado de pertenecer a una organizaci\u00f3n criminal y asalto sexual; Monserrat Monjaras y Hiram Amaury Mart\u00ednez Rodr\u00edguez, de 48 a\u00f1os de edad.<\/div>\n<\/div>\n<div class=\"article__block\" data-type=\"text\">\n<div class=\"article__text\">A otros dos sujetos, Juan de Jes\u00fas Rosales G\u00f3mez, y Luis Alberto Garc\u00eda Galv\u00e1n, les fue librada una orden de aprehensi\u00f3n y son buscados por las autoridades canadienses.<\/div>\n<\/div>\n<\/div>\n<div>\n<div class=\"article__block\" data-type=\"text\">\n<div class=\"article__text\">De acuerdo con el reporte de la polic\u00eda de York, los\u00a0<strong>migrantes mexicanos<\/strong>\u00a0eran enga\u00f1ados con promesas de obtener un buen trabajo con buenos salarios y en general una vida mejor en\u00a0<strong>Canad\u00e1<\/strong>.<\/div>\n<\/div>\n<div class=\"article__block\" data-type=\"text\">\n<div class=\"article__text\">Pero al llegar la zona de Toronto se encontraban con un escenario completamente distinto: los integrantes de la organizaci\u00f3n criminal los obligaban a laborar durante largas horas por poca paga, y se quedaban con la mayor parte de las ganancias. Adem\u00e1s, seg\u00fan las pesquisas de la Polic\u00eda, los criminales viv\u00edan con lujos.<\/div>\n<\/div>\n<\/div>\n<div><\/div>\n<div>\n<div class=\"article__block\" data-type=\"text\">\n<div class=\"article__text\">Nueve veh\u00edculos, entre ellos tres autobuses desvencijados, en los que los migrantes mexicanos eran trasladados a sus centros de trabajo, fueron decomisados por las autoridades en el marco del operativo contra el grupo bautizado por la polic\u00eda como\u00a0<strong>Project Norte<\/strong>.<\/div>\n<\/div>\n<div class=\"article__block\" data-type=\"text\">\n<div class=\"article__text\">La investigaci\u00f3n comenz\u00f3 en noviembre del a\u00f1o pasado, cuando la Polic\u00eda recibi\u00f3 informaci\u00f3n de que un grupo de\u00a0<strong>mexicanos\u00a0<\/strong>estaba siendo explotado laboralmente en la regi\u00f3n de York.<\/div>\n<\/div>\n<div class=\"article__block\" data-type=\"text\">\n<div class=\"article__text\">El pasado 8 de febrero, despu\u00e9s de una amplia investigaci\u00f3n, oficiales de la polic\u00eda de York llevaron a cabo el operativo para cumplir con las \u00f3rdenes de arresto y fue cuando liberaron al grupo de mexicanos en cinco inmuebles en las localidades de East Gwillimbury, Vaughan, Toronto y Mississauga.<\/div>\n<div><\/div>\n<\/div>\n<div class=\"article__quote-bg\">&#8220;Esta investigaci\u00f3n ha sido dif\u00edcil. Ver las condiciones en las que estaban viviendo los trabajadores, considerando las promesas que les hab\u00edan hecho, fue desolador&#8221;, reconoci\u00f3 el jefe de la polic\u00eda de York, Jim MacSween&#8221;.<\/div>\n<\/div>\n<div><\/div>\n<p><a href=\"https:\/\/sputniknews.lat\/20230304\/abusos-agresiones-sexuales-e-insalubridad-asi-explotaban-a-64-mexicanos-en-canada-1136451843.html\" target=\"_blank\" rel=\"noopener\">https:\/\/sputniknews.lat\/20230304\/abusos-agresiones-sexuales-e-insalubridad-asi-explotaban-a-64-mexicanos-en-canada-1136451843.html<\/a><\/p>\n","protected":false},"excerpt":{"rendered":"<p>Las autoridades canadienses rescataron a 64 mexicanos que eran explotados por una banda de traficantes de personas en Toronto y su zona conurbada, inform\u00f3 este 3 de marzo la polic\u00eda &hellip; <a href=\"https:\/\/www.grieta.org.mx\/index.php\/2023\/03\/04\/abusos-agresiones-sexuales-e-insalubridad-asi-explotaban-a-64-mexicanos-en-canada\/\" class=\"more-link\">Leer m\u00e1s<\/a><\/p>\n","protected":false},"author":2,"featured_media":66551,"comment_status":"closed","ping_status":"closed","sticky":false,"template":"","format":"standard","meta":{"ngg_post_thumbnail":0,"_jetpack_newsletter_access":"","_jetpack_dont_email_post_to_subs":false,"_jetpack_newsletter_tier_id":0,"_jetpack_memberships_contains_paywalled_content":false,"_jetpack_memberships_contains_paid_content":false,"footnotes":""},"categories":[80,86,83],"tags":[1410,2891],"class_list":["post-66550","post","type-post","status-publish","format-standard","has-post-thumbnail","hentry","category-cintillo","category-migrantes","category-temas-nacionales","tag-abusos-contra-migrantes","tag-migrantes-mexicanos","entry"],"jetpack_featured_media_url":"https:\/\/www.grieta.org.mx\/wp-content\/uploads\/2023\/03\/mexicanos-migrantes-canada.jpg","jetpack_sharing_enabled":true,"jetpack_shortlink":"https:\/\/wp.me\/p7ZJR4-hjo","jetpack_likes_enabled":false,"jetpack-related-posts":[{"id":43971,"url":"https:\/\/www.grieta.org.mx\/index.php\/2020\/02\/01\/aplica-inm-electrochoques-a-migrantes-en-tabasco\/","url_meta":{"origin":66550,"position":0},"title":"Aplica INM electrochoques a migrantes en Tabasco","author":"grieta","date":"1 febrero, 2020","format":false,"excerpt":"Redacci\u00f3n \/ Z\u00f3calo Ciudad de M\u00e9xico.- Pese a que la titular de la Comisi\u00f3n Nacional de los Derechos Humanos (CNDH), Rosario Piedra Ibarra, se\u00f1al\u00f3 que no hay agresiones por parte de la Guardia Nacional y el Instituto Nacional de Migraci\u00f3n a la caravana migrante y a quienes intentan transitar por\u2026","rel":"","context":"En &quot;Abuso de fuerzas represivas en Tabasco&quot;","block_context":{"text":"Abuso de fuerzas represivas en Tabasco","link":"https:\/\/www.grieta.org.mx\/index.php\/category\/noticias-nacionales\/tabasco\/abuso-de-fuerzas-represivas-en-tabasco\/"},"img":{"alt_text":"","src":"https:\/\/i0.wp.com\/www.grieta.org.mx\/wp-content\/uploads\/2020\/02\/tabasco-inm-621x354.jpg?resize=350%2C200&ssl=1","width":350,"height":200,"srcset":"https:\/\/i0.wp.com\/www.grieta.org.mx\/wp-content\/uploads\/2020\/02\/tabasco-inm-621x354.jpg?resize=350%2C200&ssl=1 1x, https:\/\/i0.wp.com\/www.grieta.org.mx\/wp-content\/uploads\/2020\/02\/tabasco-inm-621x354.jpg?resize=525%2C300&ssl=1 1.5x"},"classes":[]},{"id":4964,"url":"https:\/\/www.grieta.org.mx\/index.php\/2016\/03\/12\/balean-a-migrantes-en-tequisquiapan-culpan-a-guardias-de-ferromex\/","url_meta":{"origin":66550,"position":1},"title":"Balean a migrantes en Tequisquiapan; culpan a guardias de Ferromex","author":"grieta","date":"12 marzo, 2016","format":false,"excerpt":"David Vald\u00e9z\/Quadratin Los sujetos que custodian el tren presuntamente amenazaron a los centroamericanos y los despojaron de sus pertenencias al \u2018solicitar rescate\u2019 por un menor que viajaba en los vagones TEQUISQUIAPAN, Qro., 12 de marzo 2016.- Dos migrantes centroamericanos lesionados por arma de fuego fue el resultado que arrojaron las\u2026","rel":"","context":"En &quot;CINTILLO&quot;","block_context":{"text":"CINTILLO","link":"https:\/\/www.grieta.org.mx\/index.php\/category\/cintillo\/"},"img":{"alt_text":"","src":"https:\/\/i0.wp.com\/www.grieta.org.mx\/wp-content\/uploads\/2018\/03\/14524434_1106112876131411_958039263622046936_o.jpg?resize=350%2C200&ssl=1","width":350,"height":200,"srcset":"https:\/\/i0.wp.com\/www.grieta.org.mx\/wp-content\/uploads\/2018\/03\/14524434_1106112876131411_958039263622046936_o.jpg?resize=350%2C200&ssl=1 1x, https:\/\/i0.wp.com\/www.grieta.org.mx\/wp-content\/uploads\/2018\/03\/14524434_1106112876131411_958039263622046936_o.jpg?resize=525%2C300&ssl=1 1.5x, https:\/\/i0.wp.com\/www.grieta.org.mx\/wp-content\/uploads\/2018\/03\/14524434_1106112876131411_958039263622046936_o.jpg?resize=700%2C400&ssl=1 2x"},"classes":[]},{"id":37963,"url":"https:\/\/www.grieta.org.mx\/index.php\/2019\/08\/16\/acusan-a-la-guardia-nacional-de-actuar-como-la-patrulla-fronteriza-de-eu-en-tijuana-baja-california\/","url_meta":{"origin":66550,"position":2},"title":"Acusan a la Guardia Nacional de actuar como la Patrulla Fronteriza de EU en Tijuana (Baja California)","author":"grieta","date":"16 agosto, 2019","format":false,"excerpt":"La Redacci\u00f3n\/ PROCESO CIUDAD DE M\u00c9XICO (apro).- Defensores de migrantes acusaron a la Guaria Nacional de convertirse en la \u201cPatrulla Fronteriza\u201d del gobierno de Donald Trump, luego de que el pasado martes 13 se llevaron detenidos, de forma arbitraria, a ni\u00f1os, adolescentes y adultos que se encontraban en playas de\u2026","rel":"","context":"En &quot;Baja California&quot;","block_context":{"text":"Baja California","link":"https:\/\/www.grieta.org.mx\/index.php\/category\/noticias-nacionales\/baja-california\/"},"img":{"alt_text":"","src":"https:\/\/i0.wp.com\/www.grieta.org.mx\/wp-content\/uploads\/2019\/08\/tijuana-e1565998708377.jpg?resize=350%2C200&ssl=1","width":350,"height":200,"srcset":"https:\/\/i0.wp.com\/www.grieta.org.mx\/wp-content\/uploads\/2019\/08\/tijuana-e1565998708377.jpg?resize=350%2C200&ssl=1 1x, https:\/\/i0.wp.com\/www.grieta.org.mx\/wp-content\/uploads\/2019\/08\/tijuana-e1565998708377.jpg?resize=525%2C300&ssl=1 1.5x, https:\/\/i0.wp.com\/www.grieta.org.mx\/wp-content\/uploads\/2019\/08\/tijuana-e1565998708377.jpg?resize=700%2C400&ssl=1 2x, https:\/\/i0.wp.com\/www.grieta.org.mx\/wp-content\/uploads\/2019\/08\/tijuana-e1565998708377.jpg?resize=1050%2C600&ssl=1 3x"},"classes":[]},{"id":14667,"url":"https:\/\/www.grieta.org.mx\/index.php\/2016\/06\/20\/oleada-de-migrantes-sacude-a-tijuana\/","url_meta":{"origin":66550,"position":3},"title":"Oleada de migrantes sacude a Tijuana","author":"grieta","date":"20 junio, 2016","format":false,"excerpt":"Enfrenta la ciudad fronteriza movilidad masiva El Sol de Tijuana 20 de junio de 2016 Yolanda Caballero Jacobo Sin descanso, con la cabeza en alto y con la esperanza de lograr asilo pol\u00edtico en Estados Unidos, extranjeros y mexicanos sacudieron con migraci\u00f3n masiva a la esquina de Latinoam\u00e9rica: Tijuana. El\u2026","rel":"","context":"En &quot;CINTILLO&quot;","block_context":{"text":"CINTILLO","link":"https:\/\/www.grieta.org.mx\/index.php\/category\/cintillo\/"},"img":{"alt_text":"","src":"https:\/\/i0.wp.com\/www.grieta.org.mx\/wp-content\/uploads\/2018\/03\/14524434_1106112876131411_958039263622046936_o.jpg?resize=350%2C200&ssl=1","width":350,"height":200,"srcset":"https:\/\/i0.wp.com\/www.grieta.org.mx\/wp-content\/uploads\/2018\/03\/14524434_1106112876131411_958039263622046936_o.jpg?resize=350%2C200&ssl=1 1x, https:\/\/i0.wp.com\/www.grieta.org.mx\/wp-content\/uploads\/2018\/03\/14524434_1106112876131411_958039263622046936_o.jpg?resize=525%2C300&ssl=1 1.5x, https:\/\/i0.wp.com\/www.grieta.org.mx\/wp-content\/uploads\/2018\/03\/14524434_1106112876131411_958039263622046936_o.jpg?resize=700%2C400&ssl=1 2x"},"classes":[]},{"id":51582,"url":"https:\/\/www.grieta.org.mx\/index.php\/2020\/07\/03\/eua-deporta-a-2-mil-migrantes-por-reynosa-tamaulipas\/","url_meta":{"origin":66550,"position":4},"title":"EUA deporta a 2 mil migrantes por Reynosa (Tamaulipas)","author":"grieta","date":"3 julio, 2020","format":false,"excerpt":"Carolina Garza\/Milenio 3 julio 2020 Entre la poblaci\u00f3n migrante se ha tratado que tomen de forma individual sus medidas preventivas. Migrantes | Cortes\u00eda Junio cerr\u00f3 con mas de 2 mil mexicanos deportados por Reynosa, frontera donde han llegado cerca de 30 migrantes con dictamen de \u201crecuperado\u201d de covid-19. \u201cLlevamos alrededor\u2026","rel":"","context":"En &quot;CINTILLO&quot;","block_context":{"text":"CINTILLO","link":"https:\/\/www.grieta.org.mx\/index.php\/category\/cintillo\/"},"img":{"alt_text":"","src":"https:\/\/i0.wp.com\/www.grieta.org.mx\/wp-content\/uploads\/2020\/07\/migrantes-africanos-cubanos-haitianos-buscan_0_22_958_595.jpg?resize=350%2C200&ssl=1","width":350,"height":200,"srcset":"https:\/\/i0.wp.com\/www.grieta.org.mx\/wp-content\/uploads\/2020\/07\/migrantes-africanos-cubanos-haitianos-buscan_0_22_958_595.jpg?resize=350%2C200&ssl=1 1x, https:\/\/i0.wp.com\/www.grieta.org.mx\/wp-content\/uploads\/2020\/07\/migrantes-africanos-cubanos-haitianos-buscan_0_22_958_595.jpg?resize=525%2C300&ssl=1 1.5x, https:\/\/i0.wp.com\/www.grieta.org.mx\/wp-content\/uploads\/2020\/07\/migrantes-africanos-cubanos-haitianos-buscan_0_22_958_595.jpg?resize=700%2C400&ssl=1 2x"},"classes":[]},{"id":39710,"url":"https:\/\/www.grieta.org.mx\/index.php\/2019\/09\/24\/oleada-de-desplazados-huyen-de-mexico-por-ciudad-juarez-chihuahua\/","url_meta":{"origin":66550,"position":5},"title":"Oleada de desplazados huyen de M\u00e9xico por Ciudad Ju\u00e1rez (Chihuahua)","author":"grieta","date":"24 septiembre, 2019","format":false,"excerpt":"Migrantes procedentes de Michoac\u00e1n, Guerrero y Zacatecas, principalmente, buscan asilo en Estados Unidos; arriban a esta frontera y campan a la intemperie en calles aleda\u00f1as a tres puentes internacionales. Se estima hay m\u00e1s de mil en espera de cruzar, mucho ya lo hicieron, aseguran Roc\u00edo Gallegos\/ LA VERDAD\/ PIE DE\u2026","rel":"","context":"En &quot;Chihuahua&quot;","block_context":{"text":"Chihuahua","link":"https:\/\/www.grieta.org.mx\/index.php\/category\/noticias-nacionales\/chihuahua\/"},"img":{"alt_text":"","src":"https:\/\/i0.wp.com\/www.grieta.org.mx\/wp-content\/uploads\/2019\/09\/Migrantes-en-el-PASO-DEL-Norte-Roc%C3%ADo-Gallegos-OK-768x576.jpg?resize=350%2C200&ssl=1","width":350,"height":200,"srcset":"https:\/\/i0.wp.com\/www.grieta.org.mx\/wp-content\/uploads\/2019\/09\/Migrantes-en-el-PASO-DEL-Norte-Roc%C3%ADo-Gallegos-OK-768x576.jpg?resize=350%2C200&ssl=1 1x, https:\/\/i0.wp.com\/www.grieta.org.mx\/wp-content\/uploads\/2019\/09\/Migrantes-en-el-PASO-DEL-Norte-Roc%C3%ADo-Gallegos-OK-768x576.jpg?resize=525%2C300&ssl=1 1.5x, https:\/\/i0.wp.com\/www.grieta.org.mx\/wp-content\/uploads\/2019\/09\/Migrantes-en-el-PASO-DEL-Norte-Roc%C3%ADo-Gallegos-OK-768x576.jpg?resize=700%2C400&ssl=1 2x"},"classes":[]}],"_links":{"self":[{"href":"https:\/\/www.grieta.org.mx\/index.php\/wp-json\/wp\/v2\/posts\/66550","targetHints":{"allow":["GET"]}}],"collection":[{"href":"https:\/\/www.grieta.org.mx\/index.php\/wp-json\/wp\/v2\/posts"}],"about":[{"href":"https:\/\/www.grieta.org.mx\/index.php\/wp-json\/wp\/v2\/types\/post"}],"author":[{"embeddable":true,"href":"https:\/\/www.grieta.org.mx\/index.php\/wp-json\/wp\/v2\/users\/2"}],"replies":[{"embeddable":true,"href":"https:\/\/www.grieta.org.mx\/index.php\/wp-json\/wp\/v2\/comments?post=66550"}],"version-history":[{"count":1,"href":"https:\/\/www.grieta.org.mx\/index.php\/wp-json\/wp\/v2\/posts\/66550\/revisions"}],"predecessor-version":[{"id":66554,"href":"https:\/\/www.grieta.org.mx\/index.php\/wp-json\/wp\/v2\/posts\/66550\/revisions\/66554"}],"wp:featuredmedia":[{"embeddable":true,"href":"https:\/\/www.grieta.org.mx\/index.php\/wp-json\/wp\/v2\/media\/66551"}],"wp:attachment":[{"href":"https:\/\/www.grieta.org.mx\/index.php\/wp-json\/wp\/v2\/media?parent=66550"}],"wp:term":[{"taxonomy":"category","embeddable":true,"href":"https:\/\/www.grieta.org.mx\/index.php\/wp-json\/wp\/v2\/categories?post=66550"},{"taxonomy":"post_tag","embeddable":true,"href":"https:\/\/www.grieta.org.mx\/index.php\/wp-json\/wp\/v2\/tags?post=66550"}],"curies":[{"name":"wp","href":"https:\/\/api.w.org\/{rel}","templated":true}]}}