{"id":66527,"date":"2023-03-14T22:22:52","date_gmt":"2023-03-15T04:22:52","guid":{"rendered":"https:\/\/www.grieta.org.mx\/?p=66527"},"modified":"2023-03-16T22:32:43","modified_gmt":"2023-03-17T04:32:43","slug":"hartos-del-humo-estudiantes-y-pobladores-bloquearon-la-canek-yucatan","status":"publish","type":"post","link":"https:\/\/www.grieta.org.mx\/index.php\/2023\/03\/14\/hartos-del-humo-estudiantes-y-pobladores-bloquearon-la-canek-yucatan\/","title":{"rendered":"Hartos del humo, estudiantes y pobladores bloquearon la Canek (Yucat\u00e1n)"},"content":{"rendered":"<p> Herbeth Escalante \/ Haz Ruido<\/p>\n<blockquote><p>Se manifestaron porque no han podido regresar a clases y los vecinos presentan afectaciones por el incendio del relleno sanitario. El Ayuntamiento inform\u00f3 que ya toma medidas.<\/p><\/blockquote>\n<p>M\u00e9rida, Yucat\u00e1n, 14 de marzo de 2023.- Aproximadamente 50 estudiantes de la Escuela Nacional de Estudios Superiores (ENES) y de la Universidad Polit\u00e9cnica de Yucat\u00e1n (UPY), as\u00ed como vecinos del fraccionamiento Ciudad Caucel y de la comisar\u00eda de Chalmuch, bloquearon la avenida Canek en protesta por las afectaciones provocadas por el incendio en el relleno sanitario de M\u00e9rida.<\/p>\n<p>Al grito de \u201c\u00a1queremos clases, no m\u00e1s gases!\u201d, los inconformes indicaron que desde que inici\u00f3 el siniestro el pasado 23 de febrero no han podido regresar a sus escuelas.<\/p>\n<p>De igual manera, recalcaron que el humo del incendio est\u00e1 provocando afectaciones a la salud de los pobladores de la comisar\u00eda de Chalmuch, quienes incluso han presentando v\u00f3mitos, dolor de cabeza y nauseas.<\/p>\n<p>Con la exigencia de aire limpio, las y los manifestantes cerraron dicha avenida por los dos sentidos, provocando un importante congestionamiento vial en la tarde-noche de este martes, en plena hora pico.<\/p>\n<p>Al respecto, el Ayuntamiento de M\u00e9rida recalc\u00f3 a trav\u00e9s de un comunicado que trabaja ininterrumpidamente en la comisar\u00eda de Chalmuch para brindar los servicios m\u00e9dicos y de emergencia a toda la poblaci\u00f3n que requiera atenci\u00f3n debido al humo que se desprendi\u00f3 del Relleno Sanitario.<\/p>\n<p>Tambi\u00e9n indic\u00f3 que est\u00e1 enfocado en la terminaci\u00f3n de las tareas de emergencia en el sitio, para analizar y revisar los pormenores de este incidente y la situaci\u00f3n de la concesionaria Veolia.<\/p>\n<p>De igual forma recalc\u00f3 que ya se adelant\u00f3 en un programa para prevenir futuros accidentes como son dotar de una cubierta en el lugar, asignaci\u00f3n de material para sofocar llamas, protocolos de actuaci\u00f3n de los trabajadores en caso de un siniestro, entre otras medidas.<\/p>\n<p><a href=\"https:\/\/www.hazruido.mx\/reportes\/hartos-del-humo-estudiantes-y-pobladores-bloquearon-la-canek\/\" rel=\"noopener\" target=\"_blank\">https:\/\/www.hazruido.mx\/reportes\/hartos-del-humo-estudiantes-y-pobladores-bloquearon-la-canek\/<\/a><\/p>\n","protected":false},"excerpt":{"rendered":"<p>Herbeth Escalante \/ Haz Ruido Se manifestaron porque no han podido regresar a clases y los vecinos presentan afectaciones por el incendio del relleno sanitario. El Ayuntamiento inform\u00f3 que ya &hellip; <a href=\"https:\/\/www.grieta.org.mx\/index.php\/2023\/03\/14\/hartos-del-humo-estudiantes-y-pobladores-bloquearon-la-canek-yucatan\/\" class=\"more-link\">Leer m\u00e1s<\/a><\/p>\n","protected":false},"author":2,"featured_media":66528,"comment_status":"closed","ping_status":"closed","sticky":false,"template":"","format":"standard","meta":{"ngg_post_thumbnail":0,"_jetpack_newsletter_access":"","_jetpack_dont_email_post_to_subs":false,"_jetpack_newsletter_tier_id":0,"_jetpack_memberships_contains_paywalled_content":false,"_jetpack_memberships_contains_paid_content":false,"footnotes":""},"categories":[80,2943,2,36],"tags":[91,1642,180],"class_list":["post-66527","post","type-post","status-publish","format-standard","has-post-thumbnail","hentry","category-cintillo","category-destruccion-y-contaminacion-ambiental-en-yucatan","category-noticias-nacionales","category-yucatan","tag-contaminacion-ambiental","tag-manejo-de-la-basura","tag-protesta","entry"],"jetpack_featured_media_url":"https:\/\/www.grieta.org.mx\/wp-content\/uploads\/2023\/03\/Basurero-e1679027350144.jpg","jetpack_sharing_enabled":true,"jetpack_shortlink":"https:\/\/wp.me\/p7ZJR4-hj1","jetpack_likes_enabled":false,"jetpack-related-posts":[{"id":70515,"url":"https:\/\/www.grieta.org.mx\/index.php\/2024\/11\/20\/vecinos-bloquean-la-carretera-merida-uman-por-falta-de-electricidad-yucatan\/","url_meta":{"origin":66527,"position":0},"title":"Vecinos bloquean la carretera M\u00e9rida-Um\u00e1n por falta de electricidad (Yucat\u00e1n)","author":"grieta","date":"20 noviembre, 2024","format":false,"excerpt":"Gerardo Castro \/ Por Esto! Un grupo de vecinos del fraccionamiento Paseos de Itzincab, bloque\u00f3 la carretera M\u00e9rida-Um\u00e1n, como medida de presi\u00f3n por la falta del servicio de electricidad. Y es que los vecinos manifestaron que desde hace tres d\u00edas se quedaron sin el servicio, sin que la Comisi\u00f3n Federal\u2026","rel":"","context":"En &quot;CINTILLO&quot;","block_context":{"text":"CINTILLO","link":"https:\/\/www.grieta.org.mx\/index.php\/category\/cintillo\/"},"img":{"alt_text":"","src":"https:\/\/i0.wp.com\/www.grieta.org.mx\/wp-content\/uploads\/2024\/11\/Bloqueo-e1732359813537.jpg?resize=350%2C200&ssl=1","width":350,"height":200,"srcset":"https:\/\/i0.wp.com\/www.grieta.org.mx\/wp-content\/uploads\/2024\/11\/Bloqueo-e1732359813537.jpg?resize=350%2C200&ssl=1 1x, https:\/\/i0.wp.com\/www.grieta.org.mx\/wp-content\/uploads\/2024\/11\/Bloqueo-e1732359813537.jpg?resize=525%2C300&ssl=1 1.5x, https:\/\/i0.wp.com\/www.grieta.org.mx\/wp-content\/uploads\/2024\/11\/Bloqueo-e1732359813537.jpg?resize=700%2C400&ssl=1 2x"},"classes":[]},{"id":70346,"url":"https:\/\/www.grieta.org.mx\/index.php\/2024\/10\/24\/vecinos-bloquean-acceso-al-muelle-fiscal-en-progreso-yucatan-denuncian-danos-por-construccion-del-viaducto\/","url_meta":{"origin":66527,"position":1},"title":"Vecinos bloquean acceso al muelle fiscal en Progreso, Yucat\u00e1n; denuncian da\u00f1os por construcci\u00f3n del viaducto","author":"grieta","date":"24 octubre, 2024","format":false,"excerpt":"Yazm\u00edn Rodr\u00edguez Galaz \/ El Universal Progreso, Yucat\u00e1n.- Vecinos de la calle 82 bloquearon el acceso al muelle fiscal en protesta por los da\u00f1os que ha causado la construcci\u00f3n del viaducto a sus viviendas. Durante un par de horas, la manifestaci\u00f3n impidi\u00f3 la salida de turistas del crucero, que arrib\u00f3\u2026","rel":"","context":"En &quot;CINTILLO&quot;","block_context":{"text":"CINTILLO","link":"https:\/\/www.grieta.org.mx\/index.php\/category\/cintillo\/"},"img":{"alt_text":"","src":"https:\/\/i0.wp.com\/www.grieta.org.mx\/wp-content\/uploads\/2024\/10\/Progreso-e1730061277749.jpg?resize=350%2C200&ssl=1","width":350,"height":200,"srcset":"https:\/\/i0.wp.com\/www.grieta.org.mx\/wp-content\/uploads\/2024\/10\/Progreso-e1730061277749.jpg?resize=350%2C200&ssl=1 1x, https:\/\/i0.wp.com\/www.grieta.org.mx\/wp-content\/uploads\/2024\/10\/Progreso-e1730061277749.jpg?resize=525%2C300&ssl=1 1.5x, https:\/\/i0.wp.com\/www.grieta.org.mx\/wp-content\/uploads\/2024\/10\/Progreso-e1730061277749.jpg?resize=700%2C400&ssl=1 2x"},"classes":[]},{"id":66930,"url":"https:\/\/www.grieta.org.mx\/index.php\/2023\/05\/15\/hartos-de-los-malos-olores-bloquean-granja-en-santa-maria-chi-yucatan\/","url_meta":{"origin":66527,"position":2},"title":"Hartos de los malos olores, bloquean granja en Santa Mar\u00eda Chi (Yucat\u00e1n)","author":"grieta","date":"15 mayo, 2023","format":false,"excerpt":"Paloma Reyes \/ Haz Ruido Los habitantes mantienen un bloqueo a escasos metros de la f\u00e1brica de cerdos y denuncian afectaciones a su salud tras las frecuentes quemas de excremento. Trabajadores del Ayuntamiento acudieron a verificar los permisos y se les neg\u00f3 la entrada. M\u00e9rida, Yucat\u00e1n, 15 de mayo de\u2026","rel":"","context":"En &quot;Agroindustria&quot;","block_context":{"text":"Agroindustria","link":"https:\/\/www.grieta.org.mx\/index.php\/category\/megaproyectos\/agroindustria\/"},"img":{"alt_text":"","src":"https:\/\/i0.wp.com\/www.grieta.org.mx\/wp-content\/uploads\/2023\/05\/GranjaStaMaChi-e1684507855197.jpg?resize=350%2C200&ssl=1","width":350,"height":200,"srcset":"https:\/\/i0.wp.com\/www.grieta.org.mx\/wp-content\/uploads\/2023\/05\/GranjaStaMaChi-e1684507855197.jpg?resize=350%2C200&ssl=1 1x, https:\/\/i0.wp.com\/www.grieta.org.mx\/wp-content\/uploads\/2023\/05\/GranjaStaMaChi-e1684507855197.jpg?resize=525%2C300&ssl=1 1.5x, https:\/\/i0.wp.com\/www.grieta.org.mx\/wp-content\/uploads\/2023\/05\/GranjaStaMaChi-e1684507855197.jpg?resize=700%2C400&ssl=1 2x"},"classes":[]},{"id":52190,"url":"https:\/\/www.grieta.org.mx\/index.php\/2020\/07\/23\/vecinos-realizan-protesta-por-aguas-contaminantes-yucatan\/","url_meta":{"origin":66527,"position":3},"title":"Vecinos realizan protesta por aguas contaminantes (Yucat\u00e1n)","author":"grieta","date":"23 julio, 2020","format":false,"excerpt":"Darinka Ruiz \/ Diario de Yucat\u00e1n En Kanas\u00edn una planta ser\u00eda un foco de infecci\u00f3n Vecinos del fraccionamiento \u201cCielo Alto\u201d en Kanas\u00edn se organizaron para manifestarse la ma\u00f1ana de ayer sobre un serio problema que, aseguran, est\u00e1 afectando a las familias que ah\u00ed habitan. La planta de aguas residuales de\u2026","rel":"","context":"En &quot;CINTILLO&quot;","block_context":{"text":"CINTILLO","link":"https:\/\/www.grieta.org.mx\/index.php\/category\/cintillo\/"},"img":{"alt_text":"","src":"https:\/\/i0.wp.com\/www.grieta.org.mx\/wp-content\/uploads\/2020\/08\/CieloAlto.png?resize=350%2C200&ssl=1","width":350,"height":200,"srcset":"https:\/\/i0.wp.com\/www.grieta.org.mx\/wp-content\/uploads\/2020\/08\/CieloAlto.png?resize=350%2C200&ssl=1 1x, https:\/\/i0.wp.com\/www.grieta.org.mx\/wp-content\/uploads\/2020\/08\/CieloAlto.png?resize=525%2C300&ssl=1 1.5x, https:\/\/i0.wp.com\/www.grieta.org.mx\/wp-content\/uploads\/2020\/08\/CieloAlto.png?resize=700%2C400&ssl=1 2x"},"classes":[]},{"id":63964,"url":"https:\/\/www.grieta.org.mx\/index.php\/2022\/04\/07\/queman-llantas-en-protesta-contra-apagones-del-sur-de-merida-yucatan\/","url_meta":{"origin":66527,"position":4},"title":"Queman llantas en protesta contra apagones del sur de M\u00e9rida (Yucat\u00e1n)","author":"grieta","date":"7 abril, 2022","format":false,"excerpt":"Herbeth Escalante \/ Haz Ruido Vecinas y vecinos de San Antonio Xluch est\u00e1n hartos de quedarse sin energ\u00eda el\u00e9ctrica durante horas en esta \u00e9poca de calor. M\u00e9rida, Yucat\u00e1n, 7 de abril de 2022.- Anoche, vecinas y vecinos de la colonia San Antonio Xluch protestaron en contra de los apagones de\u2026","rel":"","context":"En &quot;CINTILLO&quot;","block_context":{"text":"CINTILLO","link":"https:\/\/www.grieta.org.mx\/index.php\/category\/cintillo\/"},"img":{"alt_text":"","src":"https:\/\/i0.wp.com\/www.grieta.org.mx\/wp-content\/uploads\/2022\/04\/Apagones-e1649692830589.png?resize=350%2C200&ssl=1","width":350,"height":200,"srcset":"https:\/\/i0.wp.com\/www.grieta.org.mx\/wp-content\/uploads\/2022\/04\/Apagones-e1649692830589.png?resize=350%2C200&ssl=1 1x, https:\/\/i0.wp.com\/www.grieta.org.mx\/wp-content\/uploads\/2022\/04\/Apagones-e1649692830589.png?resize=525%2C300&ssl=1 1.5x, https:\/\/i0.wp.com\/www.grieta.org.mx\/wp-content\/uploads\/2022\/04\/Apagones-e1649692830589.png?resize=700%2C400&ssl=1 2x"},"classes":[]},{"id":63487,"url":"https:\/\/www.grieta.org.mx\/index.php\/2022\/02\/21\/vecinos-de-san-damian-en-merida-se-manifiestan-nuevamente-contra-gasoducto-yucatan\/","url_meta":{"origin":66527,"position":5},"title":"Vecinos de San Dami\u00e1n, en M\u00e9rida, se manifiestan nuevamente contra gasoducto (Yucat\u00e1n)","author":"grieta","date":"21 febrero, 2022","format":false,"excerpt":"Itzel Chan \/ Noticaribe M\u00c9RIDA, MX.- Habitantes de la colonia San Dami\u00e1n, en M\u00e9rida, salieron a las calles una vez m\u00e1s para manifestarse y exponer su rechazo hacia el proyecto de gasoductos que pasar\u00eda por sus casas y en esta ocasi\u00f3n pidieron la intervenci\u00f3n del Juez Segundo de Distrito para\u2026","rel":"","context":"En &quot;CINTILLO&quot;","block_context":{"text":"CINTILLO","link":"https:\/\/www.grieta.org.mx\/index.php\/category\/cintillo\/"},"img":{"alt_text":"","src":"https:\/\/i0.wp.com\/www.grieta.org.mx\/wp-content\/uploads\/2022\/02\/NoAlGasoducto-1.png?resize=350%2C200&ssl=1","width":350,"height":200,"srcset":"https:\/\/i0.wp.com\/www.grieta.org.mx\/wp-content\/uploads\/2022\/02\/NoAlGasoducto-1.png?resize=350%2C200&ssl=1 1x, https:\/\/i0.wp.com\/www.grieta.org.mx\/wp-content\/uploads\/2022\/02\/NoAlGasoducto-1.png?resize=525%2C300&ssl=1 1.5x"},"classes":[]}],"_links":{"self":[{"href":"https:\/\/www.grieta.org.mx\/index.php\/wp-json\/wp\/v2\/posts\/66527","targetHints":{"allow":["GET"]}}],"collection":[{"href":"https:\/\/www.grieta.org.mx\/index.php\/wp-json\/wp\/v2\/posts"}],"about":[{"href":"https:\/\/www.grieta.org.mx\/index.php\/wp-json\/wp\/v2\/types\/post"}],"author":[{"embeddable":true,"href":"https:\/\/www.grieta.org.mx\/index.php\/wp-json\/wp\/v2\/users\/2"}],"replies":[{"embeddable":true,"href":"https:\/\/www.grieta.org.mx\/index.php\/wp-json\/wp\/v2\/comments?post=66527"}],"version-history":[{"count":1,"href":"https:\/\/www.grieta.org.mx\/index.php\/wp-json\/wp\/v2\/posts\/66527\/revisions"}],"predecessor-version":[{"id":66530,"href":"https:\/\/www.grieta.org.mx\/index.php\/wp-json\/wp\/v2\/posts\/66527\/revisions\/66530"}],"wp:featuredmedia":[{"embeddable":true,"href":"https:\/\/www.grieta.org.mx\/index.php\/wp-json\/wp\/v2\/media\/66528"}],"wp:attachment":[{"href":"https:\/\/www.grieta.org.mx\/index.php\/wp-json\/wp\/v2\/media?parent=66527"}],"wp:term":[{"taxonomy":"category","embeddable":true,"href":"https:\/\/www.grieta.org.mx\/index.php\/wp-json\/wp\/v2\/categories?post=66527"},{"taxonomy":"post_tag","embeddable":true,"href":"https:\/\/www.grieta.org.mx\/index.php\/wp-json\/wp\/v2\/tags?post=66527"}],"curies":[{"name":"wp","href":"https:\/\/api.w.org\/{rel}","templated":true}]}}