{"id":66518,"date":"2023-03-13T21:28:23","date_gmt":"2023-03-14T03:28:23","guid":{"rendered":"https:\/\/www.grieta.org.mx\/?p=66518"},"modified":"2023-03-13T21:28:23","modified_gmt":"2023-03-14T03:28:23","slug":"tribunal-de-la-naturaleza-sentencia-al-tren-maya","status":"publish","type":"post","link":"https:\/\/www.grieta.org.mx\/index.php\/2023\/03\/13\/tribunal-de-la-naturaleza-sentencia-al-tren-maya\/","title":{"rendered":"Tribunal de la Naturaleza sentencia al Tren Maya"},"content":{"rendered":"<p>Haz Ruido<\/p>\n<blockquote><p>Resuelve que dicho megaproyecto debe suspenderse de manera inmediata ante la alerta de ecocidio y etnocidio. <\/p><\/blockquote>\n<p>M\u00e9rida, Yucat\u00e1n, 13 de marzo de 2023.-Tras finalizar su octava audiencia local en la Pen\u00ednsula de Yucat\u00e1n, el Tribunal Internacional de los Derechos de la Naturaleza constat\u00f3 que el megaproyecto del Tren Maya provoca da\u00f1os al medioambiente y a las comunidades ind\u00edgenas, por lo que conmin\u00f3 a las autoridades del Estado Mexicano a su suspensi\u00f3n inmediata, as\u00ed como la desmilitarizaci\u00f3n de los territorios ind\u00edgenas.<\/p>\n<p>En un comunicado, se explic\u00f3 que del 9 al 12 de marzo realizaron actividades y un recorrido para verificar que este transporte ferroviario pone en grave peligro de destrucci\u00f3n a ecosistemas y comunidades mayas, al ser un proyecto que conecta con muchos polos de desarrollo, megagranjas porcinas, entre otros, exacerbando sus impactos sociales, culturales, ambientales y de g\u00e9nero.<\/p>\n<p>El Tribunal visit\u00f3 las comunidades de Pist\u00e9, El Se\u00f1or-Xmaben y Tihosuco donde participaron delegados de varias regiones y se escucharon testimonios de comunidades ind\u00edgenas mayas, colectivos sociales, y grupos ecologistas. <\/p>\n<p>Finalmente, la audiencia se efectu\u00f3 el s\u00e1bado 11 de marzo en la Escuela de Agricultura Ecol\u00f3gica de Valladolid, en donde tambi\u00e9n analiz\u00f3  los informes periciales de acad\u00e9micos e investigadores en materia forestal y agr\u00edcola, sobre ecosistemas acu\u00e1ticos y terrestres, sobre biodiversidad y sustentabilidad ecol\u00f3gica, sobre derechos colectivos y de la naturaleza, ecolog\u00eda pol\u00edtica e ingenier\u00eda ambiental, con relaci\u00f3n a los da\u00f1os a la naturaleza, los riesgos ecol\u00f3gicos y la afectaci\u00f3n a la cultura y los derechos inalienables \u2013 culturales, territoriales y existenciales- de las comunidades. <\/p>\n<p><img loading=\"lazy\" decoding=\"async\" data-attachment-id=\"66521\" data-permalink=\"https:\/\/www.grieta.org.mx\/index.php\/2023\/03\/13\/tribunal-de-la-naturaleza-sentencia-al-tren-maya\/tribunal2\/\" data-orig-file=\"https:\/\/www.grieta.org.mx\/wp-content\/uploads\/2023\/03\/Tribunal2-e1678764187479.jpg\" data-orig-size=\"800,564\" data-comments-opened=\"0\" data-image-meta=\"{&quot;aperture&quot;:&quot;0&quot;,&quot;credit&quot;:&quot;&quot;,&quot;camera&quot;:&quot;&quot;,&quot;caption&quot;:&quot;&quot;,&quot;created_timestamp&quot;:&quot;0&quot;,&quot;copyright&quot;:&quot;&quot;,&quot;focal_length&quot;:&quot;0&quot;,&quot;iso&quot;:&quot;0&quot;,&quot;shutter_speed&quot;:&quot;0&quot;,&quot;title&quot;:&quot;&quot;,&quot;orientation&quot;:&quot;1&quot;}\" data-image-title=\"Tribunal2\" data-image-description=\"\" data-image-caption=\"\" data-medium-file=\"https:\/\/www.grieta.org.mx\/wp-content\/uploads\/2023\/03\/Tribunal2-e1678764187479-300x212.jpg\" data-large-file=\"https:\/\/www.grieta.org.mx\/wp-content\/uploads\/2023\/03\/Tribunal2-1024x722.jpg\" src=\"http:\/\/www.grieta.org.mx\/wp-content\/uploads\/2023\/03\/Tribunal2-e1678764187479.jpg\" alt=\"\" width=\"800\" height=\"564\" class=\"alignnone size-full wp-image-66521\" srcset=\"https:\/\/www.grieta.org.mx\/wp-content\/uploads\/2023\/03\/Tribunal2-e1678764187479.jpg 800w, https:\/\/www.grieta.org.mx\/wp-content\/uploads\/2023\/03\/Tribunal2-e1678764187479-300x212.jpg 300w, https:\/\/www.grieta.org.mx\/wp-content\/uploads\/2023\/03\/Tribunal2-e1678764187479-768x541.jpg 768w\" sizes=\"auto, (max-width: 800px) 100vw, 800px\" \/><\/p>\n<p>Se explic\u00f3 que dichos testimonios han aportado evidencias, as\u00ed como pruebas contundentes e irrefutables, que establecen un nexo causal entre la acusaci\u00f3n del Fiscal de la Tierra y la prueba testimonial, documental y verificaci\u00f3n in situ de los da\u00f1os causados a la naturaleza y la violaci\u00f3n de los derechos de las comunidades. <\/p>\n<p>Por cierto, el Tribunal indic\u00f3 que conforme a las actas se verific\u00f3 que ning\u00fan representante del Estado asisti\u00f3 a esta audiencia, habiendo sido leg\u00edtimamente invitados a trav\u00e9s de una carta entregada a la Embajada de M\u00e9xico en Ecuador, sede de ese organismo, as\u00ed como a trav\u00e9s de correo electr\u00f3nico y de manera f\u00edsica el d\u00eda 7 de marzo, invitando tanto al Gobierno de M\u00e9xico, la Comisi\u00f3n Nacional de Derechos Humanos, FONATUR, SEMARNAT, INPI, y SEDATU y CONANP. <\/p>\n<p>Amparados en lo que dispone la normativa de la Declaraci\u00f3n Universal de Derechos de la Naturaleza, el Convenio 169 de la OIT, la Declaratoria de Naciones Unidas y de la OEA sobre Derechos de los Pueblos Ind\u00edgenas, el Convenio sobre Biodiversidad, el Acuerdo de Escaz\u00fa, la Agenda 2030 ODS; y la jurisprudencia emitida por el Sistema Interamericano y el Sistema Universal de Derechos Humanos, as\u00ed como la legislaci\u00f3n de los Estados Unidos de M\u00e9xico; el Tribunal \u00c9tico, en nombre de los Derechos de la Madre Naturaleza, de la Humanidad y de las generaciones venideras resolvi\u00f3 que el Tren Maya debe suspenderse.<\/p>\n<p>En su primer punto, reconoci\u00f3 de modo irrefutable la violaci\u00f3n a los Derechos de la Naturaleza, as\u00ed como los Derechos Humanos, individuales y colectivos y los derechos bioculturales del Pueblo Maya, que ancestralmente ha sido y contin\u00faa siendo protector y guardi\u00e1n de su territorio, los cenotes, la selva, y los seres sintientes no humanos que habitan dicho territorio, todo lo cual va configurando cr\u00edmenes de ecocidio y etnocidio. En ese sentido, el Tribunal responsabiliz\u00f3 al Estado Mexicano por la violaci\u00f3n de estos derechos fundamentales. <\/p>\n<p>El Tribunal tuvo la oportunidad de constatar f\u00edsicamente los irremediables destrozos de la construcci\u00f3n del Tren Maya en el Tramo 5, guiados al interior de cavernas por colectivos ciudadanos que afectar\u00e1 a m\u00e1s de 100 cavernas y cenotes que se encuentran directamente debajo del trazado ferroviario, y que ya se han deforestado m\u00e1s de 9 millones de \u00e1rboles. <\/p>\n<p>Por tal raz\u00f3n, conmin\u00f3 a las autoridades del Estado Mexicano a la suspensi\u00f3n inmediata del megaproyecto Tren Maya con todos sus componentes, as\u00ed como la desmilitarizaci\u00f3n de los territorios ind\u00edgenas. <\/p>\n<p>\u201cHacemos un llamado urgente al Estado y a la intervenci\u00f3n de los organismos internacionales, regionales y nacionales de derechos humanos para el cese del despojo de las tierras ejidatarias, as\u00ed como acabar con la persecuci\u00f3n, amenazas, hostigamiento e intimidaci\u00f3n de los defensores y las defensoras de la naturaleza, de lo cual el Tribunal fue directamente testigo, garantizando el derecho a la libre expresi\u00f3n y defensa del patrimonio biocultural\u201d, sostuvo. \u2028<\/p>\n<p>De igual manera, resolvi\u00f3 que se realice la reparaci\u00f3n integral de los da\u00f1os ecol\u00f3gicos y sociales causados por la ejecuci\u00f3n del megaproyecto Tren Maya y sus instalaciones colaterales. \u2028<\/p>\n<p>Asimismo, que se inicie una auditor\u00eda independiente, inter y trasdisciplinaria, y de car\u00e1cter intercultural, con la participaci\u00f3n plena y efectiva de las poblaciones afectadas. \u2028<\/p>\n<p>Cabe mencionar que el Tribunal dijo que notificar\u00e1 oportunamente por escrito la sentencia con amplitud y las formalidades necesarias, que ser\u00e1 traducida a lengua Maya. <\/p>\n<p>Este organismo tuvo como presidenta a Maristella Svampa de Argentina, y estuvo adem\u00e1s conformado por Fray Ra\u00fal Vera de M\u00e9xico, Yaku P\u00e9rez de Ecuador, Francesco Martone de Italia\/Ecuador y Alberto Saldamando (EUA) Chicano\/Zapoteca. <\/p>\n<p>El Fiscal de la Tierra fue el abogado Jorge Fern\u00e1ndez Mendiburu y la accionante fue Giovanna Gasparello junto con 22 testimonios de comunidades ind\u00edgenas, colectivos ciudadanos y peritos. La Secretaria del Tribunal fue Natalia Greene y las organizaciones convocantes, la Alianza Global por los Derechos de la Naturaleza, la Asamblea de Defensores del Territorio Maya, M\u00fauch\u2019 X\u00edinbal y el Consejo Civil Mexicano para la Silvicultura Sostenible (CCMSS).  (Fotos de Neify Pat)<\/p>\n<p><a href=\"https:\/\/www.hazruido.mx\/reportes\/tribunal-de-la-naturaleza-sentencia-al-tren-maya\/\" rel=\"noopener\" target=\"_blank\">https:\/\/www.hazruido.mx\/reportes\/tribunal-de-la-naturaleza-sentencia-al-tren-maya\/<\/a><\/p>\n","protected":false},"excerpt":{"rendered":"<p>Haz Ruido Resuelve que dicho megaproyecto debe suspenderse de manera inmediata ante la alerta de ecocidio y etnocidio. M\u00e9rida, Yucat\u00e1n, 13 de marzo de 2023.-Tras finalizar su octava audiencia local &hellip; <a href=\"https:\/\/www.grieta.org.mx\/index.php\/2023\/03\/13\/tribunal-de-la-naturaleza-sentencia-al-tren-maya\/\" class=\"more-link\">Leer m\u00e1s<\/a><\/p>\n","protected":false},"author":2,"featured_media":66519,"comment_status":"closed","ping_status":"closed","sticky":false,"template":"","format":"standard","meta":{"ngg_post_thumbnail":0,"_jetpack_newsletter_access":"","_jetpack_dont_email_post_to_subs":false,"_jetpack_newsletter_tier_id":0,"_jetpack_memberships_contains_paywalled_content":false,"_jetpack_memberships_contains_paid_content":false,"footnotes":""},"categories":[11,80,2749,2943,2258,3,922,926,944,952,2,28,1875,1876,1877,2026,36],"tags":[2988,2987,4130,3646,1878],"class_list":["post-66518","post","type-post","status-publish","format-standard","has-post-thumbnail","hentry","category-campeche","category-cintillo","category-destruccion-y-contaminacion-ambiental-en-quintana-roo","category-destruccion-y-contaminacion-ambiental-en-yucatan","category-ecocidio-en-campeche","category-megaproyectos","category-megaproyectos-estados","category-mp-campeche","category-mp-quintana-roo","category-mp-yucatan","category-noticias-nacionales","category-quintana-roo","category-resistencia-al-tren-maya-en-la-peninsula-de-yucatan","category-resistencia-al-tren-maya-en-la-peninsula-de-yucatan-quintana-roo","category-resistencia-al-tren-maya-en-la-peninsula-de-yucatan-campeche","category-tren-maya","category-yucatan","tag-deforestacion-por-el-tren-maya","tag-impacto-ecologico-por-tren-maya","tag-impactos-sociales-por-tren-maya","tag-resistencia-contra-el-tren-maya","tag-tren-maya","entry"],"jetpack_featured_media_url":"https:\/\/www.grieta.org.mx\/wp-content\/uploads\/2023\/03\/Tribunal-e1678763928369.jpg","jetpack_sharing_enabled":true,"jetpack_shortlink":"https:\/\/wp.me\/p7ZJR4-hiS","jetpack_likes_enabled":false,"jetpack-related-posts":[{"id":35945,"url":"https:\/\/www.grieta.org.mx\/index.php\/2019\/07\/05\/expansion-de-megaproyectos-en-la-peninsula-de-yucatan-video\/","url_meta":{"origin":66518,"position":0},"title":"Expansi\u00f3n de Megaproyectos en la Pen\u00ednsula de Yucat\u00e1n (Video)","author":"grieta","date":"5 julio, 2019","format":false,"excerpt":"https:\/\/youtu.be\/qLBARIAaBsI","rel":"","context":"En &quot;Campeche&quot;","block_context":{"text":"Campeche","link":"https:\/\/www.grieta.org.mx\/index.php\/category\/noticias-nacionales\/campeche\/"},"img":{"alt_text":"","src":"https:\/\/i0.wp.com\/img.youtube.com\/vi\/qLBARIAaBsI\/0.jpg?resize=350%2C200","width":350,"height":200},"classes":[]},{"id":47874,"url":"https:\/\/www.grieta.org.mx\/index.php\/2020\/04\/13\/las-vias-torcidas-del-tren-maya-video\/","url_meta":{"origin":66518,"position":1},"title":"Las v\u00edas torcidas del tren maya (Video)","author":"grieta","date":"13 abril, 2020","format":false,"excerpt":"https:\/\/www.youtube.com\/watch?v=k8FRX9eT0YY","rel":"","context":"En &quot;16. Pueblo Maya&quot;","block_context":{"text":"16. Pueblo Maya","link":"https:\/\/www.grieta.org.mx\/index.php\/category\/espejos-de-la-resistencia\/16-pueblo-maya\/"},"img":{"alt_text":"","src":"https:\/\/i0.wp.com\/www.grieta.org.mx\/wp-content\/uploads\/2020\/04\/ViasTorcidasTrenMaya.png?resize=350%2C200&ssl=1","width":350,"height":200,"srcset":"https:\/\/i0.wp.com\/www.grieta.org.mx\/wp-content\/uploads\/2020\/04\/ViasTorcidasTrenMaya.png?resize=350%2C200&ssl=1 1x, https:\/\/i0.wp.com\/www.grieta.org.mx\/wp-content\/uploads\/2020\/04\/ViasTorcidasTrenMaya.png?resize=525%2C300&ssl=1 1.5x, https:\/\/i0.wp.com\/www.grieta.org.mx\/wp-content\/uploads\/2020\/04\/ViasTorcidasTrenMaya.png?resize=700%2C400&ssl=1 2x"},"classes":[]},{"id":68844,"url":"https:\/\/www.grieta.org.mx\/index.php\/2024\/04\/29\/ambientalistas-clausuran-las-oficinas-de-semarnat-tras-calificarla-de-ecocida-quintana-roo\/","url_meta":{"origin":66518,"position":2},"title":"Ambientalistas &#8220;clausuran&#8221; las oficinas de Semarnat tras calificarla de ecocida (Quintana Roo)","author":"grieta","date":"29 abril, 2024","format":false,"excerpt":"Leslie Gordillo \/ NOTICARIBE PENINSULAR CANC\u00daN.- Un grupo de ambientalistas, representante de diferentes organismos y asociaciones civiles, se manifestaron en la zona hotelera de Canc\u00fan y clausuraron de manera simb\u00f3lica las oficinas de la Secretar\u00eda de Medio Ambiente y Recursos Naturales (Semarnat). La denuncia es que la Semarnat ha sido\u2026","rel":"","context":"En &quot;Campeche&quot;","block_context":{"text":"Campeche","link":"https:\/\/www.grieta.org.mx\/index.php\/category\/noticias-nacionales\/campeche\/"},"img":{"alt_text":"","src":"https:\/\/i0.wp.com\/www.grieta.org.mx\/wp-content\/uploads\/2024\/04\/ambientalitas-e1715552774254.jpg?resize=350%2C200&ssl=1","width":350,"height":200,"srcset":"https:\/\/i0.wp.com\/www.grieta.org.mx\/wp-content\/uploads\/2024\/04\/ambientalitas-e1715552774254.jpg?resize=350%2C200&ssl=1 1x, https:\/\/i0.wp.com\/www.grieta.org.mx\/wp-content\/uploads\/2024\/04\/ambientalitas-e1715552774254.jpg?resize=525%2C300&ssl=1 1.5x, https:\/\/i0.wp.com\/www.grieta.org.mx\/wp-content\/uploads\/2024\/04\/ambientalitas-e1715552774254.jpg?resize=700%2C400&ssl=1 2x"},"classes":[]},{"id":66094,"url":"https:\/\/www.grieta.org.mx\/index.php\/2023\/01\/18\/tribunal-otorga-nueva-suspension-contra-las-obras-del-tramo-5-del-tren-maya\/","url_meta":{"origin":66518,"position":3},"title":"Tribunal otorga nueva suspensi\u00f3n contra las obras del Tramo 5 del Tren Maya","author":"grieta","date":"18 enero, 2023","format":false,"excerpt":"Octavio Mart\u00ednez \/ Revista Proceso Un Tribunal Colegiado otorg\u00f3 una suspensi\u00f3n provisional de amparo contra las obras del Tramo 5 del Tren Maya, con lo que deber\u00e1n detenerse los trabajos de desmonte en la ruta de Canc\u00fan a Tulum. CIUDAD DE M\u00c9XICO (apro).\u2013 Una suspensi\u00f3n provisional de amparo fue otorgada\u2026","rel":"","context":"En &quot;Campeche&quot;","block_context":{"text":"Campeche","link":"https:\/\/www.grieta.org.mx\/index.php\/category\/noticias-nacionales\/campeche\/"},"img":{"alt_text":"","src":"https:\/\/i0.wp.com\/www.grieta.org.mx\/wp-content\/uploads\/2023\/01\/TrenMayaAmparo-e1674338538762.jpg?resize=350%2C200&ssl=1","width":350,"height":200,"srcset":"https:\/\/i0.wp.com\/www.grieta.org.mx\/wp-content\/uploads\/2023\/01\/TrenMayaAmparo-e1674338538762.jpg?resize=350%2C200&ssl=1 1x, https:\/\/i0.wp.com\/www.grieta.org.mx\/wp-content\/uploads\/2023\/01\/TrenMayaAmparo-e1674338538762.jpg?resize=525%2C300&ssl=1 1.5x, https:\/\/i0.wp.com\/www.grieta.org.mx\/wp-content\/uploads\/2023\/01\/TrenMayaAmparo-e1674338538762.jpg?resize=700%2C400&ssl=1 2x"},"classes":[]},{"id":65964,"url":"https:\/\/www.grieta.org.mx\/index.php\/2022\/12\/15\/tren-maya-duplica-tendencia-de-deforestacion-en-el-sureste-mexicano\/","url_meta":{"origin":66518,"position":4},"title":"Tren Maya duplica tendencia de deforestaci\u00f3n en el sureste mexicano","author":"grieta","date":"15 diciembre, 2022","format":false,"excerpt":"Jes\u00fas V\u00e1zquez \/ Foto: Cuartoscuro \/ El Economista Canc\u00fan, QR. Con la construcci\u00f3n y entrada de operaci\u00f3n del Tren Maya, la tendencia de deforestaci\u00f3n neta en la regi\u00f3n de influencia del proyecto aumentar\u00e1 de 9,786 hect\u00e1reas por a\u00f1o (ha\/a\u00f1o) a 12,189.2 ha\/a\u00f1o entre el 2018 y el 2030, lo que\u2026","rel":"","context":"En &quot;Campeche&quot;","block_context":{"text":"Campeche","link":"https:\/\/www.grieta.org.mx\/index.php\/category\/noticias-nacionales\/campeche\/"},"img":{"alt_text":"","src":"https:\/\/i0.wp.com\/www.grieta.org.mx\/wp-content\/uploads\/2022\/12\/Deforestacion-e1671797549818.jpg?resize=350%2C200&ssl=1","width":350,"height":200,"srcset":"https:\/\/i0.wp.com\/www.grieta.org.mx\/wp-content\/uploads\/2022\/12\/Deforestacion-e1671797549818.jpg?resize=350%2C200&ssl=1 1x, https:\/\/i0.wp.com\/www.grieta.org.mx\/wp-content\/uploads\/2022\/12\/Deforestacion-e1671797549818.jpg?resize=525%2C300&ssl=1 1.5x, https:\/\/i0.wp.com\/www.grieta.org.mx\/wp-content\/uploads\/2022\/12\/Deforestacion-e1671797549818.jpg?resize=700%2C400&ssl=1 2x"},"classes":[]},{"id":45360,"url":"https:\/\/www.grieta.org.mx\/index.php\/2020\/02\/27\/no-estamos-peleando-la-suspension-provisional-del-tren-maya-sino-la-definitiva-cruz-rueda\/","url_meta":{"origin":66518,"position":5},"title":"&#8220;No estamos peleando la suspensi\u00f3n provisional del Tren Maya, sino la definitiva&#8221;: Cruz Rueda","author":"grieta","date":"27 febrero, 2020","format":false,"excerpt":"Impugnaci\u00f3n de Presidencia \"no nos quita el sue\u00f1o\" Abraham Bote \/Foto: Tomada de Twitter \/La Jornada Maya M\u00e9rida, Yucat\u00e1n Respecto a la impugnaci\u00f3n que realiz\u00f3 la Presidencia de la Rep\u00fablica y el apoderado de la Naci\u00f3n Financiera (Nafin), contra la suspensi\u00f3n provisional del proyecto de Tren Maya, la asesora jur\u00eddica\u2026","rel":"","context":"En &quot;16. Pueblo Maya&quot;","block_context":{"text":"16. Pueblo Maya","link":"https:\/\/www.grieta.org.mx\/index.php\/category\/espejos-de-la-resistencia\/16-pueblo-maya\/"},"img":{"alt_text":"","src":"https:\/\/i0.wp.com\/www.grieta.org.mx\/wp-content\/uploads\/2020\/02\/TrenMallaCampeche.png?resize=350%2C200&ssl=1","width":350,"height":200,"srcset":"https:\/\/i0.wp.com\/www.grieta.org.mx\/wp-content\/uploads\/2020\/02\/TrenMallaCampeche.png?resize=350%2C200&ssl=1 1x, https:\/\/i0.wp.com\/www.grieta.org.mx\/wp-content\/uploads\/2020\/02\/TrenMallaCampeche.png?resize=525%2C300&ssl=1 1.5x, https:\/\/i0.wp.com\/www.grieta.org.mx\/wp-content\/uploads\/2020\/02\/TrenMallaCampeche.png?resize=700%2C400&ssl=1 2x"},"classes":[]}],"_links":{"self":[{"href":"https:\/\/www.grieta.org.mx\/index.php\/wp-json\/wp\/v2\/posts\/66518","targetHints":{"allow":["GET"]}}],"collection":[{"href":"https:\/\/www.grieta.org.mx\/index.php\/wp-json\/wp\/v2\/posts"}],"about":[{"href":"https:\/\/www.grieta.org.mx\/index.php\/wp-json\/wp\/v2\/types\/post"}],"author":[{"embeddable":true,"href":"https:\/\/www.grieta.org.mx\/index.php\/wp-json\/wp\/v2\/users\/2"}],"replies":[{"embeddable":true,"href":"https:\/\/www.grieta.org.mx\/index.php\/wp-json\/wp\/v2\/comments?post=66518"}],"version-history":[{"count":1,"href":"https:\/\/www.grieta.org.mx\/index.php\/wp-json\/wp\/v2\/posts\/66518\/revisions"}],"predecessor-version":[{"id":66522,"href":"https:\/\/www.grieta.org.mx\/index.php\/wp-json\/wp\/v2\/posts\/66518\/revisions\/66522"}],"wp:featuredmedia":[{"embeddable":true,"href":"https:\/\/www.grieta.org.mx\/index.php\/wp-json\/wp\/v2\/media\/66519"}],"wp:attachment":[{"href":"https:\/\/www.grieta.org.mx\/index.php\/wp-json\/wp\/v2\/media?parent=66518"}],"wp:term":[{"taxonomy":"category","embeddable":true,"href":"https:\/\/www.grieta.org.mx\/index.php\/wp-json\/wp\/v2\/categories?post=66518"},{"taxonomy":"post_tag","embeddable":true,"href":"https:\/\/www.grieta.org.mx\/index.php\/wp-json\/wp\/v2\/tags?post=66518"}],"curies":[{"name":"wp","href":"https:\/\/api.w.org\/{rel}","templated":true}]}}