{"id":66496,"date":"2023-03-10T18:12:13","date_gmt":"2023-03-11T00:12:13","guid":{"rendered":"https:\/\/www.grieta.org.mx\/?p=66496"},"modified":"2023-03-12T20:46:00","modified_gmt":"2023-03-13T02:46:00","slug":"sitilpech-prepara-defensa-ante-denuncia-penal-yucatan","status":"publish","type":"post","link":"https:\/\/www.grieta.org.mx\/index.php\/2023\/03\/10\/sitilpech-prepara-defensa-ante-denuncia-penal-yucatan\/","title":{"rendered":"Sitilpech prepara defensa ante denuncia penal (Yucat\u00e1n)"},"content":{"rendered":"<p> Itzel Chan \/ Haz Ruido<\/p>\n<blockquote><p>Pobladores mayas acudieron a la audiencia de vinculaci\u00f3n a proceso y su abogado detect\u00f3 diversas irregularidades en la denuncia. Piden que no se criminalice su protesta en contra de la megagranja.<\/p>\n<\/blockquote>\n<p>M\u00e9rida, Yucat\u00e1n, 10 de marzo de 2023.- Los ocho pobladores de Sitilpech denunciados penalmente por el Gobierno del Estado tras su protesta en contra de una megagranja de cerdos han iniciado su defensa legal. Por lo pronto, hoy se presentaron en el Centro de Justicia Oral de Kanas\u00edn, pero la audiencia de vinculaci\u00f3n a proceso fue pospuesta hasta el pr\u00f3ximo 17 de marzo.<\/p>\n<p>Sobre la denuncia, por el delito de obstrucci\u00f3n de las v\u00edas de comunicaci\u00f3n en pandilla, Erik P\u00e9rez Loyo, abogado defensor de los pobladores mayas, identific\u00f3 diversas irregularidades, como por ejemplo, que hay cinco testimonios de la parte acusadora de personas que hablan de la misma manera.<\/p>\n<p>Los habitantes de Siitlpech fueron citados hoy a una audiencia y contaron con el apoyo de dicho litigante, quien recientemente se uni\u00f3 al caso y requiri\u00f3 al juez de control m\u00e1s tiempo para analizar a profundidad todo el expediente.<\/p>\n<p>Mientras tanto, asegur\u00f3 que preparan una estrategia de demanda, sobre todo porque han notado elementos irregularidades.<\/p>\n<p>\u201cNos llama la atenci\u00f3n que los se\u00f1alamientos que se hacen, hasta por un tema de psicolog\u00eda, nadie puede declarar igualito y observamos que hay cinco personas que declaran que vieron lo mismo en el mismo orden, eso es evidente que lo vamos a analizar\u201d, mencion\u00f3.<br \/>\npoder judicial (2)<\/p>\n<p>Aunque en esta ocasi\u00f3n las personas demandadas por la Direcci\u00f3n General de Infraestructura Carretera de Yucat\u00e1n decidieron no brindar entrevistas para no entorpecer el proceso, P\u00e9rez Loyo les pidi\u00f3 que mantengan la tranquilidad y que conf\u00eden en el Sistema de Justicia.<\/p>\n<p>A la vez les record\u00f3 que pueden seguir en una manifestaci\u00f3n pac\u00edfica ante la defensa de su territorio, sobre todo porque es un derecho que tienen y al que las autoridades no pueden oponerse.<\/p>\n<p>\u201cUstedes est\u00e1n en derecho de manifestarse y las autoridades lo tienen que respetar y entender\u201d, a\u00f1adi\u00f3 al dirigirse a los pobladores.<\/p>\n<p>El abogado que reci\u00e9n se uni\u00f3 al caso advirti\u00f3 que el hecho que los vinculen a proceso no quiere decir que ir\u00e1n a prisi\u00f3n de manera inmediata, m\u00e1s bien se realizar\u00e1n tr\u00e1mites que tendr\u00e1n una duraci\u00f3n de uno a dos meses, periodo en el que van a presentar todas las pruebas posibles para su defensa.<\/p>\n<p>\u201cSi se les vincula, se analiza si se va a un juicio oral o nos vamos por una salida alterna como una suspensi\u00f3n condicional del proceso, que consiste en que se sometan a ciertas condiciones por seis meses, un a\u00f1o o hasta tres y si cumplen con las condiciones, no se generan antecedentes penales\u201d, describi\u00f3.<\/p>\n<p>Sin embargo, prev\u00e9 que no sea necesario que lleguen a esto, ya que notan m\u00e1s irregularidades en la demanda encabezada por el Gobierno del Estado y que expondr\u00e1n como pruebas.<\/p>\n<p>La audiencia fue pospuesta para el 17 de marzo, con el fin de que ambas partes tengan este periodo para reunir pruebas pertinentes.<\/p>\n<p>Los manifestantes demandados fueron acompa\u00f1ados por m\u00e1s compa\u00f1eras y compa\u00f1eros de Sitilpech, quienes consideraron que esto es parte de la criminalizaci\u00f3n de su protesta para que se retiren y la granja porc\u00edcola pueda seguir operando.<\/p>\n<p>Tambi\u00e9n aseguran que las manifestaciones han sido pac\u00edficas, pues la \u00fanica petici\u00f3n es que la granja se vaya de su territorio, ya que consideran que generan contaminantes para el agua, suelo y aire.<\/p>\n<p>No obstante, en diversas ocasiones han llegado antimotines a la zona de Sitilpech para custodiar a los camiones de Kek\u00e9n que trasladan cerdos.<\/p>\n<p><a href=\"https:\/\/www.hazruido.mx\/reportes\/sitilpech-prepara-defensa-ante-denuncia-penal\/\" rel=\"noopener\" target=\"_blank\">https:\/\/www.hazruido.mx\/reportes\/sitilpech-prepara-defensa-ante-denuncia-penal\/<\/a><\/p>\n","protected":false},"excerpt":{"rendered":"<p>Itzel Chan \/ Haz Ruido Pobladores mayas acudieron a la audiencia de vinculaci\u00f3n a proceso y su abogado detect\u00f3 diversas irregularidades en la denuncia. Piden que no se criminalice su &hellip; <a href=\"https:\/\/www.grieta.org.mx\/index.php\/2023\/03\/10\/sitilpech-prepara-defensa-ante-denuncia-penal-yucatan\/\" class=\"more-link\">Leer m\u00e1s<\/a><\/p>\n","protected":false},"author":2,"featured_media":66497,"comment_status":"closed","ping_status":"closed","sticky":false,"template":"","format":"standard","meta":{"ngg_post_thumbnail":0,"_jetpack_newsletter_access":"","_jetpack_dont_email_post_to_subs":false,"_jetpack_newsletter_tier_id":0,"_jetpack_memberships_contains_paywalled_content":false,"_jetpack_memberships_contains_paid_content":false,"footnotes":""},"categories":[2789,1069,42,80,1020,1023,3,922,952,2,36],"tags":[2778,1022,3785,4093],"class_list":["post-66496","post","type-post","status-publish","format-standard","has-post-thumbnail","hentry","category-abuso-autoridades-en-yucatan","category-ataques-a-defensors-de-derechos-humanos-en-yucatan","category-agroindustria","category-cintillo","category-granja-porcicola","category-lucha-contra-granja-porcicola","category-megaproyectos","category-megaproyectos-estados","category-mp-yucatan","category-noticias-nacionales","category-yucatan","tag-criminalizacion-de-la-protesta","tag-granja-porcicola","tag-megagranja","tag-sitilpech","entry"],"jetpack_featured_media_url":"https:\/\/www.grieta.org.mx\/wp-content\/uploads\/2023\/03\/SitilpechDefensaLegal-e1678675108326.jpg","jetpack_sharing_enabled":true,"jetpack_shortlink":"https:\/\/wp.me\/p7ZJR4-hiw","jetpack_likes_enabled":false,"jetpack-related-posts":[{"id":66524,"url":"https:\/\/www.grieta.org.mx\/index.php\/2023\/03\/16\/con-mascaras-de-cochinos-sitilpech-protesto-en-aeropuerto-de-cancun\/","url_meta":{"origin":66496,"position":0},"title":"Con m\u00e1scaras de cochinos, Sitilpech protest\u00f3 en aeropuerto de Canc\u00fan","author":"grieta","date":"16 marzo, 2023","format":false,"excerpt":"Haz Ruido Se intensifican las manifestaciones en contra de la empresa Kek\u00e9n y sus f\u00e1bricas de cerdos que contaminan en la Pen\u00ednsula de Yucat\u00e1n. Canc\u00fan, Quintana Roo, 16 de marzo de 2023.- Pobladores y familiares de Sitilpech que ahora residen en Quintana Roo protestaron en el Aeropuerto Internacional de Canc\u00fan\u2026","rel":"","context":"En &quot;Agresiones y amenazas a defensor@s de derechos humanos y activistas en Yucat\u00e1n&quot;","block_context":{"text":"Agresiones y amenazas a defensor@s de derechos humanos y activistas en Yucat\u00e1n","link":"https:\/\/www.grieta.org.mx\/index.php\/category\/noticias-nacionales\/yucatan\/ataques-a-defensors-de-derechos-humanos-en-yucatan\/"},"img":{"alt_text":"","src":"https:\/\/i0.wp.com\/www.grieta.org.mx\/wp-content\/uploads\/2023\/03\/SitilpechCancun-e1679026683778.jpg?resize=350%2C200&ssl=1","width":350,"height":200,"srcset":"https:\/\/i0.wp.com\/www.grieta.org.mx\/wp-content\/uploads\/2023\/03\/SitilpechCancun-e1679026683778.jpg?resize=350%2C200&ssl=1 1x, https:\/\/i0.wp.com\/www.grieta.org.mx\/wp-content\/uploads\/2023\/03\/SitilpechCancun-e1679026683778.jpg?resize=525%2C300&ssl=1 1.5x, https:\/\/i0.wp.com\/www.grieta.org.mx\/wp-content\/uploads\/2023\/03\/SitilpechCancun-e1679026683778.jpg?resize=700%2C400&ssl=1 2x"},"classes":[]},{"id":66379,"url":"https:\/\/www.grieta.org.mx\/index.php\/2023\/03\/03\/yucatan-antimotines-para-custodiar-alimento-para-cerdos-de-keken-pueblo-maya-de-sitilpech-denuncia-nuevamente-represion-policiaca-por-protesta-contra-mega-granjas-porcicolas\/","url_meta":{"origin":66496,"position":1},"title":"Yucat\u00e1n | Antimotines para custodiar alimento para cerdos de Kek\u00e9n: Pueblo maya de Sitilpech denuncia nuevamente represi\u00f3n policiaca por protesta contra mega granjas porc\u00edcolas","author":"grieta","date":"3 marzo, 2023","format":false,"excerpt":"Noticaribe M\u00c9RIDA, MX.- Una vez m\u00e1s, las y los habitantes de Sitilpech denuncian y exhiben represi\u00f3n policiaca ante el bloqueo que mantienen en una de las granjas porc\u00edcolas en sus tierras. Las personas que mantienen un bloqueo a las afueras de la granja denunciaron que elementos de la Secretar\u00eda de\u2026","rel":"","context":"En &quot;Agroindustria&quot;","block_context":{"text":"Agroindustria","link":"https:\/\/www.grieta.org.mx\/index.php\/category\/megaproyectos\/agroindustria\/"},"img":{"alt_text":"","src":"https:\/\/i0.wp.com\/www.grieta.org.mx\/wp-content\/uploads\/2023\/03\/Antimotines-e1677881381914.jpg?resize=350%2C200&ssl=1","width":350,"height":200,"srcset":"https:\/\/i0.wp.com\/www.grieta.org.mx\/wp-content\/uploads\/2023\/03\/Antimotines-e1677881381914.jpg?resize=350%2C200&ssl=1 1x, https:\/\/i0.wp.com\/www.grieta.org.mx\/wp-content\/uploads\/2023\/03\/Antimotines-e1677881381914.jpg?resize=525%2C300&ssl=1 1.5x, https:\/\/i0.wp.com\/www.grieta.org.mx\/wp-content\/uploads\/2023\/03\/Antimotines-e1677881381914.jpg?resize=700%2C400&ssl=1 2x"},"classes":[]},{"id":65501,"url":"https:\/\/www.grieta.org.mx\/index.php\/2022\/10\/13\/pueblo-de-sitilpech-logra-que-megagranja-de-cerdos-siga-suspendida-yucatan\/","url_meta":{"origin":66496,"position":2},"title":"Pueblo de Sitilpech logra que megagranja de cerdos siga suspendida  (Yucat\u00e1n)","author":"grieta","date":"13 octubre, 2022","format":false,"excerpt":"Herbeth Escalante \/ Haz Ruido El juez determin\u00f3 que se mantenga la medida cautelar, por lo que permanecer\u00e1n clausurados los pozos de carga y suspendidos los permisos de descarga de aguas de dicha f\u00e1brica de cochinos. M\u00e9rida, Yucat\u00e1n, 13 de octubre de 2022.- El Juzgado Primero de Distrito con sede\u2026","rel":"","context":"En &quot;Agroindustria&quot;","block_context":{"text":"Agroindustria","link":"https:\/\/www.grieta.org.mx\/index.php\/category\/megaproyectos\/agroindustria\/"},"img":{"alt_text":"","src":"https:\/\/i0.wp.com\/www.grieta.org.mx\/wp-content\/uploads\/2022\/10\/Sitilpech-e1665862831834.jpg?resize=350%2C200&ssl=1","width":350,"height":200,"srcset":"https:\/\/i0.wp.com\/www.grieta.org.mx\/wp-content\/uploads\/2022\/10\/Sitilpech-e1665862831834.jpg?resize=350%2C200&ssl=1 1x, https:\/\/i0.wp.com\/www.grieta.org.mx\/wp-content\/uploads\/2022\/10\/Sitilpech-e1665862831834.jpg?resize=525%2C300&ssl=1 1.5x, https:\/\/i0.wp.com\/www.grieta.org.mx\/wp-content\/uploads\/2022\/10\/Sitilpech-e1665862831834.jpg?resize=700%2C400&ssl=1 2x"},"classes":[]},{"id":66274,"url":"https:\/\/www.grieta.org.mx\/index.php\/2023\/02\/18\/crece-tension-en-sitilpech-por-fuerte-presencia-policiaca-yucatan\/","url_meta":{"origin":66496,"position":3},"title":"Crece tensi\u00f3n en Sitilpech por fuerte presencia policiaca  (Yucat\u00e1n)","author":"grieta","date":"18 febrero, 2023","format":false,"excerpt":"Haz Ruido La Esperanza de Sitilpech denunci\u00f3 que los polic\u00edas que escoltaron a un cami\u00f3n de cerdos agredieron a los manifestantes esta madrugada Izamal, Yucat\u00e1n, 18 de febrero de 2023.- Pobladoras y pobladores mayas que integran La Esperanza de Sitilpech denunciaron que esta madrugada llegaron decenas de polic\u00edas municipales y\u2026","rel":"","context":"En &quot;Agroindustria&quot;","block_context":{"text":"Agroindustria","link":"https:\/\/www.grieta.org.mx\/index.php\/category\/megaproyectos\/agroindustria\/"},"img":{"alt_text":"","src":"https:\/\/i0.wp.com\/www.grieta.org.mx\/wp-content\/uploads\/2023\/02\/SitilpechBloq-e1676766338980.jpg?resize=350%2C200&ssl=1","width":350,"height":200,"srcset":"https:\/\/i0.wp.com\/www.grieta.org.mx\/wp-content\/uploads\/2023\/02\/SitilpechBloq-e1676766338980.jpg?resize=350%2C200&ssl=1 1x, https:\/\/i0.wp.com\/www.grieta.org.mx\/wp-content\/uploads\/2023\/02\/SitilpechBloq-e1676766338980.jpg?resize=525%2C300&ssl=1 1.5x, https:\/\/i0.wp.com\/www.grieta.org.mx\/wp-content\/uploads\/2023\/02\/SitilpechBloq-e1676766338980.jpg?resize=700%2C400&ssl=1 2x"},"classes":[]},{"id":65421,"url":"https:\/\/www.grieta.org.mx\/index.php\/2022\/10\/05\/semarnat-engano-y-le-dio-la-espalda-a-sitilpech-con-permisos-a-megagranja-yucatan\/","url_meta":{"origin":66496,"position":4},"title":"Semarnat enga\u00f1\u00f3 y le dio la espalda a Sitilpech con permisos a megagranja  (Yucat\u00e1n)","author":"grieta","date":"5 octubre, 2022","format":false,"excerpt":"Herbeth Escalante \/ Haz Ruido Habitantes de esta comunidad maya y Kanan aseguraron que la Conagua s\u00ed entreg\u00f3 nuevos permisos a la empresa de cerdos, por lo que lamentaron que la dependencia federal intente desacreditar la lucha social del pueblo. M\u00e9rida, Yucat\u00e1n, 5 de octubre de 2022.- Pobladores mayas de\u2026","rel":"","context":"En &quot;Agroindustria&quot;","block_context":{"text":"Agroindustria","link":"https:\/\/www.grieta.org.mx\/index.php\/category\/megaproyectos\/agroindustria\/"},"img":{"alt_text":"","src":"https:\/\/i0.wp.com\/www.grieta.org.mx\/wp-content\/uploads\/2022\/10\/Sitilpechn-e1665174751567.jpg?resize=350%2C200&ssl=1","width":350,"height":200,"srcset":"https:\/\/i0.wp.com\/www.grieta.org.mx\/wp-content\/uploads\/2022\/10\/Sitilpechn-e1665174751567.jpg?resize=350%2C200&ssl=1 1x, https:\/\/i0.wp.com\/www.grieta.org.mx\/wp-content\/uploads\/2022\/10\/Sitilpechn-e1665174751567.jpg?resize=525%2C300&ssl=1 1.5x, https:\/\/i0.wp.com\/www.grieta.org.mx\/wp-content\/uploads\/2022\/10\/Sitilpechn-e1665174751567.jpg?resize=700%2C400&ssl=1 2x"},"classes":[]},{"id":66202,"url":"https:\/\/www.grieta.org.mx\/index.php\/2023\/02\/10\/pueblo-de-sitilpech-impide-entrada-de-camion-de-cerdos-yucatan\/","url_meta":{"origin":66496,"position":5},"title":"Pueblo de Sitilpech impide entrada de cami\u00f3n de cerdos (Yucat\u00e1n)","author":"grieta","date":"10 febrero, 2023","format":false,"excerpt":"Redacci\u00f3n \/ Haz Ruido Habitantes de esta comunidad maya protestan pac\u00edficamente para no permitir el ingreso de los animales a la megagranja que contamina el agua y el medioambiente. M\u00e9rida, Yucat\u00e1n, 10 de febrero de 2023.-\u00a0Mujeres y hombres de la comunidad maya de Sitilpech impiden el paso de un cami\u00f3n\u2026","rel":"","context":"En &quot;Agroindustria&quot;","block_context":{"text":"Agroindustria","link":"https:\/\/www.grieta.org.mx\/index.php\/category\/megaproyectos\/agroindustria\/"},"img":{"alt_text":"","src":"https:\/\/i0.wp.com\/www.grieta.org.mx\/wp-content\/uploads\/2023\/02\/Sitilpech-e1676062373879.jpg?resize=350%2C200&ssl=1","width":350,"height":200,"srcset":"https:\/\/i0.wp.com\/www.grieta.org.mx\/wp-content\/uploads\/2023\/02\/Sitilpech-e1676062373879.jpg?resize=350%2C200&ssl=1 1x, https:\/\/i0.wp.com\/www.grieta.org.mx\/wp-content\/uploads\/2023\/02\/Sitilpech-e1676062373879.jpg?resize=525%2C300&ssl=1 1.5x, https:\/\/i0.wp.com\/www.grieta.org.mx\/wp-content\/uploads\/2023\/02\/Sitilpech-e1676062373879.jpg?resize=700%2C400&ssl=1 2x"},"classes":[]}],"_links":{"self":[{"href":"https:\/\/www.grieta.org.mx\/index.php\/wp-json\/wp\/v2\/posts\/66496","targetHints":{"allow":["GET"]}}],"collection":[{"href":"https:\/\/www.grieta.org.mx\/index.php\/wp-json\/wp\/v2\/posts"}],"about":[{"href":"https:\/\/www.grieta.org.mx\/index.php\/wp-json\/wp\/v2\/types\/post"}],"author":[{"embeddable":true,"href":"https:\/\/www.grieta.org.mx\/index.php\/wp-json\/wp\/v2\/users\/2"}],"replies":[{"embeddable":true,"href":"https:\/\/www.grieta.org.mx\/index.php\/wp-json\/wp\/v2\/comments?post=66496"}],"version-history":[{"count":1,"href":"https:\/\/www.grieta.org.mx\/index.php\/wp-json\/wp\/v2\/posts\/66496\/revisions"}],"predecessor-version":[{"id":66498,"href":"https:\/\/www.grieta.org.mx\/index.php\/wp-json\/wp\/v2\/posts\/66496\/revisions\/66498"}],"wp:featuredmedia":[{"embeddable":true,"href":"https:\/\/www.grieta.org.mx\/index.php\/wp-json\/wp\/v2\/media\/66497"}],"wp:attachment":[{"href":"https:\/\/www.grieta.org.mx\/index.php\/wp-json\/wp\/v2\/media?parent=66496"}],"wp:term":[{"taxonomy":"category","embeddable":true,"href":"https:\/\/www.grieta.org.mx\/index.php\/wp-json\/wp\/v2\/categories?post=66496"},{"taxonomy":"post_tag","embeddable":true,"href":"https:\/\/www.grieta.org.mx\/index.php\/wp-json\/wp\/v2\/tags?post=66496"}],"curies":[{"name":"wp","href":"https:\/\/api.w.org\/{rel}","templated":true}]}}