{"id":66485,"date":"2023-03-08T17:45:01","date_gmt":"2023-03-08T23:45:01","guid":{"rendered":"https:\/\/www.grieta.org.mx\/?p=66485"},"modified":"2023-03-12T18:11:43","modified_gmt":"2023-03-13T00:11:43","slug":"miles-de-mujeres-marcharon-contra-la-violencia-feminicida-yucatan","status":"publish","type":"post","link":"https:\/\/www.grieta.org.mx\/index.php\/2023\/03\/08\/miles-de-mujeres-marcharon-contra-la-violencia-feminicida-yucatan\/","title":{"rendered":"Miles de mujeres marcharon contra la violencia feminicida (Yucat\u00e1n)"},"content":{"rendered":"<p>Por Paloma Reyes e Itzel Chan \/ Fotos de Otilia Rauda \/ Haz Ruido<\/p>\n<blockquote><p>Pese a la oscuridad en Paseo de Montejo, se realizaron dos marchas en el Centro Hist\u00f3rico. Durante sus trayectos, gritaron consignas, tocaron m\u00fasica, intervinieron espacios p\u00fablicos y prendieron fogatas a vallas instaladas por la polic\u00eda.<\/p><\/blockquote>\n<p>Merida, Yucat\u00e1n, 8 de marzo de 2023.-Miles de mujeres protestaron en M\u00e9rida en dos marchas para exigir un alto a los feminicidios y la interminable violencia que impera en Yucat\u00e1n y todo el pa\u00eds. Durante sus trayectos, gritaron consignas, tocaron m\u00fasica, intervinieron espacios p\u00fablicos y prendieron fogatas a vallas instaladas por la polic\u00eda.<\/p>\n<p>El primer contingente, el de la \u201cMarcha Violeta\u201d, parti\u00f3 a las 6:30 de la tarde del parque de Santa Ana, integrada por bloques de infancias, madres, familiares de v\u00edctimas de feminicidio, mujeres con discapacidad y mujeres trans. <\/p>\n<p><img loading=\"lazy\" decoding=\"async\" data-attachment-id=\"66487\" data-permalink=\"https:\/\/www.grieta.org.mx\/index.php\/2023\/03\/08\/miles-de-mujeres-marcharon-contra-la-violencia-feminicida-yucatan\/8m23merida2\/\" data-orig-file=\"https:\/\/www.grieta.org.mx\/wp-content\/uploads\/2023\/03\/8M23Merida2-e1678665399759.jpg\" data-orig-size=\"800,533\" data-comments-opened=\"0\" data-image-meta=\"{&quot;aperture&quot;:&quot;0&quot;,&quot;credit&quot;:&quot;&quot;,&quot;camera&quot;:&quot;&quot;,&quot;caption&quot;:&quot;&quot;,&quot;created_timestamp&quot;:&quot;0&quot;,&quot;copyright&quot;:&quot;&quot;,&quot;focal_length&quot;:&quot;0&quot;,&quot;iso&quot;:&quot;0&quot;,&quot;shutter_speed&quot;:&quot;0&quot;,&quot;title&quot;:&quot;&quot;,&quot;orientation&quot;:&quot;1&quot;}\" data-image-title=\"8M23Merida2\" data-image-description=\"\" data-image-caption=\"\" data-medium-file=\"https:\/\/www.grieta.org.mx\/wp-content\/uploads\/2023\/03\/8M23Merida2-e1678665399759-300x200.jpg\" data-large-file=\"https:\/\/www.grieta.org.mx\/wp-content\/uploads\/2023\/03\/8M23Merida2-1024x682.jpg\" src=\"http:\/\/www.grieta.org.mx\/wp-content\/uploads\/2023\/03\/8M23Merida2-e1678665399759.jpg\" alt=\"\" width=\"800\" height=\"533\" class=\"alignnone size-full wp-image-66487\" srcset=\"https:\/\/www.grieta.org.mx\/wp-content\/uploads\/2023\/03\/8M23Merida2-e1678665399759.jpg 800w, https:\/\/www.grieta.org.mx\/wp-content\/uploads\/2023\/03\/8M23Merida2-e1678665399759-300x200.jpg 300w, https:\/\/www.grieta.org.mx\/wp-content\/uploads\/2023\/03\/8M23Merida2-e1678665399759-768x512.jpg 768w\" sizes=\"auto, (max-width: 800px) 100vw, 800px\" \/><\/p>\n<p>Avanzaron gritando consignas como \u201cM\u00e9rida no es blanca, es feminicida\u201d y \u201cCon falda o pantal\u00f3n, resp\u00e9tame cabr\u00f3n\u201d .<\/p>\n<p>Realizaron recorrido de poco m\u00e1s de 40 minutos por la calle 62 del Centro Hist\u00f3rico, que en esta ocasi\u00f3n luci\u00f3 a oscuras en algunos tramos por fallas del alumbrado p\u00fablico, y llegaron al Paseo de Montejo, ante la mirada at\u00f3nita de los conductores, quienes no esperaban que se tome uno de los carriles; sin embargo hubo algunos que pitaron en se\u00f1al de apoyo.<\/p>\n<p><img loading=\"lazy\" decoding=\"async\" data-attachment-id=\"66488\" data-permalink=\"https:\/\/www.grieta.org.mx\/index.php\/2023\/03\/08\/miles-de-mujeres-marcharon-contra-la-violencia-feminicida-yucatan\/8m23merida3\/\" data-orig-file=\"https:\/\/www.grieta.org.mx\/wp-content\/uploads\/2023\/03\/8M23Merida3-e1678665511687.jpg\" data-orig-size=\"800,526\" data-comments-opened=\"0\" data-image-meta=\"{&quot;aperture&quot;:&quot;0&quot;,&quot;credit&quot;:&quot;&quot;,&quot;camera&quot;:&quot;&quot;,&quot;caption&quot;:&quot;&quot;,&quot;created_timestamp&quot;:&quot;0&quot;,&quot;copyright&quot;:&quot;&quot;,&quot;focal_length&quot;:&quot;0&quot;,&quot;iso&quot;:&quot;0&quot;,&quot;shutter_speed&quot;:&quot;0&quot;,&quot;title&quot;:&quot;&quot;,&quot;orientation&quot;:&quot;1&quot;}\" data-image-title=\"8M23Merida3\" data-image-description=\"\" data-image-caption=\"\" data-medium-file=\"https:\/\/www.grieta.org.mx\/wp-content\/uploads\/2023\/03\/8M23Merida3-e1678665511687-300x197.jpg\" data-large-file=\"https:\/\/www.grieta.org.mx\/wp-content\/uploads\/2023\/03\/8M23Merida3-1024x673.jpg\" src=\"http:\/\/www.grieta.org.mx\/wp-content\/uploads\/2023\/03\/8M23Merida3-e1678665511687.jpg\" alt=\"\" width=\"800\" height=\"526\" class=\"alignnone size-full wp-image-66488\" srcset=\"https:\/\/www.grieta.org.mx\/wp-content\/uploads\/2023\/03\/8M23Merida3-e1678665511687.jpg 800w, https:\/\/www.grieta.org.mx\/wp-content\/uploads\/2023\/03\/8M23Merida3-e1678665511687-300x197.jpg 300w, https:\/\/www.grieta.org.mx\/wp-content\/uploads\/2023\/03\/8M23Merida3-e1678665511687-768x505.jpg 768w\" sizes=\"auto, (max-width: 800px) 100vw, 800px\" \/><\/p>\n<p>La protesta asom\u00f3 a las 7:13 p.m. a la calle 60 donde un grupo derrib\u00f3 el tapiado de madera que el Ayuntamiento de M\u00e9rida y el Instituto Nacional de Antropolog\u00eda e Historia (INAH) coloc\u00f3 hace unos d\u00edas y lo intervinieron.<\/p>\n<p>En un avance lento, las mujeres llegaron a las 7:40 p.m. al Monumento a la Patria, donde entonaron varias veces \u201cCanci\u00f3n Sin Miedo\u201d de Vivir Quintana y exigieron al gobierno local y federal que realicen acciones contundentes para frenar la violencia contra este sector. <\/p>\n<p><img loading=\"lazy\" decoding=\"async\" data-attachment-id=\"66489\" data-permalink=\"https:\/\/www.grieta.org.mx\/index.php\/2023\/03\/08\/miles-de-mujeres-marcharon-contra-la-violencia-feminicida-yucatan\/8m23merida4\/\" data-orig-file=\"https:\/\/www.grieta.org.mx\/wp-content\/uploads\/2023\/03\/8M23Merida4-e1678665612893.jpg\" data-orig-size=\"800,812\" data-comments-opened=\"0\" data-image-meta=\"{&quot;aperture&quot;:&quot;0&quot;,&quot;credit&quot;:&quot;&quot;,&quot;camera&quot;:&quot;&quot;,&quot;caption&quot;:&quot;&quot;,&quot;created_timestamp&quot;:&quot;0&quot;,&quot;copyright&quot;:&quot;&quot;,&quot;focal_length&quot;:&quot;0&quot;,&quot;iso&quot;:&quot;0&quot;,&quot;shutter_speed&quot;:&quot;0&quot;,&quot;title&quot;:&quot;&quot;,&quot;orientation&quot;:&quot;1&quot;}\" data-image-title=\"8M23Merida4\" data-image-description=\"\" data-image-caption=\"\" data-medium-file=\"https:\/\/www.grieta.org.mx\/wp-content\/uploads\/2023\/03\/8M23Merida4-e1678665612893-296x300.jpg\" data-large-file=\"https:\/\/www.grieta.org.mx\/wp-content\/uploads\/2023\/03\/8M23Merida4-1008x1024.jpg\" src=\"http:\/\/www.grieta.org.mx\/wp-content\/uploads\/2023\/03\/8M23Merida4-e1678665612893.jpg\" alt=\"\" width=\"800\" height=\"812\" class=\"alignnone size-full wp-image-66489\" srcset=\"https:\/\/www.grieta.org.mx\/wp-content\/uploads\/2023\/03\/8M23Merida4-e1678665612893.jpg 800w, https:\/\/www.grieta.org.mx\/wp-content\/uploads\/2023\/03\/8M23Merida4-e1678665612893-296x300.jpg 296w, https:\/\/www.grieta.org.mx\/wp-content\/uploads\/2023\/03\/8M23Merida4-e1678665612893-768x780.jpg 768w\" sizes=\"auto, (max-width: 800px) 100vw, 800px\" \/><\/p>\n<p>Varias veces se intent\u00f3 derribar las vallas met\u00e1lica que se le impuso este mismo d\u00eda a la obra de R\u00f3mulo Rozo, pero no se logr\u00f3 ya que hab\u00eda cuerpos de antimotines dentro y afuera de las vallas. De hecho, un grupo de manifestantes prendi\u00f3 fuego a unas barreras.<\/p>\n<p>La concentraci\u00f3n se mantuvo en ese punto por varios minutos donde permanecieron cantando consignas y realizaron la iconoclasia para plasmar las exigencias de las manifestaciones.<\/p>\n<p><img loading=\"lazy\" decoding=\"async\" data-attachment-id=\"66490\" data-permalink=\"https:\/\/www.grieta.org.mx\/index.php\/2023\/03\/08\/miles-de-mujeres-marcharon-contra-la-violencia-feminicida-yucatan\/8m23merida5\/\" data-orig-file=\"https:\/\/www.grieta.org.mx\/wp-content\/uploads\/2023\/03\/8M23Merida5-e1678665734759.jpg\" data-orig-size=\"800,524\" data-comments-opened=\"0\" data-image-meta=\"{&quot;aperture&quot;:&quot;0&quot;,&quot;credit&quot;:&quot;&quot;,&quot;camera&quot;:&quot;&quot;,&quot;caption&quot;:&quot;&quot;,&quot;created_timestamp&quot;:&quot;0&quot;,&quot;copyright&quot;:&quot;&quot;,&quot;focal_length&quot;:&quot;0&quot;,&quot;iso&quot;:&quot;0&quot;,&quot;shutter_speed&quot;:&quot;0&quot;,&quot;title&quot;:&quot;&quot;,&quot;orientation&quot;:&quot;1&quot;}\" data-image-title=\"8M23Merida5\" data-image-description=\"\" data-image-caption=\"\" data-medium-file=\"https:\/\/www.grieta.org.mx\/wp-content\/uploads\/2023\/03\/8M23Merida5-e1678665734759-300x197.jpg\" data-large-file=\"https:\/\/www.grieta.org.mx\/wp-content\/uploads\/2023\/03\/8M23Merida5-1024x670.jpg\" src=\"http:\/\/www.grieta.org.mx\/wp-content\/uploads\/2023\/03\/8M23Merida5-e1678665734759.jpg\" alt=\"\" width=\"800\" height=\"524\" class=\"alignnone size-full wp-image-66490\" srcset=\"https:\/\/www.grieta.org.mx\/wp-content\/uploads\/2023\/03\/8M23Merida5-e1678665734759.jpg 800w, https:\/\/www.grieta.org.mx\/wp-content\/uploads\/2023\/03\/8M23Merida5-e1678665734759-300x197.jpg 300w, https:\/\/www.grieta.org.mx\/wp-content\/uploads\/2023\/03\/8M23Merida5-e1678665734759-768x503.jpg 768w, https:\/\/www.grieta.org.mx\/wp-content\/uploads\/2023\/03\/8M23Merida5-e1678665734759-765x500.jpg 765w\" sizes=\"auto, (max-width: 800px) 100vw, 800px\" \/><\/p>\n<p>Alrededor de las 8:40 p.m. ya se hab\u00eda disipado la protesta, incluso hubo un breve apag\u00f3n de dos segundos que hizo a las pocas manifestantes retirarse. Finalmente, el Monumento a la Patria qued\u00f3 custodiado por cientos de agentes policiacos.<\/p>\n<p>El segundo contingente sali\u00f3 de la Antimonumenta del Remate de Paseo de Montejo, y participaron miles de mujeres para exigir un alto a la violencia machista, pues muchas aseguraron haber vivido o ser testigo de alguno de los tipos de violencia de g\u00e9nero.<\/p>\n<p><img loading=\"lazy\" decoding=\"async\" data-attachment-id=\"66491\" data-permalink=\"https:\/\/www.grieta.org.mx\/index.php\/2023\/03\/08\/miles-de-mujeres-marcharon-contra-la-violencia-feminicida-yucatan\/8m23merida6\/\" data-orig-file=\"https:\/\/www.grieta.org.mx\/wp-content\/uploads\/2023\/03\/8M23Merida6-e1678665824141.jpg\" data-orig-size=\"800,525\" data-comments-opened=\"0\" data-image-meta=\"{&quot;aperture&quot;:&quot;0&quot;,&quot;credit&quot;:&quot;&quot;,&quot;camera&quot;:&quot;&quot;,&quot;caption&quot;:&quot;&quot;,&quot;created_timestamp&quot;:&quot;0&quot;,&quot;copyright&quot;:&quot;&quot;,&quot;focal_length&quot;:&quot;0&quot;,&quot;iso&quot;:&quot;0&quot;,&quot;shutter_speed&quot;:&quot;0&quot;,&quot;title&quot;:&quot;&quot;,&quot;orientation&quot;:&quot;1&quot;}\" data-image-title=\"8M23Merida6\" data-image-description=\"\" data-image-caption=\"\" data-medium-file=\"https:\/\/www.grieta.org.mx\/wp-content\/uploads\/2023\/03\/8M23Merida6-e1678665824141-300x197.jpg\" data-large-file=\"https:\/\/www.grieta.org.mx\/wp-content\/uploads\/2023\/03\/8M23Merida6-1024x672.jpg\" src=\"http:\/\/www.grieta.org.mx\/wp-content\/uploads\/2023\/03\/8M23Merida6-e1678665824141.jpg\" alt=\"\" width=\"800\" height=\"525\" class=\"alignnone size-full wp-image-66491\" srcset=\"https:\/\/www.grieta.org.mx\/wp-content\/uploads\/2023\/03\/8M23Merida6-e1678665824141.jpg 800w, https:\/\/www.grieta.org.mx\/wp-content\/uploads\/2023\/03\/8M23Merida6-e1678665824141-300x197.jpg 300w, https:\/\/www.grieta.org.mx\/wp-content\/uploads\/2023\/03\/8M23Merida6-e1678665824141-768x504.jpg 768w\" sizes=\"auto, (max-width: 800px) 100vw, 800px\" \/><\/p>\n<p>En el recorrido de algunas mujeres por Paseo de Montejo se observ\u00f3 tramos sin luz el\u00e9ctrica, por lo que tuvieron que trasladarse a oscuras.<\/p>\n<p>A su paso, lanzaban consignas como \u201c\u00a1M\u00e9rida no es blanca, es feminicida!\u201d o \u201cSomos malas, podemos ser peores\u201d y \u201c\u00a1la polic\u00eda no me cuida, me cuidan mis amigas!\u201d.<\/p>\n<p><img loading=\"lazy\" decoding=\"async\" data-attachment-id=\"66492\" data-permalink=\"https:\/\/www.grieta.org.mx\/index.php\/2023\/03\/08\/miles-de-mujeres-marcharon-contra-la-violencia-feminicida-yucatan\/8m23merida7\/\" data-orig-file=\"https:\/\/www.grieta.org.mx\/wp-content\/uploads\/2023\/03\/8M23Merida7-e1678665947826.jpg\" data-orig-size=\"800,526\" data-comments-opened=\"0\" data-image-meta=\"{&quot;aperture&quot;:&quot;0&quot;,&quot;credit&quot;:&quot;&quot;,&quot;camera&quot;:&quot;&quot;,&quot;caption&quot;:&quot;&quot;,&quot;created_timestamp&quot;:&quot;0&quot;,&quot;copyright&quot;:&quot;&quot;,&quot;focal_length&quot;:&quot;0&quot;,&quot;iso&quot;:&quot;0&quot;,&quot;shutter_speed&quot;:&quot;0&quot;,&quot;title&quot;:&quot;&quot;,&quot;orientation&quot;:&quot;1&quot;}\" data-image-title=\"8M23Merida7\" data-image-description=\"\" data-image-caption=\"\" data-medium-file=\"https:\/\/www.grieta.org.mx\/wp-content\/uploads\/2023\/03\/8M23Merida7-e1678665947826-300x197.jpg\" data-large-file=\"https:\/\/www.grieta.org.mx\/wp-content\/uploads\/2023\/03\/8M23Merida7-1024x673.jpg\" src=\"http:\/\/www.grieta.org.mx\/wp-content\/uploads\/2023\/03\/8M23Merida7-e1678665947826.jpg\" alt=\"\" width=\"800\" height=\"526\" class=\"alignnone size-full wp-image-66492\" srcset=\"https:\/\/www.grieta.org.mx\/wp-content\/uploads\/2023\/03\/8M23Merida7-e1678665947826.jpg 800w, https:\/\/www.grieta.org.mx\/wp-content\/uploads\/2023\/03\/8M23Merida7-e1678665947826-300x197.jpg 300w, https:\/\/www.grieta.org.mx\/wp-content\/uploads\/2023\/03\/8M23Merida7-e1678665947826-768x505.jpg 768w\" sizes=\"auto, (max-width: 800px) 100vw, 800px\" \/><\/p>\n<p>A la par, intervinieron diversos edificios como el del Palacio de la M\u00fasica y la sede del Partido Acci\u00f3n Nacional (PAN) en los que incluso dejaron evidencia de lo omiso que han sido los gobernantes municipales, estatales y nacionales en relaci\u00f3n a la violencia hacia las mujeres.<\/p>\n<p>Las manifestantes con pancartas en mano pidieron justicia por aquellas que est\u00e1n desaparecidas, igualmente por las que han perdido la vida en feminicidios.<\/p>\n<p><img loading=\"lazy\" decoding=\"async\" data-attachment-id=\"66493\" data-permalink=\"https:\/\/www.grieta.org.mx\/index.php\/2023\/03\/08\/miles-de-mujeres-marcharon-contra-la-violencia-feminicida-yucatan\/8m23merida8\/\" data-orig-file=\"https:\/\/www.grieta.org.mx\/wp-content\/uploads\/2023\/03\/8M23Merida8-e1678666047898.jpg\" data-orig-size=\"800,529\" data-comments-opened=\"0\" data-image-meta=\"{&quot;aperture&quot;:&quot;0&quot;,&quot;credit&quot;:&quot;&quot;,&quot;camera&quot;:&quot;&quot;,&quot;caption&quot;:&quot;&quot;,&quot;created_timestamp&quot;:&quot;0&quot;,&quot;copyright&quot;:&quot;&quot;,&quot;focal_length&quot;:&quot;0&quot;,&quot;iso&quot;:&quot;0&quot;,&quot;shutter_speed&quot;:&quot;0&quot;,&quot;title&quot;:&quot;&quot;,&quot;orientation&quot;:&quot;1&quot;}\" data-image-title=\"8M23Merida8\" data-image-description=\"\" data-image-caption=\"\" data-medium-file=\"https:\/\/www.grieta.org.mx\/wp-content\/uploads\/2023\/03\/8M23Merida8-e1678666047898-300x198.jpg\" data-large-file=\"https:\/\/www.grieta.org.mx\/wp-content\/uploads\/2023\/03\/8M23Merida8-1024x677.jpg\" src=\"http:\/\/www.grieta.org.mx\/wp-content\/uploads\/2023\/03\/8M23Merida8-e1678666047898.jpg\" alt=\"\" width=\"800\" height=\"529\" class=\"alignnone size-full wp-image-66493\" srcset=\"https:\/\/www.grieta.org.mx\/wp-content\/uploads\/2023\/03\/8M23Merida8-e1678666047898.jpg 800w, https:\/\/www.grieta.org.mx\/wp-content\/uploads\/2023\/03\/8M23Merida8-e1678666047898-300x198.jpg 300w, https:\/\/www.grieta.org.mx\/wp-content\/uploads\/2023\/03\/8M23Merida8-e1678666047898-768x508.jpg 768w\" sizes=\"auto, (max-width: 800px) 100vw, 800px\" \/><\/p>\n<p>Aseguraron ser madres, hermanas, hijas, esposas, amigas, t\u00edas, quienes s\u00f3lo quieren vivir libres, seguras y sin miedo.<\/p>\n<p><img loading=\"lazy\" decoding=\"async\" data-attachment-id=\"66494\" data-permalink=\"https:\/\/www.grieta.org.mx\/index.php\/2023\/03\/08\/miles-de-mujeres-marcharon-contra-la-violencia-feminicida-yucatan\/8m23merida9\/\" data-orig-file=\"https:\/\/www.grieta.org.mx\/wp-content\/uploads\/2023\/03\/8M23Merida9-e1678666145819.jpg\" data-orig-size=\"800,528\" data-comments-opened=\"0\" data-image-meta=\"{&quot;aperture&quot;:&quot;0&quot;,&quot;credit&quot;:&quot;&quot;,&quot;camera&quot;:&quot;&quot;,&quot;caption&quot;:&quot;&quot;,&quot;created_timestamp&quot;:&quot;0&quot;,&quot;copyright&quot;:&quot;&quot;,&quot;focal_length&quot;:&quot;0&quot;,&quot;iso&quot;:&quot;0&quot;,&quot;shutter_speed&quot;:&quot;0&quot;,&quot;title&quot;:&quot;&quot;,&quot;orientation&quot;:&quot;1&quot;}\" data-image-title=\"8M23Merida9\" data-image-description=\"\" data-image-caption=\"\" data-medium-file=\"https:\/\/www.grieta.org.mx\/wp-content\/uploads\/2023\/03\/8M23Merida9-e1678666145819-300x198.jpg\" data-large-file=\"https:\/\/www.grieta.org.mx\/wp-content\/uploads\/2023\/03\/8M23Merida9-1024x676.jpg\" src=\"http:\/\/www.grieta.org.mx\/wp-content\/uploads\/2023\/03\/8M23Merida9-e1678666145819.jpg\" alt=\"\" width=\"800\" height=\"528\" class=\"alignnone size-full wp-image-66494\" srcset=\"https:\/\/www.grieta.org.mx\/wp-content\/uploads\/2023\/03\/8M23Merida9-e1678666145819.jpg 800w, https:\/\/www.grieta.org.mx\/wp-content\/uploads\/2023\/03\/8M23Merida9-e1678666145819-300x198.jpg 300w, https:\/\/www.grieta.org.mx\/wp-content\/uploads\/2023\/03\/8M23Merida9-e1678666145819-768x507.jpg 768w\" sizes=\"auto, (max-width: 800px) 100vw, 800px\" \/><\/p>\n<p>Al llegar al Palacio de Gobierno, se vivieron momentos tensos porque estaba custodiado por decenas de elementos policiacos. Ah\u00ed prendieron una fogata con las vallas que lograron derribar.<\/p>\n<p>De acuerdo con el Censo Nacional de Procuraci\u00f3n de Justicia Estatal, el delito de violencia familiar aument\u00f3 5.3% entre 2019 y 2020 en M\u00e9xico, por lo que mujeres de todas las edades salieron para recordarle al Estado la deuda hist\u00f3rica que hay con este sector de la poblaci\u00f3n y por lo tanto, tienen que salir a las calles a hacer valer la defensa de sus derechos humanos.<\/p>\n<p><a href=\"https:\/\/www.hazruido.mx\/reportes\/miles-de-mujeres-marcharon-contra-la-violencia-feminicida\/\" rel=\"noopener\" target=\"_blank\">https:\/\/www.hazruido.mx\/reportes\/miles-de-mujeres-marcharon-contra-la-violencia-feminicida\/<\/a><\/p>\n","protected":false},"excerpt":{"rendered":"<p>Por Paloma Reyes e Itzel Chan \/ Fotos de Otilia Rauda \/ Haz Ruido Pese a la oscuridad en Paseo de Montejo, se realizaron dos marchas en el Centro Hist\u00f3rico. &hellip; <a href=\"https:\/\/www.grieta.org.mx\/index.php\/2023\/03\/08\/miles-de-mujeres-marcharon-contra-la-violencia-feminicida-yucatan\/\" class=\"more-link\">Leer m\u00e1s<\/a><\/p>\n","protected":false},"author":2,"featured_media":66486,"comment_status":"closed","ping_status":"closed","sticky":false,"template":"","format":"standard","meta":{"ngg_post_thumbnail":0,"_jetpack_newsletter_access":"","_jetpack_dont_email_post_to_subs":false,"_jetpack_newsletter_tier_id":0,"_jetpack_memberships_contains_paywalled_content":false,"_jetpack_memberships_contains_paid_content":false,"footnotes":""},"categories":[80,3168,2,36],"tags":[2272,2248],"class_list":["post-66485","post","type-post","status-publish","format-standard","has-post-thumbnail","hentry","category-cintillo","category-lucha-de-las-mujeres-en-yucatan","category-noticias-nacionales","category-yucatan","tag-dia-internacional-de-la-mujer","tag-luchas-de-las-mujeres","entry"],"jetpack_featured_media_url":"https:\/\/www.grieta.org.mx\/wp-content\/uploads\/2023\/03\/8M23Merida-e1678665299626.jpg","jetpack_sharing_enabled":true,"jetpack_shortlink":"https:\/\/wp.me\/p7ZJR4-hil","jetpack_likes_enabled":false,"jetpack-related-posts":[{"id":65784,"url":"https:\/\/www.grieta.org.mx\/index.php\/2022\/11\/25\/toman-las-calles-para-exigir-un-alto-a-la-violencia-machista-en-el-estado-mas-seguro-del-pais-yucatan\/","url_meta":{"origin":66485,"position":0},"title":"Toman las calles para exigir un alto a la violencia machista \u201cen el estado m\u00e1s seguro del pa\u00eds\u201d (Yucat\u00e1n)","author":"grieta","date":"25 noviembre, 2022","format":false,"excerpt":"Por Itzel Chan \/ Fotograf\u00edas de Otilia Rauda \/ Haz Ruido Cerca de cien mujeres recorrieron el Paseo de Montejo para recordar a las amigas, hermanas y madres que ya no est\u00e1n porque han sido v\u00edctimas de feminicidio. As\u00ed se vivi\u00f3 otra jornada de #25N en la capital yucateca. M\u00e9rida,\u2026","rel":"","context":"En &quot;CINTILLO&quot;","block_context":{"text":"CINTILLO","link":"https:\/\/www.grieta.org.mx\/index.php\/category\/cintillo\/"},"img":{"alt_text":"","src":"https:\/\/i0.wp.com\/www.grieta.org.mx\/wp-content\/uploads\/2022\/11\/25Nov-e1669513839791.jpg?resize=350%2C200&ssl=1","width":350,"height":200,"srcset":"https:\/\/i0.wp.com\/www.grieta.org.mx\/wp-content\/uploads\/2022\/11\/25Nov-e1669513839791.jpg?resize=350%2C200&ssl=1 1x, https:\/\/i0.wp.com\/www.grieta.org.mx\/wp-content\/uploads\/2022\/11\/25Nov-e1669513839791.jpg?resize=525%2C300&ssl=1 1.5x, https:\/\/i0.wp.com\/www.grieta.org.mx\/wp-content\/uploads\/2022\/11\/25Nov-e1669513839791.jpg?resize=700%2C400&ssl=1 2x"},"classes":[]},{"id":57613,"url":"https:\/\/www.grieta.org.mx\/index.php\/2021\/03\/07\/si-no-luchamos-juntas-nos-mataran-por-separado-las-vallas-son-una-provocacion-gritan-mujeres-de-yucatan-en-las-calles-de-merida\/","url_meta":{"origin":66485,"position":1},"title":"\u201c\u00a1Si no luchamos juntas nos mataran por separado!\u201d: \u201cLas vallas son una provocaci\u00f3n\u201d, gritan mujeres de Yucat\u00e1n en las calles de M\u00e9rida","author":"grieta","date":"7 marzo, 2021","format":false,"excerpt":"Itzel Chan \/ Noticaribe M\u00c9RIDA, MX.- Ante la ola de violencia de g\u00e9nero y feminicidios en Yucat\u00e1n, mujeres salieron a las calles, previamente al D\u00eda Internacional de la Mujer, para gritar: \u00a1Si no luchamos juntas, nos matar\u00e1n por separado! Y al llegar al monumento a la Patria, derribaron las vallas\u2026","rel":"","context":"En &quot;CINTILLO&quot;","block_context":{"text":"CINTILLO","link":"https:\/\/www.grieta.org.mx\/index.php\/category\/cintillo\/"},"img":{"alt_text":"","src":"https:\/\/i0.wp.com\/www.grieta.org.mx\/wp-content\/uploads\/2021\/03\/Marchap8MMerida.png?resize=350%2C200&ssl=1","width":350,"height":200,"srcset":"https:\/\/i0.wp.com\/www.grieta.org.mx\/wp-content\/uploads\/2021\/03\/Marchap8MMerida.png?resize=350%2C200&ssl=1 1x, https:\/\/i0.wp.com\/www.grieta.org.mx\/wp-content\/uploads\/2021\/03\/Marchap8MMerida.png?resize=525%2C300&ssl=1 1.5x"},"classes":[]},{"id":68621,"url":"https:\/\/www.grieta.org.mx\/index.php\/2024\/03\/08\/protestan-yucatecas-en-el-8m-y-la-policia-amuralla-la-ciudad-blanca\/","url_meta":{"origin":66485,"position":2},"title":"Protestan yucatecas en el #8M y la polic\u00eda amuralla la \u2018ciudad blanca\u2019","author":"grieta","date":"8 marzo, 2024","format":false,"excerpt":"Itzel Chan \/ Haz Ruido Las manifestantes realizaron diversas intervenciones durante la marcha. En el Palacio de Gobierno intentaron derribar las vallas y la polic\u00eda las dispers\u00f3 con agua a presi\u00f3n. M\u00e9rida, Yucat\u00e1n, 08 de marzo de 2024.-La manifestaci\u00f3n feminista en el marco del D\u00eda Internacional de la Mujer 2024\u2026","rel":"","context":"En &quot;CINTILLO&quot;","block_context":{"text":"CINTILLO","link":"https:\/\/www.grieta.org.mx\/index.php\/category\/cintillo\/"},"img":{"alt_text":"","src":"https:\/\/i0.wp.com\/www.grieta.org.mx\/wp-content\/uploads\/2024\/03\/8M-e1710727308266.jpg?resize=350%2C200&ssl=1","width":350,"height":200,"srcset":"https:\/\/i0.wp.com\/www.grieta.org.mx\/wp-content\/uploads\/2024\/03\/8M-e1710727308266.jpg?resize=350%2C200&ssl=1 1x, https:\/\/i0.wp.com\/www.grieta.org.mx\/wp-content\/uploads\/2024\/03\/8M-e1710727308266.jpg?resize=525%2C300&ssl=1 1.5x, https:\/\/i0.wp.com\/www.grieta.org.mx\/wp-content\/uploads\/2024\/03\/8M-e1710727308266.jpg?resize=700%2C400&ssl=1 2x"},"classes":[]},{"id":58110,"url":"https:\/\/www.grieta.org.mx\/index.php\/2021\/04\/02\/en-merida-izan-bandera-feminista-y-queman-imagen-de-policia-yucatan\/","url_meta":{"origin":66485,"position":3},"title":"En M\u00e9rida, izan bandera feminista y queman imagen de polic\u00eda (Yucat\u00e1n)","author":"grieta","date":"2 abril, 2021","format":false,"excerpt":"Claudia Arriaga \/ Haz Ruido Protestaron en la Plaza Grande por los feminicidios de Quintana Roo y Yucat\u00e1n M\u00e9rida, Yucat\u00e1n, 2 de abril del 2021.- En Yucat\u00e1n, las mujeres tambi\u00e9n se sumaron a las protestas de todo el pa\u00eds para exigir justicia por las cuatro mujeres que el fin de\u2026","rel":"","context":"En &quot;CINTILLO&quot;","block_context":{"text":"CINTILLO","link":"https:\/\/www.grieta.org.mx\/index.php\/category\/cintillo\/"},"img":{"alt_text":"","src":"https:\/\/i0.wp.com\/www.grieta.org.mx\/wp-content\/uploads\/2021\/04\/ProtestaFeminicidio-e1617483995487.png?resize=350%2C200&ssl=1","width":350,"height":200,"srcset":"https:\/\/i0.wp.com\/www.grieta.org.mx\/wp-content\/uploads\/2021\/04\/ProtestaFeminicidio-e1617483995487.png?resize=350%2C200&ssl=1 1x, https:\/\/i0.wp.com\/www.grieta.org.mx\/wp-content\/uploads\/2021\/04\/ProtestaFeminicidio-e1617483995487.png?resize=525%2C300&ssl=1 1.5x, https:\/\/i0.wp.com\/www.grieta.org.mx\/wp-content\/uploads\/2021\/04\/ProtestaFeminicidio-e1617483995487.png?resize=700%2C400&ssl=1 2x"},"classes":[]},{"id":55475,"url":"https:\/\/www.grieta.org.mx\/index.php\/2020\/11\/25\/ni-una-menos-ni-una-mas-protestan-mujeres-en-la-plaza-grande-de-merida-contra-la-violencia-de-genero-este-25n\/","url_meta":{"origin":66485,"position":4},"title":"\u201c\u00a1Ni una menos, ni una m\u00e1s!\u201d: Protestan mujeres en la Plaza Grande de M\u00e9rida contra la violencia de g\u00e9nero este 25N","author":"grieta","date":"25 noviembre, 2020","format":false,"excerpt":"Itzel Chan \/ Noticaribe M\u00c9RIDA, MX.- De manera pac\u00edfica, casi un centenar de mujeres grit\u00f3 al un\u00edsono \u201c\u00a1Ni una menos, ni una m\u00e1s!\u201d, para denunciar la omisi\u00f3n que el Gobierno de Yucat\u00e1n ha tenido en relaci\u00f3n a la violencia que viven las mujeres en la entidad y tambi\u00e9n por los\u2026","rel":"","context":"En &quot;CINTILLO&quot;","block_context":{"text":"CINTILLO","link":"https:\/\/www.grieta.org.mx\/index.php\/category\/cintillo\/"},"img":{"alt_text":"","src":"https:\/\/i0.wp.com\/www.grieta.org.mx\/wp-content\/uploads\/2020\/11\/WhatsApp-Image-2020-11-25-at-7.53.50-PM-1-e1606520347557.jpeg?resize=350%2C200&ssl=1","width":350,"height":200,"srcset":"https:\/\/i0.wp.com\/www.grieta.org.mx\/wp-content\/uploads\/2020\/11\/WhatsApp-Image-2020-11-25-at-7.53.50-PM-1-e1606520347557.jpeg?resize=350%2C200&ssl=1 1x, https:\/\/i0.wp.com\/www.grieta.org.mx\/wp-content\/uploads\/2020\/11\/WhatsApp-Image-2020-11-25-at-7.53.50-PM-1-e1606520347557.jpeg?resize=525%2C300&ssl=1 1.5x, https:\/\/i0.wp.com\/www.grieta.org.mx\/wp-content\/uploads\/2020\/11\/WhatsApp-Image-2020-11-25-at-7.53.50-PM-1-e1606520347557.jpeg?resize=700%2C400&ssl=1 2x"},"classes":[]},{"id":41546,"url":"https:\/\/www.grieta.org.mx\/index.php\/2019\/11\/25\/policia-detuvo-a-6-mujeres-en-yucatan-durante-marcha-contra-la-violencia-de-genero\/","url_meta":{"origin":66485,"position":5},"title":"Polic\u00eda detuvo a 6 mujeres en Yucat\u00e1n durante marcha contra la violencia de g\u00e9nero","author":"grieta","date":"25 noviembre, 2019","format":false,"excerpt":"Tras cumplir un breve arresto administrativo, las mujeres fueron liberadas, inform\u00f3 la Secretar\u00eda de Seguridad P\u00fablica. Redacci\u00f3n Animal Pol\u00edtico Seis mujeres fueron detenidas por la polic\u00eda este lunes en M\u00e9rida, Yucat\u00e1n, durante la protesta por el D\u00eda Internacional de la Eliminaci\u00f3n de la Violencia Contra las Mujeres. Manifestantes denunciaron que\u2026","rel":"","context":"En &quot;CINTILLO&quot;","block_context":{"text":"CINTILLO","link":"https:\/\/www.grieta.org.mx\/index.php\/category\/cintillo\/"},"img":{"alt_text":"","src":"https:\/\/i0.wp.com\/www.grieta.org.mx\/wp-content\/uploads\/2019\/11\/MarchaMujeresYuc.png?resize=350%2C200&ssl=1","width":350,"height":200},"classes":[]}],"_links":{"self":[{"href":"https:\/\/www.grieta.org.mx\/index.php\/wp-json\/wp\/v2\/posts\/66485","targetHints":{"allow":["GET"]}}],"collection":[{"href":"https:\/\/www.grieta.org.mx\/index.php\/wp-json\/wp\/v2\/posts"}],"about":[{"href":"https:\/\/www.grieta.org.mx\/index.php\/wp-json\/wp\/v2\/types\/post"}],"author":[{"embeddable":true,"href":"https:\/\/www.grieta.org.mx\/index.php\/wp-json\/wp\/v2\/users\/2"}],"replies":[{"embeddable":true,"href":"https:\/\/www.grieta.org.mx\/index.php\/wp-json\/wp\/v2\/comments?post=66485"}],"version-history":[{"count":1,"href":"https:\/\/www.grieta.org.mx\/index.php\/wp-json\/wp\/v2\/posts\/66485\/revisions"}],"predecessor-version":[{"id":66495,"href":"https:\/\/www.grieta.org.mx\/index.php\/wp-json\/wp\/v2\/posts\/66485\/revisions\/66495"}],"wp:featuredmedia":[{"embeddable":true,"href":"https:\/\/www.grieta.org.mx\/index.php\/wp-json\/wp\/v2\/media\/66486"}],"wp:attachment":[{"href":"https:\/\/www.grieta.org.mx\/index.php\/wp-json\/wp\/v2\/media?parent=66485"}],"wp:term":[{"taxonomy":"category","embeddable":true,"href":"https:\/\/www.grieta.org.mx\/index.php\/wp-json\/wp\/v2\/categories?post=66485"},{"taxonomy":"post_tag","embeddable":true,"href":"https:\/\/www.grieta.org.mx\/index.php\/wp-json\/wp\/v2\/tags?post=66485"}],"curies":[{"name":"wp","href":"https:\/\/api.w.org\/{rel}","templated":true}]}}