{"id":66475,"date":"2023-03-07T12:47:56","date_gmt":"2023-03-07T18:47:56","guid":{"rendered":"https:\/\/www.grieta.org.mx\/?p=66475"},"modified":"2023-03-12T13:01:33","modified_gmt":"2023-03-12T19:01:33","slug":"la-imparable-e-indignante-cifra-de-feminicidios-en-oaxaca-mas-de-40-en-los-primeros-100-dias-de-salomon-jara","status":"publish","type":"post","link":"https:\/\/www.grieta.org.mx\/index.php\/2023\/03\/07\/la-imparable-e-indignante-cifra-de-feminicidios-en-oaxaca-mas-de-40-en-los-primeros-100-dias-de-salomon-jara\/","title":{"rendered":"La imparable e indignante cifra de feminicidios en Oaxaca: m\u00e1s de 40 en los primeros 100 d\u00edas de Salom\u00f3n Jara"},"content":{"rendered":"<p>Imagen: Cuartoscuro<\/p>\n<p>Paola Monserrat \/ Infobae<\/p>\n<p>Durante las primeras horas del s\u00e1bado se dio a conocer que<b>\u00a0dos mujeres fueron asesinadas<\/b>\u00a0en el transcurso del\u00a0<b>viernes 10 y s\u00e1bado 11\u00a0<\/b>de\u00a0<b>marzo\u00a0<\/b>en<b>\u00a0Salina Cruz, Oaxaca<\/b>. La Fiscal\u00eda General del Estado de Oaxaca (<b>FGEO<\/b>) abri\u00f3 dos\u00a0<b>carpetas de investigaci\u00f3n ministerial, policial y pericial\u00a0<\/b>por el delito de\u00a0<b>feminicidio<\/b>, despu\u00e9s de que se diera a conocer la muerte de las f\u00e9minas.<\/p>\n<p class=\"paragraph\"><b>El primer caso ocurri\u00f3 en la noche del viernes en las inmediaciones de la colonia Cuauht\u00e9moc<\/b>, la v\u00edctima fue la maestra de preescolar<b>\u00a0Atenea, de 27 a\u00f1os,\u00a0<\/b>misma que fue atacada a\u00a0<b>balazos<\/b>. Mientras que el\u00a0<b>segundo caso<\/b>\u00a0se trat\u00f3 de\u00a0<b>Juquila Muriel, de 30 a\u00f1os<\/b>, quien tambi\u00e9n muri\u00f3 a causa de recibir m\u00faltiples\u00a0<b>disparos<\/b>, los hechos se desarrollaron en<b>\u00a0Ensenada La Ventosa<\/b>, Salina Cruz.<\/p>\n<p class=\"paragraph\">Cabe mencionar que <a href=\"https:\/\/www.infobae.com\/mexico\/2023\/03\/09\/oaxaca-encabeza-la-lista-de-estados-con-mas-feminicidios-en-el-pais\/\" target=\"_blank\" rel=\"noopener\"><b>Oaxaca fue registrada como la entidad con m\u00e1s feminicidios de la Rep\u00fablica<\/b><\/a>. De acuerdo con cifras oficiales del Secretario Ejecutivo del Sistema Nacional de Seguridad P\u00fablica, durante el mes de\u00a0<b>marzo<\/b>\u00a0se registraron\u00a0<b>11 feminicidios.<\/b><\/p>\n<p><b>Otra mujer fue encontrada sin vida en el municipio de San Antonio Castillo Velasco<\/b>, de tal forma que se trat\u00f3 de la\u00a0<b>v\u00edctima n\u00famero 43\u00a0<\/b>durante los primeros\u00a0<b>100 d\u00edas del gobierno de Salom\u00f3n Jara<\/b>. El cuerpo de la joven<b>\u00a0Justa Sonia<\/b>\u00a0fue tirado en un\u00a0<b>despoblado<\/b>, la \u00faltima vez que la vieron con vida fue el pasado<b>\u00a07 de marzo<\/b>, en las inmediaciones del\u00a0<b>Rancho Galeada, Ocotl\u00e1n de Morelos<\/b>.<\/p>\n<p class=\"paragraph\">De acuerdo con medios locales, se estima que al mes de marzo se sumen un total de\u00a0<b>43 feminicidios\u00a0<\/b>y\u00a0<b>33 desapariciones<\/b>. El pasado<b>\u00a06 de marzo<\/b>, por medio de la Fiscal\u00eda General del estado de Oaxaca, se inform\u00f3 del<b>\u00a0rescate del cuerpo<\/b>\u00a0de una f\u00e9mina abandonada en un terreno bald\u00edo en la\u00a0<b>colonia Forestal<\/b>, en\u00a0<b>Santa Mar\u00eda Atzompa.<\/b><\/p>\n<p class=\"paragraph\">Seg\u00fan los primeros informes, su cad\u00e1ver presentaba\u00a0<b>golpes y heridas<\/b>, motivo por el cual las autoridades del estado tuvieron que abrir una carpeta de investigaci\u00f3n por\u00a0<b>feminicidio<\/b>.<\/p>\n<p>\u201cLa instituci\u00f3n despleg\u00f3 un equipo multidisciplinario tanto en materia de periciales como de agentes de investigaci\u00f3n, para llevar a cabo las primeras diligencias. Hasta el momento,\u00a0<b>la v\u00edctima se encuentra en calidad de desconocida<\/b>. Personal especializado del Instituto de Servicios Periciales trabaja para recolectar la informaci\u00f3n que ayude a esclarecer el caso\u201d, inform\u00f3 la Fiscal\u00eda del estado.<\/p>\n<p>Es importante destacar que de los casos registrados por\u00a0<b>feminicidio\u00a0<\/b>y\u00a0<b>desapariciones<\/b>, m\u00e1s de la mitad corresponden a<b>\u00a0menores de edad<\/b>\u00a0que rondan entre los\u00a0<b>13 y 18 a\u00f1os<\/b>. El pasado 31 de agosto del 2018, las autoridades de Oaxaca declararon la alerta por violencia de g\u00e9nero en al menos 40 municipios, cuando la entidad a\u00fan no se registraba como la m\u00e1s violenta para las mujeres.<\/p>\n<p>La presidenta del Grupo de Estudios Sobre la Mujer Rosario Castellanos (<b>GESMujer<\/b>),<b>\u00a0Ang\u00e9lica Ayala Ortiz<\/b>, indic\u00f3 que\u00a0<b>Oaxaca\u00a0<\/b>se encuentra en un estado cr\u00edtico, puesto que<b>\u00a0<\/b><a href=\"https:\/\/www.infobae.com\/mexico\/2023\/02\/28\/oaxaca-lidera-como-el-estado-con-mayor-numero-de-feminicidios-durante-primer-mes-de-2023\/\" target=\"_blank\" rel=\"noopener\"><b>ocupa el primer lugar de feminicidios a nivel nacional<\/b><\/a>.<\/p>\n<p>\u201cDeshonroso, lamentable e indignante primer lugar. Desafortunadamente<b>\u00a0Oaxaca tiene del 98 % al 100 % de impunidad en casos de feminicidios<\/b>, esto manda una mala se\u00f1al de que no se sanciona al que agrede\u201d, lament\u00f3.<\/p>\n<p class=\"paragraph\">Por otra parte, el asesinato de\u00a0<b>Perla<\/b>, una<b>\u00a0ni\u00f1a de nueve a\u00f1os\u00a0<\/b>el pasado\u00a0<b>18 de febrero<\/b>\u00a0y el\u00a0<b>feminicidio\u00a0<\/b>de las<b>\u00a0hermanas Natalia y Ximena de 19 y 17 a\u00f1os respectivamente<\/b>,\u00a0<b>asesinadas\u00a0<\/b>por su\u00a0<b>padre\u00a0<\/b>en la<b>\u00a0ciudad de Oaxaca<\/b>\u00a0en lo que va de 2023, son los que m\u00e1s han consternado a la ciudadan\u00eda.<\/p>\n<p class=\"paragraph\">De tal forma que el estado de<b>\u00a0Oaxaca se coloc\u00f3 en la primera posici\u00f3n de feminicidios y desapariciones\u00a0<\/b>dejando atr\u00e1s a entidades como el Estado de M\u00e9xico, la capital del pa\u00eds y Nuevo Le\u00f3n, quienes hab\u00edan encabezado la lista en diferentes periodos.<\/p>\n<p><a href=\"https:\/\/www.infobae.com\/mexico\/2023\/03\/12\/la-imparable-e-indignante-cifra-de-feminicidios-en-oaxaca-mas-de-40-en-los-primeros-100-dias-de-salomon-jara\/\">https:\/\/www.infobae.com\/mexico\/2023\/03\/12\/la-imparable-e-indignante-cifra-de-feminicidios-en-oaxaca-mas-de-40-en-los-primeros-100-dias-de-salomon-jara\/<\/a><\/p>\n<p>&nbsp;<\/p>\n","protected":false},"excerpt":{"rendered":"<p>Imagen: Cuartoscuro Paola Monserrat \/ Infobae Durante las primeras horas del s\u00e1bado se dio a conocer que\u00a0dos mujeres fueron asesinadas\u00a0en el transcurso del\u00a0viernes 10 y s\u00e1bado 11\u00a0de\u00a0marzo\u00a0en\u00a0Salina Cruz, Oaxaca. La &hellip; <a href=\"https:\/\/www.grieta.org.mx\/index.php\/2023\/03\/07\/la-imparable-e-indignante-cifra-de-feminicidios-en-oaxaca-mas-de-40-en-los-primeros-100-dias-de-salomon-jara\/\" class=\"more-link\">Leer m\u00e1s<\/a><\/p>\n","protected":false},"author":2,"featured_media":66476,"comment_status":"closed","ping_status":"closed","sticky":false,"template":"","format":"standard","meta":{"ngg_post_thumbnail":0,"_jetpack_newsletter_access":"","_jetpack_dont_email_post_to_subs":false,"_jetpack_newsletter_tier_id":0,"_jetpack_memberships_contains_paywalled_content":false,"_jetpack_memberships_contains_paid_content":false,"footnotes":""},"categories":[80,84,1325,2,25,83],"tags":[3225,2959,2999,81],"class_list":["post-66475","post","type-post","status-publish","format-standard","has-post-thumbnail","hentry","category-cintillo","category-feminicidios","category-feminicidios-en-oaxaca-oaxaca","category-noticias-nacionales","category-oaxaca","category-temas-nacionales","tag-aumento-de-la-violencia-contra-las-mujeres","tag-estadisticas-de-feminicidio","tag-feminicidio-violencia-contra-las-mujeres","tag-feminicidios","entry"],"jetpack_featured_media_url":"https:\/\/www.grieta.org.mx\/wp-content\/uploads\/2023\/03\/RMQ6I4KGUREV7KWIPIWMBLR52I.jpeg","jetpack_sharing_enabled":true,"jetpack_shortlink":"https:\/\/wp.me\/p7ZJR4-hib","jetpack_likes_enabled":false,"jetpack-related-posts":[{"id":65754,"url":"https:\/\/www.grieta.org.mx\/index.php\/2022\/11\/02\/con-ofrenda-piden-justicia-para-victimas-de-feminicidio-en-oaxaca\/","url_meta":{"origin":66475,"position":0},"title":"Con ofrenda piden justicia para v\u00edctimas de feminicidio en Oaxaca","author":"grieta","date":"2 noviembre, 2022","format":false,"excerpt":"Imagen: El Solo de Nayarit Redacci\u00f3n \/ El Sol de Nayarit Integrantes de la colectiva \"las nietas de Lilith Oaxaca\", instalaron un altar en memoria de las mujeres que fueron v\u00edctimas de feminicidio en Oaxaca. El altar est\u00e1 ubicado a un costado del atrio de Santo Domingo de Guzm\u00e1n, en\u2026","rel":"","context":"En &quot;CINTILLO&quot;","block_context":{"text":"CINTILLO","link":"https:\/\/www.grieta.org.mx\/index.php\/category\/cintillo\/"},"img":{"alt_text":"","src":"https:\/\/i0.wp.com\/www.grieta.org.mx\/wp-content\/uploads\/2022\/11\/87688_17_20221102213731_117captura_de_pantalla_2022-11-02_a_la_s__2.47.41_p.m.png?resize=350%2C200&ssl=1","width":350,"height":200,"srcset":"https:\/\/i0.wp.com\/www.grieta.org.mx\/wp-content\/uploads\/2022\/11\/87688_17_20221102213731_117captura_de_pantalla_2022-11-02_a_la_s__2.47.41_p.m.png?resize=350%2C200&ssl=1 1x, https:\/\/i0.wp.com\/www.grieta.org.mx\/wp-content\/uploads\/2022\/11\/87688_17_20221102213731_117captura_de_pantalla_2022-11-02_a_la_s__2.47.41_p.m.png?resize=525%2C300&ssl=1 1.5x"},"classes":[]},{"id":66087,"url":"https:\/\/www.grieta.org.mx\/index.php\/2022\/12\/31\/oaxaca-quinta-entidad-con-mas-delitos-de-feminicidio\/","url_meta":{"origin":66475,"position":1},"title":"Oaxaca, quinta entidad con m\u00e1s delitos de feminicidio","author":"grieta","date":"31 diciembre, 2022","format":false,"excerpt":"Imagen: Agencia Reforma Ana Lilia Pacheco De acuerdo con el Secretariado Ejecutivo del Sistema Nacional de Seguridad P\u00fablica (SESNSP), Oaxaca ocupa el quinto lugar a nivel nacional con el mayor n\u00famero de presuntos delitos de feminicidio durante el a\u00f1o 2022. El reporte Informaci\u00f3n Sobre Violencia Contra las Mujeres detalla que\u2026","rel":"","context":"En &quot;CINTILLO&quot;","block_context":{"text":"CINTILLO","link":"https:\/\/www.grieta.org.mx\/index.php\/category\/cintillo\/"},"img":{"alt_text":"","src":"https:\/\/i0.wp.com\/www.grieta.org.mx\/wp-content\/uploads\/2023\/01\/feminicidio.webp?resize=350%2C200&ssl=1","width":350,"height":200,"srcset":"https:\/\/i0.wp.com\/www.grieta.org.mx\/wp-content\/uploads\/2023\/01\/feminicidio.webp?resize=350%2C200&ssl=1 1x, https:\/\/i0.wp.com\/www.grieta.org.mx\/wp-content\/uploads\/2023\/01\/feminicidio.webp?resize=525%2C300&ssl=1 1.5x, https:\/\/i0.wp.com\/www.grieta.org.mx\/wp-content\/uploads\/2023\/01\/feminicidio.webp?resize=700%2C400&ssl=1 2x"},"classes":[]},{"id":65826,"url":"https:\/\/www.grieta.org.mx\/index.php\/2022\/11\/25\/oaxaca-se-suma-a-marcha-del-25n-paralizan-carretera-de-juchitan-para-exigir-alto-a-la-violencia-contra-las-mujeres\/","url_meta":{"origin":66475,"position":2},"title":"Oaxaca se suma a marcha del 25N: paralizan carretera de Juchit\u00e1n para exigir alto a la violencia contra las mujeres","author":"grieta","date":"25 noviembre, 2022","format":false,"excerpt":"Imagen: Especial Jos\u00e9 Luis L\u00f3pez \/ El Heraldo En el marco del\u00a0D\u00eda de lucha para la erradicaci\u00f3n de la violencia contra las mujeres, las integrantes del\u00a0Grupo de Mujeres 8 de Marzo, se manifestaron con un bloqueo parcial en la carretera federal en Juchit\u00e1n,\u00a0Oaxaca. Rogelia Gonz\u00e1lez Luis, dirigente de esta organizaci\u00f3n,\u2026","rel":"","context":"En &quot;CINTILLO&quot;","block_context":{"text":"CINTILLO","link":"https:\/\/www.grieta.org.mx\/index.php\/category\/cintillo\/"},"img":{"alt_text":"","src":"https:\/\/i0.wp.com\/www.grieta.org.mx\/wp-content\/uploads\/2022\/11\/f960x540-624263_698338_0.jpg?resize=350%2C200&ssl=1","width":350,"height":200,"srcset":"https:\/\/i0.wp.com\/www.grieta.org.mx\/wp-content\/uploads\/2022\/11\/f960x540-624263_698338_0.jpg?resize=350%2C200&ssl=1 1x, https:\/\/i0.wp.com\/www.grieta.org.mx\/wp-content\/uploads\/2022\/11\/f960x540-624263_698338_0.jpg?resize=525%2C300&ssl=1 1.5x, https:\/\/i0.wp.com\/www.grieta.org.mx\/wp-content\/uploads\/2022\/11\/f960x540-624263_698338_0.jpg?resize=700%2C400&ssl=1 2x"},"classes":[]},{"id":65823,"url":"https:\/\/www.grieta.org.mx\/index.php\/2022\/11\/26\/piden-justicia-por-cuatro-feminicidios-y-tres-desapariciones-en-oaxaca\/","url_meta":{"origin":66475,"position":3},"title":"Piden justicia por cuatro feminicidios y tres desapariciones en Oaxaca","author":"grieta","date":"26 noviembre, 2022","format":false,"excerpt":"Imagen: NVI Noticas Lesle Aguilar \/NVI Noticias HUAJUAPAN DE LE\u00d3N, Oaxaca. - Colectivos feministas pidieron a la Fiscal\u00eda de Oaxaca que se aclaren cuatro casos de feminicidios y tres desapariciones ocurridas en la Mixteca. La colectiva feminista Marea Verde Mixteca dio a conocer en el marco del D\u00eda Internacional para\u2026","rel":"","context":"En &quot;CINTILLO&quot;","block_context":{"text":"CINTILLO","link":"https:\/\/www.grieta.org.mx\/index.php\/category\/cintillo\/"},"img":{"alt_text":"","src":"https:\/\/i0.wp.com\/www.grieta.org.mx\/wp-content\/uploads\/2022\/11\/protesta-dia-naranja.webp?resize=350%2C200&ssl=1","width":350,"height":200,"srcset":"https:\/\/i0.wp.com\/www.grieta.org.mx\/wp-content\/uploads\/2022\/11\/protesta-dia-naranja.webp?resize=350%2C200&ssl=1 1x, https:\/\/i0.wp.com\/www.grieta.org.mx\/wp-content\/uploads\/2022\/11\/protesta-dia-naranja.webp?resize=525%2C300&ssl=1 1.5x, https:\/\/i0.wp.com\/www.grieta.org.mx\/wp-content\/uploads\/2022\/11\/protesta-dia-naranja.webp?resize=700%2C400&ssl=1 2x"},"classes":[]},{"id":70308,"url":"https:\/\/www.grieta.org.mx\/index.php\/2024\/10\/20\/van-8-feminicidios-en-el-mes-de-octubre-en-oaxaca-anoche-asesinaron-a-antonieta-una-famosa-costurera-en-tuxtepec-oaxaca\/","url_meta":{"origin":66475,"position":4},"title":"Van 8 feminicidios en el mes de octubre en Oaxaca: Anoche asesinaron a Antonieta, una famosa costurera en Tuxtepec, Oaxaca","author":"grieta","date":"20 octubre, 2024","format":false,"excerpt":"Imagen: Itsmo Press Diana Manzo \/ Itsmo Press #Oaxaca 20 Oct (#Istmopress) \u2013 Antonieta, de 48 a\u00f1os de edad y conocida costurera de Tuxtepec, Oaxaca fue asesinada anoche a balazos en su vivienda. Con este feminicidio, suman 8 mujeres asesinadas en lo que va del mes de octubre en este\u2026","rel":"","context":"En &quot;CINTILLO&quot;","block_context":{"text":"CINTILLO","link":"https:\/\/www.grieta.org.mx\/index.php\/category\/cintillo\/"},"img":{"alt_text":"","src":"https:\/\/i0.wp.com\/www.grieta.org.mx\/wp-content\/uploads\/2024\/10\/1729478970767-1024x576-1.jpg?resize=350%2C200&ssl=1","width":350,"height":200,"srcset":"https:\/\/i0.wp.com\/www.grieta.org.mx\/wp-content\/uploads\/2024\/10\/1729478970767-1024x576-1.jpg?resize=350%2C200&ssl=1 1x, https:\/\/i0.wp.com\/www.grieta.org.mx\/wp-content\/uploads\/2024\/10\/1729478970767-1024x576-1.jpg?resize=525%2C300&ssl=1 1.5x, https:\/\/i0.wp.com\/www.grieta.org.mx\/wp-content\/uploads\/2024\/10\/1729478970767-1024x576-1.jpg?resize=700%2C400&ssl=1 2x"},"classes":[]},{"id":66000,"url":"https:\/\/www.grieta.org.mx\/index.php\/2022\/12\/22\/violencia-y-feminicidios-marcan-2022-en-el-istmo-oaxaca\/","url_meta":{"origin":66475,"position":5},"title":"Violencia y feminicidios marcan 2022 en el Istmo (Oaxaca)","author":"grieta","date":"22 diciembre, 2022","format":false,"excerpt":"Imagen: Cortes\u00eda \u00c1ngel Mendoza \/ NVINoticias Seg\u00fan los datos del GESMujer, la m\u00e1s alta incidencia de mujeres asesinadas durante este a\u00f1o que est\u00e1 por finalizar es de entre 30 y 44 a\u00f1os de edad. El porcentaje m\u00e1s alto de los cr\u00edmenes se da en el propio hogar con cifras que\u2026","rel":"","context":"En &quot;CINTILLO&quot;","block_context":{"text":"CINTILLO","link":"https:\/\/www.grieta.org.mx\/index.php\/category\/cintillo\/"},"img":{"alt_text":"","src":"https:\/\/i0.wp.com\/www.grieta.org.mx\/wp-content\/uploads\/2022\/12\/violencia_feminicidios_istmo.webp?resize=350%2C200&ssl=1","width":350,"height":200,"srcset":"https:\/\/i0.wp.com\/www.grieta.org.mx\/wp-content\/uploads\/2022\/12\/violencia_feminicidios_istmo.webp?resize=350%2C200&ssl=1 1x, https:\/\/i0.wp.com\/www.grieta.org.mx\/wp-content\/uploads\/2022\/12\/violencia_feminicidios_istmo.webp?resize=525%2C300&ssl=1 1.5x, https:\/\/i0.wp.com\/www.grieta.org.mx\/wp-content\/uploads\/2022\/12\/violencia_feminicidios_istmo.webp?resize=700%2C400&ssl=1 2x"},"classes":[]}],"_links":{"self":[{"href":"https:\/\/www.grieta.org.mx\/index.php\/wp-json\/wp\/v2\/posts\/66475","targetHints":{"allow":["GET"]}}],"collection":[{"href":"https:\/\/www.grieta.org.mx\/index.php\/wp-json\/wp\/v2\/posts"}],"about":[{"href":"https:\/\/www.grieta.org.mx\/index.php\/wp-json\/wp\/v2\/types\/post"}],"author":[{"embeddable":true,"href":"https:\/\/www.grieta.org.mx\/index.php\/wp-json\/wp\/v2\/users\/2"}],"replies":[{"embeddable":true,"href":"https:\/\/www.grieta.org.mx\/index.php\/wp-json\/wp\/v2\/comments?post=66475"}],"version-history":[{"count":1,"href":"https:\/\/www.grieta.org.mx\/index.php\/wp-json\/wp\/v2\/posts\/66475\/revisions"}],"predecessor-version":[{"id":66477,"href":"https:\/\/www.grieta.org.mx\/index.php\/wp-json\/wp\/v2\/posts\/66475\/revisions\/66477"}],"wp:featuredmedia":[{"embeddable":true,"href":"https:\/\/www.grieta.org.mx\/index.php\/wp-json\/wp\/v2\/media\/66476"}],"wp:attachment":[{"href":"https:\/\/www.grieta.org.mx\/index.php\/wp-json\/wp\/v2\/media?parent=66475"}],"wp:term":[{"taxonomy":"category","embeddable":true,"href":"https:\/\/www.grieta.org.mx\/index.php\/wp-json\/wp\/v2\/categories?post=66475"},{"taxonomy":"post_tag","embeddable":true,"href":"https:\/\/www.grieta.org.mx\/index.php\/wp-json\/wp\/v2\/tags?post=66475"}],"curies":[{"name":"wp","href":"https:\/\/api.w.org\/{rel}","templated":true}]}}