{"id":66459,"date":"2023-03-08T10:38:04","date_gmt":"2023-03-08T16:38:04","guid":{"rendered":"https:\/\/www.grieta.org.mx\/?p=66459"},"modified":"2023-03-12T10:44:47","modified_gmt":"2023-03-12T16:44:47","slug":"es-8-veces-mas-probable-que-asesinen-a-una-mujer-en-colima-que-en-el-resto-del-pais","status":"publish","type":"post","link":"https:\/\/www.grieta.org.mx\/index.php\/2023\/03\/08\/es-8-veces-mas-probable-que-asesinen-a-una-mujer-en-colima-que-en-el-resto-del-pais\/","title":{"rendered":"Es 8 veces m\u00e1s probable que asesinen a una mujer en Colima que en el resto del pa\u00eds"},"content":{"rendered":"<p>Imagen: Tomada de la Red<\/p>\n<p>Heidi de Le\u00f3n Guti\u00e9rrez \/ Diario Avanzada<\/p>\n<p>Colima, M\u00e9xico, Avanzada (08\/03\/2023).- Colima\u00a0arranc\u00f3 el a\u00f1o con la tasa m\u00e1s alta de feminicidios en el pa\u00eds, de acuerdo a las cifras del Secretariado Ejecutivo del Sistema Nacional de Seguridad P\u00fablica (SESNSP).<\/p>\n<p>No es lo \u00fanico, tambi\u00e9n tiene la tasa m\u00e1s alta de homicidios dolosos de mujeres por cada 100 mil v\u00edctimas femeninas. Con las estad\u00edsticas oficiales, en Colima es ocho veces m\u00e1s probable que se cometa el asesinato \u00a0de una mujer, que en la media nacional, pues la tasa de \u00e9ste \u00faltimo punto es de 0.34, mientras que la del estado colimense es de 2.91.<\/p>\n<p>Adem\u00e1s, el a\u00f1o pasado cerr\u00f3 con un incremento del 350 por ciento de los casos de feminicidio en comparaci\u00f3n con las cifras de 2021.<\/p>\n<p>Los datos anteriores contrastan con el discurso de la gobernadora, Indira Vizca\u00edno Silva, quien desde que asumi\u00f3 su gobierno se defini\u00f3 como feminista. Tan s\u00f3lo el domingo pasado aprovech\u00f3 un evento con mujeres en la Ciudad de M\u00e9xico para corear\u00a0<em>la ca\u00edda del patriarcado.<\/em><\/p>\n<p>Las estad\u00edsticas oficiales revelan que durante el gobierno de Indira Vizca\u00edno Silva aumentaron los delitos de feminicidio y homicidios dolosos de mujeres, en comparaci\u00f3n con 2020, cuando ella a\u00fan no estaba como titular del Poder Ejecutivo.<\/p>\n<p>En enero de este a\u00f1o,\u00a0fueron asesinadas 14 mujeres, pero la Fiscal\u00eda General del estado investiga s\u00f3lo dos como feminicidios y el resto de los casos los clasific\u00f3 como homicidios dolosos de mujeres.<\/p>\n<p>A\u00fan con esos dos casos de feminicidio reportados por la Fiscal\u00eda, la entidad aparece con una tasa de 0.49 por cada 100 mil mujeres, la m\u00e1s alta del pa\u00eds. Adem\u00e1s, esa tasa es casi cuatro veces m\u00e1s elevada que la media nacional que se reporta en 0.10, de acuerdo a los datos del Secretariado Ejecutivo del Sistema Nacional de Seguridad P\u00fablica.<\/p>\n<p><a href=\"https:\/\/www.diarioavanzada.com.mx\/?p=40433\">https:\/\/www.diarioavanzada.com.mx\/?p=40433<\/a><\/p>\n","protected":false},"excerpt":{"rendered":"<p>Imagen: Tomada de la Red Heidi de Le\u00f3n Guti\u00e9rrez \/ Diario Avanzada Colima, M\u00e9xico, Avanzada (08\/03\/2023).- Colima\u00a0arranc\u00f3 el a\u00f1o con la tasa m\u00e1s alta de feminicidios en el pa\u00eds, de &hellip; <a href=\"https:\/\/www.grieta.org.mx\/index.php\/2023\/03\/08\/es-8-veces-mas-probable-que-asesinen-a-una-mujer-en-colima-que-en-el-resto-del-pais\/\" class=\"more-link\">Leer m\u00e1s<\/a><\/p>\n","protected":false},"author":2,"featured_media":66460,"comment_status":"closed","ping_status":"closed","sticky":false,"template":"","format":"standard","meta":{"ngg_post_thumbnail":0,"_jetpack_newsletter_access":"","_jetpack_dont_email_post_to_subs":false,"_jetpack_newsletter_tier_id":0,"_jetpack_memberships_contains_paywalled_content":false,"_jetpack_memberships_contains_paid_content":false,"footnotes":""},"categories":[80,13,84,1016,2,83,1983],"tags":[3225,2959,2999,81],"class_list":["post-66459","post","type-post","status-publish","format-standard","has-post-thumbnail","hentry","category-cintillo","category-colima","category-feminicidios","category-feminicidios-en-colima","category-noticias-nacionales","category-temas-nacionales","category-violencia-contra-mujeres-en-colima","tag-aumento-de-la-violencia-contra-las-mujeres","tag-estadisticas-de-feminicidio","tag-feminicidio-violencia-contra-las-mujeres","tag-feminicidios","entry"],"jetpack_featured_media_url":"https:\/\/www.grieta.org.mx\/wp-content\/uploads\/2023\/03\/images.jpg","jetpack_sharing_enabled":true,"jetpack_shortlink":"https:\/\/wp.me\/p7ZJR4-hhV","jetpack_likes_enabled":false,"jetpack-related-posts":[{"id":67829,"url":"https:\/\/www.grieta.org.mx\/index.php\/2023\/09\/25\/colima-primero-en-homicidios-de-mujeres-y-violencia-familiar-segundo-en-feminicidios\/","url_meta":{"origin":66459,"position":0},"title":"Colima, primero en homicidios de mujeres y violencia familiar; segundo en feminicidios","author":"grieta","date":"25 septiembre, 2023","format":false,"excerpt":"Imagen: Tomada de la Red Heidi de Le\u00f3n Guti\u00e9rrez \/ Diario Avanzada Colima, M\u00e9xico, Avanzada (25\/09\/2023).- A pesar de haber sido declarado con Alerta de Violencia de G\u00e9nero desde 2017, el estado de Colima contin\u00faa padeciendo la ola de violencia familiar y de g\u00e9nero. Las cifras son alarmantes: seg\u00fan el\u2026","rel":"","context":"En &quot;CINTILLO&quot;","block_context":{"text":"CINTILLO","link":"https:\/\/www.grieta.org.mx\/index.php\/category\/cintillo\/"},"img":{"alt_text":"","src":"https:\/\/i0.wp.com\/www.grieta.org.mx\/wp-content\/uploads\/2023\/10\/Imagen-de-WhatsApp-2023-09-25-a-las-08.16.28-840x1024-1.webp?resize=350%2C200&ssl=1","width":350,"height":200,"srcset":"https:\/\/i0.wp.com\/www.grieta.org.mx\/wp-content\/uploads\/2023\/10\/Imagen-de-WhatsApp-2023-09-25-a-las-08.16.28-840x1024-1.webp?resize=350%2C200&ssl=1 1x, https:\/\/i0.wp.com\/www.grieta.org.mx\/wp-content\/uploads\/2023\/10\/Imagen-de-WhatsApp-2023-09-25-a-las-08.16.28-840x1024-1.webp?resize=525%2C300&ssl=1 1.5x, https:\/\/i0.wp.com\/www.grieta.org.mx\/wp-content\/uploads\/2023\/10\/Imagen-de-WhatsApp-2023-09-25-a-las-08.16.28-840x1024-1.webp?resize=700%2C400&ssl=1 2x"},"classes":[]},{"id":71698,"url":"https:\/\/www.grieta.org.mx\/index.php\/2025\/05\/05\/colima-el-estado-mas-violento-contra-las-mujeres-en-el-primer-trimestre-de-2025\/","url_meta":{"origin":66459,"position":1},"title":"Colima, el estado m\u00e1s violento contra las mujeres en el primer trimestre de 2025","author":"grieta","date":"5 mayo, 2025","format":false,"excerpt":"Imagen: fachada del Palacio de Gobierno de Colima tras la manifestaci\u00f3n feminista del 8 de marzo. Heidi de Le\u00f3n Guti\u00e9rrez \/ Diario Avanzada Colima, M\u00e9xico, Avanzada (05\/05\/2025).- Colima se posicion\u00f3 como la entidad m\u00e1s violenta del pa\u00eds para las mujeres durante el primer trimestre de 2025, al registrar la tasa\u2026","rel":"","context":"En &quot;CINTILLO&quot;","block_context":{"text":"CINTILLO","link":"https:\/\/www.grieta.org.mx\/index.php\/category\/cintillo\/"},"img":{"alt_text":"","src":"https:\/\/i0.wp.com\/www.grieta.org.mx\/wp-content\/uploads\/2025\/05\/fe1d61f4-13ba-43ec-9610-eb877e3b17a4-1.jpg?resize=350%2C200&ssl=1","width":350,"height":200,"srcset":"https:\/\/i0.wp.com\/www.grieta.org.mx\/wp-content\/uploads\/2025\/05\/fe1d61f4-13ba-43ec-9610-eb877e3b17a4-1.jpg?resize=350%2C200&ssl=1 1x, https:\/\/i0.wp.com\/www.grieta.org.mx\/wp-content\/uploads\/2025\/05\/fe1d61f4-13ba-43ec-9610-eb877e3b17a4-1.jpg?resize=525%2C300&ssl=1 1.5x, https:\/\/i0.wp.com\/www.grieta.org.mx\/wp-content\/uploads\/2025\/05\/fe1d61f4-13ba-43ec-9610-eb877e3b17a4-1.jpg?resize=700%2C400&ssl=1 2x, https:\/\/i0.wp.com\/www.grieta.org.mx\/wp-content\/uploads\/2025\/05\/fe1d61f4-13ba-43ec-9610-eb877e3b17a4-1.jpg?resize=1050%2C600&ssl=1 3x, https:\/\/i0.wp.com\/www.grieta.org.mx\/wp-content\/uploads\/2025\/05\/fe1d61f4-13ba-43ec-9610-eb877e3b17a4-1.jpg?resize=1400%2C800&ssl=1 4x"},"classes":[]},{"id":70403,"url":"https:\/\/www.grieta.org.mx\/index.php\/2024\/10\/31\/el-2024-se-perfila-como-el-mas-violento-para-las-mujeres-en-la-historia-de-colima\/","url_meta":{"origin":66459,"position":2},"title":"El 2024 se perfila como el m\u00e1s violento para las mujeres en la historia de Colima","author":"grieta","date":"31 octubre, 2024","format":false,"excerpt":"Imagen: Diario Avanzada Heidi de Le\u00f3n Guti\u00e9rrez \/ Diario Avanzada Colima, M\u00e9xico, Avanzada (31\/10\/2024).- Colima enfrenta una crisis de violencia contra las mujeres, con 96 asesinatos registrados en los primeros nueve meses de 2024, seg\u00fan datos del Secretariado Ejecutivo del Sistema Nacional de Seguridad P\u00fablica (SESNSP). De continuar esta tendencia,\u2026","rel":"","context":"En &quot;CINTILLO&quot;","block_context":{"text":"CINTILLO","link":"https:\/\/www.grieta.org.mx\/index.php\/category\/cintillo\/"},"img":{"alt_text":"","src":"https:\/\/i0.wp.com\/www.grieta.org.mx\/wp-content\/uploads\/2024\/11\/5e02817a-3f45-4ddc-891b-c4c370edc579-1.jpg?resize=350%2C200&ssl=1","width":350,"height":200,"srcset":"https:\/\/i0.wp.com\/www.grieta.org.mx\/wp-content\/uploads\/2024\/11\/5e02817a-3f45-4ddc-891b-c4c370edc579-1.jpg?resize=350%2C200&ssl=1 1x, https:\/\/i0.wp.com\/www.grieta.org.mx\/wp-content\/uploads\/2024\/11\/5e02817a-3f45-4ddc-891b-c4c370edc579-1.jpg?resize=525%2C300&ssl=1 1.5x, https:\/\/i0.wp.com\/www.grieta.org.mx\/wp-content\/uploads\/2024\/11\/5e02817a-3f45-4ddc-891b-c4c370edc579-1.jpg?resize=700%2C400&ssl=1 2x, https:\/\/i0.wp.com\/www.grieta.org.mx\/wp-content\/uploads\/2024\/11\/5e02817a-3f45-4ddc-891b-c4c370edc579-1.jpg?resize=1050%2C600&ssl=1 3x, https:\/\/i0.wp.com\/www.grieta.org.mx\/wp-content\/uploads\/2024\/11\/5e02817a-3f45-4ddc-891b-c4c370edc579-1.jpg?resize=1400%2C800&ssl=1 4x"},"classes":[]},{"id":57712,"url":"https:\/\/www.grieta.org.mx\/index.php\/2021\/03\/08\/fracasa-la-proteccion-de-las-mujeres-en-colima-feminicidios-violencia-y-hostigamiento-sexual-colima\/","url_meta":{"origin":66459,"position":3},"title":"Fracasa la protecci\u00f3n de las mujeres en Colima; feminicidios, violencia y hostigamiento sexual (Colima)","author":"grieta","date":"8 marzo, 2021","format":false,"excerpt":"Foto: Diario Avanzada Heidi de Le\u00f3n Guti\u00e9rrez \/ Diario Avanzada Colima, M\u00e9xico, Avanzada (08\/03\/2021).- En Colima,\u00a0las mujeres no est\u00e1n seguras ni en su casa ni en la calle. Los datos del Secretariado Ejecutivo del Sistema Nacional de Seguridad, ubican a esta entidad con la tasa m\u00e1s alta del pa\u00eds en\u2026","rel":"","context":"En &quot;CINTILLO&quot;","block_context":{"text":"CINTILLO","link":"https:\/\/www.grieta.org.mx\/index.php\/category\/cintillo\/"},"img":{"alt_text":"","src":"https:\/\/i0.wp.com\/www.grieta.org.mx\/wp-content\/uploads\/2021\/03\/Mujer.jpg?resize=350%2C200&ssl=1","width":350,"height":200,"srcset":"https:\/\/i0.wp.com\/www.grieta.org.mx\/wp-content\/uploads\/2021\/03\/Mujer.jpg?resize=350%2C200&ssl=1 1x, https:\/\/i0.wp.com\/www.grieta.org.mx\/wp-content\/uploads\/2021\/03\/Mujer.jpg?resize=525%2C300&ssl=1 1.5x, https:\/\/i0.wp.com\/www.grieta.org.mx\/wp-content\/uploads\/2021\/03\/Mujer.jpg?resize=700%2C400&ssl=1 2x"},"classes":[]},{"id":69931,"url":"https:\/\/www.grieta.org.mx\/index.php\/2024\/09\/30\/colima-el-estado-mas-violento-para-las-mujeres\/","url_meta":{"origin":66459,"position":4},"title":"Colima, el estado m\u00e1s violento para las mujeres","author":"grieta","date":"30 septiembre, 2024","format":false,"excerpt":"Imagen: Diario Avanzada Heidi de Le\u00f3n Guti\u00e9rrez \/ Diario Avanzada Colima, M\u00e9xico, Avanzada (30\/09\/2024).- Colima contin\u00faa siendo el estado m\u00e1s violento para las mujeres en M\u00e9xico. De acuerdo con datos del Secretariado Ejecutivo del Sistema Nacional de Seguridad P\u00fablica (SESNSP), entre enero y agosto de 2024, 91 mujeres fueron asesinadas\u2026","rel":"","context":"En &quot;CINTILLO&quot;","block_context":{"text":"CINTILLO","link":"https:\/\/www.grieta.org.mx\/index.php\/category\/cintillo\/"},"img":{"alt_text":"","src":"https:\/\/i0.wp.com\/www.grieta.org.mx\/wp-content\/uploads\/2024\/10\/aaa-36.jpg?resize=350%2C200&ssl=1","width":350,"height":200,"srcset":"https:\/\/i0.wp.com\/www.grieta.org.mx\/wp-content\/uploads\/2024\/10\/aaa-36.jpg?resize=350%2C200&ssl=1 1x, https:\/\/i0.wp.com\/www.grieta.org.mx\/wp-content\/uploads\/2024\/10\/aaa-36.jpg?resize=525%2C300&ssl=1 1.5x, https:\/\/i0.wp.com\/www.grieta.org.mx\/wp-content\/uploads\/2024\/10\/aaa-36.jpg?resize=700%2C400&ssl=1 2x"},"classes":[]},{"id":40722,"url":"https:\/\/www.grieta.org.mx\/index.php\/2019\/10\/30\/la-violencia-contra-las-mujeres-se-dispara-en-colima\/","url_meta":{"origin":66459,"position":5},"title":"La violencia contra las mujeres se dispara en Colima","author":"grieta","date":"30 octubre, 2019","format":false,"excerpt":"Foto: Diario Avanzada Heidi de Le\u00f3n Guti\u00e9rrez \/ Diario Avanzada Colima, M\u00e9xico, Avanzada (30\/10\/2019).- Si de violencia contra las mujeres se trata, Colima tiene los primeros lugares. Los datos m\u00e1s recientes del Secretariado Ejecutivo del Sistema Nacional de Seguridad P\u00fablica (SESNSP) muestran que la entidad\u00a0 se ubica entre las 10\u2026","rel":"","context":"En &quot;CINTILLO&quot;","block_context":{"text":"CINTILLO","link":"https:\/\/www.grieta.org.mx\/index.php\/category\/cintillo\/"},"img":{"alt_text":"","src":"https:\/\/i0.wp.com\/www.grieta.org.mx\/wp-content\/uploads\/2018\/03\/14524434_1106112876131411_958039263622046936_o.jpg?resize=350%2C200&ssl=1","width":350,"height":200,"srcset":"https:\/\/i0.wp.com\/www.grieta.org.mx\/wp-content\/uploads\/2018\/03\/14524434_1106112876131411_958039263622046936_o.jpg?resize=350%2C200&ssl=1 1x, https:\/\/i0.wp.com\/www.grieta.org.mx\/wp-content\/uploads\/2018\/03\/14524434_1106112876131411_958039263622046936_o.jpg?resize=525%2C300&ssl=1 1.5x, https:\/\/i0.wp.com\/www.grieta.org.mx\/wp-content\/uploads\/2018\/03\/14524434_1106112876131411_958039263622046936_o.jpg?resize=700%2C400&ssl=1 2x"},"classes":[]}],"_links":{"self":[{"href":"https:\/\/www.grieta.org.mx\/index.php\/wp-json\/wp\/v2\/posts\/66459","targetHints":{"allow":["GET"]}}],"collection":[{"href":"https:\/\/www.grieta.org.mx\/index.php\/wp-json\/wp\/v2\/posts"}],"about":[{"href":"https:\/\/www.grieta.org.mx\/index.php\/wp-json\/wp\/v2\/types\/post"}],"author":[{"embeddable":true,"href":"https:\/\/www.grieta.org.mx\/index.php\/wp-json\/wp\/v2\/users\/2"}],"replies":[{"embeddable":true,"href":"https:\/\/www.grieta.org.mx\/index.php\/wp-json\/wp\/v2\/comments?post=66459"}],"version-history":[{"count":1,"href":"https:\/\/www.grieta.org.mx\/index.php\/wp-json\/wp\/v2\/posts\/66459\/revisions"}],"predecessor-version":[{"id":66461,"href":"https:\/\/www.grieta.org.mx\/index.php\/wp-json\/wp\/v2\/posts\/66459\/revisions\/66461"}],"wp:featuredmedia":[{"embeddable":true,"href":"https:\/\/www.grieta.org.mx\/index.php\/wp-json\/wp\/v2\/media\/66460"}],"wp:attachment":[{"href":"https:\/\/www.grieta.org.mx\/index.php\/wp-json\/wp\/v2\/media?parent=66459"}],"wp:term":[{"taxonomy":"category","embeddable":true,"href":"https:\/\/www.grieta.org.mx\/index.php\/wp-json\/wp\/v2\/categories?post=66459"},{"taxonomy":"post_tag","embeddable":true,"href":"https:\/\/www.grieta.org.mx\/index.php\/wp-json\/wp\/v2\/tags?post=66459"}],"curies":[{"name":"wp","href":"https:\/\/api.w.org\/{rel}","templated":true}]}}