{"id":66414,"date":"2023-03-04T11:39:21","date_gmt":"2023-03-04T17:39:21","guid":{"rendered":"https:\/\/www.grieta.org.mx\/?p=66414"},"modified":"2023-03-05T11:48:15","modified_gmt":"2023-03-05T17:48:15","slug":"con-recorrido-por-lopez-mateos-sur-red-ciudad-posible-identifica-sus-principales-problematicas-jalisco","status":"publish","type":"post","link":"https:\/\/www.grieta.org.mx\/index.php\/2023\/03\/04\/con-recorrido-por-lopez-mateos-sur-red-ciudad-posible-identifica-sus-principales-problematicas-jalisco\/","title":{"rendered":"Con recorrido por L\u00f3pez Mateos Sur, Red Ciudad Posible identifica sus principales problem\u00e1ticas (Jalisco)"},"content":{"rendered":"<p>Imagen: Zona Docs<\/p>\n<p><strong>La ma\u00f1ana del s\u00e1bado 4 de marzo, integrantes de diversos colectivos agrupados bajo la bandera de la\u00a0<em>Red Ciudad Posible<\/em>, realizaron un recorrido por avenida L\u00f3pez Mateos desde avenida Cop\u00e9rnico y hasta boulevard Bosques de Santa Anita, esto con la intenci\u00f3n de documentar, por fotograf\u00eda y por escrito, las condiciones de la vialidad que vulneran los derechos de las personas al hacerla inaccesible.<\/strong><\/p>\n<p>Andr\u00e9s De la Pe\u00f1a \/ Zona Docs<\/p>\n<p>El 24 de febrero de 2023,\u00a0<em>Red Ciudad Posible<\/em>\u00a0dirigi\u00f3 un escrito a las diputadas Priscilla Franco Barba y Leticia P\u00e9rez Rodriguez\u00a0<strong>pidi\u00e9ndoles rechazar una iniciativa de acuerdo legislativo<\/strong>\u00a0mediante el cual el Congreso de Jalisco exhortar\u00eda a la Secretar\u00eda de Planeaci\u00f3n y Participaci\u00f3n Ciudadana, el IMEPLAN y los ayuntamientos de Guadalajara, Zapopan y Tlajomulco\u00a0<strong>para que consideren la construcci\u00f3n de una autopista elevada (segundo piso) en avenida L\u00f3pez Mateos.<\/strong><\/p>\n<p>En esta carta, firmada por las agrupaciones que integran la\u00a0<em>Red<\/em>\u00a0\u2500colectivos vecinales y acad\u00e9micos, as\u00ed como de movilidad, vivienda, ecolog\u00eda y derecho a la ciudad, como Femibici, Biciblanca, el Observatorio Ciudadano de Movilidad, ViviendaYa y GDL en bici\u2500, se exig\u00eda lo siguiente:<\/p>\n<p><strong>\u201cUna autopista elevada va en contra de los objetivos de lograr una Ciudad Compacta, Cercana, Conectada y Equitativa ya que se incentiva un modelo de desarrollo disperso, distante, desconectado y desigual. Adem\u00e1s, se incentiva la motorizaci\u00f3n y el uso irracional del veh\u00edculo privado\u201d<\/strong><\/p>\n<p>Igualmente, se\u00f1alan que\u00a0<strong>incentivar el uso del autom\u00f3vil atenta contra el primer objetivo del Plan de Acci\u00f3n Clim\u00e1tica del \u00c1rea Metropolitana de Guadalajara,<\/strong>\u00a0el cual ha sido presumido por la metr\u00f3poli incluso en foros internacionales como la Conferencia de las Partes de la Convenci\u00f3n Marco de las Naciones Unidas sobre el Cambio Clim\u00e1tico.<\/p>\n<p>En dicha carta, adem\u00e1s, invitaron a todas las y los diputados del Congreso del Estado de Jalisco a caminar la vialidad junto con la\u00a0<em>Red Ciudad Posible<\/em>\u00a0para\u00a0<strong>\u201cdocumentar la problem\u00e1tica de accesibilidad y seguridad vial que experimentan los peatones y usuarios\u201d.<\/strong><\/p>\n<p>No obstante, el recorrido s\u00f3lo cont\u00f3 con la singular presencia de la diputada local Susana de la Rosa del partido pol\u00edtico\u00a0<em>Futuro<\/em>.<\/p>\n<p>Durante el recorrido, los participantes vadearon varios obst\u00e1culos:\u00a0<strong>varillas de metal expuestas donde antes hab\u00edan postes, zanjas profundas, tramos sin banqueta,<\/strong>\u00a0estacionamientos de rampa donde automovilistas bloquean la totalidad de la banqueta, y algunos puentes peatonales desgastados o peligrosos.<\/p>\n<p><strong>\u201cSeguimos construyendo la ciudad bajo modelos urban\u00edsticos que en la actualidad ya no funcionan y que han sido criticados desde 1960; se han criticado estos modelos sobre motorizaci\u00f3n masiva, sobre ensanchar las calles; sobre la generaci\u00f3n de fraccionamientos de tipo cerrado que causan un impacto en la permeabilidad del espacio urbano\u201d, fue lo que mencion\u00f3 Carla, maestra en ITESO e integrante de la\u00a0<em>Red Ciudad Posible<\/em>.<\/strong><\/p>\n<p>Aunque existieron m\u00faltiples se\u00f1alamientos a las condiciones adversas de la vialidad desde la perspectiva de las y los peatones,\u00a0<strong>pocos integrantes de la\u00a0<em>Red<\/em>\u00a0pudieron nombrar alternativas y propuestas espec\u00edficas.<\/strong>\u00a0En su lugar, dejaron claro que lo necesario para ellos es un an\u00e1lisis de las problem\u00e1ticas que aquejan a vialidades como L\u00f3pez Mateos y a toda la ciudad desde puntos de vista distintos al del transporte en autom\u00f3vil particular.<\/p>\n<p><strong>\u201cLas personas que suelen usar el transporte privado como su medio de transporte diario necesitan incentivos para poder. Su auto en casa y usar el transporte p\u00fablico de la ciudad, que puede ser colectivo o podr\u00eda ser masivo, pero para eso se necesita un estudio\u201d, a\u00f1adi\u00f3 Carla.<\/strong><\/p>\n<p>Un ciudadano que se encontraba trabajando observ\u00f3 la actividad y se anim\u00f3 a compartir su punto de vista, se\u00f1alando que las nuevas ciclov\u00edas est\u00e1n mal dise\u00f1adas por ser discontinuas:\u00a0<strong>\u201cno tiene l\u00f3gica que vengan las ciclov\u00edas bien y que luego vengan a bajarte, ya sea a la banqueta o a la mera calle\u201d.<\/strong><\/p>\n<p>Adem\u00e1s, la nueva banqueta ampliada tambi\u00e9n gener\u00f3 una vuelta donde varios autom\u00f3viles impactan su llanta y quedan varados, generando un obst\u00e1culo para los mismos ciclistas.<\/p>\n<p>Triana, tambi\u00e9n de la\u00a0<em>Red Ciudad Posible<\/em>, comparti\u00f3 su perspectiva sobre la posibilidad de que se construya un segundo piso en L\u00f3pez Mateos:<\/p>\n<p><strong>\u201cEn pleno siglo 21 creo que es contraproducente seguir motivando a la infraestructura para el carro; esto tiene impactos a nivel social, ambiental y otras cuestiones sobre todo de seguridad vial, que justo es por lo que caminamos para evidenciar que L\u00f3pez Mateos est\u00e1 hecho solamente para para un solo tr\u00e1nsito, que es el de los carros.\u201d<\/strong><\/p>\n<p>Ulises Estrada, tambi\u00e9n de la\u00a0<em>Red Ciudad Posible<\/em>, resalt\u00f3 que fuera de las inmediaciones del sistema de transporte \u201cMiMacroPerif\u00e9rico\u201d\u00a0<strong>no existen banquetas adecuadas \u2500y en algunos tramos simplemente no existen<\/strong>, y es necesario caminar por la autopista o entre las boyas denominadas \u201ctortugas\u201d\u2500 y a veces las personas tienen que atravesar largos tramos sin iluminaci\u00f3n o con obst\u00e1culos peligrosos.<\/p>\n<p>Despu\u00e9s de este recorrido para documentar las situaciones adversas para quien circula en esta zona de la ciudad a pie, la\u00a0<em>Red Ciudad Posible<\/em>\u00a0planea hacer una recopilaci\u00f3n de evidencias que pueda ser compartida ya sea con el p\u00fablico o el Gobierno del Estado. Mientras tanto, estas se han publicado en redes sociales con el hashtag #CaminaLopezMateos.<\/p>\n<p><a href=\"https:\/\/www.zonadocs.mx\/2023\/03\/04\/con-recorrido-por-lopez-mateos-sur-red-ciudad-posible-identifica-sus-principales-problematicas\/\">https:\/\/www.zonadocs.mx\/2023\/03\/04\/con-recorrido-por-lopez-mateos-sur-red-ciudad-posible-identifica-sus-principales-problematicas\/<\/a><\/p>\n","protected":false},"excerpt":{"rendered":"<p>Imagen: Zona Docs La ma\u00f1ana del s\u00e1bado 4 de marzo, integrantes de diversos colectivos agrupados bajo la bandera de la\u00a0Red Ciudad Posible, realizaron un recorrido por avenida L\u00f3pez Mateos desde &hellip; <a href=\"https:\/\/www.grieta.org.mx\/index.php\/2023\/03\/04\/con-recorrido-por-lopez-mateos-sur-red-ciudad-posible-identifica-sus-principales-problematicas-jalisco\/\" class=\"more-link\">Leer m\u00e1s<\/a><\/p>\n","protected":false},"author":2,"featured_media":66415,"comment_status":"closed","ping_status":"closed","sticky":false,"template":"","format":"standard","meta":{"ngg_post_thumbnail":0,"_jetpack_newsletter_access":"","_jetpack_dont_email_post_to_subs":false,"_jetpack_newsletter_tier_id":0,"_jetpack_memberships_contains_paywalled_content":false,"_jetpack_memberships_contains_paid_content":false,"footnotes":""},"categories":[80,2374,1736,1278,20,2,83],"tags":[1210,628,184,870,402],"class_list":["post-66414","post","type-post","status-publish","format-standard","has-post-thumbnail","hentry","category-cintillo","category-conflictos-por-desarrollos-inmobiliarios-en-jalisco","category-despojo-de-territorio-en-jalisco","category-despojo-de-tierras-y-territorios","category-jalisco","category-noticias-nacionales","category-temas-nacionales","tag-conflictos-por-desarrollos-inmobiliarios","tag-defensa-del-territorio","tag-despojo","tag-gentrificacion","tag-territorio","entry"],"jetpack_featured_media_url":"https:\/\/www.grieta.org.mx\/wp-content\/uploads\/2023\/03\/photo5485455750424799171-768x432-1.jpg","jetpack_sharing_enabled":true,"jetpack_shortlink":"https:\/\/wp.me\/p7ZJR4-hhc","jetpack_likes_enabled":false,"jetpack-related-posts":[{"id":65132,"url":"https:\/\/www.grieta.org.mx\/index.php\/2022\/09\/05\/vecinos-de-el-refugio-se-oponen-a-desarrollos-inmobiliarios-en-ciudad-creativa-jalisco\/","url_meta":{"origin":66414,"position":0},"title":"Vecinos de El Refugio se oponen a desarrollos inmobiliarios en Ciudad Creativa (Jalisco)","author":"grieta","date":"5 septiembre, 2022","format":false,"excerpt":"Imagen: Lauro Rodr\u00edguez Lauro Rodr\u00edguez \/ EL Diario NTR Un grupo de vecinos representantes de la colonia El Refugio, de la zona Centro de Guadalajara, se manifestaron durante el inicio de los proyectos de vivienda en Distrito Creativo. Los vecinos precisaron que no quieren el desarrollo inmobiliario porque llegar\u00e1 a\u2026","rel":"","context":"En &quot;CINTILLO&quot;","block_context":{"text":"CINTILLO","link":"https:\/\/www.grieta.org.mx\/index.php\/category\/cintillo\/"},"img":{"alt_text":"","src":"https:\/\/i0.wp.com\/www.grieta.org.mx\/wp-content\/uploads\/2022\/09\/2022-09-05_11-09-08___5232.jpg?resize=350%2C200&ssl=1","width":350,"height":200,"srcset":"https:\/\/i0.wp.com\/www.grieta.org.mx\/wp-content\/uploads\/2022\/09\/2022-09-05_11-09-08___5232.jpg?resize=350%2C200&ssl=1 1x, https:\/\/i0.wp.com\/www.grieta.org.mx\/wp-content\/uploads\/2022\/09\/2022-09-05_11-09-08___5232.jpg?resize=525%2C300&ssl=1 1.5x, https:\/\/i0.wp.com\/www.grieta.org.mx\/wp-content\/uploads\/2022\/09\/2022-09-05_11-09-08___5232.jpg?resize=700%2C400&ssl=1 2x"},"classes":[]},{"id":65213,"url":"https:\/\/www.grieta.org.mx\/index.php\/2022\/09\/13\/pese-a-clausura-siguen-trabajos-en-iconia-colectivos-ven-simulacion-jalisco\/","url_meta":{"origin":66414,"position":1},"title":"Pese a clausura, siguen trabajos en Iconia; colectivos ven simulaci\u00f3n (Jalisco)","author":"grieta","date":"13 septiembre, 2022","format":false,"excerpt":"Imagen: Edgar Flores Edgar Flores \/ El Diario NTR Integrantes del colectivo \u00danete Huentit\u00e1n ven como una simulaci\u00f3n la clausura de las obras de Iconia, en el sitio a\u00fan hay trabajadores laborando, constat\u00f3 NTR en un recorrido. Luego de que el Ayuntamiento de Guadalajara clausur\u00f3 las obras de Iconia, desde\u2026","rel":"","context":"En &quot;CINTILLO&quot;","block_context":{"text":"CINTILLO","link":"https:\/\/www.grieta.org.mx\/index.php\/category\/cintillo\/"},"img":{"alt_text":"","src":"https:\/\/i0.wp.com\/www.grieta.org.mx\/wp-content\/uploads\/2022\/09\/2022-09-13_12-09-53___4492.jpg?resize=350%2C200&ssl=1","width":350,"height":200,"srcset":"https:\/\/i0.wp.com\/www.grieta.org.mx\/wp-content\/uploads\/2022\/09\/2022-09-13_12-09-53___4492.jpg?resize=350%2C200&ssl=1 1x, https:\/\/i0.wp.com\/www.grieta.org.mx\/wp-content\/uploads\/2022\/09\/2022-09-13_12-09-53___4492.jpg?resize=525%2C300&ssl=1 1.5x, https:\/\/i0.wp.com\/www.grieta.org.mx\/wp-content\/uploads\/2022\/09\/2022-09-13_12-09-53___4492.jpg?resize=700%2C400&ssl=1 2x"},"classes":[]},{"id":65942,"url":"https:\/\/www.grieta.org.mx\/index.php\/2022\/12\/07\/organizaciones-exigen-frenar-el-hostigamiento-judicial-hacia-defensores-del-nixticuil-jalisco\/","url_meta":{"origin":66414,"position":2},"title":"Organizaciones exigen frenar el hostigamiento judicial hacia defensores del Nixticuil (Jalisco)","author":"grieta","date":"7 diciembre, 2022","format":false,"excerpt":"Imagen: Cortes\u00eda Lauro Rodr\u00edguez \/ El Diario NTR De nueva cuenta, defensores del bosque El Nixticuil son blanco de hostigamiento judicial, acusaron organizaciones civiles que respaldan a los activistas. De acuerdo con un comunicado firmado por la Red TDT, el Centro de Justicia para la Paz y el Desarrollo (Cepad),\u2026","rel":"","context":"En &quot;CINTILLO&quot;","block_context":{"text":"CINTILLO","link":"https:\/\/www.grieta.org.mx\/index.php\/category\/cintillo\/"},"img":{"alt_text":"","src":"https:\/\/i0.wp.com\/www.grieta.org.mx\/wp-content\/uploads\/2022\/12\/2022-12-07_05-12-14___8829.jpg?resize=350%2C200&ssl=1","width":350,"height":200,"srcset":"https:\/\/i0.wp.com\/www.grieta.org.mx\/wp-content\/uploads\/2022\/12\/2022-12-07_05-12-14___8829.jpg?resize=350%2C200&ssl=1 1x, https:\/\/i0.wp.com\/www.grieta.org.mx\/wp-content\/uploads\/2022\/12\/2022-12-07_05-12-14___8829.jpg?resize=525%2C300&ssl=1 1.5x, https:\/\/i0.wp.com\/www.grieta.org.mx\/wp-content\/uploads\/2022\/12\/2022-12-07_05-12-14___8829.jpg?resize=700%2C400&ssl=1 2x"},"classes":[]},{"id":64875,"url":"https:\/\/www.grieta.org.mx\/index.php\/2022\/08\/19\/parque-resistencia-huentitan-tras-un-ano-del-desalojo-violento-activistas-refrendan-su-lucha-jalisco\/","url_meta":{"origin":66414,"position":3},"title":"Parque Resistencia Huentit\u00e1n: Tras un a\u00f1o del desalojo violento, activistas refrendan su lucha (Jalisco)","author":"grieta","date":"19 agosto, 2022","format":false,"excerpt":"Imagen: Aurelio Maga\u00f1a Elizabeth R\u00edos \/ El Occidental A un a\u00f1o del\u00a0desalojo ilegal y violento que sufrieron vecinos y estudiantes del Parque Resistencia Huentit\u00e1n, defensores de este espacio aseveraron que\u00a0no dejar\u00e1n de luchar hasta recuperar la zona para los ciudadanos. El 19 de agosto del 2021 estudiantes de la Universidad\u2026","rel":"","context":"En &quot;CINTILLO&quot;","block_context":{"text":"CINTILLO","link":"https:\/\/www.grieta.org.mx\/index.php\/category\/cintillo\/"},"img":{"alt_text":"","src":"https:\/\/i0.wp.com\/www.grieta.org.mx\/wp-content\/uploads\/2022\/08\/Parque-Resistencia-Huentita%CC%81n-4.jpg?resize=350%2C200&ssl=1","width":350,"height":200,"srcset":"https:\/\/i0.wp.com\/www.grieta.org.mx\/wp-content\/uploads\/2022\/08\/Parque-Resistencia-Huentita%CC%81n-4.jpg?resize=350%2C200&ssl=1 1x, https:\/\/i0.wp.com\/www.grieta.org.mx\/wp-content\/uploads\/2022\/08\/Parque-Resistencia-Huentita%CC%81n-4.jpg?resize=525%2C300&ssl=1 1.5x, https:\/\/i0.wp.com\/www.grieta.org.mx\/wp-content\/uploads\/2022\/08\/Parque-Resistencia-Huentita%CC%81n-4.jpg?resize=700%2C400&ssl=1 2x"},"classes":[]},{"id":66563,"url":"https:\/\/www.grieta.org.mx\/index.php\/2023\/03\/16\/detencion-arbitraria-y-tortura-acusa-activista-otto-moran-tras-protesta-en-jocotepec-jalisco\/","url_meta":{"origin":66414,"position":4},"title":"Detenci\u00f3n arbitraria y tortura, acusa activista Otto Mor\u00e1n, tras protesta en Jocotepec (Jalisco)","author":"grieta","date":"16 marzo, 2023","format":false,"excerpt":"policippppImagen: Especial Redacci\u00f3n \/ El Diario NTR Otto Mor\u00e1n Flores fue detenido arbitrariamente luego que polic\u00edas de tr\u00e1nsito de Jocotepec le cerraran el paso en el veh\u00edculo que iba. Lo acusaron de provocar el percance y junto a polic\u00edas municipales lo detuvieron violentamente. El integrante de la Red de Pueblos\u2026","rel":"","context":"En &quot;Amenazas contra activistas en Jalisco&quot;","block_context":{"text":"Amenazas contra activistas en Jalisco","link":"https:\/\/www.grieta.org.mx\/index.php\/category\/noticias-nacionales\/jalisco\/amenazas-contra-activistas-en-jalisco\/"},"img":{"alt_text":"","src":"https:\/\/i0.wp.com\/www.grieta.org.mx\/wp-content\/uploads\/2023\/03\/2023-03-16_09-03-58___1880.jpg?resize=350%2C200&ssl=1","width":350,"height":200,"srcset":"https:\/\/i0.wp.com\/www.grieta.org.mx\/wp-content\/uploads\/2023\/03\/2023-03-16_09-03-58___1880.jpg?resize=350%2C200&ssl=1 1x, https:\/\/i0.wp.com\/www.grieta.org.mx\/wp-content\/uploads\/2023\/03\/2023-03-16_09-03-58___1880.jpg?resize=525%2C300&ssl=1 1.5x, https:\/\/i0.wp.com\/www.grieta.org.mx\/wp-content\/uploads\/2023\/03\/2023-03-16_09-03-58___1880.jpg?resize=700%2C400&ssl=1 2x"},"classes":[]},{"id":64245,"url":"https:\/\/www.grieta.org.mx\/index.php\/2022\/05\/18\/desarrollo-inmobiliario-pone-en-riesgo-el-corredor-hidrologico-del-bosque-nixticuil-en-zapopan-jalisco\/","url_meta":{"origin":66414,"position":5},"title":"Desarrollo inmobiliario pone en riesgo el corredor hidrol\u00f3gico del Bosque Nixticuil en Zapopan (Jalisco)","author":"grieta","date":"18 mayo, 2022","format":false,"excerpt":"Foto: Archivo \/ UDGTV Mar\u00eda Ram\u00edrez Blanco \/ UDGTV Guadalajara, Jalisco.\u00a0\u00a0El\u00a0Comit\u00e9 para la Defensa del Bosque Nixticuil en Zapopan denuncia tr\u00e1fico de influencias por parte del Gobierno Municipal\u00a0para favorecer el desarrollo inmobiliario en una \u00e1rea que tiene un alto grado de conservaci\u00f3n ecol\u00f3gica. \u201cSe trata de una zona que es\u2026","rel":"","context":"En &quot;CINTILLO&quot;","block_context":{"text":"CINTILLO","link":"https:\/\/www.grieta.org.mx\/index.php\/category\/cintillo\/"},"img":{"alt_text":"","src":"https:\/\/i0.wp.com\/www.grieta.org.mx\/wp-content\/uploads\/2022\/05\/Bosque_Nixticuil-ArchivoResized-696x522-1.jpg?resize=350%2C200&ssl=1","width":350,"height":200,"srcset":"https:\/\/i0.wp.com\/www.grieta.org.mx\/wp-content\/uploads\/2022\/05\/Bosque_Nixticuil-ArchivoResized-696x522-1.jpg?resize=350%2C200&ssl=1 1x, https:\/\/i0.wp.com\/www.grieta.org.mx\/wp-content\/uploads\/2022\/05\/Bosque_Nixticuil-ArchivoResized-696x522-1.jpg?resize=525%2C300&ssl=1 1.5x"},"classes":[]}],"_links":{"self":[{"href":"https:\/\/www.grieta.org.mx\/index.php\/wp-json\/wp\/v2\/posts\/66414","targetHints":{"allow":["GET"]}}],"collection":[{"href":"https:\/\/www.grieta.org.mx\/index.php\/wp-json\/wp\/v2\/posts"}],"about":[{"href":"https:\/\/www.grieta.org.mx\/index.php\/wp-json\/wp\/v2\/types\/post"}],"author":[{"embeddable":true,"href":"https:\/\/www.grieta.org.mx\/index.php\/wp-json\/wp\/v2\/users\/2"}],"replies":[{"embeddable":true,"href":"https:\/\/www.grieta.org.mx\/index.php\/wp-json\/wp\/v2\/comments?post=66414"}],"version-history":[{"count":1,"href":"https:\/\/www.grieta.org.mx\/index.php\/wp-json\/wp\/v2\/posts\/66414\/revisions"}],"predecessor-version":[{"id":66417,"href":"https:\/\/www.grieta.org.mx\/index.php\/wp-json\/wp\/v2\/posts\/66414\/revisions\/66417"}],"wp:featuredmedia":[{"embeddable":true,"href":"https:\/\/www.grieta.org.mx\/index.php\/wp-json\/wp\/v2\/media\/66415"}],"wp:attachment":[{"href":"https:\/\/www.grieta.org.mx\/index.php\/wp-json\/wp\/v2\/media?parent=66414"}],"wp:term":[{"taxonomy":"category","embeddable":true,"href":"https:\/\/www.grieta.org.mx\/index.php\/wp-json\/wp\/v2\/categories?post=66414"},{"taxonomy":"post_tag","embeddable":true,"href":"https:\/\/www.grieta.org.mx\/index.php\/wp-json\/wp\/v2\/tags?post=66414"}],"curies":[{"name":"wp","href":"https:\/\/api.w.org\/{rel}","templated":true}]}}