{"id":66411,"date":"2023-03-02T10:58:20","date_gmt":"2023-03-02T16:58:20","guid":{"rendered":"https:\/\/www.grieta.org.mx\/?p=66411"},"modified":"2023-03-05T11:08:25","modified_gmt":"2023-03-05T17:08:25","slug":"tension-en-el-istmo-de-tehuantepec-intimidacion-de-gn-y-protestas-contra-el-corredor-interoceanico-oaxaca","status":"publish","type":"post","link":"https:\/\/www.grieta.org.mx\/index.php\/2023\/03\/02\/tension-en-el-istmo-de-tehuantepec-intimidacion-de-gn-y-protestas-contra-el-corredor-interoceanico-oaxaca\/","title":{"rendered":"Tensi\u00f3n en el Istmo de Tehuantepec: Intimidaci\u00f3n de GN y protestas contra el Corredor Interoce\u00e1nico (Oaxaca)"},"content":{"rendered":"<p>Imagen: Monitor Vikingo<\/p>\n<p>Pedro Mat\u00edas \/ Proceso<\/p>\n<p>OAXACA, Oax. (apro).- Tensi\u00f3n en el Istmo de Tehuantepec por las protestas contra las obras del megaproyecto presidencial del Corredor Interoce\u00e1nico.<\/p>\n<p>Por un lado, contin\u00faan los bloqueos carreteros y ferroviarios, y por otro, se incrementan los actos intimidatorios de la Guardia Nacional y de elementos de la Secretar\u00eda de la Marina.<\/p>\n<p>El bloqueo en la v\u00eda del ferrocarril en tramo Mogo\u00f1\u00e9 Viejo &#8211; Vixidu, de San Juan Guichicovi, cumpli\u00f3 cuatro d\u00edas, mientras que el bloqueo en la carretera federal 200 en su tramo de Santa Cruz Bamba a Huatulco lleva 48 horas, por el incumplimiento de acuerdos con comuneros y ejidatarios.<\/p>\n<p>La Uni\u00f3n de Comunidades de la Zona Norte del Istmo (Ucizoni) denunci\u00f3 que este 1 de marzo, cinco patrullas de la Secretaria de Marina se apersonaron en la zona colindante entre los ejidos de Mogo\u00f1\u00e9 Viejo y El Zarzal del municipio de San Juan Guichicovi, donde decenas de campesinos mixes mantienen un plant\u00f3n en protesta por las afectaciones que vienen ocasionando los trabajos de ampliaci\u00f3n del ferrocarril del Istmo de Tehuantepec.<\/p>\n<p>Detall\u00f3 que los marinos encabezados por el capit\u00e1n Jorge Mario Bremon Zamorano, han realizado amenazas y actos de intimidaci\u00f3n en contra de los ejidatarios y peque\u00f1os propietarios de Vixidu.<\/p>\n<p>A la movilizaci\u00f3n de los campesinos de Mogo\u00f1\u00e9 se han sumado comisiones de los pueblos de Hierba Santa, R\u00edo Pachine, Encinal Colorado, El Zarzal y Palomares.<\/p>\n<p>Los inconformes cuestionaron las declaraciones del secretario general de gobierno, Jes\u00fas Romero L\u00f3pez, en el sentido de que han sido atendidas el 90% de las demandas de los pueblos.<\/p>\n<p>Ante la inminencia de una confrontaci\u00f3n violenta, Ucizoni le solicit\u00f3 al gobernador del estado, Salom\u00f3n Jara Cruz, se establezca una mesa de trabajo para atender con seriedad las demandas de los n\u00facleos agrarios afectados.<\/p>\n<p>Por otra parte, ejidatarios de la comunidad agraria de Concepci\u00f3n Bamba Garrapatero, ubicada en Tehuantepec, mantienen un bloqueo carretero en el tramo de Santa Cruz Bamba-Huatulco por un adeudo de la empresa Infraestructura y energ\u00edas Renovables Laysa S. A de C.V., la cual les adeuda 10 millones de pesos por la extracci\u00f3n de miles de toneladas de piedras para la construcci\u00f3n del megaproyecto \u201cRompeolas\u201d, del Corredor Interoce\u00e1nico del Istmo de Tehuantepec (CIIT).<\/p>\n<p>Denunciaron que Laysa no solo no ha cumplido con minuta de acuerdos, sino que ha provocado un conflicto en la zona y amenazan con desalojarlos.<\/p>\n<p>Los inconformes denunciaron que adem\u00e1s del despojo de su territorio, ahora han llegado personas \u201cextra\u00f1as\u201d que quieren comprar terrenos o venden sustancias extra\u00f1as, entonces, \u201cya no los queremos, que paguen lo que deben y que se vayan\u201d.<\/p>\n<p>Advirtieron que, a pesar de las amenazas e intimidaciones, continuar\u00e1n las acciones porque \u201cno es un grupito es toda la comunidad\u201d.<\/p>\n<p>Alrededor de 88 ejidatarios denunciaron que la empresa bajo su apoderada legal, Natividad Gordillo Espinoza firm\u00f3 un contrato con el ejido para extraer piedra y la asamblea de ejidatarios lo acept\u00f3, sin embargo incumpli\u00f3 en pago, por lo que desconocieron el contrato y tambi\u00e9n a sus autoridades agrarias encabezadas por el comisariado Israel D\u00edaz.<\/p>\n<p>Se quejaron que la empresa extrajo 4 mil toneladas de piedra durante 4 meses, lo que equivale a miles de toneladas de piedra para la construcci\u00f3n del rompeolas.<\/p>\n<p>\u201cNosotros lo que exigimos es justicia\u201d, enfatiz\u00f3 Martinelda Cordero R\u00edos, integrante de la comisi\u00f3n e investigaci\u00f3n, quien refiri\u00f3 que la empresa no les ha pagado nada y que toda negociaci\u00f3n con el comisariado, no lo respetar\u00e1n.<\/p>\n<p>\u201cLa empresa extrajo mucha piedra de nuestro banco comunitario, y ahora no nos quiere pagar y encima de todo, tambi\u00e9n nos retiene impuestos, cuando nosotros no pagamos impuestos, todo ha sido una mentira\u201d, declar\u00f3.<\/p>\n<p>\u201cHacemos un llamado urgente al gobierno de Oaxaca, que ya sabe de esta problem\u00e1tica, pero ha hecho caso omiso para atendernos, y el gobierno federal tambi\u00e9n\u201d, puntualizaron.<\/p>\n<p>El gobierno federal inform\u00f3 que el Rompeolas se construye con una inversi\u00f3n de 4 mil 200 millones de pesos, a cargo del consorcio integrado por las empresas GAMI Ingenier\u00eda e Infraestructura Mar\u00edtimo Portuaria.<\/p>\n<p>Tiene una longitud de mil 600 metros y una profundidad de 24 metros, con miras a concluir a mediados del 2023, siendo el nuevo puerto petrolero comercial m\u00e1s importante de M\u00e9xico.<\/p>\n<p>El rompeolas se construir\u00e1 con un total de 9.1 millones de toneladas de piedra que se colocar\u00e1n en el mar y 13 mil 85 piezas de corelocs, que son estructuras de concreto cuyo objetivo es disminuir el efecto de energ\u00eda de las olas y brindar seguridad ante tsunamis, ciclones, huracanes y tormentas.<\/p>\n<p>En respuesta, la campa\u00f1a Alas y Ra\u00edces de los Movimientos Sociales en Oaxaca condenaron los actos intimidatorios de la Guardia Nacional y Marina en el Istmo de Tehuantepec contra defensoras y defensores de Mat\u00edas Romero, San Juan Guichicovi y Barrio de la Soledad.<\/p>\n<p>Resaltaron que \u201clas comunidades en resistencia ejercen su derecho a la libre manifestaci\u00f3n y expresi\u00f3n ante el proyecto de desarrollo del Istmo de Tehuantepec (trans\u00edstmico).<\/p>\n<p>Resaltaron que \u201cning\u00fan proyecto de \u2018desarrollo\u2019 deber\u00eda generar afectaciones al medio ambiente, polarizaci\u00f3n social o agresiones contra las comunidades que leg\u00edtimamente se oponen. Los derechos de las y los defensores deber\u00edan garantizarse en el estado de Oaxaca. Es importante se\u00f1alar que Oaxaca es el estado con mayor n\u00famero de agresiones contra defensoras y defensores del pa\u00eds (34 personas defensoras asesinadas de 141 en 4 a\u00f1os).<\/p>\n<p>De igual forma, la Uni\u00f3n Democr\u00e1tica de Comunidades Ind\u00edgenas (Undeci) condenaron las acciones de desalojo, represi\u00f3n y amenazas del gobierno federal y estatal en contra de organizaciones sociales y comunitarias que juegan un papel de representaci\u00f3n, defensa y exigencia de los derechos colectivos, de los recursos naturales y el territorio.<\/p>\n<p><a href=\"https:\/\/www.proceso.com.mx\/nacional\/2023\/3\/2\/tension-en-el-istmo-de-tehuantepec-intimidacion-de-gn-protestas-contra-el-corredor-interoceanico-303007.html\">https:\/\/www.proceso.com.mx\/nacional\/2023\/3\/2\/tension-en-el-istmo-de-tehuantepec-intimidacion-de-gn-protestas-contra-el-corredor-interoceanico-303007.html<\/a><\/p>\n","protected":false},"excerpt":{"rendered":"<p>Imagen: Monitor Vikingo Pedro Mat\u00edas \/ Proceso OAXACA, Oax. (apro).- Tensi\u00f3n en el Istmo de Tehuantepec por las protestas contra las obras del megaproyecto presidencial del Corredor Interoce\u00e1nico. Por un &hellip; <a href=\"https:\/\/www.grieta.org.mx\/index.php\/2023\/03\/02\/tension-en-el-istmo-de-tehuantepec-intimidacion-de-gn-y-protestas-contra-el-corredor-interoceanico-oaxaca\/\" class=\"more-link\">Leer m\u00e1s<\/a><\/p>\n","protected":false},"author":2,"featured_media":66412,"comment_status":"closed","ping_status":"closed","sticky":false,"template":"","format":"standard","meta":{"ngg_post_thumbnail":0,"_jetpack_newsletter_access":"","_jetpack_dont_email_post_to_subs":false,"_jetpack_newsletter_tier_id":0,"_jetpack_memberships_contains_paywalled_content":false,"_jetpack_memberships_contains_paid_content":false,"footnotes":""},"categories":[80,1708,1948,1605,1278,3,922,912,1606,941,2,25,83],"tags":[2232,3614,2311,2295,4135,3703,96,614,3513,2528,3056,2231],"class_list":["post-66411","post","type-post","status-publish","format-standard","has-post-thumbnail","hentry","category-cintillo","category-corredor-del-istmo-de-tehuantepec","category-corredor-transistmico","category-despojo-de-tierras-en-oaxaca","category-despojo-de-tierras-y-territorios","category-megaproyectos","category-megaproyectos-estados","category-militarizacion","category-militarizacion-en-oaxaca","category-mp-oaxaca","category-noticias-nacionales","category-oaxaca","category-temas-nacionales","tag-conflictos-sociales-por-megaproyectos","tag-corredor-interoceanico","tag-despojo-de-tierras","tag-guardia-nacional","tag-itsmo","tag-lucha-contra-megapoyectos","tag-megaproyectos","tag-militarizacion","tag-protestas-contra-megaproyectos","tag-resistencia-contra-megaproyectos","tag-transistmico","tag-violencia-por-megaproyectos","entry"],"jetpack_featured_media_url":"https:\/\/www.grieta.org.mx\/wp-content\/uploads\/2023\/03\/f800x450-169984_221430_5050.jpeg","jetpack_sharing_enabled":true,"jetpack_shortlink":"https:\/\/wp.me\/p7ZJR4-hh9","jetpack_likes_enabled":false,"jetpack-related-posts":[{"id":65676,"url":"https:\/\/www.grieta.org.mx\/index.php\/2022\/10\/28\/matan-a-comunero-y-atentan-contra-dirigente-del-colectivo-sol-rojo-en-el-istmo-oaxaqueno-ambos-opositores-del-corredor-interoceanico-oaxaca\/","url_meta":{"origin":66411,"position":0},"title":"Matan a comunero y atentan contra dirigente del colectivo \u201cSol Rojo\u201d en el Istmo oaxaque\u00f1o ; ambos opositores del corredor interoce\u00e1nico (Oaxaca)","author":"grieta","date":"28 octubre, 2022","format":false,"excerpt":"Imagen: Especial Diana Manzo \/ Agencia de Noticias IstmoPress #Tehuantepec 28 Oct (#Istmopress) \u2013 Ayer por la noche, Jes\u00fas Manuel Garc\u00eda Mart\u00ednez, comunero zapoteca de la comunidad agraria de Santa Cruz Tagolaba conocido tambi\u00e9n como \u201cChu Pau\u201d, fue asesinado por un grupo de personas armadas, quienes interrumpieron su domicilio en\u2026","rel":"","context":"En &quot;CINTILLO&quot;","block_context":{"text":"CINTILLO","link":"https:\/\/www.grieta.org.mx\/index.php\/category\/cintillo\/"},"img":{"alt_text":"","src":"https:\/\/i0.wp.com\/www.grieta.org.mx\/wp-content\/uploads\/2022\/11\/BSZASRZZ5NG2DO2KEHU5OFYRNI.webp?resize=350%2C200&ssl=1","width":350,"height":200,"srcset":"https:\/\/i0.wp.com\/www.grieta.org.mx\/wp-content\/uploads\/2022\/11\/BSZASRZZ5NG2DO2KEHU5OFYRNI.webp?resize=350%2C200&ssl=1 1x, https:\/\/i0.wp.com\/www.grieta.org.mx\/wp-content\/uploads\/2022\/11\/BSZASRZZ5NG2DO2KEHU5OFYRNI.webp?resize=525%2C300&ssl=1 1.5x, https:\/\/i0.wp.com\/www.grieta.org.mx\/wp-content\/uploads\/2022\/11\/BSZASRZZ5NG2DO2KEHU5OFYRNI.webp?resize=700%2C400&ssl=1 2x"},"classes":[]},{"id":65997,"url":"https:\/\/www.grieta.org.mx\/index.php\/2022\/12\/14\/ven-en-el-interoceanico-proyecto-de-saqueo-y-despojo-apiidtt-15-anos-de-lucha-y-resistencia-por-la-vida-oaxaca\/","url_meta":{"origin":66411,"position":1},"title":"Ven en el Interoce\u00e1nico proyecto de saqueo y despojo, APIIDTT 15 a\u00f1os de lucha y resistencia por la vida (Oaxaca)","author":"grieta","date":"14 diciembre, 2022","format":false,"excerpt":"Imagen: Cortes\u00eda Gerardo Valdivieso Parada \/ NVINoticias SAN BLAS ATEMPA, Oaxaca.- Integrantes de la Asamblea de los Pueblos Ind\u00edgenas del Istmo en Defensa de la Tierra y el Territorio (APIIDTT) conmemoraron 15 a\u00f1os \u201cen este caminar de lucha y resistencia por la defensa de la vida, tierra y territorio\u201d. En\u2026","rel":"","context":"En &quot;5. Istmo&quot;","block_context":{"text":"5. Istmo","link":"https:\/\/www.grieta.org.mx\/index.php\/category\/espejos-de-la-resistencia\/5-istmo\/"},"img":{"alt_text":"","src":"https:\/\/i0.wp.com\/www.grieta.org.mx\/wp-content\/uploads\/2022\/12\/proyecto_interoceanico.webp?resize=350%2C200&ssl=1","width":350,"height":200,"srcset":"https:\/\/i0.wp.com\/www.grieta.org.mx\/wp-content\/uploads\/2022\/12\/proyecto_interoceanico.webp?resize=350%2C200&ssl=1 1x, https:\/\/i0.wp.com\/www.grieta.org.mx\/wp-content\/uploads\/2022\/12\/proyecto_interoceanico.webp?resize=525%2C300&ssl=1 1.5x, https:\/\/i0.wp.com\/www.grieta.org.mx\/wp-content\/uploads\/2022\/12\/proyecto_interoceanico.webp?resize=700%2C400&ssl=1 2x"},"classes":[]},{"id":69275,"url":"https:\/\/www.grieta.org.mx\/index.php\/2024\/06\/17\/despoja-marina-cerro-a-juchitan-oaxaca-para-beneficiar-obra-de-linea-k-del-interoceanico\/","url_meta":{"origin":66411,"position":2},"title":"Despoja Marina cerro a Juchit\u00e1n, Oaxaca para beneficiar obra de L\u00ednea K del Interoce\u00e1nico","author":"grieta","date":"17 junio, 2024","format":false,"excerpt":"Imagen: Edgar Mar\u00edn Diana Manzo \/ Agencia de Noticias IstmoPress #Juchit\u00e1n 17 Jun (#Istmopress) \u2013 Sin importar que exista un amparo federal que ordena la no extracci\u00f3n de roca del cerro del Estero Gui\u00e9 \u2013 hogar de aves y donde existe una amplia biodiversidad- en el municipio de Juchit\u00e1n, Oaxaca,\u2026","rel":"","context":"En &quot;5. Istmo&quot;","block_context":{"text":"5. Istmo","link":"https:\/\/www.grieta.org.mx\/index.php\/category\/espejos-de-la-resistencia\/5-istmo\/"},"img":{"alt_text":"","src":"https:\/\/i0.wp.com\/www.grieta.org.mx\/wp-content\/uploads\/2024\/07\/1718682209188-800x445-1.jpg?resize=350%2C200&ssl=1","width":350,"height":200,"srcset":"https:\/\/i0.wp.com\/www.grieta.org.mx\/wp-content\/uploads\/2024\/07\/1718682209188-800x445-1.jpg?resize=350%2C200&ssl=1 1x, https:\/\/i0.wp.com\/www.grieta.org.mx\/wp-content\/uploads\/2024\/07\/1718682209188-800x445-1.jpg?resize=525%2C300&ssl=1 1.5x, https:\/\/i0.wp.com\/www.grieta.org.mx\/wp-content\/uploads\/2024\/07\/1718682209188-800x445-1.jpg?resize=700%2C400&ssl=1 2x"},"classes":[]},{"id":65679,"url":"https:\/\/www.grieta.org.mx\/index.php\/2022\/11\/09\/marchan-en-oaxaca-para-exigir-justicia-por-activista-asesinado-que-se-opuso-al-interoceanico-oaxaca\/","url_meta":{"origin":66411,"position":3},"title":"Marchan en Oaxaca para exigir justicia por activista asesinado que se opuso al Interoce\u00e1nico (Oaxaca)","author":"grieta","date":"9 noviembre, 2022","format":false,"excerpt":"Imagen: Diana Manzo \/ Agencia de Noticias IstmoPress #Tehuantepec 09 Nov (#Istmopress) \u2013 Unos 500 integrantes del Frente de Organizaciones Oaxaque\u00f1as (Foro) marcharon en Tehuantepec, Oaxaca para exigir justicia por el asesinato del activista y comunero zapotea, Jes\u00fas Manuel Garc\u00eda Mart\u00ednez, ocurrido el pasado 27 de octubre. Tambi\u00e9n conocido como\u2026","rel":"","context":"En &quot;CINTILLO&quot;","block_context":{"text":"CINTILLO","link":"https:\/\/www.grieta.org.mx\/index.php\/category\/cintillo\/"},"img":{"alt_text":"","src":"https:\/\/i0.wp.com\/www.grieta.org.mx\/wp-content\/uploads\/2022\/11\/F0F99312-13C0-43F1-AD53-51254A5F415B-acb3ddb7-930x620-1.jpeg?resize=350%2C200&ssl=1","width":350,"height":200,"srcset":"https:\/\/i0.wp.com\/www.grieta.org.mx\/wp-content\/uploads\/2022\/11\/F0F99312-13C0-43F1-AD53-51254A5F415B-acb3ddb7-930x620-1.jpeg?resize=350%2C200&ssl=1 1x, https:\/\/i0.wp.com\/www.grieta.org.mx\/wp-content\/uploads\/2022\/11\/F0F99312-13C0-43F1-AD53-51254A5F415B-acb3ddb7-930x620-1.jpeg?resize=525%2C300&ssl=1 1.5x, https:\/\/i0.wp.com\/www.grieta.org.mx\/wp-content\/uploads\/2022\/11\/F0F99312-13C0-43F1-AD53-51254A5F415B-acb3ddb7-930x620-1.jpeg?resize=700%2C400&ssl=1 2x"},"classes":[]},{"id":67357,"url":"https:\/\/www.grieta.org.mx\/index.php\/2023\/07\/23\/derribaran-200-arboles-para-construir-obra-de-corredor-interoceanico-oaxaca\/","url_meta":{"origin":66411,"position":4},"title":"Derribar\u00e1n 200 \u00e1rboles para construir obra de Corredor Interoce\u00e1nico (Oaxaca)","author":"grieta","date":"23 julio, 2023","format":false,"excerpt":"Imagen: cortes\u00eda de Edwin Meneses Sin un anuncio oficial, trabajadores de la empresa que construyen en un tramo del Corredor Interoc\u00e9anico anunciaron a habitantes del Istmo de Tehuantepec que derribar\u00e1n 200 \u00e1rboles, a cambio prometen construir un parque Diana Manzo \/ Istmo Press \/ P\u00ede de P\u00e1gina OAXACA. \u2013 Sin\u2026","rel":"","context":"En &quot;CINTILLO&quot;","block_context":{"text":"CINTILLO","link":"https:\/\/www.grieta.org.mx\/index.php\/category\/cintillo\/"},"img":{"alt_text":"","src":"https:\/\/i0.wp.com\/www.grieta.org.mx\/wp-content\/uploads\/2023\/08\/IstmoPressarboles_Istmo_Edwin_Meneses.jpg?resize=350%2C200&ssl=1","width":350,"height":200,"srcset":"https:\/\/i0.wp.com\/www.grieta.org.mx\/wp-content\/uploads\/2023\/08\/IstmoPressarboles_Istmo_Edwin_Meneses.jpg?resize=350%2C200&ssl=1 1x, https:\/\/i0.wp.com\/www.grieta.org.mx\/wp-content\/uploads\/2023\/08\/IstmoPressarboles_Istmo_Edwin_Meneses.jpg?resize=525%2C300&ssl=1 1.5x, https:\/\/i0.wp.com\/www.grieta.org.mx\/wp-content\/uploads\/2023\/08\/IstmoPressarboles_Istmo_Edwin_Meneses.jpg?resize=700%2C400&ssl=1 2x"},"classes":[]},{"id":67028,"url":"https:\/\/www.grieta.org.mx\/index.php\/2023\/06\/15\/comunidad-indigena-binniza-de-puente-madera-detiene-polo-de-desarrollo-del-corredor-interoceanico-del-istmo-de-tehuantepec\/","url_meta":{"origin":66411,"position":5},"title":"Comunidad ind\u00edgena Binniza de Puente Madera detiene Polo de Desarrollo del Corredor Interoce\u00e1nico del Istmo de Tehuantepec (Oaxaca)","author":"grieta","date":"15 junio, 2023","format":false,"excerpt":"Imagen: P\u00e1gina 3 Pedro Mat\u00edas \/ P\u00e1gina 3 OAXACA, Oax. (pagina3.mx).- La comunidad ind\u00edgena Binniza de Puente Madera logr\u00f3 detener mediante un juicio de amparo el Polo de Desarrollo para el Bienestar en San Blas Atempa que pretende imponer el presidente Andr\u00e9s Manuel L\u00f3pez Obrador como parte del Corredor Interoce\u00e1nico\u2026","rel":"","context":"En &quot;5. Istmo&quot;","block_context":{"text":"5. Istmo","link":"https:\/\/www.grieta.org.mx\/index.php\/category\/espejos-de-la-resistencia\/5-istmo\/"},"img":{"alt_text":"","src":"https:\/\/i0.wp.com\/www.grieta.org.mx\/wp-content\/uploads\/2023\/06\/IMG_4332.webp?resize=350%2C200&ssl=1","width":350,"height":200,"srcset":"https:\/\/i0.wp.com\/www.grieta.org.mx\/wp-content\/uploads\/2023\/06\/IMG_4332.webp?resize=350%2C200&ssl=1 1x, https:\/\/i0.wp.com\/www.grieta.org.mx\/wp-content\/uploads\/2023\/06\/IMG_4332.webp?resize=525%2C300&ssl=1 1.5x"},"classes":[]}],"_links":{"self":[{"href":"https:\/\/www.grieta.org.mx\/index.php\/wp-json\/wp\/v2\/posts\/66411","targetHints":{"allow":["GET"]}}],"collection":[{"href":"https:\/\/www.grieta.org.mx\/index.php\/wp-json\/wp\/v2\/posts"}],"about":[{"href":"https:\/\/www.grieta.org.mx\/index.php\/wp-json\/wp\/v2\/types\/post"}],"author":[{"embeddable":true,"href":"https:\/\/www.grieta.org.mx\/index.php\/wp-json\/wp\/v2\/users\/2"}],"replies":[{"embeddable":true,"href":"https:\/\/www.grieta.org.mx\/index.php\/wp-json\/wp\/v2\/comments?post=66411"}],"version-history":[{"count":1,"href":"https:\/\/www.grieta.org.mx\/index.php\/wp-json\/wp\/v2\/posts\/66411\/revisions"}],"predecessor-version":[{"id":66413,"href":"https:\/\/www.grieta.org.mx\/index.php\/wp-json\/wp\/v2\/posts\/66411\/revisions\/66413"}],"wp:featuredmedia":[{"embeddable":true,"href":"https:\/\/www.grieta.org.mx\/index.php\/wp-json\/wp\/v2\/media\/66412"}],"wp:attachment":[{"href":"https:\/\/www.grieta.org.mx\/index.php\/wp-json\/wp\/v2\/media?parent=66411"}],"wp:term":[{"taxonomy":"category","embeddable":true,"href":"https:\/\/www.grieta.org.mx\/index.php\/wp-json\/wp\/v2\/categories?post=66411"},{"taxonomy":"post_tag","embeddable":true,"href":"https:\/\/www.grieta.org.mx\/index.php\/wp-json\/wp\/v2\/tags?post=66411"}],"curies":[{"name":"wp","href":"https:\/\/api.w.org\/{rel}","templated":true}]}}